{"id":9504,"date":"2022-07-06T15:17:45","date_gmt":"2022-07-06T18:17:45","guid":{"rendered":"https:\/\/blog.panrotas.com.br\/direto-de-paris\/?p=9504"},"modified":"2022-07-06T15:28:36","modified_gmt":"2022-07-06T18:28:36","slug":"ile-de-france","status":"publish","type":"post","link":"https:\/\/blog.panrotas.com.br\/direto-de-paris\/2022\/07\/06\/ile-de-france\/","title":{"rendered":"\u00cele de France- Voc\u00ea tem que conhecer"},"content":{"rendered":"\n<p>Voc\u00ea sabe o que \u00e9 \u00cele de France? Onde fica?<\/p>\n\n\n\n<p>Com mais de 30 milh\u00f5es de visitantes por ano, a \u00cele-de-France \u00e9 o principal destino tur\u00edstico do mundo!&nbsp;<\/p>\n\n\n\n<p><strong>\u00cele de Fran\u00e7a, ou em portugu\u00eas Ilha da Fran\u00e7a<\/strong>&nbsp;\u00e9 uma&nbsp;das 18 regi\u00f5es francesas. No Brasil chamar\u00edamos \u00cele de France de um estado franc\u00eas. Densamente povoado, sozinho acolhe 18,8% da popula\u00e7\u00e3o da&nbsp;Fran\u00e7a metropolitana&nbsp;em apenas 2,2% de seu territ\u00f3rio.<\/p>\n\n\n\n<div class=\"wp-block-image\"><figure class=\"aligncenter size-large\"><img loading=\"lazy\" width=\"500\" height=\"480\" src=\"https:\/\/blog.panrotas.com.br\/direto-de-paris\/wp-content\/uploads\/sites\/26\/2022\/07\/regions-de-france-author-superbenjamin.png\" alt=\"\" class=\"wp-image-9505\" srcset=\"https:\/\/blog.panrotas.com.br\/direto-de-paris\/wp-content\/uploads\/sites\/26\/2022\/07\/regions-de-france-author-superbenjamin.png 500w, https:\/\/blog.panrotas.com.br\/direto-de-paris\/wp-content\/uploads\/sites\/26\/2022\/07\/regions-de-france-author-superbenjamin-300x288.png 300w\" sizes=\"(max-width: 500px) 100vw, 500px\" \/><figcaption>No mapa voc\u00ea v\u00ea 12 regi\u00f5es, mas outras seis s\u00e3o &#8220;ultra marinhas&#8221; ou al\u00e9m-mar (Guadalupe, Martinica, Reuni\u00e3o, Guiana, Mayotte, Corsega) <br>autor mapa <a href=\"https:\/\/commons.wikimedia.org\/wiki\/User:Superbenjamin\">Superbenjamin<\/a> &#8211; Wikip\u00e9dia <\/figcaption><\/figure><\/div>\n\n\n\n<h2>O menor estado franc\u00eas<\/h2>\n\n\n\n<p>De fato, com uma \u00e1rea de 12.012&nbsp;<sup>km2<\/sup>, a <strong>\u00cele-de-France<\/strong> \u00e9 um dos menores estados franceses&nbsp;(o menor da Fran\u00e7a metropolitana depois da C\u00f3rsega), mas de longe o maior por popula\u00e7\u00e3o (cerca de 12 milh\u00f5es de habitantes em 2015, ou pouco menos de 18% da popula\u00e7\u00e3o francesa, incluindo os departamentos ultramarinos) e por seu&nbsp;produto interno bruto&nbsp;que representava, em 2014, 30,94% do PIB da Fran\u00e7a.<\/p>\n\n\n\n<p><strong>\u00c9 neste pequeno estado que se situa a capital francesa.<\/strong><\/p>\n\n\n\n<p>Concentrando os poderes econ\u00f4micos, administrativos e pol\u00edticos do pa\u00eds, a regi\u00e3o pode ser considerada como uma zona hora urbana, hora campestre, que se ramifica em uma estrela ao redor de Paris.<\/p>\n\n\n\n<p>Com um&nbsp;PIB&nbsp;estimado em \u20ac 642&nbsp;bilh\u00f5es e um&nbsp;PIB per capita&nbsp;de \u20ac 55.227 em 2015, \u00e9 a&nbsp;regi\u00e3o que mais produz riqueza do pa\u00eds. <\/p>\n\n\n\n<p>Seu territ\u00f3rio est\u00e1 envolto por tr\u00eas rios: <strong>o Oise, a Seine e a Marne<\/strong>, da\u00ed a origem do nome de ilha. Seus&nbsp;habitantes s\u00e3o chamados&nbsp;<em>franciliens, <\/em>assim como os trens que desservem a regi\u00e3o.<\/p>\n\n\n\n<p>\u00c9 bastante prov\u00e1vel que voc\u00ea j\u00e1 conhe\u00e7a al\u00e9m de Paris alguns pontos importantes desse estado, como Versalhes e Disneyland.<\/p>\n\n\n\n<figure class=\"wp-block-image size-large\"><img loading=\"lazy\" width=\"981\" height=\"768\" src=\"https:\/\/blog.panrotas.com.br\/direto-de-paris\/wp-content\/uploads\/sites\/26\/2022\/07\/981px-carte-foret-ile-de-france.jpg\" alt=\"\" class=\"wp-image-9507\" srcset=\"https:\/\/blog.panrotas.com.br\/direto-de-paris\/wp-content\/uploads\/sites\/26\/2022\/07\/981px-carte-foret-ile-de-france.jpg 981w, https:\/\/blog.panrotas.com.br\/direto-de-paris\/wp-content\/uploads\/sites\/26\/2022\/07\/981px-carte-foret-ile-de-france-300x235.jpg 300w, https:\/\/blog.panrotas.com.br\/direto-de-paris\/wp-content\/uploads\/sites\/26\/2022\/07\/981px-carte-foret-ile-de-france-768x601.jpg 768w, https:\/\/blog.panrotas.com.br\/direto-de-paris\/wp-content\/uploads\/sites\/26\/2022\/07\/981px-carte-foret-ile-de-france-740x579.jpg 740w\" sizes=\"(max-width: 981px) 100vw, 981px\" \/><\/figure>\n\n\n\n<p>No entanto, este pequeno territ\u00f3rio coberto por <strong>1\/3 de florestas e pincelado por vilarejos pitorescos, castelos e produtores agr\u00edcolas de primeira linha<\/strong> abunda em atra\u00e7\u00f5es tur\u00edsticas e culturais. Exibindo um rico patrim\u00f4nio arquitet\u00f4nico, natural e art\u00edstico a \u00cele de France \u00e9 uma colcha de retalhos composta por monumentos hist\u00f3ricos, lugares alternativos, festividades, excelente gastronomia e muita gente legal! <\/p>\n\n\n\n<h2>conhecendo a FRAN\u00c7A de verdade<\/h2>\n\n\n\n<p>Visitar a \u00cele de France \u00e9 tamb\u00e9m a melhor maneira de conhecer a <strong>\u201cverdadeira Fran\u00e7a\u201d sem ir muito longe de Paris. <\/strong><\/p>\n\n\n\n<p>Para exemplificar: 7 tipos de queijos franceses s\u00e3o produzidos em \u00cele de France: 3 variedades de Brie, Coulommiers, Boursault, Brilla Savarin e Cendre de Champagne.<\/p>\n\n\n\n<p>Paisagens fant\u00e1sticas, cidra, crepes caseiros, carnes su\u00ednas, artesanato local e at\u00e9 mesmo vinhos regionais fazem de uma escapada fora de Paris a verdadeira descoberta de uma Fran\u00e7a aut\u00eantica, hospitaleira e pitoresca. <\/p>\n\n\n\n<p>Bas\u00edlica Saint Denis (Seine Saint Denis), <a href=\"https:\/\/blog.panrotas.com.br\/direto-de-paris\/2017\/08\/29\/o-impressionante-espetaculo-das-aguas-de-versalhes\/\">Versalhes <\/a>(Yvelines), Chantilly (Val de Oise), <a href=\"https:\/\/blog.panrotas.com.br\/direto-de-paris\/2015\/03\/24\/paris-or-not-paris-eis-a-questao\/\">Provins (<\/a>Seine e Marne), Rambouillet (Yvelines), Enghien-les-Bains (Val de Oise), <a href=\"https:\/\/blog.panrotas.com.br\/direto-de-paris\/2022\/04\/12\/30-aniversario-disneyland-paris-cenas-incriveis\/\">Disneyland<\/a> (Seine e Marne), parque Ast\u00e9rix (Oise), Malmaison (Haut de Seine)\u2026.<\/p>\n\n\n\n<figure class=\"wp-block-gallery columns-3 is-cropped\"><ul class=\"blocks-gallery-grid\"><li class=\"blocks-gallery-item\"><figure><img loading=\"lazy\" width=\"640\" height=\"430\" src=\"https:\/\/blog.panrotas.com.br\/direto-de-paris\/wp-content\/uploads\/sites\/26\/2022\/07\/castelo-de-chantilly.jpg\" alt=\"\" data-id=\"9508\" data-link=\"https:\/\/blog.panrotas.com.br\/direto-de-paris\/?attachment_id=9508\" class=\"wp-image-9508\" srcset=\"https:\/\/blog.panrotas.com.br\/direto-de-paris\/wp-content\/uploads\/sites\/26\/2022\/07\/castelo-de-chantilly.jpg 640w, https:\/\/blog.panrotas.com.br\/direto-de-paris\/wp-content\/uploads\/sites\/26\/2022\/07\/castelo-de-chantilly-300x202.jpg 300w\" sizes=\"(max-width: 640px) 100vw, 640px\" \/><figcaption class=\"blocks-gallery-item__caption\">Castelo de Chantilly<\/figcaption><\/figure><\/li><li class=\"blocks-gallery-item\"><figure><img loading=\"lazy\" width=\"640\" height=\"426\" src=\"https:\/\/blog.panrotas.com.br\/direto-de-paris\/wp-content\/uploads\/sites\/26\/2022\/07\/malmaison-ile-de-france.jpg\" alt=\"\" data-id=\"9510\" data-full-url=\"https:\/\/blog.panrotas.com.br\/direto-de-paris\/wp-content\/uploads\/sites\/26\/2022\/07\/malmaison-ile-de-france.jpg\" data-link=\"https:\/\/blog.panrotas.com.br\/direto-de-paris\/?attachment_id=9510\" class=\"wp-image-9510\" srcset=\"https:\/\/blog.panrotas.com.br\/direto-de-paris\/wp-content\/uploads\/sites\/26\/2022\/07\/malmaison-ile-de-france.jpg 640w, https:\/\/blog.panrotas.com.br\/direto-de-paris\/wp-content\/uploads\/sites\/26\/2022\/07\/malmaison-ile-de-france-300x200.jpg 300w\" sizes=\"(max-width: 640px) 100vw, 640px\" \/><figcaption class=\"blocks-gallery-item__caption\">Castelo de Malmaison, lugar de predile\u00e7\u00e3o de Napole\u00e3o I<\/figcaption><\/figure><\/li><li class=\"blocks-gallery-item\"><figure><img loading=\"lazy\" width=\"640\" height=\"426\" src=\"https:\/\/blog.panrotas.com.br\/direto-de-paris\/wp-content\/uploads\/sites\/26\/2022\/07\/malmaison-ile-de-france-estandarte-de-napoleao.jpg\" alt=\"\" data-id=\"9511\" data-full-url=\"https:\/\/blog.panrotas.com.br\/direto-de-paris\/wp-content\/uploads\/sites\/26\/2022\/07\/malmaison-ile-de-france-estandarte-de-napoleao.jpg\" data-link=\"https:\/\/blog.panrotas.com.br\/direto-de-paris\/?attachment_id=9511\" class=\"wp-image-9511\" srcset=\"https:\/\/blog.panrotas.com.br\/direto-de-paris\/wp-content\/uploads\/sites\/26\/2022\/07\/malmaison-ile-de-france-estandarte-de-napoleao.jpg 640w, https:\/\/blog.panrotas.com.br\/direto-de-paris\/wp-content\/uploads\/sites\/26\/2022\/07\/malmaison-ile-de-france-estandarte-de-napoleao-300x200.jpg 300w\" sizes=\"(max-width: 640px) 100vw, 640px\" \/><figcaption class=\"blocks-gallery-item__caption\">Estandarte de Napole\u00e3o em Malmaison<\/figcaption><\/figure><\/li><li class=\"blocks-gallery-item\"><figure><img loading=\"lazy\" width=\"640\" height=\"426\" src=\"https:\/\/blog.panrotas.com.br\/direto-de-paris\/wp-content\/uploads\/sites\/26\/2022\/07\/provins.jpg\" alt=\"\" data-id=\"9512\" data-full-url=\"https:\/\/blog.panrotas.com.br\/direto-de-paris\/wp-content\/uploads\/sites\/26\/2022\/07\/provins.jpg\" data-link=\"https:\/\/blog.panrotas.com.br\/direto-de-paris\/?attachment_id=9512\" class=\"wp-image-9512\" srcset=\"https:\/\/blog.panrotas.com.br\/direto-de-paris\/wp-content\/uploads\/sites\/26\/2022\/07\/provins.jpg 640w, https:\/\/blog.panrotas.com.br\/direto-de-paris\/wp-content\/uploads\/sites\/26\/2022\/07\/provins-300x200.jpg 300w\" sizes=\"(max-width: 640px) 100vw, 640px\" \/><figcaption class=\"blocks-gallery-item__caption\">Muralha da cidade medieval Provins<\/figcaption><\/figure><\/li><li class=\"blocks-gallery-item\"><figure><img loading=\"lazy\" width=\"640\" height=\"427\" src=\"https:\/\/blog.panrotas.com.br\/direto-de-paris\/wp-content\/uploads\/sites\/26\/2022\/07\/rambouillet-nicolas-debray.jpg\" alt=\"\" data-id=\"9513\" data-full-url=\"https:\/\/blog.panrotas.com.br\/direto-de-paris\/wp-content\/uploads\/sites\/26\/2022\/07\/rambouillet-nicolas-debray.jpg\" data-link=\"https:\/\/blog.panrotas.com.br\/direto-de-paris\/?attachment_id=9513\" class=\"wp-image-9513\" srcset=\"https:\/\/blog.panrotas.com.br\/direto-de-paris\/wp-content\/uploads\/sites\/26\/2022\/07\/rambouillet-nicolas-debray.jpg 640w, https:\/\/blog.panrotas.com.br\/direto-de-paris\/wp-content\/uploads\/sites\/26\/2022\/07\/rambouillet-nicolas-debray-300x200.jpg 300w\" sizes=\"(max-width: 640px) 100vw, 640px\" \/><figcaption class=\"blocks-gallery-item__caption\">Floresta de Rambouillet<\/figcaption><\/figure><\/li><li class=\"blocks-gallery-item\"><figure><img loading=\"lazy\" width=\"640\" height=\"360\" src=\"https:\/\/blog.panrotas.com.br\/direto-de-paris\/wp-content\/uploads\/sites\/26\/2022\/07\/versailles-ile-de-france.jpg\" alt=\"\" data-id=\"9514\" data-full-url=\"https:\/\/blog.panrotas.com.br\/direto-de-paris\/wp-content\/uploads\/sites\/26\/2022\/07\/versailles-ile-de-france.jpg\" data-link=\"https:\/\/blog.panrotas.com.br\/direto-de-paris\/?attachment_id=9514\" class=\"wp-image-9514\" srcset=\"https:\/\/blog.panrotas.com.br\/direto-de-paris\/wp-content\/uploads\/sites\/26\/2022\/07\/versailles-ile-de-france.jpg 640w, https:\/\/blog.panrotas.com.br\/direto-de-paris\/wp-content\/uploads\/sites\/26\/2022\/07\/versailles-ile-de-france-300x169.jpg 300w\" sizes=\"(max-width: 640px) 100vw, 640px\" \/><figcaption class=\"blocks-gallery-item__caption\">Versalhes<\/figcaption><\/figure><\/li><li class=\"blocks-gallery-item\"><figure><img loading=\"lazy\" width=\"640\" height=\"479\" src=\"https:\/\/blog.panrotas.com.br\/direto-de-paris\/wp-content\/uploads\/sites\/26\/2022\/07\/enghien-les-bains-jetee-du-lac-et-casino-hdr-01.jpg\" alt=\"\" data-id=\"9509\" data-link=\"https:\/\/blog.panrotas.com.br\/direto-de-paris\/?attachment_id=9509\" class=\"wp-image-9509\" srcset=\"https:\/\/blog.panrotas.com.br\/direto-de-paris\/wp-content\/uploads\/sites\/26\/2022\/07\/enghien-les-bains-jetee-du-lac-et-casino-hdr-01.jpg 640w, https:\/\/blog.panrotas.com.br\/direto-de-paris\/wp-content\/uploads\/sites\/26\/2022\/07\/enghien-les-bains-jetee-du-lac-et-casino-hdr-01-300x225.jpg 300w\" sizes=\"(max-width: 640px) 100vw, 640px\" \/><figcaption class=\"blocks-gallery-item__caption\">Enghien les Bains- Cassino e hot\u00e9is termais do grupo La Barri\u00e8re <a href=\"https:\/\/en.wikipedia.org\/wiki\/fr:Utilisateur:Clicsouris\"><br>autor Clicsouris<\/a><\/figcaption><\/figure><\/li><\/ul><figcaption class=\"blocks-gallery-caption\">A Ilha de Fran\u00e7a desvenda n\u00e3o somente atra\u00e7\u00f5es, mas sobretudo algumas das melhores caracter\u00edsticas da Fran\u00e7a, entre elas a &#8220;art de vivre \u00e0 la fran\u00e7aise&#8221; <\/figcaption><\/figure>\n\n\n\n<p>Um s\u00f3 texto n\u00e3o seria suficiente para descrever tantas atra\u00e7\u00f5es, por isso vamos come\u00e7ar (o m\u00eas de julho) por uma delas que se encontra bem pertinho do centro de Paris, a <strong>Bas\u00edlica Saint-Denis<\/strong>, situada no sub\u00farbio parisiense chamado Seine-Saint Denis.<\/p>\n\n\n\n<h2>\u00eele de france-Bas\u00edlica Saint Denis<\/h2>\n\n\n\n<p>O <strong>santu\u00e1rio de adora\u00e7\u00e3o de Saint-Denis<\/strong>*, padroeiro de Paris martirizado em torno de 250 DC e transformado em sepulcro real pelo rei Dagobert no s\u00e9culo VII abriga mais de 70 t\u00famulos de reis e rainhas franceses. Mais precisamente  43 reis, 32 rainhas, 60 pr\u00edncipes e princesas e 10 servos da monarquia. E como voc\u00ea pode imaginar, os monarcas n\u00e3o escolheriam um lugar qualquer para serem imortalizados.<\/p>\n\n\n\n<p>Projetada pelo abade Suger, conselheiro dos reis, de 1135 a 1144, conclu\u00edda no s\u00e9culo XIII durante o reinado de S\u00e3o Lu\u00eds, a grande obra marca o <strong>in\u00edcio de arte g\u00f3tica na Fran\u00e7a<\/strong> e inaugura o lugar <strong>central da luz,<\/strong> s\u00edmbolo do divino, na arquitetura religiosa.<\/p>\n\n\n\n<p>As tumbas, monumentos medievais ou renascentistas,&nbsp;comp\u00f5em o conjunto mais importante de esculturas funer\u00e1rias francesa entre os s\u00e9culos XII e XIX.<\/p>\n\n\n\n<p>Access\u00edvel pela linha 13 de metr\u00f4, embora pouco procurada pelos brasileiros, sua visita vale muito a pena!  A Bas\u00edlica Saint-Denis \u00e9 uma verdadeira obra de arte \u00fanica no seu g\u00eanero.<\/p>\n\n\n\n<p>Veja algumas imagens:<\/p>\n\n\n\n<figure class=\"wp-block-embed is-type-video is-provider-youtube wp-block-embed-youtube wp-embed-aspect-16-9 wp-has-aspect-ratio\"><div class=\"wp-block-embed__wrapper\">\n<div class=\"jetpack-video-wrapper\"><iframe loading=\"lazy\" title=\"Secrets d&#039;Histoire - Basilique cath\u00e9drale de Saint-Denis\" width=\"740\" height=\"416\" src=\"https:\/\/www.youtube.com\/embed\/jOLOYmNstIU?feature=oembed\" frameborder=\"0\" allow=\"accelerometer; autoplay; clipboard-write; encrypted-media; gyroscope; picture-in-picture\" allowfullscreen><\/iframe><\/div>\n<\/div><\/figure>\n\n\n\n<figure class=\"wp-block-gallery columns-3 is-cropped\"><ul class=\"blocks-gallery-grid\"><li class=\"blocks-gallery-item\"><figure><img loading=\"lazy\" width=\"510\" height=\"768\" src=\"https:\/\/blog.panrotas.com.br\/direto-de-paris\/wp-content\/uploads\/sites\/26\/2022\/07\/basilique-saint-denis-louis-xii-anne-de-bretagne-author-myrabella.jpg\" alt=\"\" data-id=\"9516\" data-full-url=\"https:\/\/blog.panrotas.com.br\/direto-de-paris\/wp-content\/uploads\/sites\/26\/2022\/07\/basilique-saint-denis-louis-xii-anne-de-bretagne-author-myrabella.jpg\" data-link=\"https:\/\/blog.panrotas.com.br\/direto-de-paris\/?attachment_id=9516\" class=\"wp-image-9516\" srcset=\"https:\/\/blog.panrotas.com.br\/direto-de-paris\/wp-content\/uploads\/sites\/26\/2022\/07\/basilique-saint-denis-louis-xii-anne-de-bretagne-author-myrabella.jpg 510w, https:\/\/blog.panrotas.com.br\/direto-de-paris\/wp-content\/uploads\/sites\/26\/2022\/07\/basilique-saint-denis-louis-xii-anne-de-bretagne-author-myrabella-199x300.jpg 199w\" sizes=\"(max-width: 510px) 100vw, 510px\" \/><\/figure><\/li><li class=\"blocks-gallery-item\"><figure><img loading=\"lazy\" width=\"490\" height=\"768\" src=\"https:\/\/blog.panrotas.com.br\/direto-de-paris\/wp-content\/uploads\/sites\/26\/2022\/07\/basilique-st-denis-autor-chabe01.jpg\" alt=\"\" data-id=\"9523\" data-full-url=\"https:\/\/blog.panrotas.com.br\/direto-de-paris\/wp-content\/uploads\/sites\/26\/2022\/07\/basilique-st-denis-autor-chabe01.jpg\" data-link=\"https:\/\/blog.panrotas.com.br\/direto-de-paris\/?attachment_id=9523\" class=\"wp-image-9523\" srcset=\"https:\/\/blog.panrotas.com.br\/direto-de-paris\/wp-content\/uploads\/sites\/26\/2022\/07\/basilique-st-denis-autor-chabe01.jpg 490w, https:\/\/blog.panrotas.com.br\/direto-de-paris\/wp-content\/uploads\/sites\/26\/2022\/07\/basilique-st-denis-autor-chabe01-191x300.jpg 191w\" sizes=\"(max-width: 490px) 100vw, 490px\" \/><\/figure><\/li><li class=\"blocks-gallery-item\"><figure><img loading=\"lazy\" width=\"429\" height=\"768\" src=\"https:\/\/blog.panrotas.com.br\/direto-de-paris\/wp-content\/uploads\/sites\/26\/2022\/07\/myrabella-basilique-saint-denis-dagobert.jpg\" alt=\"\" data-id=\"9517\" data-full-url=\"https:\/\/blog.panrotas.com.br\/direto-de-paris\/wp-content\/uploads\/sites\/26\/2022\/07\/myrabella-basilique-saint-denis-dagobert.jpg\" data-link=\"https:\/\/blog.panrotas.com.br\/direto-de-paris\/?attachment_id=9517\" class=\"wp-image-9517\" srcset=\"https:\/\/blog.panrotas.com.br\/direto-de-paris\/wp-content\/uploads\/sites\/26\/2022\/07\/myrabella-basilique-saint-denis-dagobert.jpg 429w, https:\/\/blog.panrotas.com.br\/direto-de-paris\/wp-content\/uploads\/sites\/26\/2022\/07\/myrabella-basilique-saint-denis-dagobert-168x300.jpg 168w\" sizes=\"(max-width: 429px) 100vw, 429px\" \/><\/figure><\/li><\/ul><\/figure>\n\n\n\n<figure class=\"wp-block-embed is-type-video is-provider-youtube wp-block-embed-youtube wp-embed-aspect-16-9 wp-has-aspect-ratio\"><div class=\"wp-block-embed__wrapper\">\n<div class=\"jetpack-video-wrapper\"><iframe loading=\"lazy\" title=\"L&#039;histoire fascinante de la basilique de Saint-Denis, n\u00e9cropole des rois de France\" width=\"740\" height=\"416\" src=\"https:\/\/www.youtube.com\/embed\/d16SliiUWuk?feature=oembed\" frameborder=\"0\" allow=\"accelerometer; autoplay; clipboard-write; encrypted-media; gyroscope; picture-in-picture\" allowfullscreen><\/iframe><\/div>\n<\/div><\/figure>\n\n\n\n<p>PS<\/p>\n\n\n\n<p>O pregador cat\u00f3lico Denis foi decapitado em Montmatre pelos romanos entre 250 e 280 DC e teria corrido sem cabe\u00e7a seis km at\u00e9 o local onde foi enterrado e hoje se encontra a catedral. <\/p>\n","protected":false},"excerpt":{"rendered":"<p>Voc\u00ea sabe o que \u00e9 \u00cele de France? Onde fica? Com mais de 30 milh\u00f5es de visitantes por ano, a \u00cele-de-France \u00e9 o principal destino tur\u00edstico do mundo!&nbsp; \u00cele de Fran\u00e7a, ou em portugu\u00eas Ilha da Fran\u00e7a&nbsp;\u00e9 uma&nbsp;das 18 regi\u00f5es francesas. No Brasil chamar\u00edamos \u00cele de France de um estado franc\u00eas. Densamente povoado, sozinho acolhe&hellip; <a class=\"more-link\" href=\"https:\/\/blog.panrotas.com.br\/direto-de-paris\/2022\/07\/06\/ile-de-france\/\">Continue reading &rarr;<\/a><\/p>\n","protected":false},"author":15,"featured_media":9529,"comment_status":"open","ping_status":"open","sticky":false,"template":"","format":"standard","meta":{"spay_email":""},"categories":[5,6,10],"tags":[],"yoast_head":"<!-- This site is optimized with the Yoast SEO plugin v17.3 - https:\/\/yoast.com\/wordpress\/plugins\/seo\/ -->\n<title>\u00cele de France- Voc\u00ea tem que conhecer - Direto de Paris<\/title>\n<meta name=\"description\" content=\"\u00cele de France, voc\u00ea sabe onde fica ? Descubra neste artigo porque a \u00cele de France \u00e9 o lugar mais visitado do mundo\" \/>\n<meta name=\"robots\" content=\"index, follow, max-snippet:-1, max-image-preview:large, max-video-preview:-1\" \/>\n<link rel=\"canonical\" href=\"https:\/\/blog.panrotas.com.br\/direto-de-paris\/2022\/07\/06\/ile-de-france\/\" \/>\n<meta property=\"og:locale\" content=\"pt_BR\" \/>\n<meta property=\"og:type\" content=\"article\" \/>\n<meta property=\"og:title\" content=\"\u00cele de France- Voc\u00ea tem que conhecer - Direto de Paris\" \/>\n<meta property=\"og:description\" content=\"\u00cele de France, voc\u00ea sabe onde fica ? Descubra neste artigo porque a \u00cele de France \u00e9 o lugar mais visitado do mundo\" \/>\n<meta property=\"og:url\" content=\"https:\/\/blog.panrotas.com.br\/direto-de-paris\/2022\/07\/06\/ile-de-france\/\" \/>\n<meta property=\"og:site_name\" content=\"Direto de Paris\" \/>\n<meta property=\"article:author\" content=\"https:\/\/www.facebook.com\/Passeiosemparis\/\" \/>\n<meta property=\"article:published_time\" content=\"2022-07-06T18:17:45+00:00\" \/>\n<meta property=\"article:modified_time\" content=\"2022-07-06T18:28:36+00:00\" \/>\n<meta property=\"og:image\" content=\"http:\/\/blog.panrotas.com.br\/direto-de-paris\/wp-content\/uploads\/sites\/26\/2022\/07\/logo-idf-2019-0.jpg\" \/>\n\t<meta property=\"og:image:width\" content=\"1024\" \/>\n\t<meta property=\"og:image:height\" content=\"692\" \/>\n<meta name=\"twitter:card\" content=\"summary_large_image\" \/>\n<meta name=\"twitter:label1\" content=\"Escrito por\" \/>\n\t<meta name=\"twitter:data1\" content=\"Silvia Helena\" \/>\n\t<meta name=\"twitter:label2\" content=\"Est. tempo de leitura\" \/>\n\t<meta name=\"twitter:data2\" content=\"6 minutos\" \/>\n<script type=\"application\/ld+json\" class=\"yoast-schema-graph\">{\"@context\":\"https:\/\/schema.org\",\"@graph\":[{\"@type\":\"WebSite\",\"@id\":\"https:\/\/blog.panrotas.com.br\/direto-de-paris\/#website\",\"url\":\"https:\/\/blog.panrotas.com.br\/direto-de-paris\/\",\"name\":\"Direto de Paris\",\"description\":\"Blogosfera PANROTAS\",\"potentialAction\":[{\"@type\":\"SearchAction\",\"target\":{\"@type\":\"EntryPoint\",\"urlTemplate\":\"https:\/\/blog.panrotas.com.br\/direto-de-paris\/?s={search_term_string}\"},\"query-input\":\"required name=search_term_string\"}],\"inLanguage\":\"pt-BR\"},{\"@type\":\"ImageObject\",\"@id\":\"https:\/\/blog.panrotas.com.br\/direto-de-paris\/2022\/07\/06\/ile-de-france\/#primaryimage\",\"inLanguage\":\"pt-BR\",\"url\":\"https:\/\/blog.panrotas.com.br\/direto-de-paris\/wp-content\/uploads\/sites\/26\/2022\/07\/logo-idf-2019-0.jpg\",\"contentUrl\":\"https:\/\/blog.panrotas.com.br\/direto-de-paris\/wp-content\/uploads\/sites\/26\/2022\/07\/logo-idf-2019-0.jpg\",\"width\":1024,\"height\":692},{\"@type\":\"WebPage\",\"@id\":\"https:\/\/blog.panrotas.com.br\/direto-de-paris\/2022\/07\/06\/ile-de-france\/#webpage\",\"url\":\"https:\/\/blog.panrotas.com.br\/direto-de-paris\/2022\/07\/06\/ile-de-france\/\",\"name\":\"\\u00cele de France- Voc\\u00ea tem que conhecer - Direto de Paris\",\"isPartOf\":{\"@id\":\"https:\/\/blog.panrotas.com.br\/direto-de-paris\/#website\"},\"primaryImageOfPage\":{\"@id\":\"https:\/\/blog.panrotas.com.br\/direto-de-paris\/2022\/07\/06\/ile-de-france\/#primaryimage\"},\"datePublished\":\"2022-07-06T18:17:45+00:00\",\"dateModified\":\"2022-07-06T18:28:36+00:00\",\"author\":{\"@id\":\"https:\/\/blog.panrotas.com.br\/direto-de-paris\/#\/schema\/person\/0137bff12a66d9bd80e250aa2c7000b3\"},\"description\":\"\\u00cele de France, voc\\u00ea sabe onde fica ? Descubra neste artigo porque a \\u00cele de France \\u00e9 o lugar mais visitado do mundo\",\"breadcrumb\":{\"@id\":\"https:\/\/blog.panrotas.com.br\/direto-de-paris\/2022\/07\/06\/ile-de-france\/#breadcrumb\"},\"inLanguage\":\"pt-BR\",\"potentialAction\":[{\"@type\":\"ReadAction\",\"target\":[\"https:\/\/blog.panrotas.com.br\/direto-de-paris\/2022\/07\/06\/ile-de-france\/\"]}]},{\"@type\":\"BreadcrumbList\",\"@id\":\"https:\/\/blog.panrotas.com.br\/direto-de-paris\/2022\/07\/06\/ile-de-france\/#breadcrumb\",\"itemListElement\":[{\"@type\":\"ListItem\",\"position\":1,\"name\":\"In\\u00edcio\",\"item\":\"https:\/\/blog.panrotas.com.br\/direto-de-paris\/\"},{\"@type\":\"ListItem\",\"position\":2,\"name\":\"\\u00cele de France- Voc\\u00ea tem que conhecer\"}]},{\"@type\":\"Person\",\"@id\":\"https:\/\/blog.panrotas.com.br\/direto-de-paris\/#\/schema\/person\/0137bff12a66d9bd80e250aa2c7000b3\",\"name\":\"Silvia Helena\",\"image\":{\"@type\":\"ImageObject\",\"@id\":\"https:\/\/blog.panrotas.com.br\/direto-de-paris\/#personlogo\",\"inLanguage\":\"pt-BR\",\"url\":\"https:\/\/secure.gravatar.com\/avatar\/0278ededd1c842496785759e4fa61c99?s=96&d=mm&r=g\",\"contentUrl\":\"https:\/\/secure.gravatar.com\/avatar\/0278ededd1c842496785759e4fa61c99?s=96&d=mm&r=g\",\"caption\":\"Silvia Helena\"},\"description\":\"Ap\\u00f3s breves passagens pela Faculdade Metodista de S\\u00e3o Bernardo e Belas Artes de S\\u00e3o Paulo, aos 18 anos fui estudar no Canad\\u00e1, onde vivi durante 23 anos. L\\u00e1 me formei em Hist\\u00f3ria da Arte pela Universidade de Montr\\u00e9al, estudei turismo no Coll\\u00e8ge Lasalle de Montr\\u00e9al e no Institut de Tourisme et H\\u00f4tellerie du Qu\\u00e9bec. Comecei minha carreira na \\u00e1rea trabalhando em Cuba. Durante os anos vividos no Canad\\u00e1, entre outras coisas, fui guia de circuitos pela costa leste e abri minha primeira ag\\u00eancia de receptivo para brasileiros. H\\u00e1 18 anos um vento forte bateu nas velas da minha vida me conduzindo at\\u00e9 Fran\\u00e7a. Atualmente escrevo de Paris, onde vivo e trabalho dirigindo a empresa de receptivo, LA BELLE VIE.\",\"sameAs\":[\"http:\/\/brasileirosemparis.com\",\"https:\/\/www.facebook.com\/Passeiosemparis\/\",\"https:\/\/www.instagram.com\/labellevietour\",\"https:\/\/www.linkedin.com\/in\/silvia-helena-96864a17\/\"],\"url\":\"https:\/\/blog.panrotas.com.br\/direto-de-paris\/author\/silvia\/\"}]}<\/script>\n<!-- \/ Yoast SEO plugin. -->","yoast_head_json":{"title":"\u00cele de France- Voc\u00ea tem que conhecer - Direto de Paris","description":"\u00cele de France, voc\u00ea sabe onde fica ? Descubra neste artigo porque a \u00cele de France \u00e9 o lugar mais visitado do mundo","robots":{"index":"index","follow":"follow","max-snippet":"max-snippet:-1","max-image-preview":"max-image-preview:large","max-video-preview":"max-video-preview:-1"},"canonical":"https:\/\/blog.panrotas.com.br\/direto-de-paris\/2022\/07\/06\/ile-de-france\/","og_locale":"pt_BR","og_type":"article","og_title":"\u00cele de France- Voc\u00ea tem que conhecer - Direto de Paris","og_description":"\u00cele de France, voc\u00ea sabe onde fica ? Descubra neste artigo porque a \u00cele de France \u00e9 o lugar mais visitado do mundo","og_url":"https:\/\/blog.panrotas.com.br\/direto-de-paris\/2022\/07\/06\/ile-de-france\/","og_site_name":"Direto de Paris","article_author":"https:\/\/www.facebook.com\/Passeiosemparis\/","article_published_time":"2022-07-06T18:17:45+00:00","article_modified_time":"2022-07-06T18:28:36+00:00","og_image":[{"width":1024,"height":692,"url":"http:\/\/blog.panrotas.com.br\/direto-de-paris\/wp-content\/uploads\/sites\/26\/2022\/07\/logo-idf-2019-0.jpg","type":"image\/jpeg"}],"twitter_card":"summary_large_image","twitter_misc":{"Escrito por":"Silvia Helena","Est. tempo de leitura":"6 minutos"},"schema":{"@context":"https:\/\/schema.org","@graph":[{"@type":"WebSite","@id":"https:\/\/blog.panrotas.com.br\/direto-de-paris\/#website","url":"https:\/\/blog.panrotas.com.br\/direto-de-paris\/","name":"Direto de Paris","description":"Blogosfera PANROTAS","potentialAction":[{"@type":"SearchAction","target":{"@type":"EntryPoint","urlTemplate":"https:\/\/blog.panrotas.com.br\/direto-de-paris\/?s={search_term_string}"},"query-input":"required name=search_term_string"}],"inLanguage":"pt-BR"},{"@type":"ImageObject","@id":"https:\/\/blog.panrotas.com.br\/direto-de-paris\/2022\/07\/06\/ile-de-france\/#primaryimage","inLanguage":"pt-BR","url":"https:\/\/blog.panrotas.com.br\/direto-de-paris\/wp-content\/uploads\/sites\/26\/2022\/07\/logo-idf-2019-0.jpg","contentUrl":"https:\/\/blog.panrotas.com.br\/direto-de-paris\/wp-content\/uploads\/sites\/26\/2022\/07\/logo-idf-2019-0.jpg","width":1024,"height":692},{"@type":"WebPage","@id":"https:\/\/blog.panrotas.com.br\/direto-de-paris\/2022\/07\/06\/ile-de-france\/#webpage","url":"https:\/\/blog.panrotas.com.br\/direto-de-paris\/2022\/07\/06\/ile-de-france\/","name":"\u00cele de France- Voc\u00ea tem que conhecer - Direto de Paris","isPartOf":{"@id":"https:\/\/blog.panrotas.com.br\/direto-de-paris\/#website"},"primaryImageOfPage":{"@id":"https:\/\/blog.panrotas.com.br\/direto-de-paris\/2022\/07\/06\/ile-de-france\/#primaryimage"},"datePublished":"2022-07-06T18:17:45+00:00","dateModified":"2022-07-06T18:28:36+00:00","author":{"@id":"https:\/\/blog.panrotas.com.br\/direto-de-paris\/#\/schema\/person\/0137bff12a66d9bd80e250aa2c7000b3"},"description":"\u00cele de France, voc\u00ea sabe onde fica ? Descubra neste artigo porque a \u00cele de France \u00e9 o lugar mais visitado do mundo","breadcrumb":{"@id":"https:\/\/blog.panrotas.com.br\/direto-de-paris\/2022\/07\/06\/ile-de-france\/#breadcrumb"},"inLanguage":"pt-BR","potentialAction":[{"@type":"ReadAction","target":["https:\/\/blog.panrotas.com.br\/direto-de-paris\/2022\/07\/06\/ile-de-france\/"]}]},{"@type":"BreadcrumbList","@id":"https:\/\/blog.panrotas.com.br\/direto-de-paris\/2022\/07\/06\/ile-de-france\/#breadcrumb","itemListElement":[{"@type":"ListItem","position":1,"name":"In\u00edcio","item":"https:\/\/blog.panrotas.com.br\/direto-de-paris\/"},{"@type":"ListItem","position":2,"name":"\u00cele de France- Voc\u00ea tem que conhecer"}]},{"@type":"Person","@id":"https:\/\/blog.panrotas.com.br\/direto-de-paris\/#\/schema\/person\/0137bff12a66d9bd80e250aa2c7000b3","name":"Silvia Helena","image":{"@type":"ImageObject","@id":"https:\/\/blog.panrotas.com.br\/direto-de-paris\/#personlogo","inLanguage":"pt-BR","url":"https:\/\/secure.gravatar.com\/avatar\/0278ededd1c842496785759e4fa61c99?s=96&d=mm&r=g","contentUrl":"https:\/\/secure.gravatar.com\/avatar\/0278ededd1c842496785759e4fa61c99?s=96&d=mm&r=g","caption":"Silvia Helena"},"description":"Ap\u00f3s breves passagens pela Faculdade Metodista de S\u00e3o Bernardo e Belas Artes de S\u00e3o Paulo, aos 18 anos fui estudar no Canad\u00e1, onde vivi durante 23 anos. L\u00e1 me formei em Hist\u00f3ria da Arte pela Universidade de Montr\u00e9al, estudei turismo no Coll\u00e8ge Lasalle de Montr\u00e9al e no Institut de Tourisme et H\u00f4tellerie du Qu\u00e9bec. Comecei minha carreira na \u00e1rea trabalhando em Cuba. Durante os anos vividos no Canad\u00e1, entre outras coisas, fui guia de circuitos pela costa leste e abri minha primeira ag\u00eancia de receptivo para brasileiros. H\u00e1 18 anos um vento forte bateu nas velas da minha vida me conduzindo at\u00e9 Fran\u00e7a. Atualmente escrevo de Paris, onde vivo e trabalho dirigindo a empresa de receptivo, LA BELLE VIE.","sameAs":["http:\/\/brasileirosemparis.com","https:\/\/www.facebook.com\/Passeiosemparis\/","https:\/\/www.instagram.com\/labellevietour","https:\/\/www.linkedin.com\/in\/silvia-helena-96864a17\/"],"url":"https:\/\/blog.panrotas.com.br\/direto-de-paris\/author\/silvia\/"}]}},"jetpack_featured_media_url":"https:\/\/blog.panrotas.com.br\/direto-de-paris\/wp-content\/uploads\/sites\/26\/2022\/07\/logo-idf-2019-0.jpg","_links":{"self":[{"href":"https:\/\/blog.panrotas.com.br\/direto-de-paris\/wp-json\/wp\/v2\/posts\/9504"}],"collection":[{"href":"https:\/\/blog.panrotas.com.br\/direto-de-paris\/wp-json\/wp\/v2\/posts"}],"about":[{"href":"https:\/\/blog.panrotas.com.br\/direto-de-paris\/wp-json\/wp\/v2\/types\/post"}],"author":[{"embeddable":true,"href":"https:\/\/blog.panrotas.com.br\/direto-de-paris\/wp-json\/wp\/v2\/users\/15"}],"replies":[{"embeddable":true,"href":"https:\/\/blog.panrotas.com.br\/direto-de-paris\/wp-json\/wp\/v2\/comments?post=9504"}],"version-history":[{"count":8,"href":"https:\/\/blog.panrotas.com.br\/direto-de-paris\/wp-json\/wp\/v2\/posts\/9504\/revisions"}],"predecessor-version":[{"id":9534,"href":"https:\/\/blog.panrotas.com.br\/direto-de-paris\/wp-json\/wp\/v2\/posts\/9504\/revisions\/9534"}],"wp:featuredmedia":[{"embeddable":true,"href":"https:\/\/blog.panrotas.com.br\/direto-de-paris\/wp-json\/wp\/v2\/media\/9529"}],"wp:attachment":[{"href":"https:\/\/blog.panrotas.com.br\/direto-de-paris\/wp-json\/wp\/v2\/media?parent=9504"}],"wp:term":[{"taxonomy":"category","embeddable":true,"href":"https:\/\/blog.panrotas.com.br\/direto-de-paris\/wp-json\/wp\/v2\/categories?post=9504"},{"taxonomy":"post_tag","embeddable":true,"href":"https:\/\/blog.panrotas.com.br\/direto-de-paris\/wp-json\/wp\/v2\/tags?post=9504"}],"curies":[{"name":"wp","href":"https:\/\/api.w.org\/{rel}","templated":true}]}}