{"id":9537,"date":"2022-07-18T10:08:49","date_gmt":"2022-07-18T13:08:49","guid":{"rendered":"https:\/\/blog.panrotas.com.br\/direto-de-paris\/?p=9537"},"modified":"2022-07-18T10:08:51","modified_gmt":"2022-07-18T13:08:51","slug":"calor-extremo-em-paris-o-que-fazer","status":"publish","type":"post","link":"https:\/\/blog.panrotas.com.br\/direto-de-paris\/2022\/07\/18\/calor-extremo-em-paris-o-que-fazer\/","title":{"rendered":"Calor extremo em Paris-O que fazer?"},"content":{"rendered":"\n<p>Esta semana se anuncia extremamente quente em Paris e em todo pa\u00eds.<\/p>\n\n\n\n<p>Um epis\u00f3dio de \u201ccan\u00edcula\u201d ou grande calor que j\u00e1 dura h\u00e1 uma semana chegar\u00e1 ao seu \u00e1pice levando os term\u00f4metros aos 41 graus celsius amanh\u00e3. <\/p>\n\n\n\n<p>Sim a palavra <strong>Can\u00edcula<\/strong>\u00a0existe&#8230;&#8221; <em>\u00e9 um termo que designa per\u00edodos de\u00a0ondas de calor\u00a0em geral associadas \u00e0 presen\u00e7a circula\u00e7\u00f5es atmosf\u00e9ricas anticicl\u00f4nicas quase estacion\u00e1rias, encontradas durante eventos de\u00a0bloqueio atmosf\u00e9rico. Refere-se a passagem aparente do disco solar pela constela\u00e7\u00e3o de\u00a0C\u00e3o Menor, fen\u00f4meno de risco natural que ocorre durante o ver\u00e3o do\u00a0Hemisf\u00e9rio Norte\u00a0em Agosto e no\u00a0Hemisf\u00e9rio Sul\u00a0em Fevereiro. A express\u00e3o\u00a0onda de calor\u00a0\u00e9 tamb\u00e9m usada. (fonte Wikipedia)<\/em> &#8220;<\/p>\n\n\n\n<p>Mas enfim&#8230;<\/p>\n\n\n\n<p>\u00c9 tempo de f\u00e9rias escolares e muitos parisienses deixaram a cidade, uns est\u00e3o realmente de f\u00e9rias, outros trabalham \u00e0 dist\u00e2ncia numa casa secund\u00e1ria enquanto os filhos desfrutam de tempo livre. &nbsp;&nbsp;<\/p>\n\n\n\n<p>No entanto, quando os <strong>marcadores ultrapassam os 35 graus, que voc\u00ea esteja de f\u00e9rias ou n\u00e3o, voc\u00ea precisa de sombra e \u00e1gua fresca.<\/strong><\/p>\n\n\n\n<h3>O que fazer em Paris em tempos de grande calor?<\/h3>\n\n\n\n<p>E lugar interessante e climatizado em Paris \u00e9 o que n\u00e3o falta!<\/p>\n\n\n\n<p>Paris tem 206 museus e cada um deles abriga os melhores acervos e artefatos de suas respectivas tem\u00e1ticas: dos mais conhecidos, como o Louvre ou o Museu D\u2019Orsay at\u00e9 os mais inusitados como o Museu do Romance, <a href=\"https:\/\/blog.panrotas.com.br\/direto-de-paris\/2016\/01\/13\/imperio-dos-sentidos\/\">Museu do Perfume,<\/a> Museu do PSG ou da Idade M\u00e9dia voc\u00ea encontra informa\u00e7\u00e3o, cultura, divers\u00e3o para todos os gostos e sobretudo ar fresco!<\/p>\n\n\n\n<p>Um dos museus que me inspira frescor e faz qualquer pessoa esquecer o desconforto criado pelo calor extremo nas ruas da capital \u00e9 o Museu d\u2019Orsay. Como n\u00e3o sentir o frescor da praia ao olhar as obras de Gaughin? Ou ainda a docura das sombras nos jardins arborizados de Manet ou Monet? <\/p>\n\n\n\n<div class=\"wp-block-jetpack-tiled-gallery aligncenter is-style-rectangular\"><div class=\"tiled-gallery__gallery\"><div class=\"tiled-gallery__row\"><div class=\"tiled-gallery__col\" style=\"flex-basis:66.74990%\"><figure class=\"tiled-gallery__item\"><img srcset=\"https:\/\/i0.wp.com\/blog.panrotas.com.br\/direto-de-paris\/wp-content\/uploads\/sites\/26\/2022\/07\/orsay-fachada.jpg?strip=info&#038;w=448 448w\" alt=\"\" data-height=\"336\" data-id=\"9548\" data-link=\"https:\/\/blog.panrotas.com.br\/direto-de-paris\/?attachment_id=9548\" data-url=\"http:\/\/blog.panrotas.com.br\/direto-de-paris\/wp-content\/uploads\/sites\/26\/2022\/07\/orsay-fachada.jpg\" data-width=\"448\" src=\"https:\/\/i0.wp.com\/blog.panrotas.com.br\/direto-de-paris\/wp-content\/uploads\/sites\/26\/2022\/07\/orsay-fachada.jpg\" data-amp-layout=\"responsive\" \/><\/figure><\/div><div class=\"tiled-gallery__col\" style=\"flex-basis:33.25010%\"><figure class=\"tiled-gallery__item\"><img srcset=\"https:\/\/i2.wp.com\/blog.panrotas.com.br\/direto-de-paris\/wp-content\/uploads\/sites\/26\/2022\/07\/gaughion-orsay-paris.jpg?strip=info&#038;w=448 448w\" alt=\"\" data-height=\"336\" data-id=\"9542\" data-link=\"https:\/\/blog.panrotas.com.br\/direto-de-paris\/?attachment_id=9542\" data-url=\"http:\/\/blog.panrotas.com.br\/direto-de-paris\/wp-content\/uploads\/sites\/26\/2022\/07\/gaughion-orsay-paris.jpg\" data-width=\"448\" src=\"https:\/\/i2.wp.com\/blog.panrotas.com.br\/direto-de-paris\/wp-content\/uploads\/sites\/26\/2022\/07\/gaughion-orsay-paris.jpg\" data-amp-layout=\"responsive\" \/><\/figure><figure class=\"tiled-gallery__item\"><img srcset=\"https:\/\/i0.wp.com\/blog.panrotas.com.br\/direto-de-paris\/wp-content\/uploads\/sites\/26\/2022\/07\/impressionismo-orsay-paris.jpg?strip=info&#038;w=448 448w\" alt=\"\" data-height=\"336\" data-id=\"9545\" data-link=\"https:\/\/blog.panrotas.com.br\/direto-de-paris\/?attachment_id=9545\" data-url=\"http:\/\/blog.panrotas.com.br\/direto-de-paris\/wp-content\/uploads\/sites\/26\/2022\/07\/impressionismo-orsay-paris.jpg\" data-width=\"448\" src=\"https:\/\/i0.wp.com\/blog.panrotas.com.br\/direto-de-paris\/wp-content\/uploads\/sites\/26\/2022\/07\/impressionismo-orsay-paris.jpg\" data-amp-layout=\"responsive\" \/><\/figure><\/div><\/div><div class=\"tiled-gallery__row\"><div class=\"tiled-gallery__col\" style=\"flex-basis:33.25601%\"><figure class=\"tiled-gallery__item\"><img srcset=\"https:\/\/i1.wp.com\/blog.panrotas.com.br\/direto-de-paris\/wp-content\/uploads\/sites\/26\/2022\/07\/img-2868.jpg?strip=info&#038;w=448 448w\" alt=\"\" data-height=\"336\" data-id=\"9544\" data-link=\"https:\/\/blog.panrotas.com.br\/direto-de-paris\/?attachment_id=9544\" data-url=\"http:\/\/blog.panrotas.com.br\/direto-de-paris\/wp-content\/uploads\/sites\/26\/2022\/07\/img-2868.jpg\" data-width=\"448\" src=\"https:\/\/i1.wp.com\/blog.panrotas.com.br\/direto-de-paris\/wp-content\/uploads\/sites\/26\/2022\/07\/img-2868.jpg\" data-amp-layout=\"responsive\" \/><\/figure><figure class=\"tiled-gallery__item\"><img srcset=\"https:\/\/i2.wp.com\/blog.panrotas.com.br\/direto-de-paris\/wp-content\/uploads\/sites\/26\/2022\/07\/la-guinguette.jpg?strip=info&#038;w=448 448w\" alt=\"\" data-height=\"336\" data-id=\"9546\" data-link=\"https:\/\/blog.panrotas.com.br\/direto-de-paris\/?attachment_id=9546\" data-url=\"http:\/\/blog.panrotas.com.br\/direto-de-paris\/wp-content\/uploads\/sites\/26\/2022\/07\/la-guinguette.jpg\" data-width=\"448\" src=\"https:\/\/i2.wp.com\/blog.panrotas.com.br\/direto-de-paris\/wp-content\/uploads\/sites\/26\/2022\/07\/la-guinguette.jpg\" data-amp-layout=\"responsive\" \/><\/figure><\/div><div class=\"tiled-gallery__col\" style=\"flex-basis:66.74399%\"><figure class=\"tiled-gallery__item\"><img srcset=\"https:\/\/i1.wp.com\/blog.panrotas.com.br\/direto-de-paris\/wp-content\/uploads\/sites\/26\/2022\/07\/van-gogh-museu-dorsay-paris-1024x768.jpg?strip=info&#038;w=600 600w,https:\/\/i1.wp.com\/blog.panrotas.com.br\/direto-de-paris\/wp-content\/uploads\/sites\/26\/2022\/07\/van-gogh-museu-dorsay-paris-1024x768.jpg?strip=info&#038;w=900 900w,https:\/\/i1.wp.com\/blog.panrotas.com.br\/direto-de-paris\/wp-content\/uploads\/sites\/26\/2022\/07\/van-gogh-museu-dorsay-paris-1024x768.jpg?strip=info&#038;w=1200 1200w,https:\/\/i1.wp.com\/blog.panrotas.com.br\/direto-de-paris\/wp-content\/uploads\/sites\/26\/2022\/07\/van-gogh-museu-dorsay-paris-1024x768.jpg?strip=info&#038;w=1249 1249w\" alt=\"\" data-height=\"937\" data-id=\"9555\" data-link=\"https:\/\/blog.panrotas.com.br\/direto-de-paris\/?attachment_id=9555\" data-url=\"http:\/\/blog.panrotas.com.br\/direto-de-paris\/wp-content\/uploads\/sites\/26\/2022\/07\/van-gogh-museu-dorsay-paris-1024x768.jpg\" data-width=\"1249\" src=\"https:\/\/i1.wp.com\/blog.panrotas.com.br\/direto-de-paris\/wp-content\/uploads\/sites\/26\/2022\/07\/van-gogh-museu-dorsay-paris-1024x768.jpg\" data-amp-layout=\"responsive\" \/><\/figure><\/div><\/div><div class=\"tiled-gallery__row\"><div class=\"tiled-gallery__col\" style=\"flex-basis:49.99335%\"><figure class=\"tiled-gallery__item\"><img srcset=\"https:\/\/i0.wp.com\/blog.panrotas.com.br\/direto-de-paris\/wp-content\/uploads\/sites\/26\/2022\/07\/orsay-paris-1024x768.jpg?strip=info&#038;w=600 600w,https:\/\/i0.wp.com\/blog.panrotas.com.br\/direto-de-paris\/wp-content\/uploads\/sites\/26\/2022\/07\/orsay-paris-1024x768.jpg?strip=info&#038;w=900 900w,https:\/\/i0.wp.com\/blog.panrotas.com.br\/direto-de-paris\/wp-content\/uploads\/sites\/26\/2022\/07\/orsay-paris-1024x768.jpg?strip=info&#038;w=1200 1200w,https:\/\/i0.wp.com\/blog.panrotas.com.br\/direto-de-paris\/wp-content\/uploads\/sites\/26\/2022\/07\/orsay-paris-1024x768.jpg?strip=info&#038;w=1249 1249w\" alt=\"\" data-height=\"937\" data-id=\"9550\" data-link=\"https:\/\/blog.panrotas.com.br\/direto-de-paris\/?attachment_id=9550\" data-url=\"http:\/\/blog.panrotas.com.br\/direto-de-paris\/wp-content\/uploads\/sites\/26\/2022\/07\/orsay-paris-1024x768.jpg\" data-width=\"1249\" src=\"https:\/\/i0.wp.com\/blog.panrotas.com.br\/direto-de-paris\/wp-content\/uploads\/sites\/26\/2022\/07\/orsay-paris-1024x768.jpg\" data-amp-layout=\"responsive\" \/><\/figure><\/div><div class=\"tiled-gallery__col\" style=\"flex-basis:50.00665%\"><figure class=\"tiled-gallery__item\"><img srcset=\"https:\/\/i1.wp.com\/blog.panrotas.com.br\/direto-de-paris\/wp-content\/uploads\/sites\/26\/2022\/07\/esculturas-orsay-paris.jpg?strip=info&#038;w=448 448w\" alt=\"\" data-height=\"336\" data-id=\"9539\" data-link=\"https:\/\/blog.panrotas.com.br\/direto-de-paris\/?attachment_id=9539\" data-url=\"http:\/\/blog.panrotas.com.br\/direto-de-paris\/wp-content\/uploads\/sites\/26\/2022\/07\/esculturas-orsay-paris.jpg\" data-width=\"448\" src=\"https:\/\/i1.wp.com\/blog.panrotas.com.br\/direto-de-paris\/wp-content\/uploads\/sites\/26\/2022\/07\/esculturas-orsay-paris.jpg\" data-amp-layout=\"responsive\" \/><\/figure><\/div><\/div><div class=\"tiled-gallery__row\"><div class=\"tiled-gallery__col\" style=\"flex-basis:62.50612%\"><figure class=\"tiled-gallery__item\"><img srcset=\"https:\/\/i2.wp.com\/blog.panrotas.com.br\/direto-de-paris\/wp-content\/uploads\/sites\/26\/2022\/07\/esculturas-orsay-paris1.jpg?strip=info&#038;w=336 336w\" alt=\"\" data-height=\"448\" data-id=\"9540\" data-link=\"https:\/\/blog.panrotas.com.br\/direto-de-paris\/?attachment_id=9540\" data-url=\"http:\/\/blog.panrotas.com.br\/direto-de-paris\/wp-content\/uploads\/sites\/26\/2022\/07\/esculturas-orsay-paris1.jpg\" data-width=\"336\" src=\"https:\/\/i2.wp.com\/blog.panrotas.com.br\/direto-de-paris\/wp-content\/uploads\/sites\/26\/2022\/07\/esculturas-orsay-paris1.jpg\" data-amp-layout=\"responsive\" \/><\/figure><\/div><div class=\"tiled-gallery__col\" style=\"flex-basis:37.49388%\"><figure class=\"tiled-gallery__item\"><img srcset=\"https:\/\/i0.wp.com\/blog.panrotas.com.br\/direto-de-paris\/wp-content\/uploads\/sites\/26\/2022\/07\/hall-museu-dorsay-paris.jpg?strip=info&#038;w=450 450w\" alt=\"\" data-height=\"319\" data-id=\"9543\" data-link=\"https:\/\/blog.panrotas.com.br\/direto-de-paris\/?attachment_id=9543\" data-url=\"http:\/\/blog.panrotas.com.br\/direto-de-paris\/wp-content\/uploads\/sites\/26\/2022\/07\/hall-museu-dorsay-paris.jpg\" data-width=\"450\" src=\"https:\/\/i0.wp.com\/blog.panrotas.com.br\/direto-de-paris\/wp-content\/uploads\/sites\/26\/2022\/07\/hall-museu-dorsay-paris.jpg\" data-amp-layout=\"responsive\" \/><\/figure><figure class=\"tiled-gallery__item\"><img srcset=\"https:\/\/i1.wp.com\/blog.panrotas.com.br\/direto-de-paris\/wp-content\/uploads\/sites\/26\/2022\/07\/museu-dorsay-paris.jpg?strip=info&#038;w=448 448w\" alt=\"\" data-height=\"336\" data-id=\"9547\" data-link=\"https:\/\/blog.panrotas.com.br\/direto-de-paris\/?attachment_id=9547\" data-url=\"http:\/\/blog.panrotas.com.br\/direto-de-paris\/wp-content\/uploads\/sites\/26\/2022\/07\/museu-dorsay-paris.jpg\" data-width=\"448\" src=\"https:\/\/i1.wp.com\/blog.panrotas.com.br\/direto-de-paris\/wp-content\/uploads\/sites\/26\/2022\/07\/museu-dorsay-paris.jpg\" data-amp-layout=\"responsive\" \/><\/figure><figure class=\"tiled-gallery__item\"><img srcset=\"https:\/\/i0.wp.com\/blog.panrotas.com.br\/direto-de-paris\/wp-content\/uploads\/sites\/26\/2022\/07\/orsay-paris-julho-1024x768.jpg?strip=info&#038;w=600 600w,https:\/\/i0.wp.com\/blog.panrotas.com.br\/direto-de-paris\/wp-content\/uploads\/sites\/26\/2022\/07\/orsay-paris-julho-1024x768.jpg?strip=info&#038;w=900 900w,https:\/\/i0.wp.com\/blog.panrotas.com.br\/direto-de-paris\/wp-content\/uploads\/sites\/26\/2022\/07\/orsay-paris-julho-1024x768.jpg?strip=info&#038;w=1200 1200w,https:\/\/i0.wp.com\/blog.panrotas.com.br\/direto-de-paris\/wp-content\/uploads\/sites\/26\/2022\/07\/orsay-paris-julho-1024x768.jpg?strip=info&#038;w=1249 1249w\" alt=\"\" data-height=\"937\" data-id=\"9549\" data-link=\"https:\/\/blog.panrotas.com.br\/direto-de-paris\/?attachment_id=9549\" data-url=\"http:\/\/blog.panrotas.com.br\/direto-de-paris\/wp-content\/uploads\/sites\/26\/2022\/07\/orsay-paris-julho-1024x768.jpg\" data-width=\"1249\" src=\"https:\/\/i0.wp.com\/blog.panrotas.com.br\/direto-de-paris\/wp-content\/uploads\/sites\/26\/2022\/07\/orsay-paris-julho-1024x768.jpg\" data-amp-layout=\"responsive\" \/><\/figure><\/div><\/div><div class=\"tiled-gallery__row\"><div class=\"tiled-gallery__col\" style=\"flex-basis:37.04920%\"><figure class=\"tiled-gallery__item\"><img srcset=\"https:\/\/i1.wp.com\/blog.panrotas.com.br\/direto-de-paris\/wp-content\/uploads\/sites\/26\/2022\/07\/orsay-1024x769.jpg?strip=info&#038;w=600 600w,https:\/\/i1.wp.com\/blog.panrotas.com.br\/direto-de-paris\/wp-content\/uploads\/sites\/26\/2022\/07\/orsay-1024x769.jpg?strip=info&#038;w=900 900w,https:\/\/i1.wp.com\/blog.panrotas.com.br\/direto-de-paris\/wp-content\/uploads\/sites\/26\/2022\/07\/orsay-1024x769.jpg?strip=info&#038;w=1200 1200w,https:\/\/i1.wp.com\/blog.panrotas.com.br\/direto-de-paris\/wp-content\/uploads\/sites\/26\/2022\/07\/orsay-1024x769.jpg?strip=info&#038;w=1248 1248w\" alt=\"\" data-height=\"937\" data-id=\"9551\" data-link=\"https:\/\/blog.panrotas.com.br\/direto-de-paris\/?attachment_id=9551\" data-url=\"http:\/\/blog.panrotas.com.br\/direto-de-paris\/wp-content\/uploads\/sites\/26\/2022\/07\/orsay-1024x769.jpg\" data-width=\"1248\" src=\"https:\/\/i1.wp.com\/blog.panrotas.com.br\/direto-de-paris\/wp-content\/uploads\/sites\/26\/2022\/07\/orsay-1024x769.jpg\" data-amp-layout=\"responsive\" \/><\/figure><figure class=\"tiled-gallery__item\"><img srcset=\"https:\/\/i1.wp.com\/blog.panrotas.com.br\/direto-de-paris\/wp-content\/uploads\/sites\/26\/2022\/07\/paris-museu-dorsay-1024x768.jpg?strip=info&#038;w=600 600w,https:\/\/i1.wp.com\/blog.panrotas.com.br\/direto-de-paris\/wp-content\/uploads\/sites\/26\/2022\/07\/paris-museu-dorsay-1024x768.jpg?strip=info&#038;w=900 900w,https:\/\/i1.wp.com\/blog.panrotas.com.br\/direto-de-paris\/wp-content\/uploads\/sites\/26\/2022\/07\/paris-museu-dorsay-1024x768.jpg?strip=info&#038;w=1200 1200w,https:\/\/i1.wp.com\/blog.panrotas.com.br\/direto-de-paris\/wp-content\/uploads\/sites\/26\/2022\/07\/paris-museu-dorsay-1024x768.jpg?strip=info&#038;w=1249 1249w\" alt=\"\" data-height=\"937\" data-id=\"9553\" data-link=\"https:\/\/blog.panrotas.com.br\/direto-de-paris\/?attachment_id=9553\" data-url=\"http:\/\/blog.panrotas.com.br\/direto-de-paris\/wp-content\/uploads\/sites\/26\/2022\/07\/paris-museu-dorsay-1024x768.jpg\" data-width=\"1249\" src=\"https:\/\/i1.wp.com\/blog.panrotas.com.br\/direto-de-paris\/wp-content\/uploads\/sites\/26\/2022\/07\/paris-museu-dorsay-1024x768.jpg\" data-amp-layout=\"responsive\" \/><\/figure><figure class=\"tiled-gallery__item\"><img srcset=\"https:\/\/i1.wp.com\/blog.panrotas.com.br\/direto-de-paris\/wp-content\/uploads\/sites\/26\/2022\/07\/emile-zola-e-personagens.jpg?strip=info&#038;w=448 448w\" alt=\"\" data-height=\"336\" data-id=\"9538\" data-link=\"https:\/\/blog.panrotas.com.br\/direto-de-paris\/?attachment_id=9538\" data-url=\"http:\/\/blog.panrotas.com.br\/direto-de-paris\/wp-content\/uploads\/sites\/26\/2022\/07\/emile-zola-e-personagens.jpg\" data-width=\"448\" src=\"https:\/\/i1.wp.com\/blog.panrotas.com.br\/direto-de-paris\/wp-content\/uploads\/sites\/26\/2022\/07\/emile-zola-e-personagens.jpg\" data-amp-layout=\"responsive\" \/><\/figure><\/div><div class=\"tiled-gallery__col\" style=\"flex-basis:62.95080%\"><figure class=\"tiled-gallery__item\"><img srcset=\"https:\/\/i1.wp.com\/blog.panrotas.com.br\/direto-de-paris\/wp-content\/uploads\/sites\/26\/2022\/07\/teatro-de-sombras.jpg?strip=info&#038;w=600 600w,https:\/\/i1.wp.com\/blog.panrotas.com.br\/direto-de-paris\/wp-content\/uploads\/sites\/26\/2022\/07\/teatro-de-sombras.jpg?strip=info&#038;w=703 703w\" alt=\"\" data-height=\"937\" data-id=\"9554\" data-link=\"https:\/\/blog.panrotas.com.br\/direto-de-paris\/?attachment_id=9554\" data-url=\"http:\/\/blog.panrotas.com.br\/direto-de-paris\/wp-content\/uploads\/sites\/26\/2022\/07\/teatro-de-sombras.jpg\" data-width=\"703\" src=\"https:\/\/i1.wp.com\/blog.panrotas.com.br\/direto-de-paris\/wp-content\/uploads\/sites\/26\/2022\/07\/teatro-de-sombras.jpg\" data-amp-layout=\"responsive\" \/><\/figure><\/div><\/div><div class=\"tiled-gallery__row\"><div class=\"tiled-gallery__col\" style=\"flex-basis:56.85179%\"><figure class=\"tiled-gallery__item\"><img srcset=\"https:\/\/i2.wp.com\/blog.panrotas.com.br\/direto-de-paris\/wp-content\/uploads\/sites\/26\/2022\/07\/vida-paris-sec-xix.jpg?strip=info&#038;w=336 336w\" alt=\"\" data-height=\"448\" data-id=\"9556\" data-link=\"https:\/\/blog.panrotas.com.br\/direto-de-paris\/?attachment_id=9556\" data-url=\"http:\/\/blog.panrotas.com.br\/direto-de-paris\/wp-content\/uploads\/sites\/26\/2022\/07\/vida-paris-sec-xix.jpg\" data-width=\"336\" src=\"https:\/\/i2.wp.com\/blog.panrotas.com.br\/direto-de-paris\/wp-content\/uploads\/sites\/26\/2022\/07\/vida-paris-sec-xix.jpg\" data-amp-layout=\"responsive\" \/><\/figure><\/div><div class=\"tiled-gallery__col\" style=\"flex-basis:43.14821%\"><figure class=\"tiled-gallery__item\"><img srcset=\"https:\/\/i0.wp.com\/blog.panrotas.com.br\/direto-de-paris\/wp-content\/uploads\/sites\/26\/2022\/07\/cafe-orsay-paris.jpg?strip=info&#038;w=448 448w\" alt=\"\" data-height=\"336\" data-id=\"9557\" data-link=\"https:\/\/blog.panrotas.com.br\/direto-de-paris\/?attachment_id=9557\" data-url=\"http:\/\/blog.panrotas.com.br\/direto-de-paris\/wp-content\/uploads\/sites\/26\/2022\/07\/cafe-orsay-paris.jpg\" data-width=\"448\" src=\"https:\/\/i0.wp.com\/blog.panrotas.com.br\/direto-de-paris\/wp-content\/uploads\/sites\/26\/2022\/07\/cafe-orsay-paris.jpg\" data-amp-layout=\"responsive\" \/><\/figure><figure class=\"tiled-gallery__item\"><img srcset=\"https:\/\/i2.wp.com\/blog.panrotas.com.br\/direto-de-paris\/wp-content\/uploads\/sites\/26\/2022\/07\/paris-julho-orsay.jpg?strip=info&#038;w=600 600w,https:\/\/i2.wp.com\/blog.panrotas.com.br\/direto-de-paris\/wp-content\/uploads\/sites\/26\/2022\/07\/paris-julho-orsay.jpg?strip=info&#038;w=900 900w,https:\/\/i2.wp.com\/blog.panrotas.com.br\/direto-de-paris\/wp-content\/uploads\/sites\/26\/2022\/07\/paris-julho-orsay.jpg?strip=info&#038;w=937 937w\" alt=\"\" data-height=\"937\" data-id=\"9552\" data-link=\"https:\/\/blog.panrotas.com.br\/direto-de-paris\/?attachment_id=9552\" data-url=\"http:\/\/blog.panrotas.com.br\/direto-de-paris\/wp-content\/uploads\/sites\/26\/2022\/07\/paris-julho-orsay.jpg\" data-width=\"937\" src=\"https:\/\/i2.wp.com\/blog.panrotas.com.br\/direto-de-paris\/wp-content\/uploads\/sites\/26\/2022\/07\/paris-julho-orsay.jpg\" data-amp-layout=\"responsive\" \/><\/figure><\/div><\/div><\/div><\/div>\n\n\n\n<h3>Museu d&#8217;Orsay &#8211; um antigo PAL\u00c1CIO <\/h3>\n\n\n\n<p>Muita gente sabe que o Museu d\u2019Orsay foi instalado onde antes havia uma esta\u00e7\u00e3o de trem, mas pouca gente sabe que de fato o museu d\u2019Orsay est\u00e1 localizado no local do\u00a0antigo <strong>Palais d&#8217;Orsay, constru\u00eddo a partir de 1810 e incendiado em 1871 durante a\u00a0Comuna de Paris.<\/strong><\/p>\n\n\n\n<p>O edif\u00edcio ficou em ru\u00ednas at\u00e9 ser transformado em esta\u00e7\u00e3o de trem\u00a0com objetivo de receber visitantes\u00a0e delega\u00e7\u00f5es estrangeiras durante a\u00a0<strong>Exposi\u00e7\u00e3o Universal de 1900. <\/strong><\/p>\n\n\n\n<p>O Museu d&#8217;Orsay abriu suas portas como\u00a0museu em\u00a0dezembro de\u00a01986 e hoje recebe quase 4 milh\u00f5es de visitantes ao ano. <\/p>\n\n\n\n<h3>Recordes de frequ\u00eancia em 2019<\/h3>\n\n\n\n<p>&#8220;&#8230;<em><strong>Apesar dos coletes amarelos e greves, o Museu d&#8217;Orsay alcan\u00e7ou um recorde de p\u00fablico em 2019. Com mais de 3,65 milh\u00f5es de admiss\u00f5es (11% a mais do que em 2018), o museu supera o n\u00famero de 2012 (3,60 M) que foi o melhor atendimento desde a inaugura\u00e7\u00e3o da antiga esta\u00e7\u00e3o como museu em 1986.<\/strong> fonte <a href=\"https:\/\/www.club-innovation-culture.fr\/frequentation-musees-patrimoine-france-2019\/#:~:text=Au%20total%2C%20en%202019%2C%20l%E2%80%99Etablissement%20public%20qui%20regroupe,de%20500.000%20visiteurs%29%20a%20contribu%C3%A9%20%C3%A0%20ce%20palmar%C3%A8s.\">Club Innovation Cu<\/a>lture<\/em>&#8220;<\/p>\n\n\n\n<p>Nestes dias de grande calor \u00e9 recomendado a compra de entradas com anteced\u00eancia, pois a procura por lugares climatizados e interessantes \u00e9 grande! Eu n\u00e3o sou a \u00fanica pessoa que pensou nisso. Fica a dica! <\/p>\n","protected":false},"excerpt":{"rendered":"<p>Esta semana se anuncia extremamente quente em Paris e em todo pa\u00eds. Um epis\u00f3dio de \u201ccan\u00edcula\u201d ou grande calor que j\u00e1 dura h\u00e1 uma semana chegar\u00e1 ao seu \u00e1pice levando os term\u00f4metros aos 41 graus celsius amanh\u00e3. Sim a palavra Can\u00edcula\u00a0existe&#8230;&#8221; \u00e9 um termo que designa per\u00edodos de\u00a0ondas de calor\u00a0em geral associadas \u00e0 presen\u00e7a circula\u00e7\u00f5es&hellip; <a class=\"more-link\" href=\"https:\/\/blog.panrotas.com.br\/direto-de-paris\/2022\/07\/18\/calor-extremo-em-paris-o-que-fazer\/\">Continue reading &rarr;<\/a><\/p>\n","protected":false},"author":15,"featured_media":9541,"comment_status":"open","ping_status":"open","sticky":false,"template":"","format":"standard","meta":{"spay_email":""},"categories":[74,11,36],"tags":[],"yoast_head":"<!-- This site is optimized with the Yoast SEO plugin v17.3 - https:\/\/yoast.com\/wordpress\/plugins\/seo\/ -->\n<title>Calor extremo em Paris-O que fazer? - Direto de Paris<\/title>\n<meta name=\"description\" content=\"Com o calor chegando at\u00e9 41 graus siga e dica e visite um lugar fresquinho e bem interessante em Paris: conhe\u00e7a o Museu D&#039;Orsay\" \/>\n<meta name=\"robots\" content=\"index, follow, max-snippet:-1, max-image-preview:large, max-video-preview:-1\" \/>\n<link rel=\"canonical\" href=\"https:\/\/blog.panrotas.com.br\/direto-de-paris\/2022\/07\/18\/calor-extremo-em-paris-o-que-fazer\/\" \/>\n<meta property=\"og:locale\" content=\"pt_BR\" \/>\n<meta property=\"og:type\" content=\"article\" \/>\n<meta property=\"og:title\" content=\"Calor extremo em Paris-O que fazer? - Direto de Paris\" \/>\n<meta property=\"og:description\" content=\"Com o calor chegando at\u00e9 41 graus siga e dica e visite um lugar fresquinho e bem interessante em Paris: conhe\u00e7a o Museu D&#039;Orsay\" \/>\n<meta property=\"og:url\" content=\"https:\/\/blog.panrotas.com.br\/direto-de-paris\/2022\/07\/18\/calor-extremo-em-paris-o-que-fazer\/\" \/>\n<meta property=\"og:site_name\" content=\"Direto de Paris\" \/>\n<meta property=\"article:author\" content=\"https:\/\/www.facebook.com\/Passeiosemparis\/\" \/>\n<meta property=\"article:published_time\" content=\"2022-07-18T13:08:49+00:00\" \/>\n<meta property=\"article:modified_time\" content=\"2022-07-18T13:08:51+00:00\" \/>\n<meta property=\"og:image\" content=\"http:\/\/blog.panrotas.com.br\/direto-de-paris\/wp-content\/uploads\/sites\/26\/2022\/07\/fachada-orsay.jpg\" \/>\n\t<meta property=\"og:image:width\" content=\"1024\" \/>\n\t<meta property=\"og:image:height\" content=\"768\" \/>\n<meta name=\"twitter:card\" content=\"summary_large_image\" \/>\n<meta name=\"twitter:label1\" content=\"Escrito por\" \/>\n\t<meta name=\"twitter:data1\" content=\"Silvia Helena\" \/>\n\t<meta name=\"twitter:label2\" content=\"Est. tempo de leitura\" \/>\n\t<meta name=\"twitter:data2\" content=\"6 minutos\" \/>\n<script type=\"application\/ld+json\" class=\"yoast-schema-graph\">{\"@context\":\"https:\/\/schema.org\",\"@graph\":[{\"@type\":\"WebSite\",\"@id\":\"https:\/\/blog.panrotas.com.br\/direto-de-paris\/#website\",\"url\":\"https:\/\/blog.panrotas.com.br\/direto-de-paris\/\",\"name\":\"Direto de Paris\",\"description\":\"Blogosfera PANROTAS\",\"potentialAction\":[{\"@type\":\"SearchAction\",\"target\":{\"@type\":\"EntryPoint\",\"urlTemplate\":\"https:\/\/blog.panrotas.com.br\/direto-de-paris\/?s={search_term_string}\"},\"query-input\":\"required name=search_term_string\"}],\"inLanguage\":\"pt-BR\"},{\"@type\":\"ImageObject\",\"@id\":\"https:\/\/blog.panrotas.com.br\/direto-de-paris\/2022\/07\/18\/calor-extremo-em-paris-o-que-fazer\/#primaryimage\",\"inLanguage\":\"pt-BR\",\"url\":\"https:\/\/blog.panrotas.com.br\/direto-de-paris\/wp-content\/uploads\/sites\/26\/2022\/07\/fachada-orsay.jpg\",\"contentUrl\":\"https:\/\/blog.panrotas.com.br\/direto-de-paris\/wp-content\/uploads\/sites\/26\/2022\/07\/fachada-orsay.jpg\",\"width\":1024,\"height\":768},{\"@type\":\"WebPage\",\"@id\":\"https:\/\/blog.panrotas.com.br\/direto-de-paris\/2022\/07\/18\/calor-extremo-em-paris-o-que-fazer\/#webpage\",\"url\":\"https:\/\/blog.panrotas.com.br\/direto-de-paris\/2022\/07\/18\/calor-extremo-em-paris-o-que-fazer\/\",\"name\":\"Calor extremo em Paris-O que fazer? - Direto de Paris\",\"isPartOf\":{\"@id\":\"https:\/\/blog.panrotas.com.br\/direto-de-paris\/#website\"},\"primaryImageOfPage\":{\"@id\":\"https:\/\/blog.panrotas.com.br\/direto-de-paris\/2022\/07\/18\/calor-extremo-em-paris-o-que-fazer\/#primaryimage\"},\"datePublished\":\"2022-07-18T13:08:49+00:00\",\"dateModified\":\"2022-07-18T13:08:51+00:00\",\"author\":{\"@id\":\"https:\/\/blog.panrotas.com.br\/direto-de-paris\/#\/schema\/person\/0137bff12a66d9bd80e250aa2c7000b3\"},\"description\":\"Com o calor chegando at\\u00e9 41 graus siga e dica e visite um lugar fresquinho e bem interessante em Paris: conhe\\u00e7a o Museu D'Orsay\",\"breadcrumb\":{\"@id\":\"https:\/\/blog.panrotas.com.br\/direto-de-paris\/2022\/07\/18\/calor-extremo-em-paris-o-que-fazer\/#breadcrumb\"},\"inLanguage\":\"pt-BR\",\"potentialAction\":[{\"@type\":\"ReadAction\",\"target\":[\"https:\/\/blog.panrotas.com.br\/direto-de-paris\/2022\/07\/18\/calor-extremo-em-paris-o-que-fazer\/\"]}]},{\"@type\":\"BreadcrumbList\",\"@id\":\"https:\/\/blog.panrotas.com.br\/direto-de-paris\/2022\/07\/18\/calor-extremo-em-paris-o-que-fazer\/#breadcrumb\",\"itemListElement\":[{\"@type\":\"ListItem\",\"position\":1,\"name\":\"In\\u00edcio\",\"item\":\"https:\/\/blog.panrotas.com.br\/direto-de-paris\/\"},{\"@type\":\"ListItem\",\"position\":2,\"name\":\"Calor extremo em Paris-O que fazer?\"}]},{\"@type\":\"Person\",\"@id\":\"https:\/\/blog.panrotas.com.br\/direto-de-paris\/#\/schema\/person\/0137bff12a66d9bd80e250aa2c7000b3\",\"name\":\"Silvia Helena\",\"image\":{\"@type\":\"ImageObject\",\"@id\":\"https:\/\/blog.panrotas.com.br\/direto-de-paris\/#personlogo\",\"inLanguage\":\"pt-BR\",\"url\":\"https:\/\/secure.gravatar.com\/avatar\/0278ededd1c842496785759e4fa61c99?s=96&d=mm&r=g\",\"contentUrl\":\"https:\/\/secure.gravatar.com\/avatar\/0278ededd1c842496785759e4fa61c99?s=96&d=mm&r=g\",\"caption\":\"Silvia Helena\"},\"description\":\"Ap\\u00f3s breves passagens pela Faculdade Metodista de S\\u00e3o Bernardo e Belas Artes de S\\u00e3o Paulo, aos 18 anos fui estudar no Canad\\u00e1, onde vivi durante 23 anos. L\\u00e1 me formei em Hist\\u00f3ria da Arte pela Universidade de Montr\\u00e9al, estudei turismo no Coll\\u00e8ge Lasalle de Montr\\u00e9al e no Institut de Tourisme et H\\u00f4tellerie du Qu\\u00e9bec. Comecei minha carreira na \\u00e1rea trabalhando em Cuba. Durante os anos vividos no Canad\\u00e1, entre outras coisas, fui guia de circuitos pela costa leste e abri minha primeira ag\\u00eancia de receptivo para brasileiros. H\\u00e1 18 anos um vento forte bateu nas velas da minha vida me conduzindo at\\u00e9 Fran\\u00e7a. Atualmente escrevo de Paris, onde vivo e trabalho dirigindo a empresa de receptivo, LA BELLE VIE.\",\"sameAs\":[\"http:\/\/brasileirosemparis.com\",\"https:\/\/www.facebook.com\/Passeiosemparis\/\",\"https:\/\/www.instagram.com\/labellevietour\",\"https:\/\/www.linkedin.com\/in\/silvia-helena-96864a17\/\"],\"url\":\"https:\/\/blog.panrotas.com.br\/direto-de-paris\/author\/silvia\/\"}]}<\/script>\n<!-- \/ Yoast SEO plugin. -->","yoast_head_json":{"title":"Calor extremo em Paris-O que fazer? - Direto de Paris","description":"Com o calor chegando at\u00e9 41 graus siga e dica e visite um lugar fresquinho e bem interessante em Paris: conhe\u00e7a o Museu D'Orsay","robots":{"index":"index","follow":"follow","max-snippet":"max-snippet:-1","max-image-preview":"max-image-preview:large","max-video-preview":"max-video-preview:-1"},"canonical":"https:\/\/blog.panrotas.com.br\/direto-de-paris\/2022\/07\/18\/calor-extremo-em-paris-o-que-fazer\/","og_locale":"pt_BR","og_type":"article","og_title":"Calor extremo em Paris-O que fazer? - Direto de Paris","og_description":"Com o calor chegando at\u00e9 41 graus siga e dica e visite um lugar fresquinho e bem interessante em Paris: conhe\u00e7a o Museu D'Orsay","og_url":"https:\/\/blog.panrotas.com.br\/direto-de-paris\/2022\/07\/18\/calor-extremo-em-paris-o-que-fazer\/","og_site_name":"Direto de Paris","article_author":"https:\/\/www.facebook.com\/Passeiosemparis\/","article_published_time":"2022-07-18T13:08:49+00:00","article_modified_time":"2022-07-18T13:08:51+00:00","og_image":[{"width":1024,"height":768,"url":"http:\/\/blog.panrotas.com.br\/direto-de-paris\/wp-content\/uploads\/sites\/26\/2022\/07\/fachada-orsay.jpg","type":"image\/jpeg"}],"twitter_card":"summary_large_image","twitter_misc":{"Escrito por":"Silvia Helena","Est. tempo de leitura":"6 minutos"},"schema":{"@context":"https:\/\/schema.org","@graph":[{"@type":"WebSite","@id":"https:\/\/blog.panrotas.com.br\/direto-de-paris\/#website","url":"https:\/\/blog.panrotas.com.br\/direto-de-paris\/","name":"Direto de Paris","description":"Blogosfera PANROTAS","potentialAction":[{"@type":"SearchAction","target":{"@type":"EntryPoint","urlTemplate":"https:\/\/blog.panrotas.com.br\/direto-de-paris\/?s={search_term_string}"},"query-input":"required name=search_term_string"}],"inLanguage":"pt-BR"},{"@type":"ImageObject","@id":"https:\/\/blog.panrotas.com.br\/direto-de-paris\/2022\/07\/18\/calor-extremo-em-paris-o-que-fazer\/#primaryimage","inLanguage":"pt-BR","url":"https:\/\/blog.panrotas.com.br\/direto-de-paris\/wp-content\/uploads\/sites\/26\/2022\/07\/fachada-orsay.jpg","contentUrl":"https:\/\/blog.panrotas.com.br\/direto-de-paris\/wp-content\/uploads\/sites\/26\/2022\/07\/fachada-orsay.jpg","width":1024,"height":768},{"@type":"WebPage","@id":"https:\/\/blog.panrotas.com.br\/direto-de-paris\/2022\/07\/18\/calor-extremo-em-paris-o-que-fazer\/#webpage","url":"https:\/\/blog.panrotas.com.br\/direto-de-paris\/2022\/07\/18\/calor-extremo-em-paris-o-que-fazer\/","name":"Calor extremo em Paris-O que fazer? - Direto de Paris","isPartOf":{"@id":"https:\/\/blog.panrotas.com.br\/direto-de-paris\/#website"},"primaryImageOfPage":{"@id":"https:\/\/blog.panrotas.com.br\/direto-de-paris\/2022\/07\/18\/calor-extremo-em-paris-o-que-fazer\/#primaryimage"},"datePublished":"2022-07-18T13:08:49+00:00","dateModified":"2022-07-18T13:08:51+00:00","author":{"@id":"https:\/\/blog.panrotas.com.br\/direto-de-paris\/#\/schema\/person\/0137bff12a66d9bd80e250aa2c7000b3"},"description":"Com o calor chegando at\u00e9 41 graus siga e dica e visite um lugar fresquinho e bem interessante em Paris: conhe\u00e7a o Museu D'Orsay","breadcrumb":{"@id":"https:\/\/blog.panrotas.com.br\/direto-de-paris\/2022\/07\/18\/calor-extremo-em-paris-o-que-fazer\/#breadcrumb"},"inLanguage":"pt-BR","potentialAction":[{"@type":"ReadAction","target":["https:\/\/blog.panrotas.com.br\/direto-de-paris\/2022\/07\/18\/calor-extremo-em-paris-o-que-fazer\/"]}]},{"@type":"BreadcrumbList","@id":"https:\/\/blog.panrotas.com.br\/direto-de-paris\/2022\/07\/18\/calor-extremo-em-paris-o-que-fazer\/#breadcrumb","itemListElement":[{"@type":"ListItem","position":1,"name":"In\u00edcio","item":"https:\/\/blog.panrotas.com.br\/direto-de-paris\/"},{"@type":"ListItem","position":2,"name":"Calor extremo em Paris-O que fazer?"}]},{"@type":"Person","@id":"https:\/\/blog.panrotas.com.br\/direto-de-paris\/#\/schema\/person\/0137bff12a66d9bd80e250aa2c7000b3","name":"Silvia Helena","image":{"@type":"ImageObject","@id":"https:\/\/blog.panrotas.com.br\/direto-de-paris\/#personlogo","inLanguage":"pt-BR","url":"https:\/\/secure.gravatar.com\/avatar\/0278ededd1c842496785759e4fa61c99?s=96&d=mm&r=g","contentUrl":"https:\/\/secure.gravatar.com\/avatar\/0278ededd1c842496785759e4fa61c99?s=96&d=mm&r=g","caption":"Silvia Helena"},"description":"Ap\u00f3s breves passagens pela Faculdade Metodista de S\u00e3o Bernardo e Belas Artes de S\u00e3o Paulo, aos 18 anos fui estudar no Canad\u00e1, onde vivi durante 23 anos. L\u00e1 me formei em Hist\u00f3ria da Arte pela Universidade de Montr\u00e9al, estudei turismo no Coll\u00e8ge Lasalle de Montr\u00e9al e no Institut de Tourisme et H\u00f4tellerie du Qu\u00e9bec. Comecei minha carreira na \u00e1rea trabalhando em Cuba. Durante os anos vividos no Canad\u00e1, entre outras coisas, fui guia de circuitos pela costa leste e abri minha primeira ag\u00eancia de receptivo para brasileiros. H\u00e1 18 anos um vento forte bateu nas velas da minha vida me conduzindo at\u00e9 Fran\u00e7a. Atualmente escrevo de Paris, onde vivo e trabalho dirigindo a empresa de receptivo, LA BELLE VIE.","sameAs":["http:\/\/brasileirosemparis.com","https:\/\/www.facebook.com\/Passeiosemparis\/","https:\/\/www.instagram.com\/labellevietour","https:\/\/www.linkedin.com\/in\/silvia-helena-96864a17\/"],"url":"https:\/\/blog.panrotas.com.br\/direto-de-paris\/author\/silvia\/"}]}},"jetpack_featured_media_url":"https:\/\/blog.panrotas.com.br\/direto-de-paris\/wp-content\/uploads\/sites\/26\/2022\/07\/fachada-orsay.jpg","_links":{"self":[{"href":"https:\/\/blog.panrotas.com.br\/direto-de-paris\/wp-json\/wp\/v2\/posts\/9537"}],"collection":[{"href":"https:\/\/blog.panrotas.com.br\/direto-de-paris\/wp-json\/wp\/v2\/posts"}],"about":[{"href":"https:\/\/blog.panrotas.com.br\/direto-de-paris\/wp-json\/wp\/v2\/types\/post"}],"author":[{"embeddable":true,"href":"https:\/\/blog.panrotas.com.br\/direto-de-paris\/wp-json\/wp\/v2\/users\/15"}],"replies":[{"embeddable":true,"href":"https:\/\/blog.panrotas.com.br\/direto-de-paris\/wp-json\/wp\/v2\/comments?post=9537"}],"version-history":[{"count":3,"href":"https:\/\/blog.panrotas.com.br\/direto-de-paris\/wp-json\/wp\/v2\/posts\/9537\/revisions"}],"predecessor-version":[{"id":9561,"href":"https:\/\/blog.panrotas.com.br\/direto-de-paris\/wp-json\/wp\/v2\/posts\/9537\/revisions\/9561"}],"wp:featuredmedia":[{"embeddable":true,"href":"https:\/\/blog.panrotas.com.br\/direto-de-paris\/wp-json\/wp\/v2\/media\/9541"}],"wp:attachment":[{"href":"https:\/\/blog.panrotas.com.br\/direto-de-paris\/wp-json\/wp\/v2\/media?parent=9537"}],"wp:term":[{"taxonomy":"category","embeddable":true,"href":"https:\/\/blog.panrotas.com.br\/direto-de-paris\/wp-json\/wp\/v2\/categories?post=9537"},{"taxonomy":"post_tag","embeddable":true,"href":"https:\/\/blog.panrotas.com.br\/direto-de-paris\/wp-json\/wp\/v2\/tags?post=9537"}],"curies":[{"name":"wp","href":"https:\/\/api.w.org\/{rel}","templated":true}]}}