{"id":9562,"date":"2022-07-26T12:45:13","date_gmt":"2022-07-26T15:45:13","guid":{"rendered":"https:\/\/blog.panrotas.com.br\/direto-de-paris\/?p=9562"},"modified":"2022-07-26T12:50:07","modified_gmt":"2022-07-26T15:50:07","slug":"a-estrela-francesa-do-filme-the-gray-man","status":"publish","type":"post","link":"https:\/\/blog.panrotas.com.br\/direto-de-paris\/2022\/07\/26\/a-estrela-francesa-do-filme-the-gray-man\/","title":{"rendered":"A estrela francesa do filme The Gray Man"},"content":{"rendered":"\n<p>The Gray Man, lan\u00e7ado essa semana na Netflix \u00e9 o filme mais caro j\u00e1 produzido pela plataforma, com um or\u00e7amento de US$ 200 milh\u00f5es.<\/p>\n\n\n\n<p>Apesar de um elenco e a\u00e7\u00f5es trepidantes, estamos aqui para falar de <strong>outra estrela do filme<\/strong>, situado adivinha onde?<a href=\"https:\/\/blog.panrotas.com.br\/direto-de-paris\/2022\/07\/06\/ile-de-france\/\"> \u00cele de France,<\/a> mais precisamente na regi\u00e3o Val de Oise.<\/p>\n\n\n\n<p>O <strong>Castelo de Chantilly<\/strong>, outrora famoso no Brasil por ter acolhido a celebra\u00e7\u00e3o do breve casamento de Ronaldo e Daniela Cicarelli foi escolhido pela equipe de produ\u00e7\u00e3o de The Gray Man e seus realizadores, os irm\u00e3os Russo, para boa parte das filmagens.<\/p>\n\n\n\n<p>Supostamente localizado na Cro\u00e1cia no filme, o castelo e seu parque est\u00e3o na realidade situados a 60 km de Paris. O pal\u00e1cio e monumento hist\u00f3rico onde acontecem boa parte das cenas de explos\u00f5es e persegui\u00e7\u00f5es do filme esbanja na telinha suas <strong>belezas arquitet\u00f4nicas e naturais.<\/strong><\/p>\n\n\n\n<p>Ap\u00f3s um suntuoso p\u00e1tio de entrada vemos a esquerda o portal e balaustradas que circundam a parte superior do hall de entrada do edif\u00edcio. Esse \u00faltimo, por sua vez \u00e9 envolto por \u00e1guas, oferecendo, de fato, um cen\u00e1rio digno de uma grande produ\u00e7\u00e3o cinematogr\u00e1fica.<\/p>\n\n\n\n<figure class=\"wp-block-gallery columns-2 is-cropped\"><ul class=\"blocks-gallery-grid\"><li class=\"blocks-gallery-item\"><figure><img loading=\"lazy\" width=\"1024\" height=\"576\" src=\"https:\/\/blog.panrotas.com.br\/direto-de-paris\/wp-content\/uploads\/sites\/26\/2022\/07\/chateau-g872dd4924-1280-1024x576.jpg\" alt=\"\" data-id=\"9564\" data-full-url=\"https:\/\/blog.panrotas.com.br\/direto-de-paris\/wp-content\/uploads\/sites\/26\/2022\/07\/chateau-g872dd4924-1280.jpg\" data-link=\"https:\/\/blog.panrotas.com.br\/direto-de-paris\/?attachment_id=9564\" class=\"wp-image-9564\" srcset=\"https:\/\/blog.panrotas.com.br\/direto-de-paris\/wp-content\/uploads\/sites\/26\/2022\/07\/chateau-g872dd4924-1280-1024x576.jpg 1024w, https:\/\/blog.panrotas.com.br\/direto-de-paris\/wp-content\/uploads\/sites\/26\/2022\/07\/chateau-g872dd4924-1280-300x169.jpg 300w, https:\/\/blog.panrotas.com.br\/direto-de-paris\/wp-content\/uploads\/sites\/26\/2022\/07\/chateau-g872dd4924-1280-768x432.jpg 768w, https:\/\/blog.panrotas.com.br\/direto-de-paris\/wp-content\/uploads\/sites\/26\/2022\/07\/chateau-g872dd4924-1280-740x416.jpg 740w, https:\/\/blog.panrotas.com.br\/direto-de-paris\/wp-content\/uploads\/sites\/26\/2022\/07\/chateau-g872dd4924-1280.jpg 1280w\" sizes=\"(max-width: 1024px) 100vw, 1024px\" \/><\/figure><\/li><li class=\"blocks-gallery-item\"><figure><img loading=\"lazy\" width=\"640\" height=\"360\" src=\"https:\/\/blog.panrotas.com.br\/direto-de-paris\/wp-content\/uploads\/sites\/26\/2022\/07\/chateau-g334135df0-640-1.jpg\" alt=\"\" data-id=\"9565\" data-full-url=\"https:\/\/blog.panrotas.com.br\/direto-de-paris\/wp-content\/uploads\/sites\/26\/2022\/07\/chateau-g334135df0-640-1.jpg\" data-link=\"https:\/\/blog.panrotas.com.br\/direto-de-paris\/?attachment_id=9565\" class=\"wp-image-9565\" srcset=\"https:\/\/blog.panrotas.com.br\/direto-de-paris\/wp-content\/uploads\/sites\/26\/2022\/07\/chateau-g334135df0-640-1.jpg 640w, https:\/\/blog.panrotas.com.br\/direto-de-paris\/wp-content\/uploads\/sites\/26\/2022\/07\/chateau-g334135df0-640-1-300x169.jpg 300w\" sizes=\"(max-width: 640px) 100vw, 640px\" \/><\/figure><\/li><\/ul><\/figure>\n\n\n\n<p>O interior do castelo n\u00e3o deixa nada \u00e0 desejar e abriga em suas esplendorosas salas o Mus\u00e9e Cond\u00e9, <strong>segunda maior cole\u00e7\u00e3o de obras de arte e pinturas da Fran\u00e7a<\/strong>, logo ap\u00f3s o Louvre.<\/p>\n\n\n\n<figure class=\"wp-block-gallery columns-3 is-cropped\"><ul class=\"blocks-gallery-grid\"><li class=\"blocks-gallery-item\"><figure><img loading=\"lazy\" width=\"640\" height=\"426\" src=\"https:\/\/blog.panrotas.com.br\/direto-de-paris\/wp-content\/uploads\/sites\/26\/2022\/07\/chateau-gb963186f5-640.jpg\" alt=\"\" data-id=\"9566\" data-full-url=\"https:\/\/blog.panrotas.com.br\/direto-de-paris\/wp-content\/uploads\/sites\/26\/2022\/07\/chateau-gb963186f5-640.jpg\" data-link=\"https:\/\/blog.panrotas.com.br\/direto-de-paris\/?attachment_id=9566\" class=\"wp-image-9566\" srcset=\"https:\/\/blog.panrotas.com.br\/direto-de-paris\/wp-content\/uploads\/sites\/26\/2022\/07\/chateau-gb963186f5-640.jpg 640w, https:\/\/blog.panrotas.com.br\/direto-de-paris\/wp-content\/uploads\/sites\/26\/2022\/07\/chateau-gb963186f5-640-300x200.jpg 300w\" sizes=\"(max-width: 640px) 100vw, 640px\" \/><\/figure><\/li><li class=\"blocks-gallery-item\"><figure><img loading=\"lazy\" width=\"566\" height=\"640\" src=\"https:\/\/blog.panrotas.com.br\/direto-de-paris\/wp-content\/uploads\/sites\/26\/2022\/07\/france-g7533a070b-640.jpg\" alt=\"\" data-id=\"9567\" data-full-url=\"https:\/\/blog.panrotas.com.br\/direto-de-paris\/wp-content\/uploads\/sites\/26\/2022\/07\/france-g7533a070b-640.jpg\" data-link=\"https:\/\/blog.panrotas.com.br\/direto-de-paris\/?attachment_id=9567\" class=\"wp-image-9567\" srcset=\"https:\/\/blog.panrotas.com.br\/direto-de-paris\/wp-content\/uploads\/sites\/26\/2022\/07\/france-g7533a070b-640.jpg 566w, https:\/\/blog.panrotas.com.br\/direto-de-paris\/wp-content\/uploads\/sites\/26\/2022\/07\/france-g7533a070b-640-265x300.jpg 265w\" sizes=\"(max-width: 566px) 100vw, 566px\" \/><\/figure><\/li><li class=\"blocks-gallery-item\"><figure><img loading=\"lazy\" width=\"640\" height=\"426\" src=\"https:\/\/blog.panrotas.com.br\/direto-de-paris\/wp-content\/uploads\/sites\/26\/2022\/07\/chateau-g2db8e2acf-640.jpg\" alt=\"\" data-id=\"9568\" data-full-url=\"https:\/\/blog.panrotas.com.br\/direto-de-paris\/wp-content\/uploads\/sites\/26\/2022\/07\/chateau-g2db8e2acf-640.jpg\" data-link=\"https:\/\/blog.panrotas.com.br\/direto-de-paris\/?attachment_id=9568\" class=\"wp-image-9568\" srcset=\"https:\/\/blog.panrotas.com.br\/direto-de-paris\/wp-content\/uploads\/sites\/26\/2022\/07\/chateau-g2db8e2acf-640.jpg 640w, https:\/\/blog.panrotas.com.br\/direto-de-paris\/wp-content\/uploads\/sites\/26\/2022\/07\/chateau-g2db8e2acf-640-300x200.jpg 300w\" sizes=\"(max-width: 640px) 100vw, 640px\" \/><\/figure><\/li><\/ul><\/figure>\n\n\n\n<h3>Chantilly e o Museu do Cavalo<\/h3>\n\n\n\n<p>Quem visita o Castelo de Chantilly n\u00e3o deve perder tamb\u00e9m a visita das Grandes <strong>Estrebarias e o Museu do Cavalo<\/strong>. E se poss\u00edvel assistir um espet\u00e1culo equestre. Trata-se de uma das maiores, mais luxuosas e educativas estrebarias da Fran\u00e7a. <\/p>\n\n\n\n<p>O local, que festeja seus 300 anos de exist\u00eancia \u00e9 frequentemente animado pelos estudantes que perpetuam o alto padr\u00e3o das artes equestres francesas. Abaixo cenas do espet\u00e1culo &#8221; Era uma vez as Grandes Estrebarias&#8221;<\/p>\n\n\n\n<figure class=\"wp-block-embed is-type-video is-provider-youtube wp-block-embed-youtube wp-embed-aspect-16-9 wp-has-aspect-ratio\"><div class=\"wp-block-embed__wrapper\">\n<div class=\"jetpack-video-wrapper\"><iframe loading=\"lazy\" title=\"Spectacle &quot;Il \u00e9tait une fois les Grandes \u00c9curies&quot;\" width=\"740\" height=\"416\" src=\"https:\/\/www.youtube.com\/embed\/FVnHWr21KyU?feature=oembed\" frameborder=\"0\" allow=\"accelerometer; autoplay; clipboard-write; encrypted-media; gyroscope; picture-in-picture\" allowfullscreen title=\"Spectacle \"Il \u00e9tait une fois les Grandes \u00c9curies\"\"><\/iframe><\/div>\n<\/div><\/figure>\n\n\n\n<h3>As cozinhas do grande vatel e os jardins de Le Notre<\/h3>\n\n\n\n<p>Ainda no pr\u00f3prio castelo de Chantilly, o restaurante <strong>&#8220;La Capitainerie&#8221;<\/strong> (aberto de ter\u00e7a a domingo) oferece a oportunidade \u00fanica de provar da qualidade da cozinha conhecida como a cozinha de Vatel. <\/p>\n\n\n\n<p>Vatel, cozinheiro e mestre-de-cerim\u00f4nias no s\u00e9culo XVII, teria cometido suic\u00eddio devido ao atraso da entrega do peixe para o banquete ofertado para o Rei Lu\u00eds XIV em visita a seu primo Cond\u00e9.<\/p>\n\n\n\n<p>Abro aqui par\u00eanteses para contar uma das mais saborosas lembran\u00e7as de minha vida ocorrida no La Capitainerie: Quando estive pessoalmente no restaurante para um caf\u00e9 e uma sobremesa durante uma tarde de domingo. Estava acompanhada de minha m\u00e3e e minha filha e por acaso tivemos a sorte de sermos as \u00faltimas visitantes a entrar no local aquele dia. <strong>Assim, pelo pre\u00e7o de uma sobremesa por pessoa o gar\u00e7on nos ofereceu &#8220;todas as sobremesas restantes do recinto e um imenso tacho de chantilly que servia com elas&#8221;<\/strong>. At\u00e9 minha querida m\u00e3ezinha que sofre de Alzheimer n\u00e3o esqueceu desse fato at\u00e9 hoje! O deleite chega a ser indescrit\u00edvel! Fecho par\u00eanteses <\/p>\n\n\n\n<p>Al\u00e9m do castelo, do restaurante e das estrebarias, a descoberta dos <strong>jardins elaborados pelo famoso Le Notre, desvenda a \u201cfazendinha\u201d que teria inspirado Maria Antonieta para a cria\u00e7\u00e3o de uma \u00e1rea similar em Versalhes<\/strong> e jardins aqu\u00e1ticos que se destacam por sua gra\u00e7a e engenhosidade. Um trenzinho leva os visitantes menos adeptos de grandes caminhadas para um passeio atrav\u00e9s dos jardins e parte da floresta.  <\/p>\n\n\n\n<figure class=\"wp-block-embed is-type-video is-provider-youtube wp-block-embed-youtube wp-embed-aspect-16-9 wp-has-aspect-ratio\"><div class=\"wp-block-embed__wrapper\">\n<div class=\"jetpack-video-wrapper\"><iframe loading=\"lazy\" title=\"L&#039;\u00e9pop\u00e9e du Ch\u00e2teau de Chantilly\" width=\"740\" height=\"416\" src=\"https:\/\/www.youtube.com\/embed\/kJ_iZQEw9aE?feature=oembed\" frameborder=\"0\" allow=\"accelerometer; autoplay; clipboard-write; encrypted-media; gyroscope; picture-in-picture\" allowfullscreen><\/iframe><\/div>\n<\/div><\/figure>\n\n\n\n<h3>chantilly destino Luxo  <\/h3>\n\n\n\n<p>Os atores do filme The Gray Man ficaram hospedados no hotel <strong>Auberge du Jeu de Paume,<\/strong> um imponente edif\u00edcio integrante do dom\u00ednio de Chantilly datando de 1756 transformado em hotel 5 estrelas. <strong>Polo, golfe, restaurante estrelado, o Spa Valmont, um terreno recoberto de florestas e jardins<\/strong> de 7&nbsp;800 hectares s\u00e3o apenas algumas das comodidades access\u00edveis para quem se hospeda na institui\u00e7\u00e3o vizinha do chique <strong>Hip\u00f3dromo de Chantilly.<\/strong> &nbsp;<\/p>\n\n\n\n<figure class=\"wp-block-embed is-type-video is-provider-youtube wp-block-embed-youtube wp-embed-aspect-16-9 wp-has-aspect-ratio\"><div class=\"wp-block-embed__wrapper\">\n<div class=\"jetpack-video-wrapper\"><iframe loading=\"lazy\" title=\"Auberge du Jeu de Paume, Chantilly\" width=\"740\" height=\"416\" src=\"https:\/\/www.youtube.com\/embed\/qW4F_gFvj4g?feature=oembed\" frameborder=\"0\" allow=\"accelerometer; autoplay; clipboard-write; encrypted-media; gyroscope; picture-in-picture\" allowfullscreen><\/iframe><\/div>\n<\/div><\/figure>\n\n\n\n<p>Enfim, o destino oferece tanto a possibilidade de uma visita de um dia quanto uma estada de <strong>alt\u00edssimo padr\u00e3o! Fica a dica! &nbsp;<\/strong><\/p>\n\n\n\n<p>Al\u00e9m de Ryan Gosling, vencedor do Oscar por seu papel em&nbsp;<em>La La Land<\/em>,&nbsp;<em>The Gray Man<\/em>&nbsp;conta com as presen\u00e7as de&nbsp;Chris Evans, ex-Capit\u00e3o Am\u00e9rica, e&nbsp;Ana de Armas, vista igualmente em&nbsp;<em>Blade Runner 2049<\/em>&nbsp;com Ryan Gosling. Todos eles se apaixonaram pelo local e deixaram seus testemunhos nas redes sociais.  Ryan Gosling promete que nenhum castelo foi ferido ou danificado e os irm\u00e3os Russo brincam com a pronuncia do nome.  Veja a seguir: <\/p>\n\n\n\n<figure class=\"wp-block-embed aligncenter is-type-rich is-provider-twitter wp-block-embed-twitter\"><div class=\"wp-block-embed__wrapper\">\n<blockquote class=\"twitter-tweet\" data-width=\"550\" data-dnt=\"true\"><p lang=\"fr\" dir=\"ltr\">[Cin\u00e9ma] \ud83c\udfa5<br>Sortie officielle du blockbuster de <a href=\"https:\/\/twitter.com\/netflix?ref_src=twsrc%5Etfw\">@netflix<\/a> \u00ab The Gray Man \u00bb r\u00e9alis\u00e9 par Anthony et Joe Russo, avec une distribution exceptionnelle : Ryan Gosling, Chris Evans, Ana de Armas, &#8230;<br><br>Ne manquez pas ce thriller exceptionnel qui a \u00e9t\u00e9 tourn\u00e9 en partie au <a href=\"https:\/\/twitter.com\/CdeChantilly?ref_src=twsrc%5Etfw\">@CdeChantilly<\/a>  ! <a href=\"https:\/\/t.co\/OUckTfhnGV\">pic.twitter.com\/OUckTfhnGV<\/a><\/p>&mdash; Ch\u00e2teau de Chantilly (@CdeChantilly) <a href=\"https:\/\/twitter.com\/CdeChantilly\/status\/1550435556521279493?ref_src=twsrc%5Etfw\">July 22, 2022<\/a><\/blockquote><script async src=\"https:\/\/platform.twitter.com\/widgets.js\" charset=\"utf-8\"><\/script>\n<\/div><\/figure>\n","protected":false},"excerpt":{"rendered":"<p>The Gray Man, lan\u00e7ado essa semana na Netflix \u00e9 o filme mais caro j\u00e1 produzido pela plataforma, com um or\u00e7amento de US$ 200 milh\u00f5es. Apesar de um elenco e a\u00e7\u00f5es trepidantes, estamos aqui para falar de outra estrela do filme, situado adivinha onde? \u00cele de France, mais precisamente na regi\u00e3o Val de Oise. O Castelo&hellip; <a class=\"more-link\" href=\"https:\/\/blog.panrotas.com.br\/direto-de-paris\/2022\/07\/26\/a-estrela-francesa-do-filme-the-gray-man\/\">Continue reading &rarr;<\/a><\/p>\n","protected":false},"author":15,"featured_media":9569,"comment_status":"open","ping_status":"open","sticky":false,"template":"","format":"standard","meta":{"spay_email":""},"categories":[1],"tags":[],"yoast_head":"<!-- This site is optimized with the Yoast SEO plugin v17.3 - https:\/\/yoast.com\/wordpress\/plugins\/seo\/ -->\n<title>A estrela francesa do filme The Gray Man - Direto de Paris<\/title>\n<meta name=\"description\" content=\"Conhe\u00e7a Chantilly, a estrela francesa do filme The Gray Man. Situado h\u00e1 somente 60 km de Paris, Chantilly \u00e9 um destino ...\" \/>\n<meta name=\"robots\" content=\"index, follow, max-snippet:-1, max-image-preview:large, max-video-preview:-1\" \/>\n<link rel=\"canonical\" href=\"https:\/\/blog.panrotas.com.br\/direto-de-paris\/2022\/07\/26\/a-estrela-francesa-do-filme-the-gray-man\/\" \/>\n<meta property=\"og:locale\" content=\"pt_BR\" \/>\n<meta property=\"og:type\" content=\"article\" \/>\n<meta property=\"og:title\" content=\"A estrela francesa do filme The Gray Man - Direto de Paris\" \/>\n<meta property=\"og:description\" content=\"Conhe\u00e7a Chantilly, a estrela francesa do filme The Gray Man. Situado h\u00e1 somente 60 km de Paris, Chantilly \u00e9 um destino ...\" \/>\n<meta property=\"og:url\" content=\"https:\/\/blog.panrotas.com.br\/direto-de-paris\/2022\/07\/26\/a-estrela-francesa-do-filme-the-gray-man\/\" \/>\n<meta property=\"og:site_name\" content=\"Direto de Paris\" \/>\n<meta property=\"article:author\" content=\"https:\/\/www.facebook.com\/Passeiosemparis\/\" \/>\n<meta property=\"article:published_time\" content=\"2022-07-26T15:45:13+00:00\" \/>\n<meta property=\"article:modified_time\" content=\"2022-07-26T15:50:07+00:00\" \/>\n<meta property=\"og:image\" content=\"http:\/\/blog.panrotas.com.br\/direto-de-paris\/wp-content\/uploads\/sites\/26\/2022\/07\/chantilly-estrela-do-filme-the-gray-man.jpg\" \/>\n\t<meta property=\"og:image:width\" content=\"640\" \/>\n\t<meta property=\"og:image:height\" content=\"426\" \/>\n<meta name=\"twitter:card\" content=\"summary_large_image\" \/>\n<meta name=\"twitter:label1\" content=\"Escrito por\" \/>\n\t<meta name=\"twitter:data1\" content=\"Silvia Helena\" \/>\n\t<meta name=\"twitter:label2\" content=\"Est. tempo de leitura\" \/>\n\t<meta name=\"twitter:data2\" content=\"5 minutos\" \/>\n<script type=\"application\/ld+json\" class=\"yoast-schema-graph\">{\"@context\":\"https:\/\/schema.org\",\"@graph\":[{\"@type\":\"WebSite\",\"@id\":\"https:\/\/blog.panrotas.com.br\/direto-de-paris\/#website\",\"url\":\"https:\/\/blog.panrotas.com.br\/direto-de-paris\/\",\"name\":\"Direto de Paris\",\"description\":\"Blogosfera PANROTAS\",\"potentialAction\":[{\"@type\":\"SearchAction\",\"target\":{\"@type\":\"EntryPoint\",\"urlTemplate\":\"https:\/\/blog.panrotas.com.br\/direto-de-paris\/?s={search_term_string}\"},\"query-input\":\"required name=search_term_string\"}],\"inLanguage\":\"pt-BR\"},{\"@type\":\"ImageObject\",\"@id\":\"https:\/\/blog.panrotas.com.br\/direto-de-paris\/2022\/07\/26\/a-estrela-francesa-do-filme-the-gray-man\/#primaryimage\",\"inLanguage\":\"pt-BR\",\"url\":\"https:\/\/blog.panrotas.com.br\/direto-de-paris\/wp-content\/uploads\/sites\/26\/2022\/07\/chantilly-estrela-do-filme-the-gray-man.jpg\",\"contentUrl\":\"https:\/\/blog.panrotas.com.br\/direto-de-paris\/wp-content\/uploads\/sites\/26\/2022\/07\/chantilly-estrela-do-filme-the-gray-man.jpg\",\"width\":640,\"height\":426},{\"@type\":\"WebPage\",\"@id\":\"https:\/\/blog.panrotas.com.br\/direto-de-paris\/2022\/07\/26\/a-estrela-francesa-do-filme-the-gray-man\/#webpage\",\"url\":\"https:\/\/blog.panrotas.com.br\/direto-de-paris\/2022\/07\/26\/a-estrela-francesa-do-filme-the-gray-man\/\",\"name\":\"A estrela francesa do filme The Gray Man - Direto de Paris\",\"isPartOf\":{\"@id\":\"https:\/\/blog.panrotas.com.br\/direto-de-paris\/#website\"},\"primaryImageOfPage\":{\"@id\":\"https:\/\/blog.panrotas.com.br\/direto-de-paris\/2022\/07\/26\/a-estrela-francesa-do-filme-the-gray-man\/#primaryimage\"},\"datePublished\":\"2022-07-26T15:45:13+00:00\",\"dateModified\":\"2022-07-26T15:50:07+00:00\",\"author\":{\"@id\":\"https:\/\/blog.panrotas.com.br\/direto-de-paris\/#\/schema\/person\/0137bff12a66d9bd80e250aa2c7000b3\"},\"description\":\"Conhe\\u00e7a Chantilly, a estrela francesa do filme The Gray Man. Situado h\\u00e1 somente 60 km de Paris, Chantilly \\u00e9 um destino ...\",\"breadcrumb\":{\"@id\":\"https:\/\/blog.panrotas.com.br\/direto-de-paris\/2022\/07\/26\/a-estrela-francesa-do-filme-the-gray-man\/#breadcrumb\"},\"inLanguage\":\"pt-BR\",\"potentialAction\":[{\"@type\":\"ReadAction\",\"target\":[\"https:\/\/blog.panrotas.com.br\/direto-de-paris\/2022\/07\/26\/a-estrela-francesa-do-filme-the-gray-man\/\"]}]},{\"@type\":\"BreadcrumbList\",\"@id\":\"https:\/\/blog.panrotas.com.br\/direto-de-paris\/2022\/07\/26\/a-estrela-francesa-do-filme-the-gray-man\/#breadcrumb\",\"itemListElement\":[{\"@type\":\"ListItem\",\"position\":1,\"name\":\"In\\u00edcio\",\"item\":\"https:\/\/blog.panrotas.com.br\/direto-de-paris\/\"},{\"@type\":\"ListItem\",\"position\":2,\"name\":\"A estrela francesa do filme The Gray Man\"}]},{\"@type\":\"Person\",\"@id\":\"https:\/\/blog.panrotas.com.br\/direto-de-paris\/#\/schema\/person\/0137bff12a66d9bd80e250aa2c7000b3\",\"name\":\"Silvia Helena\",\"image\":{\"@type\":\"ImageObject\",\"@id\":\"https:\/\/blog.panrotas.com.br\/direto-de-paris\/#personlogo\",\"inLanguage\":\"pt-BR\",\"url\":\"https:\/\/secure.gravatar.com\/avatar\/0278ededd1c842496785759e4fa61c99?s=96&d=mm&r=g\",\"contentUrl\":\"https:\/\/secure.gravatar.com\/avatar\/0278ededd1c842496785759e4fa61c99?s=96&d=mm&r=g\",\"caption\":\"Silvia Helena\"},\"description\":\"Ap\\u00f3s breves passagens pela Faculdade Metodista de S\\u00e3o Bernardo e Belas Artes de S\\u00e3o Paulo, aos 18 anos fui estudar no Canad\\u00e1, onde vivi durante 23 anos. L\\u00e1 me formei em Hist\\u00f3ria da Arte pela Universidade de Montr\\u00e9al, estudei turismo no Coll\\u00e8ge Lasalle de Montr\\u00e9al e no Institut de Tourisme et H\\u00f4tellerie du Qu\\u00e9bec. Comecei minha carreira na \\u00e1rea trabalhando em Cuba. Durante os anos vividos no Canad\\u00e1, entre outras coisas, fui guia de circuitos pela costa leste e abri minha primeira ag\\u00eancia de receptivo para brasileiros. H\\u00e1 18 anos um vento forte bateu nas velas da minha vida me conduzindo at\\u00e9 Fran\\u00e7a. Atualmente escrevo de Paris, onde vivo e trabalho dirigindo a empresa de receptivo, LA BELLE VIE.\",\"sameAs\":[\"http:\/\/brasileirosemparis.com\",\"https:\/\/www.facebook.com\/Passeiosemparis\/\",\"https:\/\/www.instagram.com\/labellevietour\",\"https:\/\/www.linkedin.com\/in\/silvia-helena-96864a17\/\"],\"url\":\"https:\/\/blog.panrotas.com.br\/direto-de-paris\/author\/silvia\/\"}]}<\/script>\n<!-- \/ Yoast SEO plugin. -->","yoast_head_json":{"title":"A estrela francesa do filme The Gray Man - Direto de Paris","description":"Conhe\u00e7a Chantilly, a estrela francesa do filme The Gray Man. Situado h\u00e1 somente 60 km de Paris, Chantilly \u00e9 um destino ...","robots":{"index":"index","follow":"follow","max-snippet":"max-snippet:-1","max-image-preview":"max-image-preview:large","max-video-preview":"max-video-preview:-1"},"canonical":"https:\/\/blog.panrotas.com.br\/direto-de-paris\/2022\/07\/26\/a-estrela-francesa-do-filme-the-gray-man\/","og_locale":"pt_BR","og_type":"article","og_title":"A estrela francesa do filme The Gray Man - Direto de Paris","og_description":"Conhe\u00e7a Chantilly, a estrela francesa do filme The Gray Man. Situado h\u00e1 somente 60 km de Paris, Chantilly \u00e9 um destino ...","og_url":"https:\/\/blog.panrotas.com.br\/direto-de-paris\/2022\/07\/26\/a-estrela-francesa-do-filme-the-gray-man\/","og_site_name":"Direto de Paris","article_author":"https:\/\/www.facebook.com\/Passeiosemparis\/","article_published_time":"2022-07-26T15:45:13+00:00","article_modified_time":"2022-07-26T15:50:07+00:00","og_image":[{"width":640,"height":426,"url":"http:\/\/blog.panrotas.com.br\/direto-de-paris\/wp-content\/uploads\/sites\/26\/2022\/07\/chantilly-estrela-do-filme-the-gray-man.jpg","type":"image\/jpeg"}],"twitter_card":"summary_large_image","twitter_misc":{"Escrito por":"Silvia Helena","Est. tempo de leitura":"5 minutos"},"schema":{"@context":"https:\/\/schema.org","@graph":[{"@type":"WebSite","@id":"https:\/\/blog.panrotas.com.br\/direto-de-paris\/#website","url":"https:\/\/blog.panrotas.com.br\/direto-de-paris\/","name":"Direto de Paris","description":"Blogosfera PANROTAS","potentialAction":[{"@type":"SearchAction","target":{"@type":"EntryPoint","urlTemplate":"https:\/\/blog.panrotas.com.br\/direto-de-paris\/?s={search_term_string}"},"query-input":"required name=search_term_string"}],"inLanguage":"pt-BR"},{"@type":"ImageObject","@id":"https:\/\/blog.panrotas.com.br\/direto-de-paris\/2022\/07\/26\/a-estrela-francesa-do-filme-the-gray-man\/#primaryimage","inLanguage":"pt-BR","url":"https:\/\/blog.panrotas.com.br\/direto-de-paris\/wp-content\/uploads\/sites\/26\/2022\/07\/chantilly-estrela-do-filme-the-gray-man.jpg","contentUrl":"https:\/\/blog.panrotas.com.br\/direto-de-paris\/wp-content\/uploads\/sites\/26\/2022\/07\/chantilly-estrela-do-filme-the-gray-man.jpg","width":640,"height":426},{"@type":"WebPage","@id":"https:\/\/blog.panrotas.com.br\/direto-de-paris\/2022\/07\/26\/a-estrela-francesa-do-filme-the-gray-man\/#webpage","url":"https:\/\/blog.panrotas.com.br\/direto-de-paris\/2022\/07\/26\/a-estrela-francesa-do-filme-the-gray-man\/","name":"A estrela francesa do filme The Gray Man - Direto de Paris","isPartOf":{"@id":"https:\/\/blog.panrotas.com.br\/direto-de-paris\/#website"},"primaryImageOfPage":{"@id":"https:\/\/blog.panrotas.com.br\/direto-de-paris\/2022\/07\/26\/a-estrela-francesa-do-filme-the-gray-man\/#primaryimage"},"datePublished":"2022-07-26T15:45:13+00:00","dateModified":"2022-07-26T15:50:07+00:00","author":{"@id":"https:\/\/blog.panrotas.com.br\/direto-de-paris\/#\/schema\/person\/0137bff12a66d9bd80e250aa2c7000b3"},"description":"Conhe\u00e7a Chantilly, a estrela francesa do filme The Gray Man. Situado h\u00e1 somente 60 km de Paris, Chantilly \u00e9 um destino ...","breadcrumb":{"@id":"https:\/\/blog.panrotas.com.br\/direto-de-paris\/2022\/07\/26\/a-estrela-francesa-do-filme-the-gray-man\/#breadcrumb"},"inLanguage":"pt-BR","potentialAction":[{"@type":"ReadAction","target":["https:\/\/blog.panrotas.com.br\/direto-de-paris\/2022\/07\/26\/a-estrela-francesa-do-filme-the-gray-man\/"]}]},{"@type":"BreadcrumbList","@id":"https:\/\/blog.panrotas.com.br\/direto-de-paris\/2022\/07\/26\/a-estrela-francesa-do-filme-the-gray-man\/#breadcrumb","itemListElement":[{"@type":"ListItem","position":1,"name":"In\u00edcio","item":"https:\/\/blog.panrotas.com.br\/direto-de-paris\/"},{"@type":"ListItem","position":2,"name":"A estrela francesa do filme The Gray Man"}]},{"@type":"Person","@id":"https:\/\/blog.panrotas.com.br\/direto-de-paris\/#\/schema\/person\/0137bff12a66d9bd80e250aa2c7000b3","name":"Silvia Helena","image":{"@type":"ImageObject","@id":"https:\/\/blog.panrotas.com.br\/direto-de-paris\/#personlogo","inLanguage":"pt-BR","url":"https:\/\/secure.gravatar.com\/avatar\/0278ededd1c842496785759e4fa61c99?s=96&d=mm&r=g","contentUrl":"https:\/\/secure.gravatar.com\/avatar\/0278ededd1c842496785759e4fa61c99?s=96&d=mm&r=g","caption":"Silvia Helena"},"description":"Ap\u00f3s breves passagens pela Faculdade Metodista de S\u00e3o Bernardo e Belas Artes de S\u00e3o Paulo, aos 18 anos fui estudar no Canad\u00e1, onde vivi durante 23 anos. L\u00e1 me formei em Hist\u00f3ria da Arte pela Universidade de Montr\u00e9al, estudei turismo no Coll\u00e8ge Lasalle de Montr\u00e9al e no Institut de Tourisme et H\u00f4tellerie du Qu\u00e9bec. Comecei minha carreira na \u00e1rea trabalhando em Cuba. Durante os anos vividos no Canad\u00e1, entre outras coisas, fui guia de circuitos pela costa leste e abri minha primeira ag\u00eancia de receptivo para brasileiros. H\u00e1 18 anos um vento forte bateu nas velas da minha vida me conduzindo at\u00e9 Fran\u00e7a. Atualmente escrevo de Paris, onde vivo e trabalho dirigindo a empresa de receptivo, LA BELLE VIE.","sameAs":["http:\/\/brasileirosemparis.com","https:\/\/www.facebook.com\/Passeiosemparis\/","https:\/\/www.instagram.com\/labellevietour","https:\/\/www.linkedin.com\/in\/silvia-helena-96864a17\/"],"url":"https:\/\/blog.panrotas.com.br\/direto-de-paris\/author\/silvia\/"}]}},"jetpack_featured_media_url":"https:\/\/blog.panrotas.com.br\/direto-de-paris\/wp-content\/uploads\/sites\/26\/2022\/07\/chantilly-estrela-do-filme-the-gray-man.jpg","_links":{"self":[{"href":"https:\/\/blog.panrotas.com.br\/direto-de-paris\/wp-json\/wp\/v2\/posts\/9562"}],"collection":[{"href":"https:\/\/blog.panrotas.com.br\/direto-de-paris\/wp-json\/wp\/v2\/posts"}],"about":[{"href":"https:\/\/blog.panrotas.com.br\/direto-de-paris\/wp-json\/wp\/v2\/types\/post"}],"author":[{"embeddable":true,"href":"https:\/\/blog.panrotas.com.br\/direto-de-paris\/wp-json\/wp\/v2\/users\/15"}],"replies":[{"embeddable":true,"href":"https:\/\/blog.panrotas.com.br\/direto-de-paris\/wp-json\/wp\/v2\/comments?post=9562"}],"version-history":[{"count":3,"href":"https:\/\/blog.panrotas.com.br\/direto-de-paris\/wp-json\/wp\/v2\/posts\/9562\/revisions"}],"predecessor-version":[{"id":9572,"href":"https:\/\/blog.panrotas.com.br\/direto-de-paris\/wp-json\/wp\/v2\/posts\/9562\/revisions\/9572"}],"wp:featuredmedia":[{"embeddable":true,"href":"https:\/\/blog.panrotas.com.br\/direto-de-paris\/wp-json\/wp\/v2\/media\/9569"}],"wp:attachment":[{"href":"https:\/\/blog.panrotas.com.br\/direto-de-paris\/wp-json\/wp\/v2\/media?parent=9562"}],"wp:term":[{"taxonomy":"category","embeddable":true,"href":"https:\/\/blog.panrotas.com.br\/direto-de-paris\/wp-json\/wp\/v2\/categories?post=9562"},{"taxonomy":"post_tag","embeddable":true,"href":"https:\/\/blog.panrotas.com.br\/direto-de-paris\/wp-json\/wp\/v2\/tags?post=9562"}],"curies":[{"name":"wp","href":"https:\/\/api.w.org\/{rel}","templated":true}]}}