{"id":973,"date":"2015-01-05T19:35:49","date_gmt":"2015-01-05T21:35:49","guid":{"rendered":"http:\/\/blog.panrotas.com.br\/direto-de-paris\/?p=973"},"modified":"2015-01-05T19:35:49","modified_gmt":"2015-01-05T21:35:49","slug":"feliz-ano-novo-parisiense","status":"publish","type":"post","link":"https:\/\/blog.panrotas.com.br\/direto-de-paris\/2015\/01\/05\/feliz-ano-novo-parisiense\/","title":{"rendered":"Feliz Ano Novo Parisiense!"},"content":{"rendered":"<p>Voc\u00ea deve estar pensando que estou atrasada, mas n\u00e3o estou! Aqui na Fran\u00e7a \u00e9 durante todo o m\u00eas de janeiro que damos nossos votos de um bom ano novo.<\/p>\n<p>Um ano que come\u00e7ou bem em Paris, cheio de surpresas. Em 2011 o antigo prefeito senhor Bertrand Delano\u00eb havia anunciado que sua decora\u00e7\u00e3o natalina\u00a0ficaria exposta por 5 anos. Felizmente a nova administra\u00e7\u00e3o, embora tamb\u00e9m socialista, resolveu\u00a0investir em uma\u00a0decora\u00e7\u00e3o cl\u00e1ssica com guirlandas iluminadas. Ufa! Nesta passagem de ano a Avenida Champs Elys\u00e9es estava mais linda do que nunca!<\/p>\n<p>Madame Hidalgo, a nova prefeita, deu tamb\u00e9m um outro super presente\u00a0a\u00a0cidade. Um espet\u00e1culo de som, luzes e fogos de artif\u00edcios no Arco do Triunfo. Ap\u00f3s anos de recesso, Paris e seus fogos de artif\u00edcios voltaram a brilhar na noite de S\u00e3o Silvestre.\u00a0Uma boa surpresa e promessa para v\u00e1rios r\u00e9veillons futuros.<\/p>\n<p>Voltando aos votos para 2015: Merde, muita \u201cmerde\u201d para voc\u00ea! Perd\u00e3o pelo palavr\u00e3o. N\u00e3o fique bravo(a).<\/p>\n<p>Artistas de todo o mundo costumam desejar a seus colegas \u201cmerde\u201d, substituindo com esta palavra os votos de uma boa representa\u00e7\u00e3o. A supersti\u00e7\u00e3o leva a crer que isso \u00e9 somente um\u00a0voto de sorte, mas na realidade a tradi\u00e7\u00e3o faz refer\u00eancia ao n\u00famero de carruagens que paravam diante dos teatros no s\u00e9culo dezenove.\u00a0Uma vez parados ou estacionados, os cavalos das charretes se abandonavam as suas necessidades naturais deixando na entrada e arredores dos teatros suas fezes. Esta camada de merda era levada pelos sapatos da\u00a0plat\u00e9ia\u00a0teatro adentro. Sendo assim, quanto mais merda de cavalos na entrada e nos tapetes, mais gente dentro da sala. Com carinho e respeito,\u00a0para voc\u00ea e seus neg\u00f3cios, caro leitor, muita \u201cmerde\u201d em 2015.<\/p>\n<p>Beijos e at\u00e9 a pr\u00f3xima.<\/p>\n<p><a href=\"http:\/\/blog.panrotas.com.br\/direto-de-paris\/wp-content\/uploads\/2015\/01\/Capture-d\u2019\u00e9cran-2013-11-17-\u00e0-19_57_55.jpg\">\u00a0<\/a><\/p>\n<figure id=\"attachment_982\" aria-describedby=\"caption-attachment-982\" style=\"width: 300px\" class=\"wp-caption alignnone\"><a href=\"http:\/\/blog.panrotas.com.br\/direto-de-paris\/wp-content\/uploads\/2015\/01\/Blachere-Illumination_champs-Elysees-Paris-2014-scintillance-2.jpg\"><img loading=\"lazy\" class=\"wp-image-982 size-medium\" src=\"http:\/\/blog.panrotas.com.br\/direto-de-paris\/wp-content\/uploads\/2015\/01\/Blachere-Illumination_champs-Elysees-Paris-2014-scintillance-2-300x207.jpg\" alt=\"Blachere-Illumination_champs-Elysees-Paris-2014-scintillance-2\" width=\"300\" height=\"207\" srcset=\"https:\/\/blog.panrotas.com.br\/direto-de-paris\/wp-content\/uploads\/sites\/26\/2015\/01\/Blachere-Illumination_champs-Elysees-Paris-2014-scintillance-2-300x207.jpg 300w, https:\/\/blog.panrotas.com.br\/direto-de-paris\/wp-content\/uploads\/sites\/26\/2015\/01\/Blachere-Illumination_champs-Elysees-Paris-2014-scintillance-2-768x530.jpg 768w, https:\/\/blog.panrotas.com.br\/direto-de-paris\/wp-content\/uploads\/sites\/26\/2015\/01\/Blachere-Illumination_champs-Elysees-Paris-2014-scintillance-2-1024x707.jpg 1024w, https:\/\/blog.panrotas.com.br\/direto-de-paris\/wp-content\/uploads\/sites\/26\/2015\/01\/Blachere-Illumination_champs-Elysees-Paris-2014-scintillance-2.jpg 1166w\" sizes=\"(max-width: 300px) 100vw, 300px\" \/><\/a><figcaption id=\"caption-attachment-982\" class=\"wp-caption-text\">Projeto Blachere Ilumina\u00e7\u00f5es, Champs Elys\u00e9es 2014<\/figcaption><\/figure>\n<figure id=\"attachment_984\" aria-describedby=\"caption-attachment-984\" style=\"width: 300px\" class=\"wp-caption alignnone\"><a href=\"http:\/\/blog.panrotas.com.br\/direto-de-paris\/wp-content\/uploads\/2015\/01\/Photo-110.jpg\"><img loading=\"lazy\" class=\"wp-image-984 size-medium\" src=\"http:\/\/blog.panrotas.com.br\/direto-de-paris\/wp-content\/uploads\/2015\/01\/Photo-110-300x224.jpg\" alt=\"Ilumina\u00e7\u00f5es mantidas nos canteiros, Champs Elys\u00e9es\" width=\"300\" height=\"224\" srcset=\"https:\/\/blog.panrotas.com.br\/direto-de-paris\/wp-content\/uploads\/sites\/26\/2015\/01\/Photo-110-300x224.jpg 300w, https:\/\/blog.panrotas.com.br\/direto-de-paris\/wp-content\/uploads\/sites\/26\/2015\/01\/Photo-110.jpg 640w\" sizes=\"(max-width: 300px) 100vw, 300px\" \/><\/a><figcaption id=\"caption-attachment-984\" class=\"wp-caption-text\">Ilumina\u00e7\u00f5es mantidas nos canteiros, Champs Elys\u00e9es<\/figcaption><\/figure>\n<figure id=\"attachment_981\" aria-describedby=\"caption-attachment-981\" style=\"width: 300px\" class=\"wp-caption alignnone\"><a href=\"http:\/\/blog.panrotas.com.br\/direto-de-paris\/wp-content\/uploads\/2015\/01\/Blachere-Illumination_champs-Elysees-Paris-2014-scintillance.jpg\"><img loading=\"lazy\" class=\"wp-image-981 size-medium\" src=\"http:\/\/blog.panrotas.com.br\/direto-de-paris\/wp-content\/uploads\/2015\/01\/Blachere-Illumination_champs-Elysees-Paris-2014-scintillance-300x200.jpg\" alt=\"Blachere-Illumination_champs-Elysees-Paris-2014-scintillance\" width=\"300\" height=\"200\" srcset=\"https:\/\/blog.panrotas.com.br\/direto-de-paris\/wp-content\/uploads\/sites\/26\/2015\/01\/Blachere-Illumination_champs-Elysees-Paris-2014-scintillance-300x200.jpg 300w, https:\/\/blog.panrotas.com.br\/direto-de-paris\/wp-content\/uploads\/sites\/26\/2015\/01\/Blachere-Illumination_champs-Elysees-Paris-2014-scintillance-768x512.jpg 768w, https:\/\/blog.panrotas.com.br\/direto-de-paris\/wp-content\/uploads\/sites\/26\/2015\/01\/Blachere-Illumination_champs-Elysees-Paris-2014-scintillance-1024x683.jpg 1024w, https:\/\/blog.panrotas.com.br\/direto-de-paris\/wp-content\/uploads\/sites\/26\/2015\/01\/Blachere-Illumination_champs-Elysees-Paris-2014-scintillance-1568x1046.jpg 1568w, https:\/\/blog.panrotas.com.br\/direto-de-paris\/wp-content\/uploads\/sites\/26\/2015\/01\/Blachere-Illumination_champs-Elysees-Paris-2014-scintillance.jpg 1615w\" sizes=\"(max-width: 300px) 100vw, 300px\" \/><\/a><figcaption id=\"caption-attachment-981\" class=\"wp-caption-text\">Projeto Ilumina\u00e7\u00f5es Blachere Champs Elys\u00e9es 2014<\/figcaption><\/figure>\n<figure id=\"attachment_983\" aria-describedby=\"caption-attachment-983\" style=\"width: 300px\" class=\"wp-caption alignnone\"><a href=\"http:\/\/blog.panrotas.com.br\/direto-de-paris\/wp-content\/uploads\/2015\/01\/Capture-d\u2019\u00e9cran-2013-11-17-\u00e0-19_57_55.jpg\"><img loading=\"lazy\" class=\"wp-image-983 size-medium\" src=\"http:\/\/blog.panrotas.com.br\/direto-de-paris\/wp-content\/uploads\/2015\/01\/Capture-d\u2019\u00e9cran-2013-11-17-\u00e0-19_57_55-300x181.jpg\" alt=\"Ilumina\u00e7\u00f5es de Delano\u00eb, muito criticadas, n\u00e3o duraram 5 anos como previsto\" width=\"300\" height=\"181\" \/><\/a><figcaption id=\"caption-attachment-983\" class=\"wp-caption-text\">Ilumina\u00e7\u00f5es de Delano\u00eb, muito criticadas, n\u00e3o duraram 5 anos como previsto<\/figcaption><\/figure>\n<p>&nbsp;<\/p>\n<figure id=\"attachment_985\" aria-describedby=\"caption-attachment-985\" style=\"width: 300px\" class=\"wp-caption alignnone\"><a href=\"http:\/\/blog.panrotas.com.br\/direto-de-paris\/wp-content\/uploads\/2015\/01\/Photo-118.jpg\"><img loading=\"lazy\" class=\"wp-image-985 size-medium\" src=\"http:\/\/blog.panrotas.com.br\/direto-de-paris\/wp-content\/uploads\/2015\/01\/Photo-118-300x224.jpg\" alt=\"Ilumina\u00e7\u00f5es Champs Elys\u00e9es, Paris 2011 a 2013\" width=\"300\" height=\"224\" srcset=\"https:\/\/blog.panrotas.com.br\/direto-de-paris\/wp-content\/uploads\/sites\/26\/2015\/01\/Photo-118-300x224.jpg 300w, https:\/\/blog.panrotas.com.br\/direto-de-paris\/wp-content\/uploads\/sites\/26\/2015\/01\/Photo-118.jpg 640w\" sizes=\"(max-width: 300px) 100vw, 300px\" \/><\/a><figcaption id=\"caption-attachment-985\" class=\"wp-caption-text\">Ilumina\u00e7\u00f5es Champs Elys\u00e9es, Paris 2011 a 2013<\/figcaption><\/figure>\n<p><a href=\"http:\/\/blog.panrotas.com.br\/direto-de-paris\/wp-content\/uploads\/2015\/01\/349.jpg\">\u00a0<\/a><a href=\"http:\/\/www.dailymotion.com\/embed\/video\/x2dt3iw?\">Champs Elys\u00e9es 31 dezembro 2014<\/a><\/p>\n<p><a href=\"http:\/\/blog.panrotas.com.br\/direto-de-paris\/wp-content\/uploads\/2015\/01\/349.jpg\">\u00a0<\/a><\/p>\n<p>&nbsp;<\/p>\n","protected":false},"excerpt":{"rendered":"<p>Voc\u00ea deve estar pensando que estou atrasada, mas n\u00e3o estou! Aqui na Fran\u00e7a \u00e9 durante todo o m\u00eas de janeiro que damos nossos votos de um bom ano novo. Um ano que come\u00e7ou bem em Paris, cheio de surpresas. Em 2011 o antigo prefeito senhor Bertrand Delano\u00eb havia anunciado que sua decora\u00e7\u00e3o natalina\u00a0ficaria exposta por&hellip; <a class=\"more-link\" href=\"https:\/\/blog.panrotas.com.br\/direto-de-paris\/2015\/01\/05\/feliz-ano-novo-parisiense\/\">Continue reading &rarr;<\/a><\/p>\n","protected":false},"author":15,"featured_media":0,"comment_status":"open","ping_status":"open","sticky":false,"template":"","format":"standard","meta":{"spay_email":""},"categories":[44],"tags":[],"yoast_head":"<!-- This site is optimized with the Yoast SEO plugin v17.3 - https:\/\/yoast.com\/wordpress\/plugins\/seo\/ -->\n<title>Feliz Ano Novo Parisiense! - Direto de Paris<\/title>\n<meta name=\"robots\" content=\"index, follow, max-snippet:-1, max-image-preview:large, max-video-preview:-1\" \/>\n<link rel=\"canonical\" href=\"https:\/\/blog.panrotas.com.br\/direto-de-paris\/2015\/01\/05\/feliz-ano-novo-parisiense\/\" \/>\n<meta property=\"og:locale\" content=\"pt_BR\" \/>\n<meta property=\"og:type\" content=\"article\" \/>\n<meta property=\"og:title\" content=\"Feliz Ano Novo Parisiense! - Direto de Paris\" \/>\n<meta property=\"og:description\" content=\"Voc\u00ea deve estar pensando que estou atrasada, mas n\u00e3o estou! Aqui na Fran\u00e7a \u00e9 durante todo o m\u00eas de janeiro que damos nossos votos de um bom ano novo. Um ano que come\u00e7ou bem em Paris, cheio de surpresas. Em 2011 o antigo prefeito senhor Bertrand Delano\u00eb havia anunciado que sua decora\u00e7\u00e3o natalina\u00a0ficaria exposta por&hellip; Continue reading &rarr;\" \/>\n<meta property=\"og:url\" content=\"https:\/\/blog.panrotas.com.br\/direto-de-paris\/2015\/01\/05\/feliz-ano-novo-parisiense\/\" \/>\n<meta property=\"og:site_name\" content=\"Direto de Paris\" \/>\n<meta property=\"article:author\" content=\"https:\/\/www.facebook.com\/Passeiosemparis\/\" \/>\n<meta property=\"article:published_time\" content=\"2015-01-05T21:35:49+00:00\" \/>\n<meta property=\"og:image\" content=\"http:\/\/blog.panrotas.com.br\/direto-de-paris\/wp-content\/uploads\/2015\/01\/Blachere-Illumination_champs-Elysees-Paris-2014-scintillance-2-300x207.jpg\" \/>\n<meta name=\"twitter:card\" content=\"summary_large_image\" \/>\n<meta name=\"twitter:label1\" content=\"Escrito por\" \/>\n\t<meta name=\"twitter:data1\" content=\"Silvia Helena\" \/>\n\t<meta name=\"twitter:label2\" content=\"Est. tempo de leitura\" \/>\n\t<meta name=\"twitter:data2\" content=\"2 minutos\" \/>\n<script type=\"application\/ld+json\" class=\"yoast-schema-graph\">{\"@context\":\"https:\/\/schema.org\",\"@graph\":[{\"@type\":\"WebSite\",\"@id\":\"https:\/\/blog.panrotas.com.br\/direto-de-paris\/#website\",\"url\":\"https:\/\/blog.panrotas.com.br\/direto-de-paris\/\",\"name\":\"Direto de Paris\",\"description\":\"Blogosfera PANROTAS\",\"potentialAction\":[{\"@type\":\"SearchAction\",\"target\":{\"@type\":\"EntryPoint\",\"urlTemplate\":\"https:\/\/blog.panrotas.com.br\/direto-de-paris\/?s={search_term_string}\"},\"query-input\":\"required name=search_term_string\"}],\"inLanguage\":\"pt-BR\"},{\"@type\":\"ImageObject\",\"@id\":\"https:\/\/blog.panrotas.com.br\/direto-de-paris\/2015\/01\/05\/feliz-ano-novo-parisiense\/#primaryimage\",\"inLanguage\":\"pt-BR\",\"url\":\"http:\/\/blog.panrotas.com.br\/direto-de-paris\/wp-content\/uploads\/2015\/01\/Blachere-Illumination_champs-Elysees-Paris-2014-scintillance-2-300x207.jpg\",\"contentUrl\":\"http:\/\/blog.panrotas.com.br\/direto-de-paris\/wp-content\/uploads\/2015\/01\/Blachere-Illumination_champs-Elysees-Paris-2014-scintillance-2-300x207.jpg\"},{\"@type\":\"WebPage\",\"@id\":\"https:\/\/blog.panrotas.com.br\/direto-de-paris\/2015\/01\/05\/feliz-ano-novo-parisiense\/#webpage\",\"url\":\"https:\/\/blog.panrotas.com.br\/direto-de-paris\/2015\/01\/05\/feliz-ano-novo-parisiense\/\",\"name\":\"Feliz Ano Novo Parisiense! - Direto de Paris\",\"isPartOf\":{\"@id\":\"https:\/\/blog.panrotas.com.br\/direto-de-paris\/#website\"},\"primaryImageOfPage\":{\"@id\":\"https:\/\/blog.panrotas.com.br\/direto-de-paris\/2015\/01\/05\/feliz-ano-novo-parisiense\/#primaryimage\"},\"datePublished\":\"2015-01-05T21:35:49+00:00\",\"dateModified\":\"2015-01-05T21:35:49+00:00\",\"author\":{\"@id\":\"https:\/\/blog.panrotas.com.br\/direto-de-paris\/#\/schema\/person\/0137bff12a66d9bd80e250aa2c7000b3\"},\"breadcrumb\":{\"@id\":\"https:\/\/blog.panrotas.com.br\/direto-de-paris\/2015\/01\/05\/feliz-ano-novo-parisiense\/#breadcrumb\"},\"inLanguage\":\"pt-BR\",\"potentialAction\":[{\"@type\":\"ReadAction\",\"target\":[\"https:\/\/blog.panrotas.com.br\/direto-de-paris\/2015\/01\/05\/feliz-ano-novo-parisiense\/\"]}]},{\"@type\":\"BreadcrumbList\",\"@id\":\"https:\/\/blog.panrotas.com.br\/direto-de-paris\/2015\/01\/05\/feliz-ano-novo-parisiense\/#breadcrumb\",\"itemListElement\":[{\"@type\":\"ListItem\",\"position\":1,\"name\":\"In\\u00edcio\",\"item\":\"https:\/\/blog.panrotas.com.br\/direto-de-paris\/\"},{\"@type\":\"ListItem\",\"position\":2,\"name\":\"Feliz Ano Novo Parisiense!\"}]},{\"@type\":\"Person\",\"@id\":\"https:\/\/blog.panrotas.com.br\/direto-de-paris\/#\/schema\/person\/0137bff12a66d9bd80e250aa2c7000b3\",\"name\":\"Silvia Helena\",\"image\":{\"@type\":\"ImageObject\",\"@id\":\"https:\/\/blog.panrotas.com.br\/direto-de-paris\/#personlogo\",\"inLanguage\":\"pt-BR\",\"url\":\"https:\/\/secure.gravatar.com\/avatar\/0278ededd1c842496785759e4fa61c99?s=96&d=mm&r=g\",\"contentUrl\":\"https:\/\/secure.gravatar.com\/avatar\/0278ededd1c842496785759e4fa61c99?s=96&d=mm&r=g\",\"caption\":\"Silvia Helena\"},\"description\":\"Ap\\u00f3s breves passagens pela Faculdade Metodista de S\\u00e3o Bernardo e Belas Artes de S\\u00e3o Paulo, aos 18 anos fui estudar no Canad\\u00e1, onde vivi durante 23 anos. L\\u00e1 me formei em Hist\\u00f3ria da Arte pela Universidade de Montr\\u00e9al, estudei turismo no Coll\\u00e8ge Lasalle de Montr\\u00e9al e no Institut de Tourisme et H\\u00f4tellerie du Qu\\u00e9bec. Comecei minha carreira na \\u00e1rea trabalhando em Cuba. Durante os anos vividos no Canad\\u00e1, entre outras coisas, fui guia de circuitos pela costa leste e abri minha primeira ag\\u00eancia de receptivo para brasileiros. H\\u00e1 18 anos um vento forte bateu nas velas da minha vida me conduzindo at\\u00e9 Fran\\u00e7a. Atualmente escrevo de Paris, onde vivo e trabalho dirigindo a empresa de receptivo, LA BELLE VIE.\",\"sameAs\":[\"http:\/\/brasileirosemparis.com\",\"https:\/\/www.facebook.com\/Passeiosemparis\/\",\"https:\/\/www.instagram.com\/labellevietour\",\"https:\/\/www.linkedin.com\/in\/silvia-helena-96864a17\/\"],\"url\":\"https:\/\/blog.panrotas.com.br\/direto-de-paris\/author\/silvia\/\"}]}<\/script>\n<!-- \/ Yoast SEO plugin. -->","yoast_head_json":{"title":"Feliz Ano Novo Parisiense! - Direto de Paris","robots":{"index":"index","follow":"follow","max-snippet":"max-snippet:-1","max-image-preview":"max-image-preview:large","max-video-preview":"max-video-preview:-1"},"canonical":"https:\/\/blog.panrotas.com.br\/direto-de-paris\/2015\/01\/05\/feliz-ano-novo-parisiense\/","og_locale":"pt_BR","og_type":"article","og_title":"Feliz Ano Novo Parisiense! - Direto de Paris","og_description":"Voc\u00ea deve estar pensando que estou atrasada, mas n\u00e3o estou! Aqui na Fran\u00e7a \u00e9 durante todo o m\u00eas de janeiro que damos nossos votos de um bom ano novo. Um ano que come\u00e7ou bem em Paris, cheio de surpresas. Em 2011 o antigo prefeito senhor Bertrand Delano\u00eb havia anunciado que sua decora\u00e7\u00e3o natalina\u00a0ficaria exposta por&hellip; Continue reading &rarr;","og_url":"https:\/\/blog.panrotas.com.br\/direto-de-paris\/2015\/01\/05\/feliz-ano-novo-parisiense\/","og_site_name":"Direto de Paris","article_author":"https:\/\/www.facebook.com\/Passeiosemparis\/","article_published_time":"2015-01-05T21:35:49+00:00","og_image":[{"url":"http:\/\/blog.panrotas.com.br\/direto-de-paris\/wp-content\/uploads\/2015\/01\/Blachere-Illumination_champs-Elysees-Paris-2014-scintillance-2-300x207.jpg"}],"twitter_card":"summary_large_image","twitter_misc":{"Escrito por":"Silvia Helena","Est. tempo de leitura":"2 minutos"},"schema":{"@context":"https:\/\/schema.org","@graph":[{"@type":"WebSite","@id":"https:\/\/blog.panrotas.com.br\/direto-de-paris\/#website","url":"https:\/\/blog.panrotas.com.br\/direto-de-paris\/","name":"Direto de Paris","description":"Blogosfera PANROTAS","potentialAction":[{"@type":"SearchAction","target":{"@type":"EntryPoint","urlTemplate":"https:\/\/blog.panrotas.com.br\/direto-de-paris\/?s={search_term_string}"},"query-input":"required name=search_term_string"}],"inLanguage":"pt-BR"},{"@type":"ImageObject","@id":"https:\/\/blog.panrotas.com.br\/direto-de-paris\/2015\/01\/05\/feliz-ano-novo-parisiense\/#primaryimage","inLanguage":"pt-BR","url":"http:\/\/blog.panrotas.com.br\/direto-de-paris\/wp-content\/uploads\/2015\/01\/Blachere-Illumination_champs-Elysees-Paris-2014-scintillance-2-300x207.jpg","contentUrl":"http:\/\/blog.panrotas.com.br\/direto-de-paris\/wp-content\/uploads\/2015\/01\/Blachere-Illumination_champs-Elysees-Paris-2014-scintillance-2-300x207.jpg"},{"@type":"WebPage","@id":"https:\/\/blog.panrotas.com.br\/direto-de-paris\/2015\/01\/05\/feliz-ano-novo-parisiense\/#webpage","url":"https:\/\/blog.panrotas.com.br\/direto-de-paris\/2015\/01\/05\/feliz-ano-novo-parisiense\/","name":"Feliz Ano Novo Parisiense! - Direto de Paris","isPartOf":{"@id":"https:\/\/blog.panrotas.com.br\/direto-de-paris\/#website"},"primaryImageOfPage":{"@id":"https:\/\/blog.panrotas.com.br\/direto-de-paris\/2015\/01\/05\/feliz-ano-novo-parisiense\/#primaryimage"},"datePublished":"2015-01-05T21:35:49+00:00","dateModified":"2015-01-05T21:35:49+00:00","author":{"@id":"https:\/\/blog.panrotas.com.br\/direto-de-paris\/#\/schema\/person\/0137bff12a66d9bd80e250aa2c7000b3"},"breadcrumb":{"@id":"https:\/\/blog.panrotas.com.br\/direto-de-paris\/2015\/01\/05\/feliz-ano-novo-parisiense\/#breadcrumb"},"inLanguage":"pt-BR","potentialAction":[{"@type":"ReadAction","target":["https:\/\/blog.panrotas.com.br\/direto-de-paris\/2015\/01\/05\/feliz-ano-novo-parisiense\/"]}]},{"@type":"BreadcrumbList","@id":"https:\/\/blog.panrotas.com.br\/direto-de-paris\/2015\/01\/05\/feliz-ano-novo-parisiense\/#breadcrumb","itemListElement":[{"@type":"ListItem","position":1,"name":"In\u00edcio","item":"https:\/\/blog.panrotas.com.br\/direto-de-paris\/"},{"@type":"ListItem","position":2,"name":"Feliz Ano Novo Parisiense!"}]},{"@type":"Person","@id":"https:\/\/blog.panrotas.com.br\/direto-de-paris\/#\/schema\/person\/0137bff12a66d9bd80e250aa2c7000b3","name":"Silvia Helena","image":{"@type":"ImageObject","@id":"https:\/\/blog.panrotas.com.br\/direto-de-paris\/#personlogo","inLanguage":"pt-BR","url":"https:\/\/secure.gravatar.com\/avatar\/0278ededd1c842496785759e4fa61c99?s=96&d=mm&r=g","contentUrl":"https:\/\/secure.gravatar.com\/avatar\/0278ededd1c842496785759e4fa61c99?s=96&d=mm&r=g","caption":"Silvia Helena"},"description":"Ap\u00f3s breves passagens pela Faculdade Metodista de S\u00e3o Bernardo e Belas Artes de S\u00e3o Paulo, aos 18 anos fui estudar no Canad\u00e1, onde vivi durante 23 anos. L\u00e1 me formei em Hist\u00f3ria da Arte pela Universidade de Montr\u00e9al, estudei turismo no Coll\u00e8ge Lasalle de Montr\u00e9al e no Institut de Tourisme et H\u00f4tellerie du Qu\u00e9bec. Comecei minha carreira na \u00e1rea trabalhando em Cuba. Durante os anos vividos no Canad\u00e1, entre outras coisas, fui guia de circuitos pela costa leste e abri minha primeira ag\u00eancia de receptivo para brasileiros. H\u00e1 18 anos um vento forte bateu nas velas da minha vida me conduzindo at\u00e9 Fran\u00e7a. Atualmente escrevo de Paris, onde vivo e trabalho dirigindo a empresa de receptivo, LA BELLE VIE.","sameAs":["http:\/\/brasileirosemparis.com","https:\/\/www.facebook.com\/Passeiosemparis\/","https:\/\/www.instagram.com\/labellevietour","https:\/\/www.linkedin.com\/in\/silvia-helena-96864a17\/"],"url":"https:\/\/blog.panrotas.com.br\/direto-de-paris\/author\/silvia\/"}]}},"jetpack_featured_media_url":"","_links":{"self":[{"href":"https:\/\/blog.panrotas.com.br\/direto-de-paris\/wp-json\/wp\/v2\/posts\/973"}],"collection":[{"href":"https:\/\/blog.panrotas.com.br\/direto-de-paris\/wp-json\/wp\/v2\/posts"}],"about":[{"href":"https:\/\/blog.panrotas.com.br\/direto-de-paris\/wp-json\/wp\/v2\/types\/post"}],"author":[{"embeddable":true,"href":"https:\/\/blog.panrotas.com.br\/direto-de-paris\/wp-json\/wp\/v2\/users\/15"}],"replies":[{"embeddable":true,"href":"https:\/\/blog.panrotas.com.br\/direto-de-paris\/wp-json\/wp\/v2\/comments?post=973"}],"version-history":[{"count":0,"href":"https:\/\/blog.panrotas.com.br\/direto-de-paris\/wp-json\/wp\/v2\/posts\/973\/revisions"}],"wp:attachment":[{"href":"https:\/\/blog.panrotas.com.br\/direto-de-paris\/wp-json\/wp\/v2\/media?parent=973"}],"wp:term":[{"taxonomy":"category","embeddable":true,"href":"https:\/\/blog.panrotas.com.br\/direto-de-paris\/wp-json\/wp\/v2\/categories?post=973"},{"taxonomy":"post_tag","embeddable":true,"href":"https:\/\/blog.panrotas.com.br\/direto-de-paris\/wp-json\/wp\/v2\/tags?post=973"}],"curies":[{"name":"wp","href":"https:\/\/api.w.org\/{rel}","templated":true}]}}