{"id":14,"date":"2015-08-05T11:22:03","date_gmt":"2015-08-05T14:22:03","guid":{"rendered":"http:\/\/blog.panrotas.com.br\/direto-do-rio\/?p=14"},"modified":"2015-08-05T11:22:03","modified_gmt":"2015-08-05T14:22:03","slug":"contagem-regressiva","status":"publish","type":"post","link":"https:\/\/blog.panrotas.com.br\/direto-do-rio\/2015\/08\/05\/contagem-regressiva\/","title":{"rendered":"Contagem regressiva"},"content":{"rendered":"<figure id=\"attachment_15\" aria-describedby=\"caption-attachment-15\" style=\"width: 450px\" class=\"wp-caption aligncenter\"><a href=\"http:\/\/panrotas.blog.br\/direto-do-rio\/wp-content\/uploads\/sites\/13\/2015\/08\/foto-3.jpg\"><img loading=\"lazy\" class=\"size-large wp-image-15\" src=\"http:\/\/panrotas.blog.br\/direto-do-rio\/wp-content\/uploads\/sites\/13\/2015\/08\/foto-3-1024x683.jpg\" alt=\"O novo Museu do Amanh\u00e3, na Pra\u00e7a Mau\u00e1\" width=\"450\" height=\"300\" srcset=\"https:\/\/blog.panrotas.com.br\/direto-do-rio\/wp-content\/uploads\/sites\/13\/2015\/08\/foto-3-1024x683.jpg 1024w, https:\/\/blog.panrotas.com.br\/direto-do-rio\/wp-content\/uploads\/sites\/13\/2015\/08\/foto-3-300x200.jpg 300w, https:\/\/blog.panrotas.com.br\/direto-do-rio\/wp-content\/uploads\/sites\/13\/2015\/08\/foto-3-768x512.jpg 768w, https:\/\/blog.panrotas.com.br\/direto-do-rio\/wp-content\/uploads\/sites\/13\/2015\/08\/foto-3-1568x1045.jpg 1568w\" sizes=\"(max-width: 450px) 100vw, 450px\" \/><\/a><figcaption id=\"caption-attachment-15\" class=\"wp-caption-text\">O novo Museu do Amanh\u00e3, na\u00a0Regi\u00e3o Portu\u00e1ria \/ Foto: Carla Lencastre<\/figcaption><\/figure>\n<p>Daqui a exatamente um ano, quando come\u00e7arem os Jogos Ol\u00edmpicos de 2016, o Rio de Janeiro ser\u00e1 uma cidade muito diferente do que \u00e9 hoje. Para receber 10.500 atletas de 205 pa\u00edses, al\u00e9m de milhares de visitantes, o Rio est\u00e1 em reconstru\u00e7\u00e3o. E \u00e9 dif\u00edcil n\u00e3o se emocionar quando novos panoramas v\u00e3o se revelando em bairros como o Centro e a Barra da Tijuca.<\/p>\n<p>O Direto do Rio estreia hoje para acompanhar as incr\u00edveis mudan\u00e7as pelas quais passa a cidade mais linda do meu mundo (e olha que o meu mundo \u00e9 vasto). Aqui vou revisitar os pontos tur\u00edsticos, conferir os novos passeios e as atra\u00e7\u00f5es culturais, contar as novidades da gastronomia e da hotelaria, relembrar os restaurantes cl\u00e1ssicos, andar pelas praias e botequins. Tudo para voc\u00ea aproveitar melhor um fim de semana ou uma temporada carioca.<\/p>\n<figure id=\"attachment_16\" aria-describedby=\"caption-attachment-16\" style=\"width: 450px\" class=\"wp-caption aligncenter\"><a href=\"http:\/\/panrotas.blog.br\/direto-do-rio\/wp-content\/uploads\/sites\/13\/2015\/08\/foto-4.jpg\"><img loading=\"lazy\" class=\"size-large wp-image-16\" src=\"http:\/\/panrotas.blog.br\/direto-do-rio\/wp-content\/uploads\/sites\/13\/2015\/08\/foto-4-1024x547.jpg\" alt=\"O MAR e o terminal de cruzeiros da Pra\u00e7a Mau\u00e1\" width=\"450\" height=\"240\" srcset=\"https:\/\/blog.panrotas.com.br\/direto-do-rio\/wp-content\/uploads\/sites\/13\/2015\/08\/foto-4-1024x547.jpg 1024w, https:\/\/blog.panrotas.com.br\/direto-do-rio\/wp-content\/uploads\/sites\/13\/2015\/08\/foto-4-300x160.jpg 300w, https:\/\/blog.panrotas.com.br\/direto-do-rio\/wp-content\/uploads\/sites\/13\/2015\/08\/foto-4-768x410.jpg 768w, https:\/\/blog.panrotas.com.br\/direto-do-rio\/wp-content\/uploads\/sites\/13\/2015\/08\/foto-4-1568x837.jpg 1568w\" sizes=\"(max-width: 450px) 100vw, 450px\" \/><\/a><figcaption id=\"caption-attachment-16\" class=\"wp-caption-text\">O Museu de Arte do Rio e o terminal de cruzeiros da Pra\u00e7a Mau\u00e1 \/ Foto: Carla Lencastre<\/figcaption><\/figure>\n<p>Para come\u00e7ar nosso passeio pelo Rio, escolhi a Pra\u00e7a Mau\u00e1, no Centro, na Regi\u00e3o Portu\u00e1ria. Ela \u00e9 um dos s\u00edmbolos mais marcantes do novo Rio. A est\u00e1tua do Visconde de Mau\u00e1 agora est\u00e1 cercada pelo Museu de Arte do Rio (MAR), o Museu do Amanh\u00e3 e o terminal de cruzeiros do P\u00eder Mau\u00e1. As obras ainda n\u00e3o terminaram, mas a pra\u00e7a j\u00e1 foi devolvida ao povo, sem o Elevado da Perimetral, que bloqueava a vista para a Ba\u00eda de Guanabara e a ponte Rio-Niter\u00f3i.<\/p>\n<figure id=\"attachment_18\" aria-describedby=\"caption-attachment-18\" style=\"width: 450px\" class=\"wp-caption aligncenter\"><a href=\"http:\/\/panrotas.blog.br\/direto-do-rio\/wp-content\/uploads\/sites\/13\/2015\/08\/foto-5.jpg\"><img loading=\"lazy\" class=\"size-large wp-image-18\" src=\"http:\/\/panrotas.blog.br\/direto-do-rio\/wp-content\/uploads\/sites\/13\/2015\/08\/foto-5-1024x683.jpg\" alt=\"A pra\u00e7a, o museu, a ba\u00eda e a ponte\" width=\"450\" height=\"300\" srcset=\"https:\/\/blog.panrotas.com.br\/direto-do-rio\/wp-content\/uploads\/sites\/13\/2015\/08\/foto-5-1024x683.jpg 1024w, https:\/\/blog.panrotas.com.br\/direto-do-rio\/wp-content\/uploads\/sites\/13\/2015\/08\/foto-5-300x200.jpg 300w, https:\/\/blog.panrotas.com.br\/direto-do-rio\/wp-content\/uploads\/sites\/13\/2015\/08\/foto-5-768x512.jpg 768w, https:\/\/blog.panrotas.com.br\/direto-do-rio\/wp-content\/uploads\/sites\/13\/2015\/08\/foto-5-1568x1045.jpg 1568w\" sizes=\"(max-width: 450px) 100vw, 450px\" \/><\/a><figcaption id=\"caption-attachment-18\" class=\"wp-caption-text\">A pra\u00e7a, o Museu do Amanh\u00e3, a ba\u00eda e a ponte \/ Foto: Carla Lencastre<\/figcaption><\/figure>\n<p>O Museu do Amanh\u00e3 \u00e9 um projeto do arquiteto espanhol Santiago Calatrava e deve ser inaugurado at\u00e9 o fim do ano. Ser\u00e1 voltado para ci\u00eancia e tecnologia, com discuss\u00f5es sobre o futuro. O MAR, instalado em dois pr\u00e9dios lado a lado e interligados, faz parte da vida dos cariocas desde mar\u00e7o de 2013. Uma mostra com pinturas e desenhos de Tarsila do Amaral \u00e9 o destaque da temporada atual.<\/p>\n<p>Antes ou depois de passear pela pra\u00e7a e ver uma exposi\u00e7\u00e3o, aproveite para comer no Cristov\u00e3o Caf\u00e9 ou no Bistr\u00f4 e Restaurante Mau\u00e1, ambos no MAR. N\u00e3o deixe de visitar tamb\u00e9m a loja Novo Desenho, no t\u00e9rreo do museu, ao lado do caf\u00e9, com objetos de design brasileiro.<\/p>\n<figure id=\"attachment_19\" aria-describedby=\"caption-attachment-19\" style=\"width: 450px\" class=\"wp-caption aligncenter\"><a href=\"http:\/\/panrotas.blog.br\/direto-do-rio\/wp-content\/uploads\/sites\/13\/2015\/08\/foto-6.jpg\"><img loading=\"lazy\" class=\"size-large wp-image-19\" src=\"http:\/\/panrotas.blog.br\/direto-do-rio\/wp-content\/uploads\/sites\/13\/2015\/08\/foto-6-1024x683.jpg\" alt=\"No terra\u00e7o do MAR\" width=\"450\" height=\"300\" srcset=\"https:\/\/blog.panrotas.com.br\/direto-do-rio\/wp-content\/uploads\/sites\/13\/2015\/08\/foto-6-1024x683.jpg 1024w, https:\/\/blog.panrotas.com.br\/direto-do-rio\/wp-content\/uploads\/sites\/13\/2015\/08\/foto-6-300x200.jpg 300w, https:\/\/blog.panrotas.com.br\/direto-do-rio\/wp-content\/uploads\/sites\/13\/2015\/08\/foto-6-768x512.jpg 768w, https:\/\/blog.panrotas.com.br\/direto-do-rio\/wp-content\/uploads\/sites\/13\/2015\/08\/foto-6-1568x1045.jpg 1568w\" sizes=\"(max-width: 450px) 100vw, 450px\" \/><\/a><figcaption id=\"caption-attachment-19\" class=\"wp-caption-text\">No terra\u00e7o do MAR \/ Foto: Carla Lencastre<\/figcaption><\/figure>\n<p>O Mau\u00e1, no terra\u00e7o, tem card\u00e1pio de cozinha brasileira, com past\u00e9is de queijo Minas curado; escondidinho de rabada com banana da terra; mexido de carne de sol com feij\u00e3o verde, queijo coalho e couve; arroz doce. Do terra\u00e7o, al\u00e9m da vista panor\u00e2mica para a pra\u00e7a, o Museu do Amanh\u00e3, a ponte Rio-Niter\u00f3i e, no ver\u00e3o, os navios de cruzeiros, \u00e9 poss\u00edvel ver parte do Morro da Concei\u00e7\u00e3o. D\u00e1 para combinar um passeio pelas ador\u00e1veis ruelas do morro com a visita \u00e0 Pra\u00e7a Mau\u00e1. Mas este j\u00e1 \u00e9 \u00a0assunto para outro post.<\/p>\n<figure id=\"attachment_20\" aria-describedby=\"caption-attachment-20\" style=\"width: 450px\" class=\"wp-caption aligncenter\"><a href=\"http:\/\/panrotas.blog.br\/direto-do-rio\/wp-content\/uploads\/sites\/13\/2015\/08\/foto-7.jpg\"><img loading=\"lazy\" class=\"size-large wp-image-20\" src=\"http:\/\/panrotas.blog.br\/direto-do-rio\/wp-content\/uploads\/sites\/13\/2015\/08\/foto-7-1024x683.jpg\" alt=\"Morro da Concei\u00e7\u00e3o visto do MAR\" width=\"450\" height=\"300\" srcset=\"https:\/\/blog.panrotas.com.br\/direto-do-rio\/wp-content\/uploads\/sites\/13\/2015\/08\/foto-7-1024x683.jpg 1024w, https:\/\/blog.panrotas.com.br\/direto-do-rio\/wp-content\/uploads\/sites\/13\/2015\/08\/foto-7-300x200.jpg 300w, https:\/\/blog.panrotas.com.br\/direto-do-rio\/wp-content\/uploads\/sites\/13\/2015\/08\/foto-7-768x512.jpg 768w, https:\/\/blog.panrotas.com.br\/direto-do-rio\/wp-content\/uploads\/sites\/13\/2015\/08\/foto-7-1568x1045.jpg 1568w\" sizes=\"(max-width: 450px) 100vw, 450px\" \/><\/a><figcaption id=\"caption-attachment-20\" class=\"wp-caption-text\">Casas do Morro da Concei\u00e7\u00e3o vistas do MAR \/ Foto: Carla Lencastre<\/figcaption><\/figure>\n<p>Detalhe importante: as novas \u00e1rvores da pra\u00e7a ainda v\u00e3o demorar a dar sombra. Ent\u00e3o protetor solar e uma garrafinha de \u00e1gua s\u00e3o fundamentais para a parte ao livre do passeio. Mesmo no, digamos, inverno carioca.<\/p>\n<p><strong>Museu de Arte do Rio (MAR):<\/strong> Aberto de ter\u00e7a-feira a domingo, das 10h \u00e0s 17h. Ingresso: R$ 8. \u00c0s ter\u00e7as, a entrada \u00e9 franca. A exposi\u00e7\u00e3o\u00a0\u201cTarsila e mulheres modernas no Rio\u201d pode ser vista at\u00e9 20 de setembro. Pra\u00e7a Mau\u00e1 5. Tel. +21 3031-2741. <a href=\"http:\/\/www.museudeartedorio.org.br\/pt-br\">MuseudeArtedoRio.org.br<\/a><\/p>\n","protected":false},"excerpt":{"rendered":"<p>Daqui a exatamente um ano, quando come\u00e7arem os Jogos Ol\u00edmpicos de 2016, o Rio de Janeiro ser\u00e1 uma cidade muito diferente do que \u00e9 hoje. Para receber 10.500 atletas de 205 pa\u00edses, al\u00e9m de milhares de visitantes, o Rio est\u00e1 em reconstru\u00e7\u00e3o. E \u00e9 dif\u00edcil n\u00e3o se emocionar quando novos panoramas v\u00e3o se revelando em&hellip; <a class=\"more-link\" href=\"https:\/\/blog.panrotas.com.br\/direto-do-rio\/2015\/08\/05\/contagem-regressiva\/\">Continue reading &rarr;<\/a><\/p>\n","protected":false},"author":16,"featured_media":0,"comment_status":"open","ping_status":"open","sticky":false,"template":"","format":"standard","meta":{"spay_email":""},"categories":[2],"tags":[9,19,22,23,26],"yoast_head":"<!-- This site is optimized with the Yoast SEO plugin v17.3 - https:\/\/yoast.com\/wordpress\/plugins\/seo\/ -->\n<title>Contagem regressiva - Direto do Rio<\/title>\n<meta name=\"robots\" content=\"index, follow, max-snippet:-1, max-image-preview:large, max-video-preview:-1\" \/>\n<link rel=\"canonical\" href=\"https:\/\/blog.panrotas.com.br\/direto-do-rio\/2015\/08\/05\/contagem-regressiva\/\" \/>\n<meta property=\"og:locale\" content=\"pt_BR\" \/>\n<meta property=\"og:type\" content=\"article\" \/>\n<meta property=\"og:title\" content=\"Contagem regressiva - Direto do Rio\" \/>\n<meta property=\"og:description\" content=\"Daqui a exatamente um ano, quando come\u00e7arem os Jogos Ol\u00edmpicos de 2016, o Rio de Janeiro ser\u00e1 uma cidade muito diferente do que \u00e9 hoje. Para receber 10.500 atletas de 205 pa\u00edses, al\u00e9m de milhares de visitantes, o Rio est\u00e1 em reconstru\u00e7\u00e3o. E \u00e9 dif\u00edcil n\u00e3o se emocionar quando novos panoramas v\u00e3o se revelando em&hellip; Continue reading &rarr;\" \/>\n<meta property=\"og:url\" content=\"https:\/\/blog.panrotas.com.br\/direto-do-rio\/2015\/08\/05\/contagem-regressiva\/\" \/>\n<meta property=\"og:site_name\" content=\"Direto do Rio\" \/>\n<meta property=\"article:published_time\" content=\"2015-08-05T14:22:03+00:00\" \/>\n<meta property=\"og:image\" content=\"http:\/\/panrotas.blog.br\/direto-do-rio\/wp-content\/uploads\/sites\/13\/2015\/08\/foto-3-1024x683.jpg\" \/>\n<meta name=\"twitter:card\" content=\"summary_large_image\" \/>\n<meta name=\"twitter:label1\" content=\"Escrito por\" \/>\n\t<meta name=\"twitter:data1\" content=\"Carla Lencastre\" \/>\n\t<meta name=\"twitter:label2\" content=\"Est. tempo de leitura\" \/>\n\t<meta name=\"twitter:data2\" content=\"3 minutos\" \/>\n<script type=\"application\/ld+json\" class=\"yoast-schema-graph\">{\"@context\":\"https:\/\/schema.org\",\"@graph\":[{\"@type\":\"WebSite\",\"@id\":\"https:\/\/blog.panrotas.com.br\/direto-do-rio\/#website\",\"url\":\"https:\/\/blog.panrotas.com.br\/direto-do-rio\/\",\"name\":\"Direto do Rio\",\"description\":\"Blogosfera PANROTAS\",\"potentialAction\":[{\"@type\":\"SearchAction\",\"target\":{\"@type\":\"EntryPoint\",\"urlTemplate\":\"https:\/\/blog.panrotas.com.br\/direto-do-rio\/?s={search_term_string}\"},\"query-input\":\"required name=search_term_string\"}],\"inLanguage\":\"pt-BR\"},{\"@type\":\"ImageObject\",\"@id\":\"https:\/\/blog.panrotas.com.br\/direto-do-rio\/2015\/08\/05\/contagem-regressiva\/#primaryimage\",\"inLanguage\":\"pt-BR\",\"url\":\"http:\/\/panrotas.blog.br\/direto-do-rio\/wp-content\/uploads\/sites\/13\/2015\/08\/foto-3-1024x683.jpg\",\"contentUrl\":\"http:\/\/panrotas.blog.br\/direto-do-rio\/wp-content\/uploads\/sites\/13\/2015\/08\/foto-3-1024x683.jpg\"},{\"@type\":\"WebPage\",\"@id\":\"https:\/\/blog.panrotas.com.br\/direto-do-rio\/2015\/08\/05\/contagem-regressiva\/#webpage\",\"url\":\"https:\/\/blog.panrotas.com.br\/direto-do-rio\/2015\/08\/05\/contagem-regressiva\/\",\"name\":\"Contagem regressiva - Direto do Rio\",\"isPartOf\":{\"@id\":\"https:\/\/blog.panrotas.com.br\/direto-do-rio\/#website\"},\"primaryImageOfPage\":{\"@id\":\"https:\/\/blog.panrotas.com.br\/direto-do-rio\/2015\/08\/05\/contagem-regressiva\/#primaryimage\"},\"datePublished\":\"2015-08-05T14:22:03+00:00\",\"dateModified\":\"2015-08-05T14:22:03+00:00\",\"author\":{\"@id\":\"https:\/\/blog.panrotas.com.br\/direto-do-rio\/#\/schema\/person\/352af1dec5c74b0126eec2e7a1367b60\"},\"breadcrumb\":{\"@id\":\"https:\/\/blog.panrotas.com.br\/direto-do-rio\/2015\/08\/05\/contagem-regressiva\/#breadcrumb\"},\"inLanguage\":\"pt-BR\",\"potentialAction\":[{\"@type\":\"ReadAction\",\"target\":[\"https:\/\/blog.panrotas.com.br\/direto-do-rio\/2015\/08\/05\/contagem-regressiva\/\"]}]},{\"@type\":\"BreadcrumbList\",\"@id\":\"https:\/\/blog.panrotas.com.br\/direto-do-rio\/2015\/08\/05\/contagem-regressiva\/#breadcrumb\",\"itemListElement\":[{\"@type\":\"ListItem\",\"position\":1,\"name\":\"In\\u00edcio\",\"item\":\"https:\/\/blog.panrotas.com.br\/direto-do-rio\/\"},{\"@type\":\"ListItem\",\"position\":2,\"name\":\"Contagem regressiva\"}]},{\"@type\":\"Person\",\"@id\":\"https:\/\/blog.panrotas.com.br\/direto-do-rio\/#\/schema\/person\/352af1dec5c74b0126eec2e7a1367b60\",\"name\":\"Carla Lencastre\",\"image\":{\"@type\":\"ImageObject\",\"@id\":\"https:\/\/blog.panrotas.com.br\/direto-do-rio\/#personlogo\",\"inLanguage\":\"pt-BR\",\"url\":\"https:\/\/secure.gravatar.com\/avatar\/cf94ae201e56b12809e8238685ea9d29?s=96&d=mm&r=g\",\"contentUrl\":\"https:\/\/secure.gravatar.com\/avatar\/cf94ae201e56b12809e8238685ea9d29?s=96&d=mm&r=g\",\"caption\":\"Carla Lencastre\"},\"description\":\"Jornalista formada pela Universidade Federal Fluminense (UFF), Carla Lencastre trabalhou por mais de 25 anos na reda\\u00e7\\u00e3o do jornal O Globo nas \\u00e1reas de Comportamento, Cultura, Educa\\u00e7\\u00e3o e Turismo. Editou a revista e o site Boa Viagem O Globo por mais de uma d\\u00e9cada e conquistou v\\u00e1rios pr\\u00eamios do setor. Em 2020 foi eleita uma das 100 pessoas mais influentes do turismo no Brasil pelo ranking Panrotas+Elo. Desde 2015 escreve para diversas publica\\u00e7\\u00f5es, entre elas O Globo, Panrotas e #Colabora,\\u00a0site de jornalismo independente voltado para o desenvolvimento sustent\\u00e1vel, onde assina uma coluna sobre viagens do ponto de vista de diversidade, inclus\\u00e3o, regenera\\u00e7\\u00e3o e sustentabilidade. Ama viajar e anda mundo afora em busca de boas hist\\u00f3rias desde sempre. \\u00c9 carioca de mar e bar. Gosta de dias nublados. Est\\u00e1 no Instagram e no Twitter em\\u00a0@CarlaLencastre\\u00a0\",\"sameAs\":[\"http:\/\/carlalencastre.com\"],\"url\":\"https:\/\/blog.panrotas.com.br\/direto-do-rio\/author\/carla\/\"}]}<\/script>\n<!-- \/ Yoast SEO plugin. -->","yoast_head_json":{"title":"Contagem regressiva - Direto do Rio","robots":{"index":"index","follow":"follow","max-snippet":"max-snippet:-1","max-image-preview":"max-image-preview:large","max-video-preview":"max-video-preview:-1"},"canonical":"https:\/\/blog.panrotas.com.br\/direto-do-rio\/2015\/08\/05\/contagem-regressiva\/","og_locale":"pt_BR","og_type":"article","og_title":"Contagem regressiva - Direto do Rio","og_description":"Daqui a exatamente um ano, quando come\u00e7arem os Jogos Ol\u00edmpicos de 2016, o Rio de Janeiro ser\u00e1 uma cidade muito diferente do que \u00e9 hoje. Para receber 10.500 atletas de 205 pa\u00edses, al\u00e9m de milhares de visitantes, o Rio est\u00e1 em reconstru\u00e7\u00e3o. E \u00e9 dif\u00edcil n\u00e3o se emocionar quando novos panoramas v\u00e3o se revelando em&hellip; Continue reading &rarr;","og_url":"https:\/\/blog.panrotas.com.br\/direto-do-rio\/2015\/08\/05\/contagem-regressiva\/","og_site_name":"Direto do Rio","article_published_time":"2015-08-05T14:22:03+00:00","og_image":[{"url":"http:\/\/panrotas.blog.br\/direto-do-rio\/wp-content\/uploads\/sites\/13\/2015\/08\/foto-3-1024x683.jpg"}],"twitter_card":"summary_large_image","twitter_misc":{"Escrito por":"Carla Lencastre","Est. tempo de leitura":"3 minutos"},"schema":{"@context":"https:\/\/schema.org","@graph":[{"@type":"WebSite","@id":"https:\/\/blog.panrotas.com.br\/direto-do-rio\/#website","url":"https:\/\/blog.panrotas.com.br\/direto-do-rio\/","name":"Direto do Rio","description":"Blogosfera PANROTAS","potentialAction":[{"@type":"SearchAction","target":{"@type":"EntryPoint","urlTemplate":"https:\/\/blog.panrotas.com.br\/direto-do-rio\/?s={search_term_string}"},"query-input":"required name=search_term_string"}],"inLanguage":"pt-BR"},{"@type":"ImageObject","@id":"https:\/\/blog.panrotas.com.br\/direto-do-rio\/2015\/08\/05\/contagem-regressiva\/#primaryimage","inLanguage":"pt-BR","url":"http:\/\/panrotas.blog.br\/direto-do-rio\/wp-content\/uploads\/sites\/13\/2015\/08\/foto-3-1024x683.jpg","contentUrl":"http:\/\/panrotas.blog.br\/direto-do-rio\/wp-content\/uploads\/sites\/13\/2015\/08\/foto-3-1024x683.jpg"},{"@type":"WebPage","@id":"https:\/\/blog.panrotas.com.br\/direto-do-rio\/2015\/08\/05\/contagem-regressiva\/#webpage","url":"https:\/\/blog.panrotas.com.br\/direto-do-rio\/2015\/08\/05\/contagem-regressiva\/","name":"Contagem regressiva - Direto do Rio","isPartOf":{"@id":"https:\/\/blog.panrotas.com.br\/direto-do-rio\/#website"},"primaryImageOfPage":{"@id":"https:\/\/blog.panrotas.com.br\/direto-do-rio\/2015\/08\/05\/contagem-regressiva\/#primaryimage"},"datePublished":"2015-08-05T14:22:03+00:00","dateModified":"2015-08-05T14:22:03+00:00","author":{"@id":"https:\/\/blog.panrotas.com.br\/direto-do-rio\/#\/schema\/person\/352af1dec5c74b0126eec2e7a1367b60"},"breadcrumb":{"@id":"https:\/\/blog.panrotas.com.br\/direto-do-rio\/2015\/08\/05\/contagem-regressiva\/#breadcrumb"},"inLanguage":"pt-BR","potentialAction":[{"@type":"ReadAction","target":["https:\/\/blog.panrotas.com.br\/direto-do-rio\/2015\/08\/05\/contagem-regressiva\/"]}]},{"@type":"BreadcrumbList","@id":"https:\/\/blog.panrotas.com.br\/direto-do-rio\/2015\/08\/05\/contagem-regressiva\/#breadcrumb","itemListElement":[{"@type":"ListItem","position":1,"name":"In\u00edcio","item":"https:\/\/blog.panrotas.com.br\/direto-do-rio\/"},{"@type":"ListItem","position":2,"name":"Contagem regressiva"}]},{"@type":"Person","@id":"https:\/\/blog.panrotas.com.br\/direto-do-rio\/#\/schema\/person\/352af1dec5c74b0126eec2e7a1367b60","name":"Carla Lencastre","image":{"@type":"ImageObject","@id":"https:\/\/blog.panrotas.com.br\/direto-do-rio\/#personlogo","inLanguage":"pt-BR","url":"https:\/\/secure.gravatar.com\/avatar\/cf94ae201e56b12809e8238685ea9d29?s=96&d=mm&r=g","contentUrl":"https:\/\/secure.gravatar.com\/avatar\/cf94ae201e56b12809e8238685ea9d29?s=96&d=mm&r=g","caption":"Carla Lencastre"},"description":"Jornalista formada pela Universidade Federal Fluminense (UFF), Carla Lencastre trabalhou por mais de 25 anos na reda\u00e7\u00e3o do jornal O Globo nas \u00e1reas de Comportamento, Cultura, Educa\u00e7\u00e3o e Turismo. Editou a revista e o site Boa Viagem O Globo por mais de uma d\u00e9cada e conquistou v\u00e1rios pr\u00eamios do setor. Em 2020 foi eleita uma das 100 pessoas mais influentes do turismo no Brasil pelo ranking Panrotas+Elo. Desde 2015 escreve para diversas publica\u00e7\u00f5es, entre elas O Globo, Panrotas e #Colabora,\u00a0site de jornalismo independente voltado para o desenvolvimento sustent\u00e1vel, onde assina uma coluna sobre viagens do ponto de vista de diversidade, inclus\u00e3o, regenera\u00e7\u00e3o e sustentabilidade. Ama viajar e anda mundo afora em busca de boas hist\u00f3rias desde sempre. \u00c9 carioca de mar e bar. Gosta de dias nublados. Est\u00e1 no Instagram e no Twitter em\u00a0@CarlaLencastre\u00a0","sameAs":["http:\/\/carlalencastre.com"],"url":"https:\/\/blog.panrotas.com.br\/direto-do-rio\/author\/carla\/"}]}},"jetpack_featured_media_url":"","_links":{"self":[{"href":"https:\/\/blog.panrotas.com.br\/direto-do-rio\/wp-json\/wp\/v2\/posts\/14"}],"collection":[{"href":"https:\/\/blog.panrotas.com.br\/direto-do-rio\/wp-json\/wp\/v2\/posts"}],"about":[{"href":"https:\/\/blog.panrotas.com.br\/direto-do-rio\/wp-json\/wp\/v2\/types\/post"}],"author":[{"embeddable":true,"href":"https:\/\/blog.panrotas.com.br\/direto-do-rio\/wp-json\/wp\/v2\/users\/16"}],"replies":[{"embeddable":true,"href":"https:\/\/blog.panrotas.com.br\/direto-do-rio\/wp-json\/wp\/v2\/comments?post=14"}],"version-history":[{"count":0,"href":"https:\/\/blog.panrotas.com.br\/direto-do-rio\/wp-json\/wp\/v2\/posts\/14\/revisions"}],"wp:attachment":[{"href":"https:\/\/blog.panrotas.com.br\/direto-do-rio\/wp-json\/wp\/v2\/media?parent=14"}],"wp:term":[{"taxonomy":"category","embeddable":true,"href":"https:\/\/blog.panrotas.com.br\/direto-do-rio\/wp-json\/wp\/v2\/categories?post=14"},{"taxonomy":"post_tag","embeddable":true,"href":"https:\/\/blog.panrotas.com.br\/direto-do-rio\/wp-json\/wp\/v2\/tags?post=14"}],"curies":[{"name":"wp","href":"https:\/\/api.w.org\/{rel}","templated":true}]}}