{"id":147,"date":"2015-09-11T21:45:45","date_gmt":"2015-09-12T00:45:45","guid":{"rendered":"http:\/\/blog.panrotas.com.br\/direto-do-rio\/?p=147"},"modified":"2015-09-11T21:45:45","modified_gmt":"2015-09-12T00:45:45","slug":"a-nova-praca-maua-e-a-artrio","status":"publish","type":"post","link":"https:\/\/blog.panrotas.com.br\/direto-do-rio\/2015\/09\/11\/a-nova-praca-maua-e-a-artrio\/","title":{"rendered":"A nova Pra\u00e7a Mau\u00e1 e a ArtRio"},"content":{"rendered":"<figure id=\"attachment_149\" aria-describedby=\"caption-attachment-149\" style=\"width: 450px\" class=\"wp-caption aligncenter\"><a href=\"http:\/\/panrotas.blog.br\/direto-do-rio\/wp-content\/uploads\/sites\/13\/2015\/09\/foto-10.jpg\"><img loading=\"lazy\" class=\"size-large wp-image-149\" src=\"http:\/\/panrotas.blog.br\/direto-do-rio\/wp-content\/uploads\/sites\/13\/2015\/09\/foto-10-1024x683.jpg\" alt=\"A nova Pra\u00e7a Mau\u00e1 vista do terra\u00e7o do MAR \/ Foto de Carla Lencastre\" width=\"450\" height=\"300\" srcset=\"https:\/\/blog.panrotas.com.br\/direto-do-rio\/wp-content\/uploads\/sites\/13\/2015\/09\/foto-10-1024x683.jpg 1024w, https:\/\/blog.panrotas.com.br\/direto-do-rio\/wp-content\/uploads\/sites\/13\/2015\/09\/foto-10-300x200.jpg 300w, https:\/\/blog.panrotas.com.br\/direto-do-rio\/wp-content\/uploads\/sites\/13\/2015\/09\/foto-10-768x512.jpg 768w, https:\/\/blog.panrotas.com.br\/direto-do-rio\/wp-content\/uploads\/sites\/13\/2015\/09\/foto-10-1568x1045.jpg 1568w\" sizes=\"(max-width: 450px) 100vw, 450px\" \/><\/a><figcaption id=\"caption-attachment-149\" class=\"wp-caption-text\">A Pra\u00e7a Mau\u00e1 vista do terra\u00e7o do MAR \/ Foto de Carla Lencastre<\/figcaption><\/figure>\n<p>A reinaugura\u00e7\u00e3o da Pra\u00e7a Mau\u00e1, na \u00e1rea\u00a0portu\u00e1ria, domingo passado, foi o \u201ctalk of the town\u201d da semana no Rio. Vi tantas fotos nas redes sociais, que a sensa\u00e7\u00e3o que tenho \u00e9 que todo mundo que conhe\u00e7o, e que estava no Rio, deu uma passadinha por l\u00e1. Estive na regi\u00e3o h\u00e1 pouco mais de um m\u00eas para escrever o <a href=\"http:\/\/blog.panrotas.com.br\/direto-do-rio\/index.php\/2015\/08\/05\/contagem-regressiva\/\">post inaugural deste blog<\/a>. E voltei ontem, como tinha prometido <a href=\"http:\/\/blog.panrotas.com.br\/direto-do-rio\/index.php\/2015\/09\/08\/deu-no-new-york-times\/\">aqui<\/a>.<\/p>\n<figure id=\"attachment_150\" aria-describedby=\"caption-attachment-150\" style=\"width: 450px\" class=\"wp-caption aligncenter\"><a href=\"http:\/\/panrotas.blog.br\/direto-do-rio\/wp-content\/uploads\/sites\/13\/2015\/09\/034a.jpg\"><img loading=\"lazy\" class=\"size-large wp-image-150\" src=\"http:\/\/panrotas.blog.br\/direto-do-rio\/wp-content\/uploads\/sites\/13\/2015\/09\/034a-1024x683.jpg\" alt=\"A entrada do Museu do Amanh\u00e3 \/ Foto de Carla Lencastre\" width=\"450\" height=\"300\" srcset=\"https:\/\/blog.panrotas.com.br\/direto-do-rio\/wp-content\/uploads\/sites\/13\/2015\/09\/034a-1024x683.jpg 1024w, https:\/\/blog.panrotas.com.br\/direto-do-rio\/wp-content\/uploads\/sites\/13\/2015\/09\/034a-300x200.jpg 300w, https:\/\/blog.panrotas.com.br\/direto-do-rio\/wp-content\/uploads\/sites\/13\/2015\/09\/034a-768x512.jpg 768w, https:\/\/blog.panrotas.com.br\/direto-do-rio\/wp-content\/uploads\/sites\/13\/2015\/09\/034a-1568x1045.jpg 1568w\" sizes=\"(max-width: 450px) 100vw, 450px\" \/><\/a><figcaption id=\"caption-attachment-150\" class=\"wp-caption-text\">A entrada do Museu do Amanh\u00e3 \/ Foto de Carla Lencastre<\/figcaption><\/figure>\n<p>Deu um baita orgulho. O Museu do Amanh\u00e3, projeto do arquiteto espanhol Santiago Calatrava, est\u00e1 na reta final. Os oper\u00e1rios continuam trabalhando, mas os tapumes que encobriam parte da fachada foram retirados. Tamb\u00e9m j\u00e1 \u00e9 poss\u00edvel vislumbrar o caminho da Orla Luiz Paulo Conde, que vai ligar as pra\u00e7as Mau\u00e1 e Quinze, margeando a Ba\u00eda de Guanabara.<\/p>\n<figure id=\"attachment_151\" aria-describedby=\"caption-attachment-151\" style=\"width: 300px\" class=\"wp-caption aligncenter\"><a href=\"http:\/\/panrotas.blog.br\/direto-do-rio\/wp-content\/uploads\/sites\/13\/2015\/09\/foto-11.jpg\"><img loading=\"lazy\" class=\"size-medium wp-image-151\" src=\"http:\/\/panrotas.blog.br\/direto-do-rio\/wp-content\/uploads\/sites\/13\/2015\/09\/foto-11-300x200.jpg\" alt=\"Espelho d'\u00e1gua na lateral do Amanh\u00e2 \/ Foto de Carla Lencastre\" width=\"300\" height=\"200\" srcset=\"https:\/\/blog.panrotas.com.br\/direto-do-rio\/wp-content\/uploads\/sites\/13\/2015\/09\/foto-11-300x200.jpg 300w, https:\/\/blog.panrotas.com.br\/direto-do-rio\/wp-content\/uploads\/sites\/13\/2015\/09\/foto-11-768x512.jpg 768w, https:\/\/blog.panrotas.com.br\/direto-do-rio\/wp-content\/uploads\/sites\/13\/2015\/09\/foto-11-1024x683.jpg 1024w, https:\/\/blog.panrotas.com.br\/direto-do-rio\/wp-content\/uploads\/sites\/13\/2015\/09\/foto-11-1568x1045.jpg 1568w\" sizes=\"(max-width: 300px) 100vw, 300px\" \/><\/a><figcaption id=\"caption-attachment-151\" class=\"wp-caption-text\">Espelho d&#8217;\u00e1gua no Amanh\u00e2 \/ Foto de Carla Lencastre<\/figcaption><\/figure>\n<figure id=\"attachment_152\" aria-describedby=\"caption-attachment-152\" style=\"width: 300px\" class=\"wp-caption aligncenter\"><a href=\"http:\/\/panrotas.blog.br\/direto-do-rio\/wp-content\/uploads\/sites\/13\/2015\/09\/foto-12.jpg\"><img loading=\"lazy\" class=\"size-medium wp-image-152\" src=\"http:\/\/panrotas.blog.br\/direto-do-rio\/wp-content\/uploads\/sites\/13\/2015\/09\/foto-12-300x200.jpg\" alt=\"Detalhe do pr\u00e9dio do novo museu \/ Foto de Carla Lencastre\" width=\"300\" height=\"200\" srcset=\"https:\/\/blog.panrotas.com.br\/direto-do-rio\/wp-content\/uploads\/sites\/13\/2015\/09\/foto-12-300x200.jpg 300w, https:\/\/blog.panrotas.com.br\/direto-do-rio\/wp-content\/uploads\/sites\/13\/2015\/09\/foto-12-768x512.jpg 768w, https:\/\/blog.panrotas.com.br\/direto-do-rio\/wp-content\/uploads\/sites\/13\/2015\/09\/foto-12-1024x683.jpg 1024w, https:\/\/blog.panrotas.com.br\/direto-do-rio\/wp-content\/uploads\/sites\/13\/2015\/09\/foto-12-1568x1045.jpg 1568w\" sizes=\"(max-width: 300px) 100vw, 300px\" \/><\/a><figcaption id=\"caption-attachment-152\" class=\"wp-caption-text\">Detalhe do pr\u00e9dio do novo museu \/ Foto de Carla Lencastre<\/figcaption><\/figure>\n<figure id=\"attachment_153\" aria-describedby=\"caption-attachment-153\" style=\"width: 300px\" class=\"wp-caption aligncenter\"><a href=\"http:\/\/panrotas.blog.br\/direto-do-rio\/wp-content\/uploads\/sites\/13\/2015\/09\/foto-13.jpg\"><img loading=\"lazy\" class=\"size-medium wp-image-153\" src=\"http:\/\/panrotas.blog.br\/direto-do-rio\/wp-content\/uploads\/sites\/13\/2015\/09\/foto-13-300x200.jpg\" alt=\"A Pra\u00e7a Mau\u00e1 vista do Amanh\u00e3 \/ Foto de Carla Lencastre\" width=\"300\" height=\"200\" srcset=\"https:\/\/blog.panrotas.com.br\/direto-do-rio\/wp-content\/uploads\/sites\/13\/2015\/09\/foto-13-300x200.jpg 300w, https:\/\/blog.panrotas.com.br\/direto-do-rio\/wp-content\/uploads\/sites\/13\/2015\/09\/foto-13-768x512.jpg 768w, https:\/\/blog.panrotas.com.br\/direto-do-rio\/wp-content\/uploads\/sites\/13\/2015\/09\/foto-13-1024x683.jpg 1024w, https:\/\/blog.panrotas.com.br\/direto-do-rio\/wp-content\/uploads\/sites\/13\/2015\/09\/foto-13-1568x1045.jpg 1568w\" sizes=\"(max-width: 300px) 100vw, 300px\" \/><\/a><figcaption id=\"caption-attachment-153\" class=\"wp-caption-text\">A Pra\u00e7a Mau\u00e1 vista do Amanh\u00e3 \/ Foto de Carla Lencastre<\/figcaption><\/figure>\n<p>No trecho mais perto do mar e do Amanh\u00e3, letras gigantes formam a hashtag Cidade Ol\u00edmpica (#cidadeolimpica), e est\u00e3o disputad\u00edssimas para fotos.<\/p>\n<figure id=\"attachment_155\" aria-describedby=\"caption-attachment-155\" style=\"width: 450px\" class=\"wp-caption aligncenter\"><a href=\"http:\/\/panrotas.blog.br\/direto-do-rio\/wp-content\/uploads\/sites\/13\/2015\/09\/foto-14.jpg\"><img loading=\"lazy\" class=\"size-large wp-image-155\" src=\"http:\/\/panrotas.blog.br\/direto-do-rio\/wp-content\/uploads\/sites\/13\/2015\/09\/foto-14-1024x683.jpg\" alt=\"#cidadeolimpica \/ Foto de Carla Lencastre \" width=\"450\" height=\"300\" srcset=\"https:\/\/blog.panrotas.com.br\/direto-do-rio\/wp-content\/uploads\/sites\/13\/2015\/09\/foto-14-1024x683.jpg 1024w, https:\/\/blog.panrotas.com.br\/direto-do-rio\/wp-content\/uploads\/sites\/13\/2015\/09\/foto-14-300x200.jpg 300w, https:\/\/blog.panrotas.com.br\/direto-do-rio\/wp-content\/uploads\/sites\/13\/2015\/09\/foto-14-768x512.jpg 768w, https:\/\/blog.panrotas.com.br\/direto-do-rio\/wp-content\/uploads\/sites\/13\/2015\/09\/foto-14-1568x1045.jpg 1568w\" sizes=\"(max-width: 450px) 100vw, 450px\" \/><\/a><figcaption id=\"caption-attachment-155\" class=\"wp-caption-text\">#cidadeolimpica \/ Foto de Carla Lencastre<\/figcaption><\/figure>\n<p><a href=\"http:\/\/blog.panrotas.com.br\/direto-do-rio\/index.php\/2015\/09\/08\/deu-no-new-york-times\/\">No post anterior<\/a>, e tamb\u00e9m no <a href=\"https:\/\/www.facebook.com\/OOlharNomade\">facebook<\/a>, algumas pessoas comentaram que sentiam falta de mais \u00e1rvores na pra\u00e7a. Paisagismo \u00e9 uma arte em quatro dimens\u00f5es. As plantas est\u00e3o l\u00e1, mas \u00e9 preciso tempo para que se transformem em \u00e1rvores. O piso da pra\u00e7a entre a est\u00e1tua (restaurada) do Visconde Mau\u00e1 e a ba\u00eda alterna placas de granito e placas de grama. H\u00e1 um bonito jardim florido\u00a0em frente ao Museu de Arte do Rio (MAR), na \u00e1rea\u00a0mais distante da ba\u00eda.<\/p>\n<figure id=\"attachment_156\" aria-describedby=\"caption-attachment-156\" style=\"width: 450px\" class=\"wp-caption aligncenter\"><a href=\"http:\/\/panrotas.blog.br\/direto-do-rio\/wp-content\/uploads\/sites\/13\/2015\/09\/foto-15.jpg\"><img loading=\"lazy\" class=\"size-large wp-image-156\" src=\"http:\/\/panrotas.blog.br\/direto-do-rio\/wp-content\/uploads\/sites\/13\/2015\/09\/foto-15-1024x683.jpg\" alt=\"As flores e o MAR \/ Foto de Carla Lencastre\" width=\"450\" height=\"300\" srcset=\"https:\/\/blog.panrotas.com.br\/direto-do-rio\/wp-content\/uploads\/sites\/13\/2015\/09\/foto-15-1024x683.jpg 1024w, https:\/\/blog.panrotas.com.br\/direto-do-rio\/wp-content\/uploads\/sites\/13\/2015\/09\/foto-15-300x200.jpg 300w, https:\/\/blog.panrotas.com.br\/direto-do-rio\/wp-content\/uploads\/sites\/13\/2015\/09\/foto-15-768x512.jpg 768w, https:\/\/blog.panrotas.com.br\/direto-do-rio\/wp-content\/uploads\/sites\/13\/2015\/09\/foto-15-1568x1046.jpg 1568w\" sizes=\"(max-width: 450px) 100vw, 450px\" \/><\/a><figcaption id=\"caption-attachment-156\" class=\"wp-caption-text\">As flores e o MAR \/ Foto de Carla Lencastre<\/figcaption><\/figure>\n<p>As \u00e1rvores frondosas das avenidas Rio Branco e Venezuela ganharam uma linda ilumina\u00e7\u00e3o noturna, com gotas de luz. Mas\u00a0a Pra\u00e7a Mau\u00e1 vai ser um lugar fresquinho para passear daqui a uns meses, quando os term\u00f4metros estiverem em torno dos 40C? N\u00e3o, n\u00e3o vai. Use roupas e cal\u00e7ados confort\u00e1veis, passe protetor solar e leve \u00e1gua e chap\u00e9u.<\/p>\n<figure id=\"attachment_157\" aria-describedby=\"caption-attachment-157\" style=\"width: 450px\" class=\"wp-caption aligncenter\"><a href=\"http:\/\/panrotas.blog.br\/direto-do-rio\/wp-content\/uploads\/sites\/13\/2015\/09\/foto-16.jpg\"><img loading=\"lazy\" class=\"size-large wp-image-157\" src=\"http:\/\/panrotas.blog.br\/direto-do-rio\/wp-content\/uploads\/sites\/13\/2015\/09\/foto-16-1024x683.jpg\" alt=\"Futuras \u00e1rvores da Pra\u00e7a Mau\u00e1 \/ Foto de Carla Lencastre\" width=\"450\" height=\"300\" srcset=\"https:\/\/blog.panrotas.com.br\/direto-do-rio\/wp-content\/uploads\/sites\/13\/2015\/09\/foto-16-1024x683.jpg 1024w, https:\/\/blog.panrotas.com.br\/direto-do-rio\/wp-content\/uploads\/sites\/13\/2015\/09\/foto-16-300x200.jpg 300w, https:\/\/blog.panrotas.com.br\/direto-do-rio\/wp-content\/uploads\/sites\/13\/2015\/09\/foto-16-768x512.jpg 768w, https:\/\/blog.panrotas.com.br\/direto-do-rio\/wp-content\/uploads\/sites\/13\/2015\/09\/foto-16-1568x1046.jpg 1568w\" sizes=\"(max-width: 450px) 100vw, 450px\" \/><\/a><figcaption id=\"caption-attachment-157\" class=\"wp-caption-text\">Futuras \u00e1rvores da pra\u00e7a e a est\u00e1tua de Mau\u00e1 \/ Foto de Carla Lencastre<\/figcaption><\/figure>\n<p>Ainda n\u00e3o se sabe o que ser\u00e1 o Amanh\u00e3, mas o MAR funciona plenamente h\u00e1 mais de dois anos e oferece uma das melhores vistas para a pra\u00e7a. Para chegar ao terra\u00e7o coberto, onde fica tamb\u00e9m o \u00f3timo Bistr\u00f4 Mau\u00e1, n\u00e3o \u00e9 preciso ter ingresso. Entre o MAR e o Amanh\u00e3, encontra-se\u00a0o Pier Mau\u00e1, o terminal de cruzeiros do Rio. Ou seja, a nova pra\u00e7a ser\u00e1 o primeiro cart\u00e3o-postal carioca visto pelos passageiros dos navios j\u00e1 na pr\u00f3xima temporada.<\/p>\n<figure id=\"attachment_158\" aria-describedby=\"caption-attachment-158\" style=\"width: 450px\" class=\"wp-caption aligncenter\"><a href=\"http:\/\/panrotas.blog.br\/direto-do-rio\/wp-content\/uploads\/sites\/13\/2015\/09\/foto-17.jpg\"><img loading=\"lazy\" class=\"size-large wp-image-158\" src=\"http:\/\/panrotas.blog.br\/direto-do-rio\/wp-content\/uploads\/sites\/13\/2015\/09\/foto-17-1024x683.jpg\" alt=\"A entrada da ArtRio, no Pier Mau\u00e1 \/ Foto de Carla Lencastre\" width=\"450\" height=\"300\" srcset=\"https:\/\/blog.panrotas.com.br\/direto-do-rio\/wp-content\/uploads\/sites\/13\/2015\/09\/foto-17-1024x683.jpg 1024w, https:\/\/blog.panrotas.com.br\/direto-do-rio\/wp-content\/uploads\/sites\/13\/2015\/09\/foto-17-300x200.jpg 300w, https:\/\/blog.panrotas.com.br\/direto-do-rio\/wp-content\/uploads\/sites\/13\/2015\/09\/foto-17-768x512.jpg 768w, https:\/\/blog.panrotas.com.br\/direto-do-rio\/wp-content\/uploads\/sites\/13\/2015\/09\/foto-17-1568x1045.jpg 1568w\" sizes=\"(max-width: 450px) 100vw, 450px\" \/><\/a><figcaption id=\"caption-attachment-158\" class=\"wp-caption-text\">A entrada da ArtRio, no Pier Mau\u00e1 \/ Foto de Carla Lencastre<\/figcaption><\/figure>\n<figure id=\"attachment_159\" aria-describedby=\"caption-attachment-159\" style=\"width: 450px\" class=\"wp-caption aligncenter\"><a href=\"http:\/\/panrotas.blog.br\/direto-do-rio\/wp-content\/uploads\/sites\/13\/2015\/09\/foto-18.jpg\"><img loading=\"lazy\" class=\"size-large wp-image-159\" src=\"http:\/\/panrotas.blog.br\/direto-do-rio\/wp-content\/uploads\/sites\/13\/2015\/09\/foto-18-1024x683.jpg\" alt=\"Obra de Frans Krajcberg na ArtRio \/ Foto de Carla Lencastre\" width=\"450\" height=\"300\" srcset=\"https:\/\/blog.panrotas.com.br\/direto-do-rio\/wp-content\/uploads\/sites\/13\/2015\/09\/foto-18-1024x683.jpg 1024w, https:\/\/blog.panrotas.com.br\/direto-do-rio\/wp-content\/uploads\/sites\/13\/2015\/09\/foto-18-300x200.jpg 300w, https:\/\/blog.panrotas.com.br\/direto-do-rio\/wp-content\/uploads\/sites\/13\/2015\/09\/foto-18-768x512.jpg 768w, https:\/\/blog.panrotas.com.br\/direto-do-rio\/wp-content\/uploads\/sites\/13\/2015\/09\/foto-18-1568x1046.jpg 1568w\" sizes=\"(max-width: 450px) 100vw, 450px\" \/><\/a><figcaption id=\"caption-attachment-159\" class=\"wp-caption-text\">Obra de Frans Krajcberg na ArtRio \/ Foto de Carla Lencastre<\/figcaption><\/figure>\n<p>Para quem estiver no Rio neste fim de semana, h\u00e1 ainda uma atra\u00e7\u00e3o extra na pra\u00e7a. At\u00e9 domingo, o Pier Mau\u00e1 abriga a quinta edi\u00e7\u00e3o da feira internacional ArtRio. O evento de arte contempor\u00e2nea e design ocupa quatro armaz\u00e9ns do Porto, com galerias de mais de dez pa\u00edses numa \u00e1rea total de 20 mil metros quadrados. Al\u00e9m de dezenas de galerias de arte, h\u00e1 diversas op\u00e7\u00f5es de comes e bebes. Em uma \u00e1rea reservada para food trucks, entre os armaz\u00e9ns 1 e 2, o destaque \u00e9 o SudDog, com o cachorro-quente da premiada chef Roberta Sudbrack e fila constante.<\/p>\n<figure id=\"attachment_160\" aria-describedby=\"caption-attachment-160\" style=\"width: 300px\" class=\"wp-caption aligncenter\"><a href=\"http:\/\/panrotas.blog.br\/direto-do-rio\/wp-content\/uploads\/sites\/13\/2015\/09\/foto-19.jpg\"><img loading=\"lazy\" class=\"size-medium wp-image-160\" src=\"http:\/\/panrotas.blog.br\/direto-do-rio\/wp-content\/uploads\/sites\/13\/2015\/09\/foto-19-300x200.jpg\" alt=\"O SudDog na pra\u00e7a de food trucks da feira \/ Foto de Carla Lencastre\" width=\"300\" height=\"200\" srcset=\"https:\/\/blog.panrotas.com.br\/direto-do-rio\/wp-content\/uploads\/sites\/13\/2015\/09\/foto-19-300x200.jpg 300w, https:\/\/blog.panrotas.com.br\/direto-do-rio\/wp-content\/uploads\/sites\/13\/2015\/09\/foto-19-768x512.jpg 768w, https:\/\/blog.panrotas.com.br\/direto-do-rio\/wp-content\/uploads\/sites\/13\/2015\/09\/foto-19-1024x683.jpg 1024w, https:\/\/blog.panrotas.com.br\/direto-do-rio\/wp-content\/uploads\/sites\/13\/2015\/09\/foto-19-1568x1045.jpg 1568w\" sizes=\"(max-width: 300px) 100vw, 300px\" \/><\/a><figcaption id=\"caption-attachment-160\" class=\"wp-caption-text\">O SudDog na pra\u00e7a de food trucks \/ Foto de Carla Lencastre<\/figcaption><\/figure>\n<p>Optei por um dos bares do lado de fora dos armaz\u00e9ns, \u00e0 beira-mar, com vista para a Ba\u00eda de Guanabara, os cargueiros, a Ponte Rio-Niter\u00f3i e o Museu do Amanh\u00e3. Fiz a minha parada estrat\u00e9gica no fim do dia. Foi uma del\u00edcia\u00a0ver o cair da tarde na ba\u00eda e as luzes se acendendo nos navios, na ponte e no museu. Na sa\u00edda de ArtRio, ainda tive a surpresa de ver como a pra\u00e7a tamb\u00e9m fica bonita\u00a0\u00e0 noite, toda iluminada.<\/p>\n<p><strong>ArtRio:<\/strong>\u00a0Feira Internacional de Arte do Rio. S\u00e1bado, 12 de setembro, das 13h \u00e0s 21h. Domingo, dia 13, das 13h \u00e0s 19h. Ingresso: R$ 30. Entrada principal do Pier Mau\u00e1, Pra\u00e7a Mau\u00e1, Centro. <a href=\"http:\/\/www.artrio.art.br\/pt-br\">artrio.art.br<\/a><\/p>\n","protected":false},"excerpt":{"rendered":"<p>A reinaugura\u00e7\u00e3o da Pra\u00e7a Mau\u00e1, na \u00e1rea\u00a0portu\u00e1ria, domingo passado, foi o \u201ctalk of the town\u201d da semana no Rio. Vi tantas fotos nas redes sociais, que a sensa\u00e7\u00e3o que tenho \u00e9 que todo mundo que conhe\u00e7o, e que estava no Rio, deu uma passadinha por l\u00e1. Estive na regi\u00e3o h\u00e1 pouco mais de um m\u00eas&hellip; <a class=\"more-link\" href=\"https:\/\/blog.panrotas.com.br\/direto-do-rio\/2015\/09\/11\/a-nova-praca-maua-e-a-artrio\/\">Continue reading &rarr;<\/a><\/p>\n","protected":false},"author":16,"featured_media":0,"comment_status":"open","ping_status":"open","sticky":false,"template":"","format":"standard","meta":{"spay_email":""},"categories":[2],"tags":[4,9,19,22,23,26],"yoast_head":"<!-- This site is optimized with the Yoast SEO plugin v17.3 - https:\/\/yoast.com\/wordpress\/plugins\/seo\/ -->\n<title>A nova Pra\u00e7a Mau\u00e1 e a ArtRio - Direto do Rio<\/title>\n<meta name=\"robots\" content=\"index, follow, max-snippet:-1, max-image-preview:large, max-video-preview:-1\" \/>\n<link rel=\"canonical\" href=\"https:\/\/blog.panrotas.com.br\/direto-do-rio\/2015\/09\/11\/a-nova-praca-maua-e-a-artrio\/\" \/>\n<meta property=\"og:locale\" content=\"pt_BR\" \/>\n<meta property=\"og:type\" content=\"article\" \/>\n<meta property=\"og:title\" content=\"A nova Pra\u00e7a Mau\u00e1 e a ArtRio - Direto do Rio\" \/>\n<meta property=\"og:description\" content=\"A reinaugura\u00e7\u00e3o da Pra\u00e7a Mau\u00e1, na \u00e1rea\u00a0portu\u00e1ria, domingo passado, foi o \u201ctalk of the town\u201d da semana no Rio. Vi tantas fotos nas redes sociais, que a sensa\u00e7\u00e3o que tenho \u00e9 que todo mundo que conhe\u00e7o, e que estava no Rio, deu uma passadinha por l\u00e1. Estive na regi\u00e3o h\u00e1 pouco mais de um m\u00eas&hellip; Continue reading &rarr;\" \/>\n<meta property=\"og:url\" content=\"https:\/\/blog.panrotas.com.br\/direto-do-rio\/2015\/09\/11\/a-nova-praca-maua-e-a-artrio\/\" \/>\n<meta property=\"og:site_name\" content=\"Direto do Rio\" \/>\n<meta property=\"article:published_time\" content=\"2015-09-12T00:45:45+00:00\" \/>\n<meta property=\"og:image\" content=\"http:\/\/panrotas.blog.br\/direto-do-rio\/wp-content\/uploads\/sites\/13\/2015\/09\/foto-10-1024x683.jpg\" \/>\n<meta name=\"twitter:card\" content=\"summary_large_image\" \/>\n<meta name=\"twitter:label1\" content=\"Escrito por\" \/>\n\t<meta name=\"twitter:data1\" content=\"Carla Lencastre\" \/>\n\t<meta name=\"twitter:label2\" content=\"Est. tempo de leitura\" \/>\n\t<meta name=\"twitter:data2\" content=\"4 minutos\" \/>\n<script type=\"application\/ld+json\" class=\"yoast-schema-graph\">{\"@context\":\"https:\/\/schema.org\",\"@graph\":[{\"@type\":\"WebSite\",\"@id\":\"https:\/\/blog.panrotas.com.br\/direto-do-rio\/#website\",\"url\":\"https:\/\/blog.panrotas.com.br\/direto-do-rio\/\",\"name\":\"Direto do Rio\",\"description\":\"Blogosfera PANROTAS\",\"potentialAction\":[{\"@type\":\"SearchAction\",\"target\":{\"@type\":\"EntryPoint\",\"urlTemplate\":\"https:\/\/blog.panrotas.com.br\/direto-do-rio\/?s={search_term_string}\"},\"query-input\":\"required name=search_term_string\"}],\"inLanguage\":\"pt-BR\"},{\"@type\":\"ImageObject\",\"@id\":\"https:\/\/blog.panrotas.com.br\/direto-do-rio\/2015\/09\/11\/a-nova-praca-maua-e-a-artrio\/#primaryimage\",\"inLanguage\":\"pt-BR\",\"url\":\"http:\/\/panrotas.blog.br\/direto-do-rio\/wp-content\/uploads\/sites\/13\/2015\/09\/foto-10-1024x683.jpg\",\"contentUrl\":\"http:\/\/panrotas.blog.br\/direto-do-rio\/wp-content\/uploads\/sites\/13\/2015\/09\/foto-10-1024x683.jpg\"},{\"@type\":\"WebPage\",\"@id\":\"https:\/\/blog.panrotas.com.br\/direto-do-rio\/2015\/09\/11\/a-nova-praca-maua-e-a-artrio\/#webpage\",\"url\":\"https:\/\/blog.panrotas.com.br\/direto-do-rio\/2015\/09\/11\/a-nova-praca-maua-e-a-artrio\/\",\"name\":\"A nova Pra\\u00e7a Mau\\u00e1 e a ArtRio - Direto do Rio\",\"isPartOf\":{\"@id\":\"https:\/\/blog.panrotas.com.br\/direto-do-rio\/#website\"},\"primaryImageOfPage\":{\"@id\":\"https:\/\/blog.panrotas.com.br\/direto-do-rio\/2015\/09\/11\/a-nova-praca-maua-e-a-artrio\/#primaryimage\"},\"datePublished\":\"2015-09-12T00:45:45+00:00\",\"dateModified\":\"2015-09-12T00:45:45+00:00\",\"author\":{\"@id\":\"https:\/\/blog.panrotas.com.br\/direto-do-rio\/#\/schema\/person\/352af1dec5c74b0126eec2e7a1367b60\"},\"breadcrumb\":{\"@id\":\"https:\/\/blog.panrotas.com.br\/direto-do-rio\/2015\/09\/11\/a-nova-praca-maua-e-a-artrio\/#breadcrumb\"},\"inLanguage\":\"pt-BR\",\"potentialAction\":[{\"@type\":\"ReadAction\",\"target\":[\"https:\/\/blog.panrotas.com.br\/direto-do-rio\/2015\/09\/11\/a-nova-praca-maua-e-a-artrio\/\"]}]},{\"@type\":\"BreadcrumbList\",\"@id\":\"https:\/\/blog.panrotas.com.br\/direto-do-rio\/2015\/09\/11\/a-nova-praca-maua-e-a-artrio\/#breadcrumb\",\"itemListElement\":[{\"@type\":\"ListItem\",\"position\":1,\"name\":\"In\\u00edcio\",\"item\":\"https:\/\/blog.panrotas.com.br\/direto-do-rio\/\"},{\"@type\":\"ListItem\",\"position\":2,\"name\":\"A nova Pra\\u00e7a Mau\\u00e1 e a ArtRio\"}]},{\"@type\":\"Person\",\"@id\":\"https:\/\/blog.panrotas.com.br\/direto-do-rio\/#\/schema\/person\/352af1dec5c74b0126eec2e7a1367b60\",\"name\":\"Carla Lencastre\",\"image\":{\"@type\":\"ImageObject\",\"@id\":\"https:\/\/blog.panrotas.com.br\/direto-do-rio\/#personlogo\",\"inLanguage\":\"pt-BR\",\"url\":\"https:\/\/secure.gravatar.com\/avatar\/cf94ae201e56b12809e8238685ea9d29?s=96&d=mm&r=g\",\"contentUrl\":\"https:\/\/secure.gravatar.com\/avatar\/cf94ae201e56b12809e8238685ea9d29?s=96&d=mm&r=g\",\"caption\":\"Carla Lencastre\"},\"description\":\"Jornalista formada pela Universidade Federal Fluminense (UFF), Carla Lencastre trabalhou por mais de 25 anos na reda\\u00e7\\u00e3o do jornal O Globo nas \\u00e1reas de Comportamento, Cultura, Educa\\u00e7\\u00e3o e Turismo. Editou a revista e o site Boa Viagem O Globo por mais de uma d\\u00e9cada e conquistou v\\u00e1rios pr\\u00eamios do setor. Em 2020 foi eleita uma das 100 pessoas mais influentes do turismo no Brasil pelo ranking Panrotas+Elo. Desde 2015 escreve para diversas publica\\u00e7\\u00f5es, entre elas O Globo, Panrotas e #Colabora,\\u00a0site de jornalismo independente voltado para o desenvolvimento sustent\\u00e1vel, onde assina uma coluna sobre viagens do ponto de vista de diversidade, inclus\\u00e3o, regenera\\u00e7\\u00e3o e sustentabilidade. Ama viajar e anda mundo afora em busca de boas hist\\u00f3rias desde sempre. \\u00c9 carioca de mar e bar. Gosta de dias nublados. Est\\u00e1 no Instagram e no Twitter em\\u00a0@CarlaLencastre\\u00a0\",\"sameAs\":[\"http:\/\/carlalencastre.com\"],\"url\":\"https:\/\/blog.panrotas.com.br\/direto-do-rio\/author\/carla\/\"}]}<\/script>\n<!-- \/ Yoast SEO plugin. -->","yoast_head_json":{"title":"A nova Pra\u00e7a Mau\u00e1 e a ArtRio - Direto do Rio","robots":{"index":"index","follow":"follow","max-snippet":"max-snippet:-1","max-image-preview":"max-image-preview:large","max-video-preview":"max-video-preview:-1"},"canonical":"https:\/\/blog.panrotas.com.br\/direto-do-rio\/2015\/09\/11\/a-nova-praca-maua-e-a-artrio\/","og_locale":"pt_BR","og_type":"article","og_title":"A nova Pra\u00e7a Mau\u00e1 e a ArtRio - Direto do Rio","og_description":"A reinaugura\u00e7\u00e3o da Pra\u00e7a Mau\u00e1, na \u00e1rea\u00a0portu\u00e1ria, domingo passado, foi o \u201ctalk of the town\u201d da semana no Rio. Vi tantas fotos nas redes sociais, que a sensa\u00e7\u00e3o que tenho \u00e9 que todo mundo que conhe\u00e7o, e que estava no Rio, deu uma passadinha por l\u00e1. Estive na regi\u00e3o h\u00e1 pouco mais de um m\u00eas&hellip; Continue reading &rarr;","og_url":"https:\/\/blog.panrotas.com.br\/direto-do-rio\/2015\/09\/11\/a-nova-praca-maua-e-a-artrio\/","og_site_name":"Direto do Rio","article_published_time":"2015-09-12T00:45:45+00:00","og_image":[{"url":"http:\/\/panrotas.blog.br\/direto-do-rio\/wp-content\/uploads\/sites\/13\/2015\/09\/foto-10-1024x683.jpg"}],"twitter_card":"summary_large_image","twitter_misc":{"Escrito por":"Carla Lencastre","Est. tempo de leitura":"4 minutos"},"schema":{"@context":"https:\/\/schema.org","@graph":[{"@type":"WebSite","@id":"https:\/\/blog.panrotas.com.br\/direto-do-rio\/#website","url":"https:\/\/blog.panrotas.com.br\/direto-do-rio\/","name":"Direto do Rio","description":"Blogosfera PANROTAS","potentialAction":[{"@type":"SearchAction","target":{"@type":"EntryPoint","urlTemplate":"https:\/\/blog.panrotas.com.br\/direto-do-rio\/?s={search_term_string}"},"query-input":"required name=search_term_string"}],"inLanguage":"pt-BR"},{"@type":"ImageObject","@id":"https:\/\/blog.panrotas.com.br\/direto-do-rio\/2015\/09\/11\/a-nova-praca-maua-e-a-artrio\/#primaryimage","inLanguage":"pt-BR","url":"http:\/\/panrotas.blog.br\/direto-do-rio\/wp-content\/uploads\/sites\/13\/2015\/09\/foto-10-1024x683.jpg","contentUrl":"http:\/\/panrotas.blog.br\/direto-do-rio\/wp-content\/uploads\/sites\/13\/2015\/09\/foto-10-1024x683.jpg"},{"@type":"WebPage","@id":"https:\/\/blog.panrotas.com.br\/direto-do-rio\/2015\/09\/11\/a-nova-praca-maua-e-a-artrio\/#webpage","url":"https:\/\/blog.panrotas.com.br\/direto-do-rio\/2015\/09\/11\/a-nova-praca-maua-e-a-artrio\/","name":"A nova Pra\u00e7a Mau\u00e1 e a ArtRio - Direto do Rio","isPartOf":{"@id":"https:\/\/blog.panrotas.com.br\/direto-do-rio\/#website"},"primaryImageOfPage":{"@id":"https:\/\/blog.panrotas.com.br\/direto-do-rio\/2015\/09\/11\/a-nova-praca-maua-e-a-artrio\/#primaryimage"},"datePublished":"2015-09-12T00:45:45+00:00","dateModified":"2015-09-12T00:45:45+00:00","author":{"@id":"https:\/\/blog.panrotas.com.br\/direto-do-rio\/#\/schema\/person\/352af1dec5c74b0126eec2e7a1367b60"},"breadcrumb":{"@id":"https:\/\/blog.panrotas.com.br\/direto-do-rio\/2015\/09\/11\/a-nova-praca-maua-e-a-artrio\/#breadcrumb"},"inLanguage":"pt-BR","potentialAction":[{"@type":"ReadAction","target":["https:\/\/blog.panrotas.com.br\/direto-do-rio\/2015\/09\/11\/a-nova-praca-maua-e-a-artrio\/"]}]},{"@type":"BreadcrumbList","@id":"https:\/\/blog.panrotas.com.br\/direto-do-rio\/2015\/09\/11\/a-nova-praca-maua-e-a-artrio\/#breadcrumb","itemListElement":[{"@type":"ListItem","position":1,"name":"In\u00edcio","item":"https:\/\/blog.panrotas.com.br\/direto-do-rio\/"},{"@type":"ListItem","position":2,"name":"A nova Pra\u00e7a Mau\u00e1 e a ArtRio"}]},{"@type":"Person","@id":"https:\/\/blog.panrotas.com.br\/direto-do-rio\/#\/schema\/person\/352af1dec5c74b0126eec2e7a1367b60","name":"Carla Lencastre","image":{"@type":"ImageObject","@id":"https:\/\/blog.panrotas.com.br\/direto-do-rio\/#personlogo","inLanguage":"pt-BR","url":"https:\/\/secure.gravatar.com\/avatar\/cf94ae201e56b12809e8238685ea9d29?s=96&d=mm&r=g","contentUrl":"https:\/\/secure.gravatar.com\/avatar\/cf94ae201e56b12809e8238685ea9d29?s=96&d=mm&r=g","caption":"Carla Lencastre"},"description":"Jornalista formada pela Universidade Federal Fluminense (UFF), Carla Lencastre trabalhou por mais de 25 anos na reda\u00e7\u00e3o do jornal O Globo nas \u00e1reas de Comportamento, Cultura, Educa\u00e7\u00e3o e Turismo. Editou a revista e o site Boa Viagem O Globo por mais de uma d\u00e9cada e conquistou v\u00e1rios pr\u00eamios do setor. Em 2020 foi eleita uma das 100 pessoas mais influentes do turismo no Brasil pelo ranking Panrotas+Elo. Desde 2015 escreve para diversas publica\u00e7\u00f5es, entre elas O Globo, Panrotas e #Colabora,\u00a0site de jornalismo independente voltado para o desenvolvimento sustent\u00e1vel, onde assina uma coluna sobre viagens do ponto de vista de diversidade, inclus\u00e3o, regenera\u00e7\u00e3o e sustentabilidade. Ama viajar e anda mundo afora em busca de boas hist\u00f3rias desde sempre. \u00c9 carioca de mar e bar. Gosta de dias nublados. Est\u00e1 no Instagram e no Twitter em\u00a0@CarlaLencastre\u00a0","sameAs":["http:\/\/carlalencastre.com"],"url":"https:\/\/blog.panrotas.com.br\/direto-do-rio\/author\/carla\/"}]}},"jetpack_featured_media_url":"","_links":{"self":[{"href":"https:\/\/blog.panrotas.com.br\/direto-do-rio\/wp-json\/wp\/v2\/posts\/147"}],"collection":[{"href":"https:\/\/blog.panrotas.com.br\/direto-do-rio\/wp-json\/wp\/v2\/posts"}],"about":[{"href":"https:\/\/blog.panrotas.com.br\/direto-do-rio\/wp-json\/wp\/v2\/types\/post"}],"author":[{"embeddable":true,"href":"https:\/\/blog.panrotas.com.br\/direto-do-rio\/wp-json\/wp\/v2\/users\/16"}],"replies":[{"embeddable":true,"href":"https:\/\/blog.panrotas.com.br\/direto-do-rio\/wp-json\/wp\/v2\/comments?post=147"}],"version-history":[{"count":0,"href":"https:\/\/blog.panrotas.com.br\/direto-do-rio\/wp-json\/wp\/v2\/posts\/147\/revisions"}],"wp:attachment":[{"href":"https:\/\/blog.panrotas.com.br\/direto-do-rio\/wp-json\/wp\/v2\/media?parent=147"}],"wp:term":[{"taxonomy":"category","embeddable":true,"href":"https:\/\/blog.panrotas.com.br\/direto-do-rio\/wp-json\/wp\/v2\/categories?post=147"},{"taxonomy":"post_tag","embeddable":true,"href":"https:\/\/blog.panrotas.com.br\/direto-do-rio\/wp-json\/wp\/v2\/tags?post=147"}],"curies":[{"name":"wp","href":"https:\/\/api.w.org\/{rel}","templated":true}]}}