{"id":550,"date":"2016-09-14T21:11:02","date_gmt":"2016-09-15T00:11:02","guid":{"rendered":"http:\/\/blog.panrotas.com.br\/direto-do-rio\/?p=550"},"modified":"2016-09-14T21:11:02","modified_gmt":"2016-09-15T00:11:02","slug":"arte-brasileira-na-praca-maua","status":"publish","type":"post","link":"https:\/\/blog.panrotas.com.br\/direto-do-rio\/2016\/09\/14\/arte-brasileira-na-praca-maua\/","title":{"rendered":"Arte brasileira na Pra\u00e7a Mau\u00e1"},"content":{"rendered":"<p>O t\u00edtulo deste post n\u00e3o se refere aos lindos grafites a c\u00e9u aberto nas fachadas dos armaz\u00e9ns do Porto do Rio. E sim \u00e0 exposi\u00e7\u00e3o de \u201cA cor do Brasil\u201d no Museu de Arte do Rio, program\u00e3o para quem vier \u00e0 cidade neste segundo semestre. Assim como a mostra \u201cO triunfo da cor\u201d, com obras do p\u00f3s-impressionismo no CCBB carioca, sobre a qual escrevi no <a href=\"http:\/\/blog.panrotas.com.br\/direto-do-rio\/index.php\/2016\/09\/02\/candelaria-apresenta-suas-cores\/\">post anterior<\/a>, a \u201cA cor do Brasil\u201d foi inaugurada pouco antes de come\u00e7arem os Jogos Ol\u00edmpicos. Mas eram tantas as atra\u00e7\u00f5es que s\u00f3 tive tempo de ir v\u00ea-la quando as terminaram as Olimp\u00edadas.<\/p>\n<figure id=\"attachment_552\" aria-describedby=\"caption-attachment-552\" style=\"width: 640px\" class=\"wp-caption aligncenter\"><a href=\"http:\/\/panrotas.blog.br\/direto-do-rio\/wp-content\/uploads\/sites\/13\/2016\/09\/IMG_6799a.jpg\" rel=\"attachment wp-att-552\"><img loading=\"lazy\" class=\"size-large wp-image-552\" src=\"http:\/\/panrotas.blog.br\/direto-do-rio\/wp-content\/uploads\/sites\/13\/2016\/09\/IMG_6799a-1024x698.jpg\" alt=\"#afotodafoto: &quot;Abaporu&quot; e &quot;Antropofagia&quot; na exposi\u00e7\u00e3o &quot;A cor do Brasil&quot;\" width=\"640\" height=\"436\" srcset=\"https:\/\/blog.panrotas.com.br\/direto-do-rio\/wp-content\/uploads\/sites\/13\/2016\/09\/IMG_6799a-1024x698.jpg 1024w, https:\/\/blog.panrotas.com.br\/direto-do-rio\/wp-content\/uploads\/sites\/13\/2016\/09\/IMG_6799a-300x205.jpg 300w, https:\/\/blog.panrotas.com.br\/direto-do-rio\/wp-content\/uploads\/sites\/13\/2016\/09\/IMG_6799a-768x524.jpg 768w, https:\/\/blog.panrotas.com.br\/direto-do-rio\/wp-content\/uploads\/sites\/13\/2016\/09\/IMG_6799a-1568x1069.jpg 1568w\" sizes=\"(max-width: 640px) 100vw, 640px\" \/><\/a><figcaption id=\"caption-attachment-552\" class=\"wp-caption-text\">#afotodafoto: &#8220;Abaporu&#8221; e &#8220;Antropofagia&#8221; na exposi\u00e7\u00e3o &#8220;A cor do Brasil&#8221; \/ Foto de Carla Lencastre<\/figcaption><\/figure>\n<p>O maior destaque da exposi\u00e7\u00e3o, durante todo o m\u00eas de agosto, foi o \u201cAbaporu\u201d (1928), de Tarsila do Amaral. A nossa Monalisa j\u00e1 voltou para o Museo de Arte Latinoamericano (Malba) de Buenos Aires, onde mora. Mas h\u00e1 muito mais o que apreciar\u00a0at\u00e9 15 de janeiro de 2017. Inclusive outras obras de Tarsila, como \u201cAntropofagia\u201d (1929). De paisagens do s\u00e9culo XVII pintadas por Frans Post aos representantes da Gera\u00e7\u00e3o 80, passando por cl\u00e1ssicos de Lasar Segall, Guignard e Portinari e depois pelo neoconcretismo dos Metaesquemas de Helio Oiticica e dos Bichos de Lygia Clark, a abrangente mostra com mais de 300 obras ocupa dois andares do museu. N\u00e3o deixe de ver \u201cSamba\u201d (1928), de Di Cavalcanti, de volta ao Brasil depois de 80 anos no M\u00e9xico. A curadoria \u00e9 de Paulo Herkenhoff e Marcelo Campos.<\/p>\n<figure id=\"attachment_553\" aria-describedby=\"caption-attachment-553\" style=\"width: 300px\" class=\"wp-caption aligncenter\"><a href=\"http:\/\/panrotas.blog.br\/direto-do-rio\/wp-content\/uploads\/sites\/13\/2016\/09\/IMG_6797a.jpg\" rel=\"attachment wp-att-553\"><img loading=\"lazy\" class=\"size-medium wp-image-553\" src=\"http:\/\/panrotas.blog.br\/direto-do-rio\/wp-content\/uploads\/sites\/13\/2016\/09\/IMG_6797a-300x244.jpg\" alt=\"&quot;Samba&quot;, de Di Cavalcanti: um dos destaques da mostra no MAR\" width=\"300\" height=\"244\" srcset=\"https:\/\/blog.panrotas.com.br\/direto-do-rio\/wp-content\/uploads\/sites\/13\/2016\/09\/IMG_6797a-300x244.jpg 300w, https:\/\/blog.panrotas.com.br\/direto-do-rio\/wp-content\/uploads\/sites\/13\/2016\/09\/IMG_6797a-768x625.jpg 768w, https:\/\/blog.panrotas.com.br\/direto-do-rio\/wp-content\/uploads\/sites\/13\/2016\/09\/IMG_6797a-1024x833.jpg 1024w, https:\/\/blog.panrotas.com.br\/direto-do-rio\/wp-content\/uploads\/sites\/13\/2016\/09\/IMG_6797a-1568x1276.jpg 1568w\" sizes=\"(max-width: 300px) 100vw, 300px\" \/><\/a><figcaption id=\"caption-attachment-553\" class=\"wp-caption-text\">&#8220;Samba&#8221;, de Di Cavalcanti: um dos destaques da mostra de arte brasileira no MAR<\/figcaption><\/figure>\n<p>Qualquer visita ao MAR deve come\u00e7ar sempre pelo terra\u00e7o, para ver ou rever o panorama da Pra\u00e7a Mau\u00e1 com o <a href=\"https:\/\/www.museudoamanha.org.br\/\">Museu do Amanh\u00e3<\/a>\u00a0e\u00a0a Ba\u00eda da Guanabara com\u00a0a Ponte Rio-Niter\u00f3i (na foto em destaque na abertura do post). Depois \u00e9 s\u00f3 descer um andar para ter acesso \u00e0 passarela que liga os dois pr\u00e9dios do museu e d\u00e1 acesso \u00e0s salas de exposi\u00e7\u00e3o. Na sa\u00edda, n\u00e3o deixe dar uma passada na loja de objetos de design Novo Desenho.<\/p>\n<figure id=\"attachment_554\" aria-describedby=\"caption-attachment-554\" style=\"width: 640px\" class=\"wp-caption aligncenter\"><a href=\"http:\/\/panrotas.blog.br\/direto-do-rio\/wp-content\/uploads\/sites\/13\/2016\/09\/IMG_6824.jpg\" rel=\"attachment wp-att-554\"><img loading=\"lazy\" class=\"size-large wp-image-554\" src=\"http:\/\/panrotas.blog.br\/direto-do-rio\/wp-content\/uploads\/sites\/13\/2016\/09\/IMG_6824-1024x1024.jpg\" alt=\"O Museu do Amanh\u00e3 em uma tarde ensolarada de fim de inverno \/ Foto de Carla Lencastre\" width=\"640\" height=\"640\" srcset=\"https:\/\/blog.panrotas.com.br\/direto-do-rio\/wp-content\/uploads\/sites\/13\/2016\/09\/IMG_6824-1024x1024.jpg 1024w, https:\/\/blog.panrotas.com.br\/direto-do-rio\/wp-content\/uploads\/sites\/13\/2016\/09\/IMG_6824-150x150.jpg 150w, https:\/\/blog.panrotas.com.br\/direto-do-rio\/wp-content\/uploads\/sites\/13\/2016\/09\/IMG_6824-300x300.jpg 300w, https:\/\/blog.panrotas.com.br\/direto-do-rio\/wp-content\/uploads\/sites\/13\/2016\/09\/IMG_6824-768x768.jpg 768w, https:\/\/blog.panrotas.com.br\/direto-do-rio\/wp-content\/uploads\/sites\/13\/2016\/09\/IMG_6824-1568x1568.jpg 1568w, https:\/\/blog.panrotas.com.br\/direto-do-rio\/wp-content\/uploads\/sites\/13\/2016\/09\/IMG_6824.jpg 1800w\" sizes=\"(max-width: 640px) 100vw, 640px\" \/><\/a><figcaption id=\"caption-attachment-554\" class=\"wp-caption-text\">O Museu do Amanh\u00e3 em uma tarde ensolarada de fim de inverno \/ Foto de Carla Lencastre<\/figcaption><\/figure>\n<p>A visita ao MAR pode (e deve!) ser combinada como <a href=\"http:\/\/blog.panrotas.com.br\/direto-do-rio\/index.php\/2016\/08\/24\/boulevard-olimpico-continua-em-festa\/\">uma volta pela Pra\u00e7a Mau\u00e1 e pelos armaz\u00e9ns grafitados<\/a>.\u00a0Para comer e beber, h\u00e1 food trucks na pra\u00e7a e bares e restaurantes nos arredores, como o Imaculada no Morro da Concei\u00e7\u00e3o, sobre o qual <a href=\"http:\/\/blog.panrotas.com.br\/direto-do-rio\/index.php\/2016\/04\/12\/a-nova-orla-do-rio\/\">escrevi aqui<\/a>. O restaurante Mau\u00e1, no terra\u00e7o do museu, especializado em cozinha brasileira moderna, tamb\u00e9m \u00e9 muito bom. Quando fui ver \u201cA cor do Brasil\u201d, no meio da tarde de um dia de semana, o restaurante estava lotado e com fila de espera. Acabei optando por um sandu\u00edche em um dos food trucks da pra\u00e7a, Le Petit Paris, e fui bem feliz.<\/p>\n<figure id=\"attachment_555\" aria-describedby=\"caption-attachment-555\" style=\"width: 300px\" class=\"wp-caption aligncenter\"><a href=\"http:\/\/panrotas.blog.br\/direto-do-rio\/wp-content\/uploads\/sites\/13\/2016\/09\/IMG_6822a.jpg\" rel=\"attachment wp-att-555\"><img loading=\"lazy\" class=\"size-medium wp-image-555\" src=\"http:\/\/panrotas.blog.br\/direto-do-rio\/wp-content\/uploads\/sites\/13\/2016\/09\/IMG_6822a-300x225.jpg\" alt=\"Le Petit Paris, um dos food trucks da Pra\u00e7a Mau\u00e1 \/ Foto de Carla Lencastre\" width=\"300\" height=\"225\" srcset=\"https:\/\/blog.panrotas.com.br\/direto-do-rio\/wp-content\/uploads\/sites\/13\/2016\/09\/IMG_6822a-300x225.jpg 300w, https:\/\/blog.panrotas.com.br\/direto-do-rio\/wp-content\/uploads\/sites\/13\/2016\/09\/IMG_6822a-768x576.jpg 768w, https:\/\/blog.panrotas.com.br\/direto-do-rio\/wp-content\/uploads\/sites\/13\/2016\/09\/IMG_6822a-1024x768.jpg 1024w, https:\/\/blog.panrotas.com.br\/direto-do-rio\/wp-content\/uploads\/sites\/13\/2016\/09\/IMG_6822a-1568x1176.jpg 1568w\" sizes=\"(max-width: 300px) 100vw, 300px\" \/><\/a><figcaption id=\"caption-attachment-555\" class=\"wp-caption-text\">Le Petit Paris, um dos food trucks da Pra\u00e7a Mau\u00e1 \/ Foto de Carla Lencastre<\/figcaption><\/figure>\n<p><strong>Servi\u00e7o<\/strong><\/p>\n<p><strong>Museu de Arte do Rio.<\/strong> A exposi\u00e7\u00e3o \u201cA cor do Brasil\u201d pode ser vista at\u00e9 15 de janeiro de 2017. O MAR abre de ter\u00e7a-feira a domingo, das 10h \u00e0s 17h. Pra\u00e7a Mau\u00e1 5. Tel. +21 3031 2741. <a href=\"http:\/\/www.museudeartedorio.org.br\/pt-br\">www.museudeartedorio.org.br<\/a><\/p>\n<figure id=\"attachment_556\" aria-describedby=\"caption-attachment-556\" style=\"width: 300px\" class=\"wp-caption aligncenter\"><a href=\"http:\/\/panrotas.blog.br\/direto-do-rio\/wp-content\/uploads\/sites\/13\/2016\/09\/IMG_6826.jpg\" rel=\"attachment wp-att-556\"><img loading=\"lazy\" class=\"size-medium wp-image-556\" src=\"http:\/\/panrotas.blog.br\/direto-do-rio\/wp-content\/uploads\/sites\/13\/2016\/09\/IMG_6826-300x300.jpg\" alt=\"Detalhe charmoso da decora\u00e7\u00e3o do Le Petit Paris \/ Foto de Carla Lencastre\" width=\"300\" height=\"300\" srcset=\"https:\/\/blog.panrotas.com.br\/direto-do-rio\/wp-content\/uploads\/sites\/13\/2016\/09\/IMG_6826-300x300.jpg 300w, https:\/\/blog.panrotas.com.br\/direto-do-rio\/wp-content\/uploads\/sites\/13\/2016\/09\/IMG_6826-150x150.jpg 150w, https:\/\/blog.panrotas.com.br\/direto-do-rio\/wp-content\/uploads\/sites\/13\/2016\/09\/IMG_6826-768x768.jpg 768w, https:\/\/blog.panrotas.com.br\/direto-do-rio\/wp-content\/uploads\/sites\/13\/2016\/09\/IMG_6826-1024x1024.jpg 1024w, https:\/\/blog.panrotas.com.br\/direto-do-rio\/wp-content\/uploads\/sites\/13\/2016\/09\/IMG_6826-1568x1568.jpg 1568w, https:\/\/blog.panrotas.com.br\/direto-do-rio\/wp-content\/uploads\/sites\/13\/2016\/09\/IMG_6826.jpg 1992w\" sizes=\"(max-width: 300px) 100vw, 300px\" \/><\/a><figcaption id=\"caption-attachment-556\" class=\"wp-caption-text\">Detalhe charmoso da decora\u00e7\u00e3o do Le Petit Paris \/ Foto de Carla Lencastre<\/figcaption><\/figure>\n","protected":false},"excerpt":{"rendered":"<p>O t\u00edtulo deste post n\u00e3o se refere aos lindos grafites a c\u00e9u aberto nas fachadas dos armaz\u00e9ns do Porto do Rio. E sim \u00e0 exposi\u00e7\u00e3o de \u201cA cor do Brasil\u201d no Museu de Arte do Rio, program\u00e3o para quem vier \u00e0 cidade neste segundo semestre. Assim como a mostra \u201cO triunfo da cor\u201d, com obras&hellip; <a class=\"more-link\" href=\"https:\/\/blog.panrotas.com.br\/direto-do-rio\/2016\/09\/14\/arte-brasileira-na-praca-maua\/\">Continue reading &rarr;<\/a><\/p>\n","protected":false},"author":16,"featured_media":551,"comment_status":"open","ping_status":"open","sticky":false,"template":"","format":"standard","meta":{"spay_email":""},"categories":[2],"tags":[4,5,9,19,22,23,24,26,27,28],"yoast_head":"<!-- This site is optimized with the Yoast SEO plugin v17.3 - https:\/\/yoast.com\/wordpress\/plugins\/seo\/ -->\n<title>Arte brasileira na Pra\u00e7a Mau\u00e1 - Direto do Rio<\/title>\n<meta name=\"robots\" content=\"index, follow, max-snippet:-1, max-image-preview:large, max-video-preview:-1\" \/>\n<link rel=\"canonical\" href=\"https:\/\/blog.panrotas.com.br\/direto-do-rio\/2016\/09\/14\/arte-brasileira-na-praca-maua\/\" \/>\n<meta property=\"og:locale\" content=\"pt_BR\" \/>\n<meta property=\"og:type\" content=\"article\" \/>\n<meta property=\"og:title\" content=\"Arte brasileira na Pra\u00e7a Mau\u00e1 - Direto do Rio\" \/>\n<meta property=\"og:description\" content=\"O t\u00edtulo deste post n\u00e3o se refere aos lindos grafites a c\u00e9u aberto nas fachadas dos armaz\u00e9ns do Porto do Rio. E sim \u00e0 exposi\u00e7\u00e3o de \u201cA cor do Brasil\u201d no Museu de Arte do Rio, program\u00e3o para quem vier \u00e0 cidade neste segundo semestre. Assim como a mostra \u201cO triunfo da cor\u201d, com obras&hellip; Continue reading &rarr;\" \/>\n<meta property=\"og:url\" content=\"https:\/\/blog.panrotas.com.br\/direto-do-rio\/2016\/09\/14\/arte-brasileira-na-praca-maua\/\" \/>\n<meta property=\"og:site_name\" content=\"Direto do Rio\" \/>\n<meta property=\"article:published_time\" content=\"2016-09-15T00:11:02+00:00\" \/>\n<meta property=\"og:image\" content=\"https:\/\/blog.panrotas.com.br\/direto-do-rio\/wp-content\/uploads\/sites\/13\/2016\/09\/IMG_6825.jpg\" \/>\n\t<meta property=\"og:image:width\" content=\"2446\" \/>\n\t<meta property=\"og:image:height\" content=\"2446\" \/>\n<meta name=\"twitter:card\" content=\"summary_large_image\" \/>\n<meta name=\"twitter:label1\" content=\"Escrito por\" \/>\n\t<meta name=\"twitter:data1\" content=\"Carla Lencastre\" \/>\n\t<meta name=\"twitter:label2\" content=\"Est. tempo de leitura\" \/>\n\t<meta name=\"twitter:data2\" content=\"3 minutos\" \/>\n<script type=\"application\/ld+json\" class=\"yoast-schema-graph\">{\"@context\":\"https:\/\/schema.org\",\"@graph\":[{\"@type\":\"WebSite\",\"@id\":\"https:\/\/blog.panrotas.com.br\/direto-do-rio\/#website\",\"url\":\"https:\/\/blog.panrotas.com.br\/direto-do-rio\/\",\"name\":\"Direto do Rio\",\"description\":\"Blogosfera PANROTAS\",\"potentialAction\":[{\"@type\":\"SearchAction\",\"target\":{\"@type\":\"EntryPoint\",\"urlTemplate\":\"https:\/\/blog.panrotas.com.br\/direto-do-rio\/?s={search_term_string}\"},\"query-input\":\"required name=search_term_string\"}],\"inLanguage\":\"pt-BR\"},{\"@type\":\"ImageObject\",\"@id\":\"https:\/\/blog.panrotas.com.br\/direto-do-rio\/2016\/09\/14\/arte-brasileira-na-praca-maua\/#primaryimage\",\"inLanguage\":\"pt-BR\",\"url\":\"https:\/\/blog.panrotas.com.br\/direto-do-rio\/wp-content\/uploads\/sites\/13\/2016\/09\/IMG_6825.jpg\",\"contentUrl\":\"https:\/\/blog.panrotas.com.br\/direto-do-rio\/wp-content\/uploads\/sites\/13\/2016\/09\/IMG_6825.jpg\",\"width\":2446,\"height\":2446},{\"@type\":\"WebPage\",\"@id\":\"https:\/\/blog.panrotas.com.br\/direto-do-rio\/2016\/09\/14\/arte-brasileira-na-praca-maua\/#webpage\",\"url\":\"https:\/\/blog.panrotas.com.br\/direto-do-rio\/2016\/09\/14\/arte-brasileira-na-praca-maua\/\",\"name\":\"Arte brasileira na Pra\\u00e7a Mau\\u00e1 - Direto do Rio\",\"isPartOf\":{\"@id\":\"https:\/\/blog.panrotas.com.br\/direto-do-rio\/#website\"},\"primaryImageOfPage\":{\"@id\":\"https:\/\/blog.panrotas.com.br\/direto-do-rio\/2016\/09\/14\/arte-brasileira-na-praca-maua\/#primaryimage\"},\"datePublished\":\"2016-09-15T00:11:02+00:00\",\"dateModified\":\"2016-09-15T00:11:02+00:00\",\"author\":{\"@id\":\"https:\/\/blog.panrotas.com.br\/direto-do-rio\/#\/schema\/person\/352af1dec5c74b0126eec2e7a1367b60\"},\"breadcrumb\":{\"@id\":\"https:\/\/blog.panrotas.com.br\/direto-do-rio\/2016\/09\/14\/arte-brasileira-na-praca-maua\/#breadcrumb\"},\"inLanguage\":\"pt-BR\",\"potentialAction\":[{\"@type\":\"ReadAction\",\"target\":[\"https:\/\/blog.panrotas.com.br\/direto-do-rio\/2016\/09\/14\/arte-brasileira-na-praca-maua\/\"]}]},{\"@type\":\"BreadcrumbList\",\"@id\":\"https:\/\/blog.panrotas.com.br\/direto-do-rio\/2016\/09\/14\/arte-brasileira-na-praca-maua\/#breadcrumb\",\"itemListElement\":[{\"@type\":\"ListItem\",\"position\":1,\"name\":\"In\\u00edcio\",\"item\":\"https:\/\/blog.panrotas.com.br\/direto-do-rio\/\"},{\"@type\":\"ListItem\",\"position\":2,\"name\":\"Arte brasileira na Pra\\u00e7a Mau\\u00e1\"}]},{\"@type\":\"Person\",\"@id\":\"https:\/\/blog.panrotas.com.br\/direto-do-rio\/#\/schema\/person\/352af1dec5c74b0126eec2e7a1367b60\",\"name\":\"Carla Lencastre\",\"image\":{\"@type\":\"ImageObject\",\"@id\":\"https:\/\/blog.panrotas.com.br\/direto-do-rio\/#personlogo\",\"inLanguage\":\"pt-BR\",\"url\":\"https:\/\/secure.gravatar.com\/avatar\/cf94ae201e56b12809e8238685ea9d29?s=96&d=mm&r=g\",\"contentUrl\":\"https:\/\/secure.gravatar.com\/avatar\/cf94ae201e56b12809e8238685ea9d29?s=96&d=mm&r=g\",\"caption\":\"Carla Lencastre\"},\"description\":\"Jornalista formada pela Universidade Federal Fluminense (UFF), Carla Lencastre trabalhou por mais de 25 anos na reda\\u00e7\\u00e3o do jornal O Globo nas \\u00e1reas de Comportamento, Cultura, Educa\\u00e7\\u00e3o e Turismo. Editou a revista e o site Boa Viagem O Globo por mais de uma d\\u00e9cada e conquistou v\\u00e1rios pr\\u00eamios do setor. Em 2020 foi eleita uma das 100 pessoas mais influentes do turismo no Brasil pelo ranking Panrotas+Elo. Desde 2015 escreve para diversas publica\\u00e7\\u00f5es, entre elas O Globo, Panrotas e #Colabora,\\u00a0site de jornalismo independente voltado para o desenvolvimento sustent\\u00e1vel, onde assina uma coluna sobre viagens do ponto de vista de diversidade, inclus\\u00e3o, regenera\\u00e7\\u00e3o e sustentabilidade. Ama viajar e anda mundo afora em busca de boas hist\\u00f3rias desde sempre. \\u00c9 carioca de mar e bar. Gosta de dias nublados. Est\\u00e1 no Instagram e no Twitter em\\u00a0@CarlaLencastre\\u00a0\",\"sameAs\":[\"http:\/\/carlalencastre.com\"],\"url\":\"https:\/\/blog.panrotas.com.br\/direto-do-rio\/author\/carla\/\"}]}<\/script>\n<!-- \/ Yoast SEO plugin. -->","yoast_head_json":{"title":"Arte brasileira na Pra\u00e7a Mau\u00e1 - Direto do Rio","robots":{"index":"index","follow":"follow","max-snippet":"max-snippet:-1","max-image-preview":"max-image-preview:large","max-video-preview":"max-video-preview:-1"},"canonical":"https:\/\/blog.panrotas.com.br\/direto-do-rio\/2016\/09\/14\/arte-brasileira-na-praca-maua\/","og_locale":"pt_BR","og_type":"article","og_title":"Arte brasileira na Pra\u00e7a Mau\u00e1 - Direto do Rio","og_description":"O t\u00edtulo deste post n\u00e3o se refere aos lindos grafites a c\u00e9u aberto nas fachadas dos armaz\u00e9ns do Porto do Rio. E sim \u00e0 exposi\u00e7\u00e3o de \u201cA cor do Brasil\u201d no Museu de Arte do Rio, program\u00e3o para quem vier \u00e0 cidade neste segundo semestre. Assim como a mostra \u201cO triunfo da cor\u201d, com obras&hellip; Continue reading &rarr;","og_url":"https:\/\/blog.panrotas.com.br\/direto-do-rio\/2016\/09\/14\/arte-brasileira-na-praca-maua\/","og_site_name":"Direto do Rio","article_published_time":"2016-09-15T00:11:02+00:00","og_image":[{"width":2446,"height":2446,"url":"https:\/\/blog.panrotas.com.br\/direto-do-rio\/wp-content\/uploads\/sites\/13\/2016\/09\/IMG_6825.jpg","type":"image\/jpeg"}],"twitter_card":"summary_large_image","twitter_misc":{"Escrito por":"Carla Lencastre","Est. tempo de leitura":"3 minutos"},"schema":{"@context":"https:\/\/schema.org","@graph":[{"@type":"WebSite","@id":"https:\/\/blog.panrotas.com.br\/direto-do-rio\/#website","url":"https:\/\/blog.panrotas.com.br\/direto-do-rio\/","name":"Direto do Rio","description":"Blogosfera PANROTAS","potentialAction":[{"@type":"SearchAction","target":{"@type":"EntryPoint","urlTemplate":"https:\/\/blog.panrotas.com.br\/direto-do-rio\/?s={search_term_string}"},"query-input":"required name=search_term_string"}],"inLanguage":"pt-BR"},{"@type":"ImageObject","@id":"https:\/\/blog.panrotas.com.br\/direto-do-rio\/2016\/09\/14\/arte-brasileira-na-praca-maua\/#primaryimage","inLanguage":"pt-BR","url":"https:\/\/blog.panrotas.com.br\/direto-do-rio\/wp-content\/uploads\/sites\/13\/2016\/09\/IMG_6825.jpg","contentUrl":"https:\/\/blog.panrotas.com.br\/direto-do-rio\/wp-content\/uploads\/sites\/13\/2016\/09\/IMG_6825.jpg","width":2446,"height":2446},{"@type":"WebPage","@id":"https:\/\/blog.panrotas.com.br\/direto-do-rio\/2016\/09\/14\/arte-brasileira-na-praca-maua\/#webpage","url":"https:\/\/blog.panrotas.com.br\/direto-do-rio\/2016\/09\/14\/arte-brasileira-na-praca-maua\/","name":"Arte brasileira na Pra\u00e7a Mau\u00e1 - Direto do Rio","isPartOf":{"@id":"https:\/\/blog.panrotas.com.br\/direto-do-rio\/#website"},"primaryImageOfPage":{"@id":"https:\/\/blog.panrotas.com.br\/direto-do-rio\/2016\/09\/14\/arte-brasileira-na-praca-maua\/#primaryimage"},"datePublished":"2016-09-15T00:11:02+00:00","dateModified":"2016-09-15T00:11:02+00:00","author":{"@id":"https:\/\/blog.panrotas.com.br\/direto-do-rio\/#\/schema\/person\/352af1dec5c74b0126eec2e7a1367b60"},"breadcrumb":{"@id":"https:\/\/blog.panrotas.com.br\/direto-do-rio\/2016\/09\/14\/arte-brasileira-na-praca-maua\/#breadcrumb"},"inLanguage":"pt-BR","potentialAction":[{"@type":"ReadAction","target":["https:\/\/blog.panrotas.com.br\/direto-do-rio\/2016\/09\/14\/arte-brasileira-na-praca-maua\/"]}]},{"@type":"BreadcrumbList","@id":"https:\/\/blog.panrotas.com.br\/direto-do-rio\/2016\/09\/14\/arte-brasileira-na-praca-maua\/#breadcrumb","itemListElement":[{"@type":"ListItem","position":1,"name":"In\u00edcio","item":"https:\/\/blog.panrotas.com.br\/direto-do-rio\/"},{"@type":"ListItem","position":2,"name":"Arte brasileira na Pra\u00e7a Mau\u00e1"}]},{"@type":"Person","@id":"https:\/\/blog.panrotas.com.br\/direto-do-rio\/#\/schema\/person\/352af1dec5c74b0126eec2e7a1367b60","name":"Carla Lencastre","image":{"@type":"ImageObject","@id":"https:\/\/blog.panrotas.com.br\/direto-do-rio\/#personlogo","inLanguage":"pt-BR","url":"https:\/\/secure.gravatar.com\/avatar\/cf94ae201e56b12809e8238685ea9d29?s=96&d=mm&r=g","contentUrl":"https:\/\/secure.gravatar.com\/avatar\/cf94ae201e56b12809e8238685ea9d29?s=96&d=mm&r=g","caption":"Carla Lencastre"},"description":"Jornalista formada pela Universidade Federal Fluminense (UFF), Carla Lencastre trabalhou por mais de 25 anos na reda\u00e7\u00e3o do jornal O Globo nas \u00e1reas de Comportamento, Cultura, Educa\u00e7\u00e3o e Turismo. Editou a revista e o site Boa Viagem O Globo por mais de uma d\u00e9cada e conquistou v\u00e1rios pr\u00eamios do setor. Em 2020 foi eleita uma das 100 pessoas mais influentes do turismo no Brasil pelo ranking Panrotas+Elo. Desde 2015 escreve para diversas publica\u00e7\u00f5es, entre elas O Globo, Panrotas e #Colabora,\u00a0site de jornalismo independente voltado para o desenvolvimento sustent\u00e1vel, onde assina uma coluna sobre viagens do ponto de vista de diversidade, inclus\u00e3o, regenera\u00e7\u00e3o e sustentabilidade. Ama viajar e anda mundo afora em busca de boas hist\u00f3rias desde sempre. \u00c9 carioca de mar e bar. Gosta de dias nublados. Est\u00e1 no Instagram e no Twitter em\u00a0@CarlaLencastre\u00a0","sameAs":["http:\/\/carlalencastre.com"],"url":"https:\/\/blog.panrotas.com.br\/direto-do-rio\/author\/carla\/"}]}},"jetpack_featured_media_url":"https:\/\/blog.panrotas.com.br\/direto-do-rio\/wp-content\/uploads\/sites\/13\/2016\/09\/IMG_6825.jpg","_links":{"self":[{"href":"https:\/\/blog.panrotas.com.br\/direto-do-rio\/wp-json\/wp\/v2\/posts\/550"}],"collection":[{"href":"https:\/\/blog.panrotas.com.br\/direto-do-rio\/wp-json\/wp\/v2\/posts"}],"about":[{"href":"https:\/\/blog.panrotas.com.br\/direto-do-rio\/wp-json\/wp\/v2\/types\/post"}],"author":[{"embeddable":true,"href":"https:\/\/blog.panrotas.com.br\/direto-do-rio\/wp-json\/wp\/v2\/users\/16"}],"replies":[{"embeddable":true,"href":"https:\/\/blog.panrotas.com.br\/direto-do-rio\/wp-json\/wp\/v2\/comments?post=550"}],"version-history":[{"count":0,"href":"https:\/\/blog.panrotas.com.br\/direto-do-rio\/wp-json\/wp\/v2\/posts\/550\/revisions"}],"wp:featuredmedia":[{"embeddable":true,"href":"https:\/\/blog.panrotas.com.br\/direto-do-rio\/wp-json\/wp\/v2\/media\/551"}],"wp:attachment":[{"href":"https:\/\/blog.panrotas.com.br\/direto-do-rio\/wp-json\/wp\/v2\/media?parent=550"}],"wp:term":[{"taxonomy":"category","embeddable":true,"href":"https:\/\/blog.panrotas.com.br\/direto-do-rio\/wp-json\/wp\/v2\/categories?post=550"},{"taxonomy":"post_tag","embeddable":true,"href":"https:\/\/blog.panrotas.com.br\/direto-do-rio\/wp-json\/wp\/v2\/tags?post=550"}],"curies":[{"name":"wp","href":"https:\/\/api.w.org\/{rel}","templated":true}]}}