{"id":582,"date":"2016-10-28T18:20:35","date_gmt":"2016-10-28T20:20:35","guid":{"rendered":"http:\/\/blog.panrotas.com.br\/direto-do-rio\/?p=582"},"modified":"2016-10-28T18:20:35","modified_gmt":"2016-10-28T20:20:35","slug":"mao-erudita-e-olhar-selvagem-no-centro-carioca","status":"publish","type":"post","link":"https:\/\/blog.panrotas.com.br\/direto-do-rio\/2016\/10\/28\/mao-erudita-e-olhar-selvagem-no-centro-carioca\/","title":{"rendered":"M\u00e3o erudita e olhar selvagem no centro carioca"},"content":{"rendered":"<p>As m\u00e3os e os olhos do t\u00edtulo s\u00e3o de Pablo Picasso. E quem n\u00e3o viu em S\u00e3o Paulo, tem mais uma chance no Rio. A exposi\u00e7\u00e3o \u201cPicasso: m\u00e3o erudita, olho selvagem\u201d fica em cartaz na Caixa Cultural, no Centro da cidade, at\u00e9 20 de novembro.<\/p>\n<figure id=\"attachment_586\" aria-describedby=\"caption-attachment-586\" style=\"width: 640px\" class=\"wp-caption aligncenter\"><a href=\"http:\/\/panrotas.blog.br\/direto-do-rio\/wp-content\/uploads\/sites\/13\/2016\/10\/IMG_7859a.jpg\"><img loading=\"lazy\" class=\"size-large wp-image-586\" src=\"http:\/\/panrotas.blog.br\/direto-do-rio\/wp-content\/uploads\/sites\/13\/2016\/10\/IMG_7859a-1024x768.jpg\" alt=\"\u00d3leo sobre madeira &quot;Chouette dans un int\u00e9rieur&quot; (1946) \/ Foto de Carla Lencastre\" width=\"640\" height=\"480\" srcset=\"https:\/\/blog.panrotas.com.br\/direto-do-rio\/wp-content\/uploads\/sites\/13\/2016\/10\/IMG_7859a-1024x768.jpg 1024w, https:\/\/blog.panrotas.com.br\/direto-do-rio\/wp-content\/uploads\/sites\/13\/2016\/10\/IMG_7859a-300x225.jpg 300w, https:\/\/blog.panrotas.com.br\/direto-do-rio\/wp-content\/uploads\/sites\/13\/2016\/10\/IMG_7859a-768x576.jpg 768w, https:\/\/blog.panrotas.com.br\/direto-do-rio\/wp-content\/uploads\/sites\/13\/2016\/10\/IMG_7859a-1568x1176.jpg 1568w\" sizes=\"(max-width: 640px) 100vw, 640px\" \/><\/a><figcaption id=\"caption-attachment-586\" class=\"wp-caption-text\">\u00d3leo sobre madeira &#8220;Chouette dans un int\u00e9rieur&#8221; (1946)<\/figcaption><\/figure>\n<p>O que torna esta mostra especialmente charmosa \u00e9 que ela re\u00fane obras do acervo pessoal do artista. Entre os mais de cem trabalhos est\u00e3o, por exemplo, estudos para obras-primas como \u201cLes demoiselles d\u2019Avignon\u201d e \u201cGuernica\u201d. Pinturas das fases iniciais, croquis para cen\u00e1rios e figurinos de bal\u00e9s russos e objetos em cer\u00e2mica tamb\u00e9m chamam a aten\u00e7\u00e3o. A exposi\u00e7\u00e3o apresenta ainda o curta-metragem \u201cGuernica\u201d (1950), de Alais Resnais e Robert Hessens. A curadoria \u00e9 de Emilia Philippot, do Mus\u00e9e Picasso, em Paris.<\/p>\n<figure id=\"attachment_587\" aria-describedby=\"caption-attachment-587\" style=\"width: 300px\" class=\"wp-caption aligncenter\"><a href=\"http:\/\/panrotas.blog.br\/direto-do-rio\/wp-content\/uploads\/sites\/13\/2016\/10\/IMG_7860a.jpg\"><img loading=\"lazy\" class=\"size-medium wp-image-587\" src=\"http:\/\/panrotas.blog.br\/direto-do-rio\/wp-content\/uploads\/sites\/13\/2016\/10\/IMG_7860a-300x225.jpg\" alt=\"\u00d3leo sobre tela &quot;Le jeune peintre&quot; (1972)\" width=\"300\" height=\"225\" srcset=\"https:\/\/blog.panrotas.com.br\/direto-do-rio\/wp-content\/uploads\/sites\/13\/2016\/10\/IMG_7860a-300x225.jpg 300w, https:\/\/blog.panrotas.com.br\/direto-do-rio\/wp-content\/uploads\/sites\/13\/2016\/10\/IMG_7860a-768x576.jpg 768w, https:\/\/blog.panrotas.com.br\/direto-do-rio\/wp-content\/uploads\/sites\/13\/2016\/10\/IMG_7860a-1024x768.jpg 1024w, https:\/\/blog.panrotas.com.br\/direto-do-rio\/wp-content\/uploads\/sites\/13\/2016\/10\/IMG_7860a-1568x1176.jpg 1568w\" sizes=\"(max-width: 300px) 100vw, 300px\" \/><\/a><figcaption id=\"caption-attachment-587\" class=\"wp-caption-text\">\u00d3leo sobre tela &#8220;Le jeune peintre&#8221; (1972)<\/figcaption><\/figure>\n<p>\u201cM\u00e3o erudita, olhar selvagem\u201d foi organizada pelo Instituto Tomie Ohtake em parceria com Mus\u00e9e Picasso. As principais obras s\u00e3o provenientes de duas doa\u00e7\u00f5es dos herdeiros do artista (1881-1973) e abrangem todas as fases de sua longa carreira.<\/p>\n<figure id=\"attachment_588\" aria-describedby=\"caption-attachment-588\" style=\"width: 640px\" class=\"wp-caption aligncenter\"><a href=\"http:\/\/panrotas.blog.br\/direto-do-rio\/wp-content\/uploads\/sites\/13\/2016\/10\/IMG_7865a.jpg\"><img loading=\"lazy\" class=\"size-large wp-image-588\" src=\"http:\/\/panrotas.blog.br\/direto-do-rio\/wp-content\/uploads\/sites\/13\/2016\/10\/IMG_7865a-1024x768.jpg\" alt=\"Vaso em argila de 1961 \/ Foto de Carla Lencastre\" width=\"640\" height=\"480\" srcset=\"https:\/\/blog.panrotas.com.br\/direto-do-rio\/wp-content\/uploads\/sites\/13\/2016\/10\/IMG_7865a-1024x768.jpg 1024w, https:\/\/blog.panrotas.com.br\/direto-do-rio\/wp-content\/uploads\/sites\/13\/2016\/10\/IMG_7865a-300x225.jpg 300w, https:\/\/blog.panrotas.com.br\/direto-do-rio\/wp-content\/uploads\/sites\/13\/2016\/10\/IMG_7865a-768x576.jpg 768w, https:\/\/blog.panrotas.com.br\/direto-do-rio\/wp-content\/uploads\/sites\/13\/2016\/10\/IMG_7865a-1568x1176.jpg 1568w\" sizes=\"(max-width: 640px) 100vw, 640px\" \/><\/a><figcaption id=\"caption-attachment-588\" class=\"wp-caption-text\">Vaso em argila de 1961 \/ Foto de Carla Lencastre<\/figcaption><\/figure>\n<p>Por conta da greve dos banc\u00e1rios, o centro cultural da Caixa s\u00f3 estava abrindo \u00e0 noite e nos fins de semana. Mas agora a exposi\u00e7\u00e3o, inaugurada m\u00eas passado, durante a greve, pode ser vista de ter\u00e7a-feira a domingo, das 10h \u00e0s 21h. A <a href=\"http:\/\/www.caixacultural.com.br\/SitePages\/unidade-home.aspx?uid=6\">Caixa Cultural Rio<\/a> fica na Avenida Almirante Barroso 25, ao lado da esta\u00e7\u00e3o Carioca do metr\u00f4 (sa\u00edda Avenida Chile).<\/p>\n<figure id=\"attachment_589\" aria-describedby=\"caption-attachment-589\" style=\"width: 225px\" class=\"wp-caption aligncenter\"><a href=\"http:\/\/panrotas.blog.br\/direto-do-rio\/wp-content\/uploads\/sites\/13\/2016\/10\/IMG_7874a.jpg\"><img loading=\"lazy\" class=\"size-medium wp-image-589\" src=\"http:\/\/panrotas.blog.br\/direto-do-rio\/wp-content\/uploads\/sites\/13\/2016\/10\/IMG_7874a-225x300.jpg\" alt=\"#theworldneedsmorespiralstaircases: uma das escadas da Caixa Cultural Rio \/ Foto de Carla Lencastre \" width=\"225\" height=\"300\" srcset=\"https:\/\/blog.panrotas.com.br\/direto-do-rio\/wp-content\/uploads\/sites\/13\/2016\/10\/IMG_7874a-225x300.jpg 225w, https:\/\/blog.panrotas.com.br\/direto-do-rio\/wp-content\/uploads\/sites\/13\/2016\/10\/IMG_7874a-768x1024.jpg 768w, https:\/\/blog.panrotas.com.br\/direto-do-rio\/wp-content\/uploads\/sites\/13\/2016\/10\/IMG_7874a-1568x2091.jpg 1568w\" sizes=\"(max-width: 225px) 100vw, 225px\" \/><\/a><figcaption id=\"caption-attachment-589\" class=\"wp-caption-text\">#theworldneedsmorespiralstaircases: uma das escadas da Caixa Cultural Rio \/ Foto de Carla Lencastre<\/figcaption><\/figure>\n<p><strong>***<\/strong><\/p>\n<p>Continua em cartaz no Rio, tamb\u00e9m no Centro da cidade, a abrangente e bonita exposi\u00e7\u00e3o sobre\u00a0arte brasileira no Museu de Arte do Rio (MAR), na Pra\u00e7a Mau\u00e1. \u201cA cor do Brasil\u201d pode ser vista at\u00e9 janeiro de 2017. Leia mais sobre ela, e os arredores do MAR, <a href=\"http:\/\/blog.panrotas.com.br\/direto-do-rio\/index.php\/2016\/09\/14\/arte-brasileira-na-praca-maua\/\">clicando aqui<\/a>.<\/p>\n<figure id=\"attachment_590\" aria-describedby=\"caption-attachment-590\" style=\"width: 300px\" class=\"wp-caption aligncenter\"><a href=\"http:\/\/panrotas.blog.br\/direto-do-rio\/wp-content\/uploads\/sites\/13\/2016\/10\/IMG_6784a.jpg\"><img loading=\"lazy\" class=\"size-medium wp-image-590\" src=\"http:\/\/panrotas.blog.br\/direto-do-rio\/wp-content\/uploads\/sites\/13\/2016\/10\/IMG_6784a-300x225.jpg\" alt=\"&quot;A Gl\u00f3ria&quot; (s\u00e9culo 19), por Eduard Hildebrantt, no MAR\" width=\"300\" height=\"225\" srcset=\"https:\/\/blog.panrotas.com.br\/direto-do-rio\/wp-content\/uploads\/sites\/13\/2016\/10\/IMG_6784a-300x225.jpg 300w, https:\/\/blog.panrotas.com.br\/direto-do-rio\/wp-content\/uploads\/sites\/13\/2016\/10\/IMG_6784a-768x576.jpg 768w, https:\/\/blog.panrotas.com.br\/direto-do-rio\/wp-content\/uploads\/sites\/13\/2016\/10\/IMG_6784a-1024x768.jpg 1024w, https:\/\/blog.panrotas.com.br\/direto-do-rio\/wp-content\/uploads\/sites\/13\/2016\/10\/IMG_6784a-1568x1176.jpg 1568w\" sizes=\"(max-width: 300px) 100vw, 300px\" \/><\/a><figcaption id=\"caption-attachment-590\" class=\"wp-caption-text\">&#8220;A Gl\u00f3ria&#8221; (s\u00e9culo 19), por Eduard Hildebrantt, no MAR<\/figcaption><\/figure>\n<p>&nbsp;<\/p>\n<figure id=\"attachment_591\" aria-describedby=\"caption-attachment-591\" style=\"width: 300px\" class=\"wp-caption aligncenter\"><a href=\"http:\/\/panrotas.blog.br\/direto-do-rio\/wp-content\/uploads\/sites\/13\/2016\/10\/IMG_6786a.jpg\"><img loading=\"lazy\" class=\"size-medium wp-image-591\" src=\"http:\/\/panrotas.blog.br\/direto-do-rio\/wp-content\/uploads\/sites\/13\/2016\/10\/IMG_6786a-300x225.jpg\" alt=\"&quot;Vista da enseada de Botafogo&quot; (1868), por Henri Nicolas Vinet\" width=\"300\" height=\"225\" srcset=\"https:\/\/blog.panrotas.com.br\/direto-do-rio\/wp-content\/uploads\/sites\/13\/2016\/10\/IMG_6786a-300x225.jpg 300w, https:\/\/blog.panrotas.com.br\/direto-do-rio\/wp-content\/uploads\/sites\/13\/2016\/10\/IMG_6786a-768x576.jpg 768w, https:\/\/blog.panrotas.com.br\/direto-do-rio\/wp-content\/uploads\/sites\/13\/2016\/10\/IMG_6786a-1024x768.jpg 1024w, https:\/\/blog.panrotas.com.br\/direto-do-rio\/wp-content\/uploads\/sites\/13\/2016\/10\/IMG_6786a-1568x1176.jpg 1568w\" sizes=\"(max-width: 300px) 100vw, 300px\" \/><\/a><figcaption id=\"caption-attachment-591\" class=\"wp-caption-text\">&#8220;Vista da enseada de Botafogo&#8221; (1868), por Henri Nicolas Vinet<\/figcaption><\/figure>\n","protected":false},"excerpt":{"rendered":"<p>As m\u00e3os e os olhos do t\u00edtulo s\u00e3o de Pablo Picasso. E quem n\u00e3o viu em S\u00e3o Paulo, tem mais uma chance no Rio. A exposi\u00e7\u00e3o \u201cPicasso: m\u00e3o erudita, olho selvagem\u201d fica em cartaz na Caixa Cultural, no Centro da cidade, at\u00e9 20 de novembro. O que torna esta mostra especialmente charmosa \u00e9 que ela&hellip; <a class=\"more-link\" href=\"https:\/\/blog.panrotas.com.br\/direto-do-rio\/2016\/10\/28\/mao-erudita-e-olhar-selvagem-no-centro-carioca\/\">Continue reading &rarr;<\/a><\/p>\n","protected":false},"author":16,"featured_media":585,"comment_status":"open","ping_status":"open","sticky":false,"template":"","format":"standard","meta":{"spay_email":""},"categories":[2],"tags":[4,9,19,22,23,26],"yoast_head":"<!-- This site is optimized with the Yoast SEO plugin v17.3 - https:\/\/yoast.com\/wordpress\/plugins\/seo\/ -->\n<title>M\u00e3o erudita e olhar selvagem no centro carioca - Direto do Rio<\/title>\n<meta name=\"robots\" content=\"index, follow, max-snippet:-1, max-image-preview:large, max-video-preview:-1\" \/>\n<link rel=\"canonical\" href=\"https:\/\/blog.panrotas.com.br\/direto-do-rio\/2016\/10\/28\/mao-erudita-e-olhar-selvagem-no-centro-carioca\/\" \/>\n<meta property=\"og:locale\" content=\"pt_BR\" \/>\n<meta property=\"og:type\" content=\"article\" \/>\n<meta property=\"og:title\" content=\"M\u00e3o erudita e olhar selvagem no centro carioca - Direto do Rio\" \/>\n<meta property=\"og:description\" content=\"As m\u00e3os e os olhos do t\u00edtulo s\u00e3o de Pablo Picasso. E quem n\u00e3o viu em S\u00e3o Paulo, tem mais uma chance no Rio. A exposi\u00e7\u00e3o \u201cPicasso: m\u00e3o erudita, olho selvagem\u201d fica em cartaz na Caixa Cultural, no Centro da cidade, at\u00e9 20 de novembro. O que torna esta mostra especialmente charmosa \u00e9 que ela&hellip; Continue reading &rarr;\" \/>\n<meta property=\"og:url\" content=\"https:\/\/blog.panrotas.com.br\/direto-do-rio\/2016\/10\/28\/mao-erudita-e-olhar-selvagem-no-centro-carioca\/\" \/>\n<meta property=\"og:site_name\" content=\"Direto do Rio\" \/>\n<meta property=\"article:published_time\" content=\"2016-10-28T20:20:35+00:00\" \/>\n<meta property=\"og:image\" content=\"https:\/\/blog.panrotas.com.br\/direto-do-rio\/wp-content\/uploads\/sites\/13\/2016\/10\/IMG_7853a.jpg\" \/>\n\t<meta property=\"og:image:width\" content=\"3264\" \/>\n\t<meta property=\"og:image:height\" content=\"2448\" \/>\n<meta name=\"twitter:card\" content=\"summary_large_image\" \/>\n<meta name=\"twitter:label1\" content=\"Escrito por\" \/>\n\t<meta name=\"twitter:data1\" content=\"Carla Lencastre\" \/>\n\t<meta name=\"twitter:label2\" content=\"Est. tempo de leitura\" \/>\n\t<meta name=\"twitter:data2\" content=\"2 minutos\" \/>\n<script type=\"application\/ld+json\" class=\"yoast-schema-graph\">{\"@context\":\"https:\/\/schema.org\",\"@graph\":[{\"@type\":\"WebSite\",\"@id\":\"https:\/\/blog.panrotas.com.br\/direto-do-rio\/#website\",\"url\":\"https:\/\/blog.panrotas.com.br\/direto-do-rio\/\",\"name\":\"Direto do Rio\",\"description\":\"Blogosfera PANROTAS\",\"potentialAction\":[{\"@type\":\"SearchAction\",\"target\":{\"@type\":\"EntryPoint\",\"urlTemplate\":\"https:\/\/blog.panrotas.com.br\/direto-do-rio\/?s={search_term_string}\"},\"query-input\":\"required name=search_term_string\"}],\"inLanguage\":\"pt-BR\"},{\"@type\":\"ImageObject\",\"@id\":\"https:\/\/blog.panrotas.com.br\/direto-do-rio\/2016\/10\/28\/mao-erudita-e-olhar-selvagem-no-centro-carioca\/#primaryimage\",\"inLanguage\":\"pt-BR\",\"url\":\"https:\/\/blog.panrotas.com.br\/direto-do-rio\/wp-content\/uploads\/sites\/13\/2016\/10\/IMG_7853a.jpg\",\"contentUrl\":\"https:\/\/blog.panrotas.com.br\/direto-do-rio\/wp-content\/uploads\/sites\/13\/2016\/10\/IMG_7853a.jpg\",\"width\":3264,\"height\":2448},{\"@type\":\"WebPage\",\"@id\":\"https:\/\/blog.panrotas.com.br\/direto-do-rio\/2016\/10\/28\/mao-erudita-e-olhar-selvagem-no-centro-carioca\/#webpage\",\"url\":\"https:\/\/blog.panrotas.com.br\/direto-do-rio\/2016\/10\/28\/mao-erudita-e-olhar-selvagem-no-centro-carioca\/\",\"name\":\"M\\u00e3o erudita e olhar selvagem no centro carioca - Direto do Rio\",\"isPartOf\":{\"@id\":\"https:\/\/blog.panrotas.com.br\/direto-do-rio\/#website\"},\"primaryImageOfPage\":{\"@id\":\"https:\/\/blog.panrotas.com.br\/direto-do-rio\/2016\/10\/28\/mao-erudita-e-olhar-selvagem-no-centro-carioca\/#primaryimage\"},\"datePublished\":\"2016-10-28T20:20:35+00:00\",\"dateModified\":\"2016-10-28T20:20:35+00:00\",\"author\":{\"@id\":\"https:\/\/blog.panrotas.com.br\/direto-do-rio\/#\/schema\/person\/352af1dec5c74b0126eec2e7a1367b60\"},\"breadcrumb\":{\"@id\":\"https:\/\/blog.panrotas.com.br\/direto-do-rio\/2016\/10\/28\/mao-erudita-e-olhar-selvagem-no-centro-carioca\/#breadcrumb\"},\"inLanguage\":\"pt-BR\",\"potentialAction\":[{\"@type\":\"ReadAction\",\"target\":[\"https:\/\/blog.panrotas.com.br\/direto-do-rio\/2016\/10\/28\/mao-erudita-e-olhar-selvagem-no-centro-carioca\/\"]}]},{\"@type\":\"BreadcrumbList\",\"@id\":\"https:\/\/blog.panrotas.com.br\/direto-do-rio\/2016\/10\/28\/mao-erudita-e-olhar-selvagem-no-centro-carioca\/#breadcrumb\",\"itemListElement\":[{\"@type\":\"ListItem\",\"position\":1,\"name\":\"In\\u00edcio\",\"item\":\"https:\/\/blog.panrotas.com.br\/direto-do-rio\/\"},{\"@type\":\"ListItem\",\"position\":2,\"name\":\"M\\u00e3o erudita e olhar selvagem no centro carioca\"}]},{\"@type\":\"Person\",\"@id\":\"https:\/\/blog.panrotas.com.br\/direto-do-rio\/#\/schema\/person\/352af1dec5c74b0126eec2e7a1367b60\",\"name\":\"Carla Lencastre\",\"image\":{\"@type\":\"ImageObject\",\"@id\":\"https:\/\/blog.panrotas.com.br\/direto-do-rio\/#personlogo\",\"inLanguage\":\"pt-BR\",\"url\":\"https:\/\/secure.gravatar.com\/avatar\/cf94ae201e56b12809e8238685ea9d29?s=96&d=mm&r=g\",\"contentUrl\":\"https:\/\/secure.gravatar.com\/avatar\/cf94ae201e56b12809e8238685ea9d29?s=96&d=mm&r=g\",\"caption\":\"Carla Lencastre\"},\"description\":\"Jornalista formada pela Universidade Federal Fluminense (UFF), Carla Lencastre trabalhou por mais de 25 anos na reda\\u00e7\\u00e3o do jornal O Globo nas \\u00e1reas de Comportamento, Cultura, Educa\\u00e7\\u00e3o e Turismo. Editou a revista e o site Boa Viagem O Globo por mais de uma d\\u00e9cada e conquistou v\\u00e1rios pr\\u00eamios do setor. Em 2020 foi eleita uma das 100 pessoas mais influentes do turismo no Brasil pelo ranking Panrotas+Elo. Desde 2015 escreve para diversas publica\\u00e7\\u00f5es, entre elas O Globo, Panrotas e #Colabora,\\u00a0site de jornalismo independente voltado para o desenvolvimento sustent\\u00e1vel, onde assina uma coluna sobre viagens do ponto de vista de diversidade, inclus\\u00e3o, regenera\\u00e7\\u00e3o e sustentabilidade. Ama viajar e anda mundo afora em busca de boas hist\\u00f3rias desde sempre. \\u00c9 carioca de mar e bar. Gosta de dias nublados. Est\\u00e1 no Instagram e no Twitter em\\u00a0@CarlaLencastre\\u00a0\",\"sameAs\":[\"http:\/\/carlalencastre.com\"],\"url\":\"https:\/\/blog.panrotas.com.br\/direto-do-rio\/author\/carla\/\"}]}<\/script>\n<!-- \/ Yoast SEO plugin. -->","yoast_head_json":{"title":"M\u00e3o erudita e olhar selvagem no centro carioca - Direto do Rio","robots":{"index":"index","follow":"follow","max-snippet":"max-snippet:-1","max-image-preview":"max-image-preview:large","max-video-preview":"max-video-preview:-1"},"canonical":"https:\/\/blog.panrotas.com.br\/direto-do-rio\/2016\/10\/28\/mao-erudita-e-olhar-selvagem-no-centro-carioca\/","og_locale":"pt_BR","og_type":"article","og_title":"M\u00e3o erudita e olhar selvagem no centro carioca - Direto do Rio","og_description":"As m\u00e3os e os olhos do t\u00edtulo s\u00e3o de Pablo Picasso. E quem n\u00e3o viu em S\u00e3o Paulo, tem mais uma chance no Rio. A exposi\u00e7\u00e3o \u201cPicasso: m\u00e3o erudita, olho selvagem\u201d fica em cartaz na Caixa Cultural, no Centro da cidade, at\u00e9 20 de novembro. O que torna esta mostra especialmente charmosa \u00e9 que ela&hellip; Continue reading &rarr;","og_url":"https:\/\/blog.panrotas.com.br\/direto-do-rio\/2016\/10\/28\/mao-erudita-e-olhar-selvagem-no-centro-carioca\/","og_site_name":"Direto do Rio","article_published_time":"2016-10-28T20:20:35+00:00","og_image":[{"width":3264,"height":2448,"url":"https:\/\/blog.panrotas.com.br\/direto-do-rio\/wp-content\/uploads\/sites\/13\/2016\/10\/IMG_7853a.jpg","type":"image\/jpeg"}],"twitter_card":"summary_large_image","twitter_misc":{"Escrito por":"Carla Lencastre","Est. tempo de leitura":"2 minutos"},"schema":{"@context":"https:\/\/schema.org","@graph":[{"@type":"WebSite","@id":"https:\/\/blog.panrotas.com.br\/direto-do-rio\/#website","url":"https:\/\/blog.panrotas.com.br\/direto-do-rio\/","name":"Direto do Rio","description":"Blogosfera PANROTAS","potentialAction":[{"@type":"SearchAction","target":{"@type":"EntryPoint","urlTemplate":"https:\/\/blog.panrotas.com.br\/direto-do-rio\/?s={search_term_string}"},"query-input":"required name=search_term_string"}],"inLanguage":"pt-BR"},{"@type":"ImageObject","@id":"https:\/\/blog.panrotas.com.br\/direto-do-rio\/2016\/10\/28\/mao-erudita-e-olhar-selvagem-no-centro-carioca\/#primaryimage","inLanguage":"pt-BR","url":"https:\/\/blog.panrotas.com.br\/direto-do-rio\/wp-content\/uploads\/sites\/13\/2016\/10\/IMG_7853a.jpg","contentUrl":"https:\/\/blog.panrotas.com.br\/direto-do-rio\/wp-content\/uploads\/sites\/13\/2016\/10\/IMG_7853a.jpg","width":3264,"height":2448},{"@type":"WebPage","@id":"https:\/\/blog.panrotas.com.br\/direto-do-rio\/2016\/10\/28\/mao-erudita-e-olhar-selvagem-no-centro-carioca\/#webpage","url":"https:\/\/blog.panrotas.com.br\/direto-do-rio\/2016\/10\/28\/mao-erudita-e-olhar-selvagem-no-centro-carioca\/","name":"M\u00e3o erudita e olhar selvagem no centro carioca - Direto do Rio","isPartOf":{"@id":"https:\/\/blog.panrotas.com.br\/direto-do-rio\/#website"},"primaryImageOfPage":{"@id":"https:\/\/blog.panrotas.com.br\/direto-do-rio\/2016\/10\/28\/mao-erudita-e-olhar-selvagem-no-centro-carioca\/#primaryimage"},"datePublished":"2016-10-28T20:20:35+00:00","dateModified":"2016-10-28T20:20:35+00:00","author":{"@id":"https:\/\/blog.panrotas.com.br\/direto-do-rio\/#\/schema\/person\/352af1dec5c74b0126eec2e7a1367b60"},"breadcrumb":{"@id":"https:\/\/blog.panrotas.com.br\/direto-do-rio\/2016\/10\/28\/mao-erudita-e-olhar-selvagem-no-centro-carioca\/#breadcrumb"},"inLanguage":"pt-BR","potentialAction":[{"@type":"ReadAction","target":["https:\/\/blog.panrotas.com.br\/direto-do-rio\/2016\/10\/28\/mao-erudita-e-olhar-selvagem-no-centro-carioca\/"]}]},{"@type":"BreadcrumbList","@id":"https:\/\/blog.panrotas.com.br\/direto-do-rio\/2016\/10\/28\/mao-erudita-e-olhar-selvagem-no-centro-carioca\/#breadcrumb","itemListElement":[{"@type":"ListItem","position":1,"name":"In\u00edcio","item":"https:\/\/blog.panrotas.com.br\/direto-do-rio\/"},{"@type":"ListItem","position":2,"name":"M\u00e3o erudita e olhar selvagem no centro carioca"}]},{"@type":"Person","@id":"https:\/\/blog.panrotas.com.br\/direto-do-rio\/#\/schema\/person\/352af1dec5c74b0126eec2e7a1367b60","name":"Carla Lencastre","image":{"@type":"ImageObject","@id":"https:\/\/blog.panrotas.com.br\/direto-do-rio\/#personlogo","inLanguage":"pt-BR","url":"https:\/\/secure.gravatar.com\/avatar\/cf94ae201e56b12809e8238685ea9d29?s=96&d=mm&r=g","contentUrl":"https:\/\/secure.gravatar.com\/avatar\/cf94ae201e56b12809e8238685ea9d29?s=96&d=mm&r=g","caption":"Carla Lencastre"},"description":"Jornalista formada pela Universidade Federal Fluminense (UFF), Carla Lencastre trabalhou por mais de 25 anos na reda\u00e7\u00e3o do jornal O Globo nas \u00e1reas de Comportamento, Cultura, Educa\u00e7\u00e3o e Turismo. Editou a revista e o site Boa Viagem O Globo por mais de uma d\u00e9cada e conquistou v\u00e1rios pr\u00eamios do setor. Em 2020 foi eleita uma das 100 pessoas mais influentes do turismo no Brasil pelo ranking Panrotas+Elo. Desde 2015 escreve para diversas publica\u00e7\u00f5es, entre elas O Globo, Panrotas e #Colabora,\u00a0site de jornalismo independente voltado para o desenvolvimento sustent\u00e1vel, onde assina uma coluna sobre viagens do ponto de vista de diversidade, inclus\u00e3o, regenera\u00e7\u00e3o e sustentabilidade. Ama viajar e anda mundo afora em busca de boas hist\u00f3rias desde sempre. \u00c9 carioca de mar e bar. Gosta de dias nublados. Est\u00e1 no Instagram e no Twitter em\u00a0@CarlaLencastre\u00a0","sameAs":["http:\/\/carlalencastre.com"],"url":"https:\/\/blog.panrotas.com.br\/direto-do-rio\/author\/carla\/"}]}},"jetpack_featured_media_url":"https:\/\/blog.panrotas.com.br\/direto-do-rio\/wp-content\/uploads\/sites\/13\/2016\/10\/IMG_7853a.jpg","_links":{"self":[{"href":"https:\/\/blog.panrotas.com.br\/direto-do-rio\/wp-json\/wp\/v2\/posts\/582"}],"collection":[{"href":"https:\/\/blog.panrotas.com.br\/direto-do-rio\/wp-json\/wp\/v2\/posts"}],"about":[{"href":"https:\/\/blog.panrotas.com.br\/direto-do-rio\/wp-json\/wp\/v2\/types\/post"}],"author":[{"embeddable":true,"href":"https:\/\/blog.panrotas.com.br\/direto-do-rio\/wp-json\/wp\/v2\/users\/16"}],"replies":[{"embeddable":true,"href":"https:\/\/blog.panrotas.com.br\/direto-do-rio\/wp-json\/wp\/v2\/comments?post=582"}],"version-history":[{"count":0,"href":"https:\/\/blog.panrotas.com.br\/direto-do-rio\/wp-json\/wp\/v2\/posts\/582\/revisions"}],"wp:featuredmedia":[{"embeddable":true,"href":"https:\/\/blog.panrotas.com.br\/direto-do-rio\/wp-json\/wp\/v2\/media\/585"}],"wp:attachment":[{"href":"https:\/\/blog.panrotas.com.br\/direto-do-rio\/wp-json\/wp\/v2\/media?parent=582"}],"wp:term":[{"taxonomy":"category","embeddable":true,"href":"https:\/\/blog.panrotas.com.br\/direto-do-rio\/wp-json\/wp\/v2\/categories?post=582"},{"taxonomy":"post_tag","embeddable":true,"href":"https:\/\/blog.panrotas.com.br\/direto-do-rio\/wp-json\/wp\/v2\/tags?post=582"}],"curies":[{"name":"wp","href":"https:\/\/api.w.org\/{rel}","templated":true}]}}