{"id":1008,"date":"2021-11-30T15:36:58","date_gmt":"2021-11-30T17:36:58","guid":{"rendered":"https:\/\/blog.panrotas.com.br\/direto-do-sul\/?p=1008"},"modified":"2021-11-30T15:37:01","modified_gmt":"2021-11-30T17:37:01","slug":"matria-parque-de-flores-atracao-para-todas-as-idades-proximo-a-gramado","status":"publish","type":"post","link":"https:\/\/blog.panrotas.com.br\/direto-do-sul\/2021\/11\/30\/matria-parque-de-flores-atracao-para-todas-as-idades-proximo-a-gramado\/","title":{"rendered":"M\u00e1tria Parque de Flores: atra\u00e7\u00e3o para todas as idades pr\u00f3ximo a Gramado"},"content":{"rendered":"\n<div class=\"wp-block-image\"><figure class=\"aligncenter\"><img src=\"https:\/\/blog.brockerturismo.com.br\/wp-content\/uploads\/2021\/11\/matria-parque-5.jpg\" alt=\"\" class=\"wp-image-1488\" \/><figcaption>Jardins Floridos totalmente instagram\u00e1veis!<\/figcaption><\/figure><\/div>\n\n\n\n<p><em>Um espa\u00e7o para contemplar e curtir o contato com a natureza em S\u00e3o Francisco de Paula<\/em><\/p>\n\n\n\n<p>Apenas 35km separam o centro de Gramado da mais nova atra\u00e7\u00e3o tur\u00edstica da Serra Ga\u00facha, o M\u00e1tria Parque de Flores. Inaugurado na cidade de S\u00e3o Francisco de Paula, o local re\u00fane exemplares de plantas em mais de 30 jardins. Os n\u00fameros do M\u00e1tria s\u00e3o grandiosos, tanto quanto o parque. No total, s\u00e3o&nbsp;<strong>50 hectares de \u00e1rea<\/strong>, mais de&nbsp;<strong>300 esp\u00e9cies<\/strong>&nbsp;e&nbsp;<strong>7 milh\u00f5es de mudas de flores<\/strong>&nbsp;plantadas.&nbsp;<\/p>\n\n\n\n<p>O projeto do M\u00e1tria Parque de Flores conta com 20 pontos de interesse, perfeitos para fotografar, filmar ou apenas admirar. A certeza \u00e9 que voc\u00ea levar\u00e1 na mente, no cora\u00e7\u00e3o e no celular somente as mais lindas imagens. E a cada \u00e9poca do ano as nuances das plantas mudam ao sabor do clima e da esta\u00e7\u00e3o na data da sua visita. E por isso, com certeza \u00e9 um passeio para ser repetido em outras oportunidades.&nbsp;<\/p>\n\n\n\n<div class=\"wp-block-image\"><figure class=\"aligncenter is-resized\"><img loading=\"lazy\" src=\"https:\/\/blog.brockerturismo.com.br\/wp-content\/uploads\/2021\/11\/matria-parque-6-1024x683.jpg\" alt=\"\" class=\"wp-image-1491\" width=\"653\" height=\"435\" \/><\/figure><\/div>\n\n\n\n<h2><strong>O que tem para fazer no parque?<\/strong><\/h2>\n\n\n\n<p>\u00c0s margens da ERS-235, no M\u00e1tria Parque de Flores voc\u00ea ter\u00e1 momentos \u00fanicos e experi\u00eancias memor\u00e1veis. Poder\u00e1 participar de oficinas, observar a fauna e a flora com orienta\u00e7\u00e3o guiada, conhecer um melipon\u00e1rio, desfrutar de uma gastronomia incr\u00edvel e ser surpreendido por apresenta\u00e7\u00f5es art\u00edsticas, no Lago Azul ou no palco principal.<\/p>\n\n\n\n<p>E o local vai muito al\u00e9m dos bel\u00edssimos jardins, recantos e atividades culturais. No M\u00e1tria Parque de Flores ainda h\u00e1 restaurante, pizzaria, adega, restobar e loja de souvenir e roupas.<\/p>\n\n\n\n<p><strong>Essas s\u00e3o mais algumas das atra\u00e7\u00f5es do M\u00e1tria Parque de Flores:<\/strong><\/p>\n\n\n\n<p>T\u00fanel de Rosas; Mandala de Arvoretas de Rosas; Mandala de Ervas; Monumento \u00e0 Borboleta; Mirantes Pra\u00e7a de Fogo; Rosa dos Ventos (Vila das Crian\u00e7as); Gira-giras; T\u00fanel Glic\u00ednias; Centop\u00e9ia de Gangorras; Montanha de Tocos; Melipon\u00e1rio (Abelhas sem ferr\u00e3o); Mirante do Jardim Degrad\u00ea; Pier do Lago Azul.<\/p>\n\n\n\n<h2><strong>O QUE VOC\u00ca PRECISA SABER:<\/strong><\/h2>\n\n\n\n<p><strong>O qu\u00ea:<\/strong>\u00a0M\u00e1tria Parque de Flores<br><strong>Onde:<\/strong>\u00a0km 68 da ERS-235, em S\u00e3o Francisco de Paula (distante 35km de Gramado)<br><strong>Hor\u00e1rio:<\/strong>\u00a0diariamente, das 10h \u00e0s 18h<br><strong>Compre agora com sua operadora ou ag\u00eancia preferencial! <\/strong><\/p>\n","protected":false},"excerpt":{"rendered":"<p>Um espa\u00e7o para contemplar e curtir o contato com a natureza em S\u00e3o Francisco de Paula&hellip; <a class=\"more-link\" href=\"https:\/\/blog.panrotas.com.br\/direto-do-sul\/2021\/11\/30\/matria-parque-de-flores-atracao-para-todas-as-idades-proximo-a-gramado\/\">Continue reading &rarr;<\/a><\/p>\n","protected":false},"author":17,"featured_media":1009,"comment_status":"open","ping_status":"open","sticky":false,"template":"","format":"standard","meta":{"spay_email":""},"categories":[2],"tags":[],"yoast_head":"<!-- This site is optimized with the Yoast SEO plugin v17.3 - https:\/\/yoast.com\/wordpress\/plugins\/seo\/ -->\n<title>M\u00e1tria Parque de Flores: atra\u00e7\u00e3o para todas as idades pr\u00f3ximo a Gramado - Direto do Sul<\/title>\n<meta name=\"robots\" content=\"index, follow, max-snippet:-1, max-image-preview:large, max-video-preview:-1\" \/>\n<link rel=\"canonical\" href=\"https:\/\/blog.panrotas.com.br\/direto-do-sul\/2021\/11\/30\/matria-parque-de-flores-atracao-para-todas-as-idades-proximo-a-gramado\/\" \/>\n<meta property=\"og:locale\" content=\"pt_BR\" \/>\n<meta property=\"og:type\" content=\"article\" \/>\n<meta property=\"og:title\" content=\"M\u00e1tria Parque de Flores: atra\u00e7\u00e3o para todas as idades pr\u00f3ximo a Gramado - Direto do Sul\" \/>\n<meta property=\"og:description\" content=\"Um espa\u00e7o para contemplar e curtir o contato com a natureza em S\u00e3o Francisco de Paula&hellip; Continue reading &rarr;\" \/>\n<meta property=\"og:url\" content=\"https:\/\/blog.panrotas.com.br\/direto-do-sul\/2021\/11\/30\/matria-parque-de-flores-atracao-para-todas-as-idades-proximo-a-gramado\/\" \/>\n<meta property=\"og:site_name\" content=\"Direto do Sul\" \/>\n<meta property=\"article:published_time\" content=\"2021-11-30T17:36:58+00:00\" \/>\n<meta property=\"article:modified_time\" content=\"2021-11-30T17:37:01+00:00\" \/>\n<meta property=\"og:image\" content=\"http:\/\/blog.panrotas.com.br\/direto-do-sul\/wp-content\/uploads\/sites\/14\/2021\/11\/photo-shared-by-dicas-de-gramado-1.jpg\" \/>\n\t<meta property=\"og:image:width\" content=\"640\" \/>\n\t<meta property=\"og:image:height\" content=\"800\" \/>\n<meta name=\"twitter:card\" content=\"summary_large_image\" \/>\n<meta name=\"twitter:label1\" content=\"Escrito por\" \/>\n\t<meta name=\"twitter:data1\" content=\"Any Brocker\" \/>\n\t<meta name=\"twitter:label2\" content=\"Est. tempo de leitura\" \/>\n\t<meta name=\"twitter:data2\" content=\"2 minutos\" \/>\n<script type=\"application\/ld+json\" class=\"yoast-schema-graph\">{\"@context\":\"https:\/\/schema.org\",\"@graph\":[{\"@type\":\"WebSite\",\"@id\":\"https:\/\/blog.panrotas.com.br\/direto-do-sul\/#website\",\"url\":\"https:\/\/blog.panrotas.com.br\/direto-do-sul\/\",\"name\":\"Direto do Sul\",\"description\":\"Blogosfera PANROTAS\",\"potentialAction\":[{\"@type\":\"SearchAction\",\"target\":{\"@type\":\"EntryPoint\",\"urlTemplate\":\"https:\/\/blog.panrotas.com.br\/direto-do-sul\/?s={search_term_string}\"},\"query-input\":\"required name=search_term_string\"}],\"inLanguage\":\"pt-BR\"},{\"@type\":\"ImageObject\",\"@id\":\"https:\/\/blog.panrotas.com.br\/direto-do-sul\/2021\/11\/30\/matria-parque-de-flores-atracao-para-todas-as-idades-proximo-a-gramado\/#primaryimage\",\"inLanguage\":\"pt-BR\",\"url\":\"https:\/\/blog.panrotas.com.br\/direto-do-sul\/wp-content\/uploads\/sites\/14\/2021\/11\/photo-shared-by-dicas-de-gramado-1.jpg\",\"contentUrl\":\"https:\/\/blog.panrotas.com.br\/direto-do-sul\/wp-content\/uploads\/sites\/14\/2021\/11\/photo-shared-by-dicas-de-gramado-1.jpg\",\"width\":640,\"height\":800,\"caption\":\"Foto by: @dicasdegramado\"},{\"@type\":\"WebPage\",\"@id\":\"https:\/\/blog.panrotas.com.br\/direto-do-sul\/2021\/11\/30\/matria-parque-de-flores-atracao-para-todas-as-idades-proximo-a-gramado\/#webpage\",\"url\":\"https:\/\/blog.panrotas.com.br\/direto-do-sul\/2021\/11\/30\/matria-parque-de-flores-atracao-para-todas-as-idades-proximo-a-gramado\/\",\"name\":\"M\\u00e1tria Parque de Flores: atra\\u00e7\\u00e3o para todas as idades pr\\u00f3ximo a Gramado - Direto do Sul\",\"isPartOf\":{\"@id\":\"https:\/\/blog.panrotas.com.br\/direto-do-sul\/#website\"},\"primaryImageOfPage\":{\"@id\":\"https:\/\/blog.panrotas.com.br\/direto-do-sul\/2021\/11\/30\/matria-parque-de-flores-atracao-para-todas-as-idades-proximo-a-gramado\/#primaryimage\"},\"datePublished\":\"2021-11-30T17:36:58+00:00\",\"dateModified\":\"2021-11-30T17:37:01+00:00\",\"author\":{\"@id\":\"https:\/\/blog.panrotas.com.br\/direto-do-sul\/#\/schema\/person\/a03f4d5e2d6cd37a874f986e07f47268\"},\"breadcrumb\":{\"@id\":\"https:\/\/blog.panrotas.com.br\/direto-do-sul\/2021\/11\/30\/matria-parque-de-flores-atracao-para-todas-as-idades-proximo-a-gramado\/#breadcrumb\"},\"inLanguage\":\"pt-BR\",\"potentialAction\":[{\"@type\":\"ReadAction\",\"target\":[\"https:\/\/blog.panrotas.com.br\/direto-do-sul\/2021\/11\/30\/matria-parque-de-flores-atracao-para-todas-as-idades-proximo-a-gramado\/\"]}]},{\"@type\":\"BreadcrumbList\",\"@id\":\"https:\/\/blog.panrotas.com.br\/direto-do-sul\/2021\/11\/30\/matria-parque-de-flores-atracao-para-todas-as-idades-proximo-a-gramado\/#breadcrumb\",\"itemListElement\":[{\"@type\":\"ListItem\",\"position\":1,\"name\":\"In\\u00edcio\",\"item\":\"https:\/\/blog.panrotas.com.br\/direto-do-sul\/\"},{\"@type\":\"ListItem\",\"position\":2,\"name\":\"M\\u00e1tria Parque de Flores: atra\\u00e7\\u00e3o para todas as idades pr\\u00f3ximo a Gramado\"}]},{\"@type\":\"Person\",\"@id\":\"https:\/\/blog.panrotas.com.br\/direto-do-sul\/#\/schema\/person\/a03f4d5e2d6cd37a874f986e07f47268\",\"name\":\"Any Brocker\",\"image\":{\"@type\":\"ImageObject\",\"@id\":\"https:\/\/blog.panrotas.com.br\/direto-do-sul\/#personlogo\",\"inLanguage\":\"pt-BR\",\"url\":\"https:\/\/secure.gravatar.com\/avatar\/5ef47ea7f1094e49c2aec16a7917fdd9?s=96&d=mm&r=g\",\"contentUrl\":\"https:\/\/secure.gravatar.com\/avatar\/5ef47ea7f1094e49c2aec16a7917fdd9?s=96&d=mm&r=g\",\"caption\":\"Any Brocker\"},\"sameAs\":[\"https:\/\/blog.panrotas.com.br\/direto-do-sul\"],\"url\":\"https:\/\/blog.panrotas.com.br\/direto-do-sul\/author\/adriane\/\"}]}<\/script>\n<!-- \/ Yoast SEO plugin. -->","yoast_head_json":{"title":"M\u00e1tria Parque de Flores: atra\u00e7\u00e3o para todas as idades pr\u00f3ximo a Gramado - Direto do Sul","robots":{"index":"index","follow":"follow","max-snippet":"max-snippet:-1","max-image-preview":"max-image-preview:large","max-video-preview":"max-video-preview:-1"},"canonical":"https:\/\/blog.panrotas.com.br\/direto-do-sul\/2021\/11\/30\/matria-parque-de-flores-atracao-para-todas-as-idades-proximo-a-gramado\/","og_locale":"pt_BR","og_type":"article","og_title":"M\u00e1tria Parque de Flores: atra\u00e7\u00e3o para todas as idades pr\u00f3ximo a Gramado - Direto do Sul","og_description":"Um espa\u00e7o para contemplar e curtir o contato com a natureza em S\u00e3o Francisco de Paula&hellip; Continue reading &rarr;","og_url":"https:\/\/blog.panrotas.com.br\/direto-do-sul\/2021\/11\/30\/matria-parque-de-flores-atracao-para-todas-as-idades-proximo-a-gramado\/","og_site_name":"Direto do Sul","article_published_time":"2021-11-30T17:36:58+00:00","article_modified_time":"2021-11-30T17:37:01+00:00","og_image":[{"width":640,"height":800,"url":"http:\/\/blog.panrotas.com.br\/direto-do-sul\/wp-content\/uploads\/sites\/14\/2021\/11\/photo-shared-by-dicas-de-gramado-1.jpg","type":"image\/jpeg"}],"twitter_card":"summary_large_image","twitter_misc":{"Escrito por":"Any Brocker","Est. tempo de leitura":"2 minutos"},"schema":{"@context":"https:\/\/schema.org","@graph":[{"@type":"WebSite","@id":"https:\/\/blog.panrotas.com.br\/direto-do-sul\/#website","url":"https:\/\/blog.panrotas.com.br\/direto-do-sul\/","name":"Direto do Sul","description":"Blogosfera PANROTAS","potentialAction":[{"@type":"SearchAction","target":{"@type":"EntryPoint","urlTemplate":"https:\/\/blog.panrotas.com.br\/direto-do-sul\/?s={search_term_string}"},"query-input":"required name=search_term_string"}],"inLanguage":"pt-BR"},{"@type":"ImageObject","@id":"https:\/\/blog.panrotas.com.br\/direto-do-sul\/2021\/11\/30\/matria-parque-de-flores-atracao-para-todas-as-idades-proximo-a-gramado\/#primaryimage","inLanguage":"pt-BR","url":"https:\/\/blog.panrotas.com.br\/direto-do-sul\/wp-content\/uploads\/sites\/14\/2021\/11\/photo-shared-by-dicas-de-gramado-1.jpg","contentUrl":"https:\/\/blog.panrotas.com.br\/direto-do-sul\/wp-content\/uploads\/sites\/14\/2021\/11\/photo-shared-by-dicas-de-gramado-1.jpg","width":640,"height":800,"caption":"Foto by: @dicasdegramado"},{"@type":"WebPage","@id":"https:\/\/blog.panrotas.com.br\/direto-do-sul\/2021\/11\/30\/matria-parque-de-flores-atracao-para-todas-as-idades-proximo-a-gramado\/#webpage","url":"https:\/\/blog.panrotas.com.br\/direto-do-sul\/2021\/11\/30\/matria-parque-de-flores-atracao-para-todas-as-idades-proximo-a-gramado\/","name":"M\u00e1tria Parque de Flores: atra\u00e7\u00e3o para todas as idades pr\u00f3ximo a Gramado - Direto do Sul","isPartOf":{"@id":"https:\/\/blog.panrotas.com.br\/direto-do-sul\/#website"},"primaryImageOfPage":{"@id":"https:\/\/blog.panrotas.com.br\/direto-do-sul\/2021\/11\/30\/matria-parque-de-flores-atracao-para-todas-as-idades-proximo-a-gramado\/#primaryimage"},"datePublished":"2021-11-30T17:36:58+00:00","dateModified":"2021-11-30T17:37:01+00:00","author":{"@id":"https:\/\/blog.panrotas.com.br\/direto-do-sul\/#\/schema\/person\/a03f4d5e2d6cd37a874f986e07f47268"},"breadcrumb":{"@id":"https:\/\/blog.panrotas.com.br\/direto-do-sul\/2021\/11\/30\/matria-parque-de-flores-atracao-para-todas-as-idades-proximo-a-gramado\/#breadcrumb"},"inLanguage":"pt-BR","potentialAction":[{"@type":"ReadAction","target":["https:\/\/blog.panrotas.com.br\/direto-do-sul\/2021\/11\/30\/matria-parque-de-flores-atracao-para-todas-as-idades-proximo-a-gramado\/"]}]},{"@type":"BreadcrumbList","@id":"https:\/\/blog.panrotas.com.br\/direto-do-sul\/2021\/11\/30\/matria-parque-de-flores-atracao-para-todas-as-idades-proximo-a-gramado\/#breadcrumb","itemListElement":[{"@type":"ListItem","position":1,"name":"In\u00edcio","item":"https:\/\/blog.panrotas.com.br\/direto-do-sul\/"},{"@type":"ListItem","position":2,"name":"M\u00e1tria Parque de Flores: atra\u00e7\u00e3o para todas as idades pr\u00f3ximo a Gramado"}]},{"@type":"Person","@id":"https:\/\/blog.panrotas.com.br\/direto-do-sul\/#\/schema\/person\/a03f4d5e2d6cd37a874f986e07f47268","name":"Any Brocker","image":{"@type":"ImageObject","@id":"https:\/\/blog.panrotas.com.br\/direto-do-sul\/#personlogo","inLanguage":"pt-BR","url":"https:\/\/secure.gravatar.com\/avatar\/5ef47ea7f1094e49c2aec16a7917fdd9?s=96&d=mm&r=g","contentUrl":"https:\/\/secure.gravatar.com\/avatar\/5ef47ea7f1094e49c2aec16a7917fdd9?s=96&d=mm&r=g","caption":"Any Brocker"},"sameAs":["https:\/\/blog.panrotas.com.br\/direto-do-sul"],"url":"https:\/\/blog.panrotas.com.br\/direto-do-sul\/author\/adriane\/"}]}},"jetpack_featured_media_url":"https:\/\/blog.panrotas.com.br\/direto-do-sul\/wp-content\/uploads\/sites\/14\/2021\/11\/photo-shared-by-dicas-de-gramado-1.jpg","_links":{"self":[{"href":"https:\/\/blog.panrotas.com.br\/direto-do-sul\/wp-json\/wp\/v2\/posts\/1008"}],"collection":[{"href":"https:\/\/blog.panrotas.com.br\/direto-do-sul\/wp-json\/wp\/v2\/posts"}],"about":[{"href":"https:\/\/blog.panrotas.com.br\/direto-do-sul\/wp-json\/wp\/v2\/types\/post"}],"author":[{"embeddable":true,"href":"https:\/\/blog.panrotas.com.br\/direto-do-sul\/wp-json\/wp\/v2\/users\/17"}],"replies":[{"embeddable":true,"href":"https:\/\/blog.panrotas.com.br\/direto-do-sul\/wp-json\/wp\/v2\/comments?post=1008"}],"version-history":[{"count":1,"href":"https:\/\/blog.panrotas.com.br\/direto-do-sul\/wp-json\/wp\/v2\/posts\/1008\/revisions"}],"predecessor-version":[{"id":1010,"href":"https:\/\/blog.panrotas.com.br\/direto-do-sul\/wp-json\/wp\/v2\/posts\/1008\/revisions\/1010"}],"wp:featuredmedia":[{"embeddable":true,"href":"https:\/\/blog.panrotas.com.br\/direto-do-sul\/wp-json\/wp\/v2\/media\/1009"}],"wp:attachment":[{"href":"https:\/\/blog.panrotas.com.br\/direto-do-sul\/wp-json\/wp\/v2\/media?parent=1008"}],"wp:term":[{"taxonomy":"category","embeddable":true,"href":"https:\/\/blog.panrotas.com.br\/direto-do-sul\/wp-json\/wp\/v2\/categories?post=1008"},{"taxonomy":"post_tag","embeddable":true,"href":"https:\/\/blog.panrotas.com.br\/direto-do-sul\/wp-json\/wp\/v2\/tags?post=1008"}],"curies":[{"name":"wp","href":"https:\/\/api.w.org\/{rel}","templated":true}]}}