{"id":1013,"date":"2021-12-13T11:56:35","date_gmt":"2021-12-13T13:56:35","guid":{"rendered":"https:\/\/blog.panrotas.com.br\/direto-do-sul\/?p=1013"},"modified":"2021-12-13T11:56:38","modified_gmt":"2021-12-13T13:56:38","slug":"atletas-do-mundo-todo-estarao-participando-das-provas-da-24a-surdolimpiadas","status":"publish","type":"post","link":"https:\/\/blog.panrotas.com.br\/direto-do-sul\/2021\/12\/13\/atletas-do-mundo-todo-estarao-participando-das-provas-da-24a-surdolimpiadas\/","title":{"rendered":"Atletas do mundo todo estar\u00e3o participando das provas da 24\u00aa Surdolimp\u00edadas"},"content":{"rendered":"\n<p id=\"block-df85e044-68a2-4e5e-a95b-291807444507\">Em 2022 mais de 6000 atletas participar\u00e3o da<strong> 24\u00aa Surdol\u00edmpiadas de Ver\u00e3o<\/strong>, na cidade de Caxias do Sul, na Serra Ga\u00facha. E para organizar a log\u00edstica de atletas, comiss\u00f5es t\u00e9cnicas e organizadores, a<strong> <a href=\"https:\/\/brockereventos.com.br\/\"><em>Brocker Turismo<\/em> <\/a><\/strong>foi confirmada com a ag\u00eancia oficial de transporte do evento esportivo internacional.<\/p>\n\n\n\n<p id=\"block-0b0a724f-5561-4c5d-9b85-16f3e18a1136\">O evento poliesportivo \u00e9 organizado pelo Comit\u00ea Internacional de Desportos para Surdos (ICSD) a cada quatro anos, desde Paris em 1924. Para 2022, 92 pa\u00edses j\u00e1 est\u00e3o confirmados, al\u00e9m dos mais de <strong>6000 atletas <\/strong>e a previs\u00e3o \u00e9 de <strong>15000 espectadores<\/strong>. A data do evento \u00e9 de 1\u00ba a 15 de maio de 2022.<\/p>\n\n\n\n<figure class=\"wp-block-image\" id=\"block-54e10ace-b6e6-432b-8618-13f7ffabe6ef\"><img src=\"https:\/\/blog.brockerturismo.com.br\/wp-content\/uploads\/2021\/12\/000surdolimpiadas-4-1024x373.jpg\" alt=\"O atributo alt desta imagem est\u00e1 vazio. O nome do arquivo \u00e9 000surdolimpiadas-4-1024x373.jpg\" \/><\/figure>\n\n\n\n<p id=\"block-1f0a003e-4f2d-464a-aba3-ee04074bb1c8\">O Brasil \u00e9 o primeiro pa\u00eds da Am\u00e9rica Latina a sediar os Jogos Surdol\u00edmpicos de Ver\u00e3o, que ser\u00e3o o maior evento poliesportivo da hist\u00f3ria do estado do Rio Grande do Sul. Ser\u00e3o disputadas 21 modalidades.&nbsp;<\/p>\n\n\n\n<p id=\"block-5467c275-16d1-48a0-bb47-195dca61524a\">\u201cA realiza\u00e7\u00e3o da 24\u00aa Surdol\u00edmpiadas marcar\u00e1 a retomada da Brocker no mercado de grandes eventos internacionais. Mais do que a realiza\u00e7\u00e3o deste super evento, queremos<strong> entregar inclus\u00e3o em servi\u00e7os, roteiros tur\u00edsticos e op\u00e7\u00f5es gastron\u00f4micas.<\/strong> O objetivo \u00e9 oferecer uma experi\u00eancia diferenciada e personalizada\u201d, explica Carlise Bianchi, diretora do Grupo Brocker, que esteve \u00e0 frente das negocia\u00e7\u00f5es para a concretiza\u00e7\u00e3o do projeto.<\/p>\n\n\n\n<p id=\"block-b9af4859-44f1-4b1b-ada5-04b3ff2f0bf7\">Segundo a gerente de eventos Amanda Ramires, nos \u00faltimos anos a Brocker tem expandido sua atua\u00e7\u00e3o no segmento como prestadora de servi\u00e7os para grandes eventos.<\/p>\n\n\n\n<p id=\"block-c34f41c0-4feb-48ea-bf35-f32355e39029\">\u201cEste setor foi muito impactado no ano passado, mas j\u00e1 demonstra franca recupera\u00e7\u00e3o. As perspectivas para o ano que vem s\u00e3o otimistas. Para o primeiro semestre de 2022, a expectativa da Brocker \u00e9 crescer 20% em eventos na compara\u00e7\u00e3o com o mesmo per\u00edodo de 2019, anterior \u00e0 pandemia\u201d, observa Amanda.<\/p>\n","protected":false},"excerpt":{"rendered":"<p>O evento poliesportivo \u00e9 organizado pelo Comit\u00ea Internacional de Desportos para Surdos (ICSD) a cada quatro anos, desde Paris em 1924. Para 2022, 92 pa\u00edses j\u00e1 est\u00e3o confirmados, al\u00e9m dos mais de 6000 atletas e a previs\u00e3o \u00e9 de 15000 espectadores. A data do evento \u00e9 de 1\u00ba a 15 de maio de 2022.&hellip; <a class=\"more-link\" href=\"https:\/\/blog.panrotas.com.br\/direto-do-sul\/2021\/12\/13\/atletas-do-mundo-todo-estarao-participando-das-provas-da-24a-surdolimpiadas\/\">Continue reading &rarr;<\/a><\/p>\n","protected":false},"author":17,"featured_media":1014,"comment_status":"open","ping_status":"open","sticky":false,"template":"","format":"standard","meta":{"spay_email":""},"categories":[124],"tags":[9,125],"yoast_head":"<!-- This site is optimized with the Yoast SEO plugin v17.3 - https:\/\/yoast.com\/wordpress\/plugins\/seo\/ -->\n<title>Atletas do mundo todo estar\u00e3o participando das provas da 24\u00aa Surdolimp\u00edadas - Direto do Sul<\/title>\n<meta name=\"robots\" content=\"index, follow, max-snippet:-1, max-image-preview:large, max-video-preview:-1\" \/>\n<link rel=\"canonical\" href=\"https:\/\/blog.panrotas.com.br\/direto-do-sul\/2021\/12\/13\/atletas-do-mundo-todo-estarao-participando-das-provas-da-24a-surdolimpiadas\/\" \/>\n<meta property=\"og:locale\" content=\"pt_BR\" \/>\n<meta property=\"og:type\" content=\"article\" \/>\n<meta property=\"og:title\" content=\"Atletas do mundo todo estar\u00e3o participando das provas da 24\u00aa Surdolimp\u00edadas - Direto do Sul\" \/>\n<meta property=\"og:description\" content=\"O evento poliesportivo \u00e9 organizado pelo Comit\u00ea Internacional de Desportos para Surdos (ICSD) a cada quatro anos, desde Paris em 1924. Para 2022, 92 pa\u00edses j\u00e1 est\u00e3o confirmados, al\u00e9m dos mais de 6000 atletas e a previs\u00e3o \u00e9 de 15000 espectadores. A data do evento \u00e9 de 1\u00ba a 15 de maio de 2022.&hellip; Continue reading &rarr;\" \/>\n<meta property=\"og:url\" content=\"https:\/\/blog.panrotas.com.br\/direto-do-sul\/2021\/12\/13\/atletas-do-mundo-todo-estarao-participando-das-provas-da-24a-surdolimpiadas\/\" \/>\n<meta property=\"og:site_name\" content=\"Direto do Sul\" \/>\n<meta property=\"article:published_time\" content=\"2021-12-13T13:56:35+00:00\" \/>\n<meta property=\"article:modified_time\" content=\"2021-12-13T13:56:38+00:00\" \/>\n<meta property=\"og:image\" content=\"http:\/\/blog.panrotas.com.br\/direto-do-sul\/wp-content\/uploads\/sites\/14\/2021\/12\/surdolimpiadas-slide-1.png\" \/>\n\t<meta property=\"og:image:width\" content=\"1920\" \/>\n\t<meta property=\"og:image:height\" content=\"525\" \/>\n<meta name=\"twitter:card\" content=\"summary_large_image\" \/>\n<meta name=\"twitter:label1\" content=\"Escrito por\" \/>\n\t<meta name=\"twitter:data1\" content=\"Any Brocker\" \/>\n\t<meta name=\"twitter:label2\" content=\"Est. tempo de leitura\" \/>\n\t<meta name=\"twitter:data2\" content=\"2 minutos\" \/>\n<script type=\"application\/ld+json\" class=\"yoast-schema-graph\">{\"@context\":\"https:\/\/schema.org\",\"@graph\":[{\"@type\":\"WebSite\",\"@id\":\"https:\/\/blog.panrotas.com.br\/direto-do-sul\/#website\",\"url\":\"https:\/\/blog.panrotas.com.br\/direto-do-sul\/\",\"name\":\"Direto do Sul\",\"description\":\"Blogosfera PANROTAS\",\"potentialAction\":[{\"@type\":\"SearchAction\",\"target\":{\"@type\":\"EntryPoint\",\"urlTemplate\":\"https:\/\/blog.panrotas.com.br\/direto-do-sul\/?s={search_term_string}\"},\"query-input\":\"required name=search_term_string\"}],\"inLanguage\":\"pt-BR\"},{\"@type\":\"ImageObject\",\"@id\":\"https:\/\/blog.panrotas.com.br\/direto-do-sul\/2021\/12\/13\/atletas-do-mundo-todo-estarao-participando-das-provas-da-24a-surdolimpiadas\/#primaryimage\",\"inLanguage\":\"pt-BR\",\"url\":\"https:\/\/blog.panrotas.com.br\/direto-do-sul\/wp-content\/uploads\/sites\/14\/2021\/12\/surdolimpiadas-slide-1.png\",\"contentUrl\":\"https:\/\/blog.panrotas.com.br\/direto-do-sul\/wp-content\/uploads\/sites\/14\/2021\/12\/surdolimpiadas-slide-1.png\",\"width\":1920,\"height\":525},{\"@type\":\"WebPage\",\"@id\":\"https:\/\/blog.panrotas.com.br\/direto-do-sul\/2021\/12\/13\/atletas-do-mundo-todo-estarao-participando-das-provas-da-24a-surdolimpiadas\/#webpage\",\"url\":\"https:\/\/blog.panrotas.com.br\/direto-do-sul\/2021\/12\/13\/atletas-do-mundo-todo-estarao-participando-das-provas-da-24a-surdolimpiadas\/\",\"name\":\"Atletas do mundo todo estar\\u00e3o participando das provas da 24\\u00aa Surdolimp\\u00edadas - Direto do Sul\",\"isPartOf\":{\"@id\":\"https:\/\/blog.panrotas.com.br\/direto-do-sul\/#website\"},\"primaryImageOfPage\":{\"@id\":\"https:\/\/blog.panrotas.com.br\/direto-do-sul\/2021\/12\/13\/atletas-do-mundo-todo-estarao-participando-das-provas-da-24a-surdolimpiadas\/#primaryimage\"},\"datePublished\":\"2021-12-13T13:56:35+00:00\",\"dateModified\":\"2021-12-13T13:56:38+00:00\",\"author\":{\"@id\":\"https:\/\/blog.panrotas.com.br\/direto-do-sul\/#\/schema\/person\/a03f4d5e2d6cd37a874f986e07f47268\"},\"breadcrumb\":{\"@id\":\"https:\/\/blog.panrotas.com.br\/direto-do-sul\/2021\/12\/13\/atletas-do-mundo-todo-estarao-participando-das-provas-da-24a-surdolimpiadas\/#breadcrumb\"},\"inLanguage\":\"pt-BR\",\"potentialAction\":[{\"@type\":\"ReadAction\",\"target\":[\"https:\/\/blog.panrotas.com.br\/direto-do-sul\/2021\/12\/13\/atletas-do-mundo-todo-estarao-participando-das-provas-da-24a-surdolimpiadas\/\"]}]},{\"@type\":\"BreadcrumbList\",\"@id\":\"https:\/\/blog.panrotas.com.br\/direto-do-sul\/2021\/12\/13\/atletas-do-mundo-todo-estarao-participando-das-provas-da-24a-surdolimpiadas\/#breadcrumb\",\"itemListElement\":[{\"@type\":\"ListItem\",\"position\":1,\"name\":\"In\\u00edcio\",\"item\":\"https:\/\/blog.panrotas.com.br\/direto-do-sul\/\"},{\"@type\":\"ListItem\",\"position\":2,\"name\":\"Atletas do mundo todo estar\\u00e3o participando das provas da 24\\u00aa Surdolimp\\u00edadas\"}]},{\"@type\":\"Person\",\"@id\":\"https:\/\/blog.panrotas.com.br\/direto-do-sul\/#\/schema\/person\/a03f4d5e2d6cd37a874f986e07f47268\",\"name\":\"Any Brocker\",\"image\":{\"@type\":\"ImageObject\",\"@id\":\"https:\/\/blog.panrotas.com.br\/direto-do-sul\/#personlogo\",\"inLanguage\":\"pt-BR\",\"url\":\"https:\/\/secure.gravatar.com\/avatar\/5ef47ea7f1094e49c2aec16a7917fdd9?s=96&d=mm&r=g\",\"contentUrl\":\"https:\/\/secure.gravatar.com\/avatar\/5ef47ea7f1094e49c2aec16a7917fdd9?s=96&d=mm&r=g\",\"caption\":\"Any Brocker\"},\"sameAs\":[\"https:\/\/blog.panrotas.com.br\/direto-do-sul\"],\"url\":\"https:\/\/blog.panrotas.com.br\/direto-do-sul\/author\/adriane\/\"}]}<\/script>\n<!-- \/ Yoast SEO plugin. -->","yoast_head_json":{"title":"Atletas do mundo todo estar\u00e3o participando das provas da 24\u00aa Surdolimp\u00edadas - Direto do Sul","robots":{"index":"index","follow":"follow","max-snippet":"max-snippet:-1","max-image-preview":"max-image-preview:large","max-video-preview":"max-video-preview:-1"},"canonical":"https:\/\/blog.panrotas.com.br\/direto-do-sul\/2021\/12\/13\/atletas-do-mundo-todo-estarao-participando-das-provas-da-24a-surdolimpiadas\/","og_locale":"pt_BR","og_type":"article","og_title":"Atletas do mundo todo estar\u00e3o participando das provas da 24\u00aa Surdolimp\u00edadas - Direto do Sul","og_description":"O evento poliesportivo \u00e9 organizado pelo Comit\u00ea Internacional de Desportos para Surdos (ICSD) a cada quatro anos, desde Paris em 1924. Para 2022, 92 pa\u00edses j\u00e1 est\u00e3o confirmados, al\u00e9m dos mais de 6000 atletas e a previs\u00e3o \u00e9 de 15000 espectadores. A data do evento \u00e9 de 1\u00ba a 15 de maio de 2022.&hellip; Continue reading &rarr;","og_url":"https:\/\/blog.panrotas.com.br\/direto-do-sul\/2021\/12\/13\/atletas-do-mundo-todo-estarao-participando-das-provas-da-24a-surdolimpiadas\/","og_site_name":"Direto do Sul","article_published_time":"2021-12-13T13:56:35+00:00","article_modified_time":"2021-12-13T13:56:38+00:00","og_image":[{"width":1920,"height":525,"url":"http:\/\/blog.panrotas.com.br\/direto-do-sul\/wp-content\/uploads\/sites\/14\/2021\/12\/surdolimpiadas-slide-1.png","type":"image\/png"}],"twitter_card":"summary_large_image","twitter_misc":{"Escrito por":"Any Brocker","Est. tempo de leitura":"2 minutos"},"schema":{"@context":"https:\/\/schema.org","@graph":[{"@type":"WebSite","@id":"https:\/\/blog.panrotas.com.br\/direto-do-sul\/#website","url":"https:\/\/blog.panrotas.com.br\/direto-do-sul\/","name":"Direto do Sul","description":"Blogosfera PANROTAS","potentialAction":[{"@type":"SearchAction","target":{"@type":"EntryPoint","urlTemplate":"https:\/\/blog.panrotas.com.br\/direto-do-sul\/?s={search_term_string}"},"query-input":"required name=search_term_string"}],"inLanguage":"pt-BR"},{"@type":"ImageObject","@id":"https:\/\/blog.panrotas.com.br\/direto-do-sul\/2021\/12\/13\/atletas-do-mundo-todo-estarao-participando-das-provas-da-24a-surdolimpiadas\/#primaryimage","inLanguage":"pt-BR","url":"https:\/\/blog.panrotas.com.br\/direto-do-sul\/wp-content\/uploads\/sites\/14\/2021\/12\/surdolimpiadas-slide-1.png","contentUrl":"https:\/\/blog.panrotas.com.br\/direto-do-sul\/wp-content\/uploads\/sites\/14\/2021\/12\/surdolimpiadas-slide-1.png","width":1920,"height":525},{"@type":"WebPage","@id":"https:\/\/blog.panrotas.com.br\/direto-do-sul\/2021\/12\/13\/atletas-do-mundo-todo-estarao-participando-das-provas-da-24a-surdolimpiadas\/#webpage","url":"https:\/\/blog.panrotas.com.br\/direto-do-sul\/2021\/12\/13\/atletas-do-mundo-todo-estarao-participando-das-provas-da-24a-surdolimpiadas\/","name":"Atletas do mundo todo estar\u00e3o participando das provas da 24\u00aa Surdolimp\u00edadas - Direto do Sul","isPartOf":{"@id":"https:\/\/blog.panrotas.com.br\/direto-do-sul\/#website"},"primaryImageOfPage":{"@id":"https:\/\/blog.panrotas.com.br\/direto-do-sul\/2021\/12\/13\/atletas-do-mundo-todo-estarao-participando-das-provas-da-24a-surdolimpiadas\/#primaryimage"},"datePublished":"2021-12-13T13:56:35+00:00","dateModified":"2021-12-13T13:56:38+00:00","author":{"@id":"https:\/\/blog.panrotas.com.br\/direto-do-sul\/#\/schema\/person\/a03f4d5e2d6cd37a874f986e07f47268"},"breadcrumb":{"@id":"https:\/\/blog.panrotas.com.br\/direto-do-sul\/2021\/12\/13\/atletas-do-mundo-todo-estarao-participando-das-provas-da-24a-surdolimpiadas\/#breadcrumb"},"inLanguage":"pt-BR","potentialAction":[{"@type":"ReadAction","target":["https:\/\/blog.panrotas.com.br\/direto-do-sul\/2021\/12\/13\/atletas-do-mundo-todo-estarao-participando-das-provas-da-24a-surdolimpiadas\/"]}]},{"@type":"BreadcrumbList","@id":"https:\/\/blog.panrotas.com.br\/direto-do-sul\/2021\/12\/13\/atletas-do-mundo-todo-estarao-participando-das-provas-da-24a-surdolimpiadas\/#breadcrumb","itemListElement":[{"@type":"ListItem","position":1,"name":"In\u00edcio","item":"https:\/\/blog.panrotas.com.br\/direto-do-sul\/"},{"@type":"ListItem","position":2,"name":"Atletas do mundo todo estar\u00e3o participando das provas da 24\u00aa Surdolimp\u00edadas"}]},{"@type":"Person","@id":"https:\/\/blog.panrotas.com.br\/direto-do-sul\/#\/schema\/person\/a03f4d5e2d6cd37a874f986e07f47268","name":"Any Brocker","image":{"@type":"ImageObject","@id":"https:\/\/blog.panrotas.com.br\/direto-do-sul\/#personlogo","inLanguage":"pt-BR","url":"https:\/\/secure.gravatar.com\/avatar\/5ef47ea7f1094e49c2aec16a7917fdd9?s=96&d=mm&r=g","contentUrl":"https:\/\/secure.gravatar.com\/avatar\/5ef47ea7f1094e49c2aec16a7917fdd9?s=96&d=mm&r=g","caption":"Any Brocker"},"sameAs":["https:\/\/blog.panrotas.com.br\/direto-do-sul"],"url":"https:\/\/blog.panrotas.com.br\/direto-do-sul\/author\/adriane\/"}]}},"jetpack_featured_media_url":"https:\/\/blog.panrotas.com.br\/direto-do-sul\/wp-content\/uploads\/sites\/14\/2021\/12\/surdolimpiadas-slide-1.png","_links":{"self":[{"href":"https:\/\/blog.panrotas.com.br\/direto-do-sul\/wp-json\/wp\/v2\/posts\/1013"}],"collection":[{"href":"https:\/\/blog.panrotas.com.br\/direto-do-sul\/wp-json\/wp\/v2\/posts"}],"about":[{"href":"https:\/\/blog.panrotas.com.br\/direto-do-sul\/wp-json\/wp\/v2\/types\/post"}],"author":[{"embeddable":true,"href":"https:\/\/blog.panrotas.com.br\/direto-do-sul\/wp-json\/wp\/v2\/users\/17"}],"replies":[{"embeddable":true,"href":"https:\/\/blog.panrotas.com.br\/direto-do-sul\/wp-json\/wp\/v2\/comments?post=1013"}],"version-history":[{"count":1,"href":"https:\/\/blog.panrotas.com.br\/direto-do-sul\/wp-json\/wp\/v2\/posts\/1013\/revisions"}],"predecessor-version":[{"id":1015,"href":"https:\/\/blog.panrotas.com.br\/direto-do-sul\/wp-json\/wp\/v2\/posts\/1013\/revisions\/1015"}],"wp:featuredmedia":[{"embeddable":true,"href":"https:\/\/blog.panrotas.com.br\/direto-do-sul\/wp-json\/wp\/v2\/media\/1014"}],"wp:attachment":[{"href":"https:\/\/blog.panrotas.com.br\/direto-do-sul\/wp-json\/wp\/v2\/media?parent=1013"}],"wp:term":[{"taxonomy":"category","embeddable":true,"href":"https:\/\/blog.panrotas.com.br\/direto-do-sul\/wp-json\/wp\/v2\/categories?post=1013"},{"taxonomy":"post_tag","embeddable":true,"href":"https:\/\/blog.panrotas.com.br\/direto-do-sul\/wp-json\/wp\/v2\/tags?post=1013"}],"curies":[{"name":"wp","href":"https:\/\/api.w.org\/{rel}","templated":true}]}}