{"id":121,"date":"2018-04-15T23:33:00","date_gmt":"2018-04-16T02:33:00","guid":{"rendered":"http:\/\/blog.panrotas.com.br\/direto-do-sul\/?p=121"},"modified":"2018-04-15T23:33:00","modified_gmt":"2018-04-16T02:33:00","slug":"turismo-de-bike-vamos-pedalar","status":"publish","type":"post","link":"https:\/\/blog.panrotas.com.br\/direto-do-sul\/2018\/04\/15\/turismo-de-bike-vamos-pedalar\/","title":{"rendered":"Turismo de bike, vamos pedalar!!!"},"content":{"rendered":"<p>Oi gente! Hoje estou aqui para falar sobre duas coisas muito bacanas, que juntas ficam ainda melhores: bicicletas e turismo. Quando tenho um tempinho, gosto de sair por a\u00ed pedalando, pois da\u00ed consigo olhar cada rua de outro jeito, curtir a natureza, me exercitar e prestar a aten\u00e7\u00e3o em detalhes que na correria do dia-a-dia a gente acaba n\u00e3o percebendo. Nesta foto meu filho Vicente foi o companheiro de pedal!<\/p>\n<figure id=\"attachment_143\" aria-describedby=\"caption-attachment-143\" style=\"width: 692px\" class=\"wp-caption aligncenter\"><img loading=\"lazy\" class=\"size-full wp-image-143\" src=\"http:\/\/panrotas.blog.br\/direto-do-sul\/wp-content\/uploads\/sites\/14\/2018\/04\/FullSizeRender.jpg\" alt=\"\" width=\"692\" height=\"942\" srcset=\"https:\/\/blog.panrotas.com.br\/direto-do-sul\/wp-content\/uploads\/sites\/14\/2018\/04\/FullSizeRender.jpg 692w, https:\/\/blog.panrotas.com.br\/direto-do-sul\/wp-content\/uploads\/sites\/14\/2018\/04\/FullSizeRender-220x300.jpg 220w\" sizes=\"(max-width: 692px) 100vw, 692px\" \/><figcaption id=\"caption-attachment-143\" class=\"wp-caption-text\">Foto Arquivo pessoal<\/figcaption><\/figure>\n<p><strong>Bike tours<\/strong><\/p>\n<p>Por unir diversidade geogr\u00e1fica e clim\u00e1tica, cultura, gastronomia, hist\u00f3ria e natureza, os chamados bike tours est\u00e3o na moda. Mas eu entendo que \u00e9 mais do que isso, pra mim representa um estilo de vida, uma forma diferente de viajar, praticar um esporte e se divertir. A Europa \u00e9 um convite ao turismo de bike. A maioria dos pa\u00edses europeus tem duas coisas que s\u00e3o fundamentais para o turismo de bicicleta dar certo: estrutura (ciclovias e ciclofaixas) e educa\u00e7\u00e3o (a rela\u00e7\u00e3o entre pedestres, motoristas e ciclistas \u00e9 pac\u00edfica). Em Portugal (foto), por exemplo, \u00e9 comum operadoras venderem pacotes incluindo roteiro de pedal por Douro ou Lisboa.<\/p>\n<figure id=\"attachment_122\" aria-describedby=\"caption-attachment-122\" style=\"width: 660px\" class=\"wp-caption aligncenter\"><img loading=\"lazy\" class=\"size-full wp-image-122\" src=\"http:\/\/panrotas.blog.br\/direto-do-sul\/wp-content\/uploads\/sites\/14\/2018\/04\/gramado_de_bicicleta_12_blog_direto_do_sul.jpg\" alt=\"\" width=\"660\" height=\"371\" srcset=\"https:\/\/blog.panrotas.com.br\/direto-do-sul\/wp-content\/uploads\/sites\/14\/2018\/04\/gramado_de_bicicleta_12_blog_direto_do_sul.jpg 660w, https:\/\/blog.panrotas.com.br\/direto-do-sul\/wp-content\/uploads\/sites\/14\/2018\/04\/gramado_de_bicicleta_12_blog_direto_do_sul-300x169.jpg 300w\" sizes=\"(max-width: 660px) 100vw, 660px\" \/><figcaption id=\"caption-attachment-122\" class=\"wp-caption-text\">Foto: Visit Portugal \/ Shutterstock<\/figcaption><\/figure>\n<p>Na Am\u00e9rica do Sul destaco a cidade de Lima, onde o cicloturismo tamb\u00e9m \u00e9 levado muito a s\u00e9rio. Na capital do Peru voc\u00ea pode conhecer um de seus principais pontos tur\u00edsticos \u2013 o Museu Pachacamac \u2013 fazendo um BiciTour (foto). E o mais bacana disso: o circuito \u00e9 conduzido por jovens moradores das comunidades que vivem no entorno do museo. O projeto busca vincular o patrim\u00f4nio arqueol\u00f3gico com a popula\u00e7\u00e3o vizinha, oferecendo um novo valor social, cultural e econ\u00f4mico, sendo apoiado pela National Geographic e a Sustainable Preservation Initiative, duas organiza\u00e7\u00f5es interessadas na difus\u00e3o e conserva\u00e7\u00e3o do patrim\u00f4nio.<\/p>\n<p><img loading=\"lazy\" class=\"aligncenter size-full wp-image-144\" src=\"http:\/\/panrotas.blog.br\/direto-do-sul\/wp-content\/uploads\/sites\/14\/2018\/04\/gramado_de_bicicleta_11_blog_direto_do_sul-1.jpg\" alt=\"\" width=\"974\" height=\"1024\" srcset=\"https:\/\/blog.panrotas.com.br\/direto-do-sul\/wp-content\/uploads\/sites\/14\/2018\/04\/gramado_de_bicicleta_11_blog_direto_do_sul-1.jpg 974w, https:\/\/blog.panrotas.com.br\/direto-do-sul\/wp-content\/uploads\/sites\/14\/2018\/04\/gramado_de_bicicleta_11_blog_direto_do_sul-1-285x300.jpg 285w, https:\/\/blog.panrotas.com.br\/direto-do-sul\/wp-content\/uploads\/sites\/14\/2018\/04\/gramado_de_bicicleta_11_blog_direto_do_sul-1-768x807.jpg 768w\" sizes=\"(max-width: 974px) 100vw, 974px\" \/><\/p>\n<p><strong>Brasil <\/strong><\/p>\n<p>Aqui no Brasil o cicloturismo est\u00e1 cada vez mais ativo, movimentando muitos neg\u00f3cios, desde o operador, o agente de viagem at\u00e9 os parceiros fornecedores de todo aquele aparato que uma viagem de bike pede. E muitos destes apaixonados por viagens e bikes estar\u00e3o juntos no 17\u00ba Encontro Nacional de Cicloturismo, que acontecer\u00e1 de 31 de maio a 3 de junho, em Campos do Jord\u00e3o\/SP. O evento de confraterniza\u00e7\u00e3o ter\u00e1 diversas palestras e muitas pedaladas, \u00e9 claro!<\/p>\n<p>\u00c9 incr\u00edvel ver que a amplitude geogr\u00e1fica do nosso pa\u00eds e a sua diversidade formam o roteiro perfeito para se explorar de bike. Eu prefiro aqueles roteiros alternativos que percorrem estradas pelo interior, onde a natureza \u00e9 o caminho. Aqui no sul do Brasil temos alguns bastante conhecidos: Circuito das Arauc\u00e1rias, Circuito Vale Europeu e Circuito Costa Verde e Mar, os tr\u00eas em Santa Catarina. E mais pertinho da nossa regi\u00e3o, tem o circuito Parque Nacional Aparados da Serra (foto), Serra Geral e S\u00e3o Joaquim (que passa pelo Rio Grande do Sul e por Santa Catarina).<\/p>\n<figure id=\"attachment_125\" aria-describedby=\"caption-attachment-125\" style=\"width: 640px\" class=\"wp-caption aligncenter\"><img loading=\"lazy\" class=\"size-full wp-image-125\" src=\"http:\/\/panrotas.blog.br\/direto-do-sul\/wp-content\/uploads\/sites\/14\/2018\/04\/gramado_de_bicicleta_14_blog_direto_do_sul-1.jpg\" alt=\"\" width=\"640\" height=\"427\" srcset=\"https:\/\/blog.panrotas.com.br\/direto-do-sul\/wp-content\/uploads\/sites\/14\/2018\/04\/gramado_de_bicicleta_14_blog_direto_do_sul-1.jpg 640w, https:\/\/blog.panrotas.com.br\/direto-do-sul\/wp-content\/uploads\/sites\/14\/2018\/04\/gramado_de_bicicleta_14_blog_direto_do_sul-1-300x200.jpg 300w\" sizes=\"(max-width: 640px) 100vw, 640px\" \/><figcaption id=\"caption-attachment-125\" class=\"wp-caption-text\">Foto: Divulga\u00e7\u00e3o Brocker Turismo<\/figcaption><\/figure>\n<p><strong>Por aqui<\/strong><\/p>\n<p>Canela e as cidades aqui da Regi\u00e3o das Hort\u00eansias como um todo, tamb\u00e9m formam um roteiro muito bacana para se fazer de bicicleta. E justamente por ser uma regi\u00e3o com forte voca\u00e7\u00e3o tur\u00edstica, tem atra\u00eddo cada vez mais pessoas que gostam de unir estas duas paix\u00f5es. Tenho acompanhado um movimento muito positivo para tornar real o uso da bicicleta em Gramado. H\u00e1 oito anos, a bacharel em turismo Tela Tomazeli (foto) encabe\u00e7ou uma ideia que nasceu da sua vontade de fazer algo em favor da mobilidade urbana de Gramado: nascia assim o Gramado de Bicicleta, um projeto que eu admiro, porque prop\u00f5e o compartilhamento na mesma via de rolamento, do ve\u00edculo a motor e da bicicleta. Desde ent\u00e3o, a Tela come\u00e7ou a agitar uma s\u00e9rie de a\u00e7\u00f5es de conscientiza\u00e7\u00e3o na cidade envolvendo a cria\u00e7\u00e3o de um folder educativo (foto) que foi distribu\u00eddo em escolas e contou com o apoio do poder p\u00fablico, para que as pessoas como um todo \u2013 comunidade e turistas \u2013 compreendam que as ruas devem ser utilizadas de forma igualit\u00e1ria por ciclistas, motoristas e pedestres. Eu fui conversar com ela para entender melhor e dividir com voc\u00eas um pouco do que \u00e9 o Gramado de Bicicleta. Vejam aqui:<\/p>\n<figure id=\"attachment_126\" aria-describedby=\"caption-attachment-126\" style=\"width: 960px\" class=\"wp-caption aligncenter\"><img loading=\"lazy\" class=\"size-full wp-image-126\" src=\"http:\/\/panrotas.blog.br\/direto-do-sul\/wp-content\/uploads\/sites\/14\/2018\/04\/gramado_de_bicicleta_06_blog_direto_do_sul.jpg\" alt=\"\" width=\"960\" height=\"720\" srcset=\"https:\/\/blog.panrotas.com.br\/direto-do-sul\/wp-content\/uploads\/sites\/14\/2018\/04\/gramado_de_bicicleta_06_blog_direto_do_sul.jpg 960w, https:\/\/blog.panrotas.com.br\/direto-do-sul\/wp-content\/uploads\/sites\/14\/2018\/04\/gramado_de_bicicleta_06_blog_direto_do_sul-300x225.jpg 300w, https:\/\/blog.panrotas.com.br\/direto-do-sul\/wp-content\/uploads\/sites\/14\/2018\/04\/gramado_de_bicicleta_06_blog_direto_do_sul-768x576.jpg 768w\" sizes=\"(max-width: 960px) 100vw, 960px\" \/><figcaption id=\"caption-attachment-126\" class=\"wp-caption-text\">Foto: Divulga\u00e7\u00e3o Tela Tomazeli<\/figcaption><\/figure>\n<p><strong>1 &#8211; Quando surgiu o teu apre\u00e7o pelas bicicletas? <\/strong><\/p>\n<p>\u201cDesde a inf\u00e2ncia. Gostava de descer uma lomba onde meu tio morava. Aprendi andar ali, sentava na bici e me largava morro abaixo, caindo na serragem ao final do trajeto. Depois, andava pela Avenida das Hort\u00eansias, j\u00e1 adulta, na Gertrudes (nome que dei para a bicicleta que troquei por uma cal\u00e7a jeans com uma amiga).\u201d<\/p>\n<p><strong>2 &#8211; Como surgiu a ideia do projeto Gramado de Bicicleta? <\/strong><\/p>\n<p>\u201cFoi em uma festa de ano novo que passei com amigos. Naquela noite eu disse que precisava fazer algo com rela\u00e7\u00e3o \u00e0 mobilidade urbana em Gramado. N\u00e3o suportava mais o munic\u00edpio com aquela mentalidade motor.\u201d<\/p>\n<p><strong>3 &#8211; A que este projeto se prop\u00f5e?<\/strong><\/p>\n<p>\u201cDiferente do que todos entendem, o objetivo do Gramado de Bicicleta n\u00e3o \u00e9 fazer ciclovias ou ciclofaixas. Nunca foi, a n\u00e3o ser em locais estrat\u00e9gicos e necess\u00e1rios para a seguran\u00e7a. O que queremos \u00e9 o compartilhamento na mesma via de rolamento do ve\u00edculo a motor e a bicicleta. Discuti isso em uma edi\u00e7\u00e3o do F\u00f3rum de Bicicletas, em Porto Alegre. N\u00e3o existe como fazer ciclovias ou ciclofaixas em todas as ruas e a\u00ed quando acaba a demarca\u00e7\u00e3o o motorista vai entender que o ciclista n\u00e3o pode mais circular? Temos que criar um ambiente humano, as pessoas devem ter civilidade.\u201d<\/p>\n<figure id=\"attachment_127\" aria-describedby=\"caption-attachment-127\" style=\"width: 800px\" class=\"wp-caption aligncenter\"><img loading=\"lazy\" class=\"size-full wp-image-127\" src=\"http:\/\/panrotas.blog.br\/direto-do-sul\/wp-content\/uploads\/sites\/14\/2018\/04\/gramado_de_bicicleta_05_blog_direto_do_sul.jpg\" alt=\"\" width=\"800\" height=\"560\" srcset=\"https:\/\/blog.panrotas.com.br\/direto-do-sul\/wp-content\/uploads\/sites\/14\/2018\/04\/gramado_de_bicicleta_05_blog_direto_do_sul.jpg 800w, https:\/\/blog.panrotas.com.br\/direto-do-sul\/wp-content\/uploads\/sites\/14\/2018\/04\/gramado_de_bicicleta_05_blog_direto_do_sul-300x210.jpg 300w, https:\/\/blog.panrotas.com.br\/direto-do-sul\/wp-content\/uploads\/sites\/14\/2018\/04\/gramado_de_bicicleta_05_blog_direto_do_sul-768x538.jpg 768w\" sizes=\"(max-width: 800px) 100vw, 800px\" \/><figcaption id=\"caption-attachment-127\" class=\"wp-caption-text\">Foto: Divulga\u00e7\u00e3o Tela Tomazeli<\/figcaption><\/figure>\n<p><strong>4 &#8211; Quais conquistas o Gramado de Bicicleta j\u00e1 alcan\u00e7ou? <\/strong><\/p>\n<p>\u201cO poder p\u00fablico instalou 30 biciclet\u00e1rios (foto) e recentemente a ciclofaixa tur\u00edstica do Bairro Planalto (foto). Hoje as pessoas andam mais de bicicleta e v\u00e1rios hot\u00e9is de Gramado j\u00e1 adotaram as bicicletas, isso \u00e9 muito legal. O atual departamento de Tr\u00e2nsito e Mobilidade Urbana tem trabalhando de forma s\u00e9ria. O deputado Henrique Fontana destinou mais R$ 250 mil para fazer mais ciclofaixas; a Secretaria de Governan\u00e7a trouxe um valor substancial para a implanta\u00e7\u00e3o do cicloturismo no interior do munic\u00edpio. Mas falta educa\u00e7\u00e3o e campanhas de conscientiza\u00e7\u00e3o, que j\u00e1 est\u00e3o em andamento, mas tem que ir para rua.\u201d<\/p>\n<figure id=\"attachment_128\" aria-describedby=\"caption-attachment-128\" style=\"width: 1024px\" class=\"wp-caption aligncenter\"><img loading=\"lazy\" class=\"size-full wp-image-128\" src=\"http:\/\/panrotas.blog.br\/direto-do-sul\/wp-content\/uploads\/sites\/14\/2018\/04\/gramado_de_bicicleta_10_blog_direto_do_sul.jpg\" alt=\"\" width=\"1024\" height=\"794\" srcset=\"https:\/\/blog.panrotas.com.br\/direto-do-sul\/wp-content\/uploads\/sites\/14\/2018\/04\/gramado_de_bicicleta_10_blog_direto_do_sul.jpg 1024w, https:\/\/blog.panrotas.com.br\/direto-do-sul\/wp-content\/uploads\/sites\/14\/2018\/04\/gramado_de_bicicleta_10_blog_direto_do_sul-300x233.jpg 300w, https:\/\/blog.panrotas.com.br\/direto-do-sul\/wp-content\/uploads\/sites\/14\/2018\/04\/gramado_de_bicicleta_10_blog_direto_do_sul-768x596.jpg 768w\" sizes=\"(max-width: 1024px) 100vw, 1024px\" \/><figcaption id=\"caption-attachment-128\" class=\"wp-caption-text\">Foto: Divulga\u00e7\u00e3o Tela Tomazeli<\/figcaption><\/figure>\n<figure id=\"attachment_134\" aria-describedby=\"caption-attachment-134\" style=\"width: 960px\" class=\"wp-caption aligncenter\"><img loading=\"lazy\" class=\"size-full wp-image-134\" src=\"http:\/\/panrotas.blog.br\/direto-do-sul\/wp-content\/uploads\/sites\/14\/2018\/04\/gramado_de_bicicleta_07_blog_direto_do_sul.jpg\" alt=\"\" width=\"960\" height=\"720\" srcset=\"https:\/\/blog.panrotas.com.br\/direto-do-sul\/wp-content\/uploads\/sites\/14\/2018\/04\/gramado_de_bicicleta_07_blog_direto_do_sul.jpg 960w, https:\/\/blog.panrotas.com.br\/direto-do-sul\/wp-content\/uploads\/sites\/14\/2018\/04\/gramado_de_bicicleta_07_blog_direto_do_sul-300x225.jpg 300w, https:\/\/blog.panrotas.com.br\/direto-do-sul\/wp-content\/uploads\/sites\/14\/2018\/04\/gramado_de_bicicleta_07_blog_direto_do_sul-768x576.jpg 768w\" sizes=\"(max-width: 960px) 100vw, 960px\" \/><figcaption id=\"caption-attachment-134\" class=\"wp-caption-text\">Foto: Divulga\u00e7\u00e3o Tela Tomazeli<\/figcaption><\/figure>\n<p><strong>5 &#8211; E quais metas ainda existem a serem alcan\u00e7adas? <\/strong><\/p>\n<p>\u201cSinaliza\u00e7\u00e3o alta e identifica\u00e7\u00e3o no asfalto que a via de rolamento \u00e9 compartilhada tamb\u00e9m com as bicicletas. E uma campanha de conscientiza\u00e7\u00e3o (foto) para o ciclista utilizar os bra\u00e7os para indicar suas manobras e respeitar as normas (o ciclista tamb\u00e9m tem normas a cumprir).\u201d<\/p>\n<figure id=\"attachment_129\" aria-describedby=\"caption-attachment-129\" style=\"width: 960px\" class=\"wp-caption aligncenter\"><img loading=\"lazy\" class=\"size-full wp-image-129\" src=\"http:\/\/panrotas.blog.br\/direto-do-sul\/wp-content\/uploads\/sites\/14\/2018\/04\/gramado_de_bicicleta_03_blog_direto_do_sul.jpg\" alt=\"\" width=\"960\" height=\"640\" srcset=\"https:\/\/blog.panrotas.com.br\/direto-do-sul\/wp-content\/uploads\/sites\/14\/2018\/04\/gramado_de_bicicleta_03_blog_direto_do_sul.jpg 960w, https:\/\/blog.panrotas.com.br\/direto-do-sul\/wp-content\/uploads\/sites\/14\/2018\/04\/gramado_de_bicicleta_03_blog_direto_do_sul-300x200.jpg 300w, https:\/\/blog.panrotas.com.br\/direto-do-sul\/wp-content\/uploads\/sites\/14\/2018\/04\/gramado_de_bicicleta_03_blog_direto_do_sul-768x512.jpg 768w\" sizes=\"(max-width: 960px) 100vw, 960px\" \/><figcaption id=\"caption-attachment-129\" class=\"wp-caption-text\">Foto: Divulga\u00e7\u00e3o Tela Tomazeli<\/figcaption><\/figure>\n<p><strong>6 &#8211; Como uma cidade que \u00e9 refer\u00eancia em turismo no Brasil, o que mais pode ser feito em Gramado com rela\u00e7\u00e3o \u00e0s bicicletas?<\/strong><\/p>\n<p>\u201cTornar Gramado uma cidade humana e n\u00e3o motor. Para isso, implantar a Ciclovia Estrada Gramado\/ Canela; a Ciclovia V\u00e1rzea Grande at\u00e9 Rotula das Bandeiras; a Ciclofaixa\/Ciclovia Avenida das Hort\u00eansias at\u00e9 a Perimetral; \u00a0e a Ciclofaixa ExpoGramado at\u00e9 Parque dos Pinheiros;\u201d<\/p>\n<figure id=\"attachment_130\" aria-describedby=\"caption-attachment-130\" style=\"width: 794px\" class=\"wp-caption aligncenter\"><img loading=\"lazy\" class=\"size-full wp-image-130\" src=\"http:\/\/panrotas.blog.br\/direto-do-sul\/wp-content\/uploads\/sites\/14\/2018\/04\/gramado_de_bicicleta_08_blog_direto_do_sul.jpg\" alt=\"\" width=\"794\" height=\"1024\" srcset=\"https:\/\/blog.panrotas.com.br\/direto-do-sul\/wp-content\/uploads\/sites\/14\/2018\/04\/gramado_de_bicicleta_08_blog_direto_do_sul.jpg 794w, https:\/\/blog.panrotas.com.br\/direto-do-sul\/wp-content\/uploads\/sites\/14\/2018\/04\/gramado_de_bicicleta_08_blog_direto_do_sul-233x300.jpg 233w, https:\/\/blog.panrotas.com.br\/direto-do-sul\/wp-content\/uploads\/sites\/14\/2018\/04\/gramado_de_bicicleta_08_blog_direto_do_sul-768x990.jpg 768w\" sizes=\"(max-width: 794px) 100vw, 794px\" \/><figcaption id=\"caption-attachment-130\" class=\"wp-caption-text\">Foto: Divulga\u00e7\u00e3o Brocker Turismo<\/figcaption><\/figure>\n<p><strong>Que tal come\u00e7ar?<\/strong><\/p>\n<p>Se voc\u00ea gostou das dicas que eu trouxe aqui mas ainda n\u00e3o \u00e9 um cicloturista, fa\u00e7o um convite. Que tal come\u00e7ar a praticar o cicloturismo na Serra Ga\u00facha? Comece devagarinho, com uma pedalada por um dos nossos cart\u00f5es postais mais famosos: o Lago Negro (foto). Alguns hot\u00e9is de Gramado e a ag\u00eancia da Brocker Turismo (foto) oferecem este servi\u00e7o de aluguel de bicicletas.<\/p>\n<figure id=\"attachment_141\" aria-describedby=\"caption-attachment-141\" style=\"width: 908px\" class=\"wp-caption aligncenter\"><img loading=\"lazy\" class=\"size-full wp-image-141\" src=\"http:\/\/panrotas.blog.br\/direto-do-sul\/wp-content\/uploads\/sites\/14\/2018\/04\/gramado_de_bicicleta_21_blog_direto_do_sul.jpg\" alt=\"\" width=\"908\" height=\"1280\" srcset=\"https:\/\/blog.panrotas.com.br\/direto-do-sul\/wp-content\/uploads\/sites\/14\/2018\/04\/gramado_de_bicicleta_21_blog_direto_do_sul.jpg 908w, https:\/\/blog.panrotas.com.br\/direto-do-sul\/wp-content\/uploads\/sites\/14\/2018\/04\/gramado_de_bicicleta_21_blog_direto_do_sul-213x300.jpg 213w, https:\/\/blog.panrotas.com.br\/direto-do-sul\/wp-content\/uploads\/sites\/14\/2018\/04\/gramado_de_bicicleta_21_blog_direto_do_sul-768x1083.jpg 768w, https:\/\/blog.panrotas.com.br\/direto-do-sul\/wp-content\/uploads\/sites\/14\/2018\/04\/gramado_de_bicicleta_21_blog_direto_do_sul-726x1024.jpg 726w\" sizes=\"(max-width: 908px) 100vw, 908px\" \/><figcaption id=\"caption-attachment-141\" class=\"wp-caption-text\">Foto: Divulga\u00e7\u00e3o Brocker Turismo<\/figcaption><\/figure>\n<figure id=\"attachment_131\" aria-describedby=\"caption-attachment-131\" style=\"width: 1024px\" class=\"wp-caption aligncenter\"><img loading=\"lazy\" class=\"size-full wp-image-131\" src=\"http:\/\/panrotas.blog.br\/direto-do-sul\/wp-content\/uploads\/sites\/14\/2018\/04\/gramado_de_bicicleta_09_blog_direto_do_sul.jpg\" alt=\"\" width=\"1024\" height=\"794\" srcset=\"https:\/\/blog.panrotas.com.br\/direto-do-sul\/wp-content\/uploads\/sites\/14\/2018\/04\/gramado_de_bicicleta_09_blog_direto_do_sul.jpg 1024w, https:\/\/blog.panrotas.com.br\/direto-do-sul\/wp-content\/uploads\/sites\/14\/2018\/04\/gramado_de_bicicleta_09_blog_direto_do_sul-300x233.jpg 300w, https:\/\/blog.panrotas.com.br\/direto-do-sul\/wp-content\/uploads\/sites\/14\/2018\/04\/gramado_de_bicicleta_09_blog_direto_do_sul-768x596.jpg 768w\" sizes=\"(max-width: 1024px) 100vw, 1024px\" \/><figcaption id=\"caption-attachment-131\" class=\"wp-caption-text\">Foto: Divulga\u00e7\u00e3o Brocker Turismo<\/figcaption><\/figure>\n<p><strong>De bustour \u00e9 ainda mais bacana<\/strong><\/p>\n<p>Se voc\u00ea j\u00e1 \u00e9 um cicloturista, te convido a fazer um trajeto diferente no qual ir\u00e1 conhecer lugares lindos: embarque no Bustour (\u00f4nibus tur\u00edstico que circula pelos principais pontos tur\u00edsticos de Canela e Gramado) e leve sua bike junto! (sim, o bustour tem um suporte especial para levar as magrelas a bordo). Desembarque na parada 9 do Bustour no Parque do Caracol, em Canela, para pedalar at\u00e9 o Vale da Ferradura. Ser\u00e3o 8 km de bike (ida e volta) por uma regi\u00e3o linda e com uma natureza quase intocada, vale muito a pena conhecer! O ponto de retorno ao bustour pode ser o mesmo (a parada 9 no Parque do Caracol). Voc\u00ea pode seguir com o \u00f4nibus tur\u00edstico at\u00e9 Gramado, desembarcando por l\u00e1 e fazendo outro trajeto de bike pelo interior, por exemplo. Aproveite o melhor da sua viagem estando mais pr\u00f3ximo da natureza e das pessoas. Exercite-se, conecte-se com a ess\u00eancia do lugar e desfrute da sensa\u00e7\u00e3o de liberdade que a bicicleta d\u00e1.<\/p>\n<figure id=\"attachment_149\" aria-describedby=\"caption-attachment-149\" style=\"width: 1280px\" class=\"wp-caption aligncenter\"><img loading=\"lazy\" class=\"size-full wp-image-149\" src=\"http:\/\/panrotas.blog.br\/direto-do-sul\/wp-content\/uploads\/sites\/14\/2018\/04\/gramado_de_bicicleta_22_blog_direto_do_sul-1.jpg\" alt=\"\" width=\"1280\" height=\"853\" srcset=\"https:\/\/blog.panrotas.com.br\/direto-do-sul\/wp-content\/uploads\/sites\/14\/2018\/04\/gramado_de_bicicleta_22_blog_direto_do_sul-1.jpg 1280w, https:\/\/blog.panrotas.com.br\/direto-do-sul\/wp-content\/uploads\/sites\/14\/2018\/04\/gramado_de_bicicleta_22_blog_direto_do_sul-1-300x200.jpg 300w, https:\/\/blog.panrotas.com.br\/direto-do-sul\/wp-content\/uploads\/sites\/14\/2018\/04\/gramado_de_bicicleta_22_blog_direto_do_sul-1-768x512.jpg 768w, https:\/\/blog.panrotas.com.br\/direto-do-sul\/wp-content\/uploads\/sites\/14\/2018\/04\/gramado_de_bicicleta_22_blog_direto_do_sul-1-1024x682.jpg 1024w\" sizes=\"(max-width: 1280px) 100vw, 1280px\" \/><figcaption id=\"caption-attachment-149\" class=\"wp-caption-text\">Foto: Divulga\u00e7\u00e3o Brocker Turismo<\/figcaption><\/figure>\n<p><strong>Abra\u00e7o e boraaaaa pedalar!!!!<\/strong><\/p>\n<figure id=\"attachment_142\" aria-describedby=\"caption-attachment-142\" style=\"width: 960px\" class=\"wp-caption aligncenter\"><img loading=\"lazy\" class=\"size-full wp-image-142\" src=\"http:\/\/panrotas.blog.br\/direto-do-sul\/wp-content\/uploads\/sites\/14\/2018\/04\/WhatsApp-Image-2018-04-17.jpeg\" alt=\"\" width=\"960\" height=\"1280\" srcset=\"https:\/\/blog.panrotas.com.br\/direto-do-sul\/wp-content\/uploads\/sites\/14\/2018\/04\/WhatsApp-Image-2018-04-17.jpeg 960w, https:\/\/blog.panrotas.com.br\/direto-do-sul\/wp-content\/uploads\/sites\/14\/2018\/04\/WhatsApp-Image-2018-04-17-225x300.jpeg 225w, https:\/\/blog.panrotas.com.br\/direto-do-sul\/wp-content\/uploads\/sites\/14\/2018\/04\/WhatsApp-Image-2018-04-17-768x1024.jpeg 768w\" sizes=\"(max-width: 960px) 100vw, 960px\" \/><figcaption id=\"caption-attachment-142\" class=\"wp-caption-text\">Foto: Divulga\u00e7\u00e3o Brocker Turismo<\/figcaption><\/figure>\n<ul>\n<li><em>Conte\u00fado produzido em parceria com a jornalista Adriana Silveira (@buenaviagem)<\/em><\/li>\n<\/ul>\n","protected":false},"excerpt":{"rendered":"<p>Oi gente! Hoje estou aqui para falar sobre duas coisas muito bacanas, que juntas ficam ainda melhores: bicicletas e turismo. Quando tenho um tempinho, gosto de sair por a\u00ed pedalando, pois da\u00ed consigo olhar cada rua de outro jeito, curtir a natureza, me exercitar e prestar a aten\u00e7\u00e3o em detalhes que na correria do dia-a-dia&hellip; <a class=\"more-link\" href=\"https:\/\/blog.panrotas.com.br\/direto-do-sul\/2018\/04\/15\/turismo-de-bike-vamos-pedalar\/\">Continue reading &rarr;<\/a><\/p>\n","protected":false},"author":17,"featured_media":0,"comment_status":"open","ping_status":"open","sticky":false,"template":"","format":"standard","meta":{"spay_email":""},"categories":[2],"tags":[],"yoast_head":"<!-- This site is optimized with the Yoast SEO plugin v17.3 - https:\/\/yoast.com\/wordpress\/plugins\/seo\/ -->\n<title>Turismo de bike, vamos pedalar!!! - Direto do Sul<\/title>\n<meta name=\"robots\" content=\"index, follow, max-snippet:-1, max-image-preview:large, max-video-preview:-1\" \/>\n<link rel=\"canonical\" href=\"https:\/\/blog.panrotas.com.br\/direto-do-sul\/2018\/04\/15\/turismo-de-bike-vamos-pedalar\/\" \/>\n<meta property=\"og:locale\" content=\"pt_BR\" \/>\n<meta property=\"og:type\" content=\"article\" \/>\n<meta property=\"og:title\" content=\"Turismo de bike, vamos pedalar!!! - Direto do Sul\" \/>\n<meta property=\"og:description\" content=\"Oi gente! Hoje estou aqui para falar sobre duas coisas muito bacanas, que juntas ficam ainda melhores: bicicletas e turismo. Quando tenho um tempinho, gosto de sair por a\u00ed pedalando, pois da\u00ed consigo olhar cada rua de outro jeito, curtir a natureza, me exercitar e prestar a aten\u00e7\u00e3o em detalhes que na correria do dia-a-dia&hellip; Continue reading &rarr;\" \/>\n<meta property=\"og:url\" content=\"https:\/\/blog.panrotas.com.br\/direto-do-sul\/2018\/04\/15\/turismo-de-bike-vamos-pedalar\/\" \/>\n<meta property=\"og:site_name\" content=\"Direto do Sul\" \/>\n<meta property=\"article:published_time\" content=\"2018-04-16T02:33:00+00:00\" \/>\n<meta property=\"og:image\" content=\"http:\/\/panrotas.blog.br\/direto-do-sul\/wp-content\/uploads\/sites\/14\/2018\/04\/FullSizeRender.jpg\" \/>\n<meta name=\"twitter:card\" content=\"summary_large_image\" \/>\n<meta name=\"twitter:label1\" content=\"Escrito por\" \/>\n\t<meta name=\"twitter:data1\" content=\"Any Brocker\" \/>\n\t<meta name=\"twitter:label2\" content=\"Est. tempo de leitura\" \/>\n\t<meta name=\"twitter:data2\" content=\"8 minutos\" \/>\n<script type=\"application\/ld+json\" class=\"yoast-schema-graph\">{\"@context\":\"https:\/\/schema.org\",\"@graph\":[{\"@type\":\"WebSite\",\"@id\":\"https:\/\/blog.panrotas.com.br\/direto-do-sul\/#website\",\"url\":\"https:\/\/blog.panrotas.com.br\/direto-do-sul\/\",\"name\":\"Direto do Sul\",\"description\":\"Blogosfera PANROTAS\",\"potentialAction\":[{\"@type\":\"SearchAction\",\"target\":{\"@type\":\"EntryPoint\",\"urlTemplate\":\"https:\/\/blog.panrotas.com.br\/direto-do-sul\/?s={search_term_string}\"},\"query-input\":\"required name=search_term_string\"}],\"inLanguage\":\"pt-BR\"},{\"@type\":\"ImageObject\",\"@id\":\"https:\/\/blog.panrotas.com.br\/direto-do-sul\/2018\/04\/15\/turismo-de-bike-vamos-pedalar\/#primaryimage\",\"inLanguage\":\"pt-BR\",\"url\":\"http:\/\/panrotas.blog.br\/direto-do-sul\/wp-content\/uploads\/sites\/14\/2018\/04\/FullSizeRender.jpg\",\"contentUrl\":\"http:\/\/panrotas.blog.br\/direto-do-sul\/wp-content\/uploads\/sites\/14\/2018\/04\/FullSizeRender.jpg\"},{\"@type\":\"WebPage\",\"@id\":\"https:\/\/blog.panrotas.com.br\/direto-do-sul\/2018\/04\/15\/turismo-de-bike-vamos-pedalar\/#webpage\",\"url\":\"https:\/\/blog.panrotas.com.br\/direto-do-sul\/2018\/04\/15\/turismo-de-bike-vamos-pedalar\/\",\"name\":\"Turismo de bike, vamos pedalar!!! - Direto do Sul\",\"isPartOf\":{\"@id\":\"https:\/\/blog.panrotas.com.br\/direto-do-sul\/#website\"},\"primaryImageOfPage\":{\"@id\":\"https:\/\/blog.panrotas.com.br\/direto-do-sul\/2018\/04\/15\/turismo-de-bike-vamos-pedalar\/#primaryimage\"},\"datePublished\":\"2018-04-16T02:33:00+00:00\",\"dateModified\":\"2018-04-16T02:33:00+00:00\",\"author\":{\"@id\":\"https:\/\/blog.panrotas.com.br\/direto-do-sul\/#\/schema\/person\/a03f4d5e2d6cd37a874f986e07f47268\"},\"breadcrumb\":{\"@id\":\"https:\/\/blog.panrotas.com.br\/direto-do-sul\/2018\/04\/15\/turismo-de-bike-vamos-pedalar\/#breadcrumb\"},\"inLanguage\":\"pt-BR\",\"potentialAction\":[{\"@type\":\"ReadAction\",\"target\":[\"https:\/\/blog.panrotas.com.br\/direto-do-sul\/2018\/04\/15\/turismo-de-bike-vamos-pedalar\/\"]}]},{\"@type\":\"BreadcrumbList\",\"@id\":\"https:\/\/blog.panrotas.com.br\/direto-do-sul\/2018\/04\/15\/turismo-de-bike-vamos-pedalar\/#breadcrumb\",\"itemListElement\":[{\"@type\":\"ListItem\",\"position\":1,\"name\":\"In\\u00edcio\",\"item\":\"https:\/\/blog.panrotas.com.br\/direto-do-sul\/\"},{\"@type\":\"ListItem\",\"position\":2,\"name\":\"Turismo de bike, vamos pedalar!!!\"}]},{\"@type\":\"Person\",\"@id\":\"https:\/\/blog.panrotas.com.br\/direto-do-sul\/#\/schema\/person\/a03f4d5e2d6cd37a874f986e07f47268\",\"name\":\"Any Brocker\",\"image\":{\"@type\":\"ImageObject\",\"@id\":\"https:\/\/blog.panrotas.com.br\/direto-do-sul\/#personlogo\",\"inLanguage\":\"pt-BR\",\"url\":\"https:\/\/secure.gravatar.com\/avatar\/5ef47ea7f1094e49c2aec16a7917fdd9?s=96&d=mm&r=g\",\"contentUrl\":\"https:\/\/secure.gravatar.com\/avatar\/5ef47ea7f1094e49c2aec16a7917fdd9?s=96&d=mm&r=g\",\"caption\":\"Any Brocker\"},\"sameAs\":[\"https:\/\/blog.panrotas.com.br\/direto-do-sul\"],\"url\":\"https:\/\/blog.panrotas.com.br\/direto-do-sul\/author\/adriane\/\"}]}<\/script>\n<!-- \/ Yoast SEO plugin. -->","yoast_head_json":{"title":"Turismo de bike, vamos pedalar!!! - Direto do Sul","robots":{"index":"index","follow":"follow","max-snippet":"max-snippet:-1","max-image-preview":"max-image-preview:large","max-video-preview":"max-video-preview:-1"},"canonical":"https:\/\/blog.panrotas.com.br\/direto-do-sul\/2018\/04\/15\/turismo-de-bike-vamos-pedalar\/","og_locale":"pt_BR","og_type":"article","og_title":"Turismo de bike, vamos pedalar!!! - Direto do Sul","og_description":"Oi gente! Hoje estou aqui para falar sobre duas coisas muito bacanas, que juntas ficam ainda melhores: bicicletas e turismo. Quando tenho um tempinho, gosto de sair por a\u00ed pedalando, pois da\u00ed consigo olhar cada rua de outro jeito, curtir a natureza, me exercitar e prestar a aten\u00e7\u00e3o em detalhes que na correria do dia-a-dia&hellip; Continue reading &rarr;","og_url":"https:\/\/blog.panrotas.com.br\/direto-do-sul\/2018\/04\/15\/turismo-de-bike-vamos-pedalar\/","og_site_name":"Direto do Sul","article_published_time":"2018-04-16T02:33:00+00:00","og_image":[{"url":"http:\/\/panrotas.blog.br\/direto-do-sul\/wp-content\/uploads\/sites\/14\/2018\/04\/FullSizeRender.jpg"}],"twitter_card":"summary_large_image","twitter_misc":{"Escrito por":"Any Brocker","Est. tempo de leitura":"8 minutos"},"schema":{"@context":"https:\/\/schema.org","@graph":[{"@type":"WebSite","@id":"https:\/\/blog.panrotas.com.br\/direto-do-sul\/#website","url":"https:\/\/blog.panrotas.com.br\/direto-do-sul\/","name":"Direto do Sul","description":"Blogosfera PANROTAS","potentialAction":[{"@type":"SearchAction","target":{"@type":"EntryPoint","urlTemplate":"https:\/\/blog.panrotas.com.br\/direto-do-sul\/?s={search_term_string}"},"query-input":"required name=search_term_string"}],"inLanguage":"pt-BR"},{"@type":"ImageObject","@id":"https:\/\/blog.panrotas.com.br\/direto-do-sul\/2018\/04\/15\/turismo-de-bike-vamos-pedalar\/#primaryimage","inLanguage":"pt-BR","url":"http:\/\/panrotas.blog.br\/direto-do-sul\/wp-content\/uploads\/sites\/14\/2018\/04\/FullSizeRender.jpg","contentUrl":"http:\/\/panrotas.blog.br\/direto-do-sul\/wp-content\/uploads\/sites\/14\/2018\/04\/FullSizeRender.jpg"},{"@type":"WebPage","@id":"https:\/\/blog.panrotas.com.br\/direto-do-sul\/2018\/04\/15\/turismo-de-bike-vamos-pedalar\/#webpage","url":"https:\/\/blog.panrotas.com.br\/direto-do-sul\/2018\/04\/15\/turismo-de-bike-vamos-pedalar\/","name":"Turismo de bike, vamos pedalar!!! - Direto do Sul","isPartOf":{"@id":"https:\/\/blog.panrotas.com.br\/direto-do-sul\/#website"},"primaryImageOfPage":{"@id":"https:\/\/blog.panrotas.com.br\/direto-do-sul\/2018\/04\/15\/turismo-de-bike-vamos-pedalar\/#primaryimage"},"datePublished":"2018-04-16T02:33:00+00:00","dateModified":"2018-04-16T02:33:00+00:00","author":{"@id":"https:\/\/blog.panrotas.com.br\/direto-do-sul\/#\/schema\/person\/a03f4d5e2d6cd37a874f986e07f47268"},"breadcrumb":{"@id":"https:\/\/blog.panrotas.com.br\/direto-do-sul\/2018\/04\/15\/turismo-de-bike-vamos-pedalar\/#breadcrumb"},"inLanguage":"pt-BR","potentialAction":[{"@type":"ReadAction","target":["https:\/\/blog.panrotas.com.br\/direto-do-sul\/2018\/04\/15\/turismo-de-bike-vamos-pedalar\/"]}]},{"@type":"BreadcrumbList","@id":"https:\/\/blog.panrotas.com.br\/direto-do-sul\/2018\/04\/15\/turismo-de-bike-vamos-pedalar\/#breadcrumb","itemListElement":[{"@type":"ListItem","position":1,"name":"In\u00edcio","item":"https:\/\/blog.panrotas.com.br\/direto-do-sul\/"},{"@type":"ListItem","position":2,"name":"Turismo de bike, vamos pedalar!!!"}]},{"@type":"Person","@id":"https:\/\/blog.panrotas.com.br\/direto-do-sul\/#\/schema\/person\/a03f4d5e2d6cd37a874f986e07f47268","name":"Any Brocker","image":{"@type":"ImageObject","@id":"https:\/\/blog.panrotas.com.br\/direto-do-sul\/#personlogo","inLanguage":"pt-BR","url":"https:\/\/secure.gravatar.com\/avatar\/5ef47ea7f1094e49c2aec16a7917fdd9?s=96&d=mm&r=g","contentUrl":"https:\/\/secure.gravatar.com\/avatar\/5ef47ea7f1094e49c2aec16a7917fdd9?s=96&d=mm&r=g","caption":"Any Brocker"},"sameAs":["https:\/\/blog.panrotas.com.br\/direto-do-sul"],"url":"https:\/\/blog.panrotas.com.br\/direto-do-sul\/author\/adriane\/"}]}},"jetpack_featured_media_url":"","_links":{"self":[{"href":"https:\/\/blog.panrotas.com.br\/direto-do-sul\/wp-json\/wp\/v2\/posts\/121"}],"collection":[{"href":"https:\/\/blog.panrotas.com.br\/direto-do-sul\/wp-json\/wp\/v2\/posts"}],"about":[{"href":"https:\/\/blog.panrotas.com.br\/direto-do-sul\/wp-json\/wp\/v2\/types\/post"}],"author":[{"embeddable":true,"href":"https:\/\/blog.panrotas.com.br\/direto-do-sul\/wp-json\/wp\/v2\/users\/17"}],"replies":[{"embeddable":true,"href":"https:\/\/blog.panrotas.com.br\/direto-do-sul\/wp-json\/wp\/v2\/comments?post=121"}],"version-history":[{"count":0,"href":"https:\/\/blog.panrotas.com.br\/direto-do-sul\/wp-json\/wp\/v2\/posts\/121\/revisions"}],"wp:attachment":[{"href":"https:\/\/blog.panrotas.com.br\/direto-do-sul\/wp-json\/wp\/v2\/media?parent=121"}],"wp:term":[{"taxonomy":"category","embeddable":true,"href":"https:\/\/blog.panrotas.com.br\/direto-do-sul\/wp-json\/wp\/v2\/categories?post=121"},{"taxonomy":"post_tag","embeddable":true,"href":"https:\/\/blog.panrotas.com.br\/direto-do-sul\/wp-json\/wp\/v2\/tags?post=121"}],"curies":[{"name":"wp","href":"https:\/\/api.w.org\/{rel}","templated":true}]}}