{"id":152,"date":"2018-04-26T08:58:40","date_gmt":"2018-04-26T11:58:40","guid":{"rendered":"http:\/\/blog.panrotas.com.br\/direto-do-sul\/?p=152"},"modified":"2018-04-26T08:58:40","modified_gmt":"2018-04-26T11:58:40","slug":"gramado-esta-ainda-mais-linda-com-a-festa-da-colonia","status":"publish","type":"post","link":"https:\/\/blog.panrotas.com.br\/direto-do-sul\/2018\/04\/26\/gramado-esta-ainda-mais-linda-com-a-festa-da-colonia\/","title":{"rendered":"Gramado est\u00e1 ainda mais linda com a Festa da Col\u00f4nia"},"content":{"rendered":"<p>Oi gente! Nessa semana escolhi compartilhar com voc\u00eas um dos eventos mais bonitos que acontecem por aqui: a Festa da Col\u00f4nia. Uma tradi\u00e7\u00e3o h\u00e1 28 anos em Gramado, esse evento tem uma representatividade muito forte, pois revela as origens da cidade formada por descendentes de alem\u00e3es, italianos e portugueses.<\/p>\n<figure id=\"attachment_153\" aria-describedby=\"caption-attachment-153\" style=\"width: 1024px\" class=\"wp-caption aligncenter\"><img loading=\"lazy\" class=\"size-full wp-image-153\" src=\"http:\/\/panrotas.blog.br\/direto-do-sul\/wp-content\/uploads\/sites\/14\/2018\/04\/28FestaColonia_Blog_Direto_do_Sul_01.jpg\" alt=\"\" width=\"1024\" height=\"794\" srcset=\"https:\/\/blog.panrotas.com.br\/direto-do-sul\/wp-content\/uploads\/sites\/14\/2018\/04\/28FestaColonia_Blog_Direto_do_Sul_01.jpg 1024w, https:\/\/blog.panrotas.com.br\/direto-do-sul\/wp-content\/uploads\/sites\/14\/2018\/04\/28FestaColonia_Blog_Direto_do_Sul_01-300x233.jpg 300w, https:\/\/blog.panrotas.com.br\/direto-do-sul\/wp-content\/uploads\/sites\/14\/2018\/04\/28FestaColonia_Blog_Direto_do_Sul_01-768x596.jpg 768w\" sizes=\"(max-width: 1024px) 100vw, 1024px\" \/><figcaption id=\"caption-attachment-153\" class=\"wp-caption-text\">Foto: Cleiton Thiele\/Divulga\u00e7\u00e3o<\/figcaption><\/figure>\n<p>S\u00e3o eles \u2013 os colonos \u2013 as grandes estrelas dessa festa. Durante 18 dias, as fam\u00edlias que moram no interior de Gramado deixam suas propriedades e v\u00eam para o centro da cidade, trazendo um pouco da sua vida. Seus sotaques carregados, sua simplicidade e alegria e tudo aquilo que produzem de mais saboroso s\u00e3o apresentados \u00e0 comunidade e aos turistas (e s\u00e3o milhares!) \u00a0que passam pela festa.<\/p>\n<p><strong>Gastronomia<\/strong><\/p>\n<p>Recomendo ir com a fam\u00edlia para passar algumas horas por l\u00e1 sem pressa, pois tem muita coisa para aproveitar! Escolha um dos card\u00e1pios das cozinhas alem\u00e3 ou italiana e saboreie a mais aut\u00eantica comida caseira, que permanece quentinha nas panelas de ferro que ficam sobre os fog\u00f5es (fotos). Os card\u00e1pios valem para almo\u00e7o e jantar. Se preferir apenas petiscar, ent\u00e3o v\u00e1 at\u00e9 o Bier Platz e pe\u00e7a pelo campe\u00e3o de vendas: o bolinho de batata (foto). Se a ideia for manter a tradi\u00e7\u00e3o, voc\u00ea pode beber um copo de vinho ou de spritzbier (uma cerveja sem \u00e1lcool feita \u00e0 base de gengibre). Outras del\u00edcias como bolinhos de aipim e pasteis tamb\u00e9m s\u00e3o servidas a todo o momento. Agora se voc\u00ea tem vontade de provar um aut\u00eantico caf\u00e9 colonial deve ir direto para o Caf\u00e9 Della Nonna (foto). Mas \u00e9 bom ir com apetite! Pois uma mesa farta vai estar \u00e0 sua espera com p\u00e3es, cucas, biscoitos, geleias, doce de leite, schmiers, queijos, copas, al\u00e9m do ch\u00e1 e do caf\u00e9 com leite quentinhos que est\u00e3o sobre o fog\u00e3o \u00e0 lenha.<\/p>\n<figure id=\"attachment_154\" aria-describedby=\"caption-attachment-154\" style=\"width: 1300px\" class=\"wp-caption aligncenter\"><img loading=\"lazy\" class=\"size-full wp-image-154\" src=\"http:\/\/panrotas.blog.br\/direto-do-sul\/wp-content\/uploads\/sites\/14\/2018\/04\/28FestaColonia__Blog_Direto_do_Sul_06.jpg\" alt=\"\" width=\"1300\" height=\"980\" srcset=\"https:\/\/blog.panrotas.com.br\/direto-do-sul\/wp-content\/uploads\/sites\/14\/2018\/04\/28FestaColonia__Blog_Direto_do_Sul_06.jpg 1300w, https:\/\/blog.panrotas.com.br\/direto-do-sul\/wp-content\/uploads\/sites\/14\/2018\/04\/28FestaColonia__Blog_Direto_do_Sul_06-300x226.jpg 300w, https:\/\/blog.panrotas.com.br\/direto-do-sul\/wp-content\/uploads\/sites\/14\/2018\/04\/28FestaColonia__Blog_Direto_do_Sul_06-768x579.jpg 768w, https:\/\/blog.panrotas.com.br\/direto-do-sul\/wp-content\/uploads\/sites\/14\/2018\/04\/28FestaColonia__Blog_Direto_do_Sul_06-1024x772.jpg 1024w\" sizes=\"(max-width: 1300px) 100vw, 1300px\" \/><figcaption id=\"caption-attachment-154\" class=\"wp-caption-text\">Foto: Cleiton Thiele\/Divulga\u00e7\u00e3o<\/figcaption><\/figure>\n<figure id=\"attachment_155\" aria-describedby=\"caption-attachment-155\" style=\"width: 700px\" class=\"wp-caption aligncenter\"><img loading=\"lazy\" class=\"size-full wp-image-155\" src=\"http:\/\/panrotas.blog.br\/direto-do-sul\/wp-content\/uploads\/sites\/14\/2018\/04\/Festa_da_Colonia_Blog_Direto_do_Sul_15.jpg\" alt=\"\" width=\"700\" height=\"466\" srcset=\"https:\/\/blog.panrotas.com.br\/direto-do-sul\/wp-content\/uploads\/sites\/14\/2018\/04\/Festa_da_Colonia_Blog_Direto_do_Sul_15.jpg 700w, https:\/\/blog.panrotas.com.br\/direto-do-sul\/wp-content\/uploads\/sites\/14\/2018\/04\/Festa_da_Colonia_Blog_Direto_do_Sul_15-300x200.jpg 300w\" sizes=\"(max-width: 700px) 100vw, 700px\" \/><figcaption id=\"caption-attachment-155\" class=\"wp-caption-text\">Foto: Cleiton Thiele\/Divulga\u00e7\u00e3o<\/figcaption><\/figure>\n<figure id=\"attachment_156\" aria-describedby=\"caption-attachment-156\" style=\"width: 1300px\" class=\"wp-caption aligncenter\"><img loading=\"lazy\" class=\"size-full wp-image-156\" src=\"http:\/\/panrotas.blog.br\/direto-do-sul\/wp-content\/uploads\/sites\/14\/2018\/04\/28FestaColonia__Blog_Direto_do_Sul_10.jpg\" alt=\"\" width=\"1300\" height=\"980\" srcset=\"https:\/\/blog.panrotas.com.br\/direto-do-sul\/wp-content\/uploads\/sites\/14\/2018\/04\/28FestaColonia__Blog_Direto_do_Sul_10.jpg 1300w, https:\/\/blog.panrotas.com.br\/direto-do-sul\/wp-content\/uploads\/sites\/14\/2018\/04\/28FestaColonia__Blog_Direto_do_Sul_10-300x226.jpg 300w, https:\/\/blog.panrotas.com.br\/direto-do-sul\/wp-content\/uploads\/sites\/14\/2018\/04\/28FestaColonia__Blog_Direto_do_Sul_10-768x579.jpg 768w, https:\/\/blog.panrotas.com.br\/direto-do-sul\/wp-content\/uploads\/sites\/14\/2018\/04\/28FestaColonia__Blog_Direto_do_Sul_10-1024x772.jpg 1024w\" sizes=\"(max-width: 1300px) 100vw, 1300px\" \/><figcaption id=\"caption-attachment-156\" class=\"wp-caption-text\">Foto: Cleiton Thiele\/Divulga\u00e7\u00e3o<\/figcaption><\/figure>\n<p><strong>Feirinha de produtos coloniais<\/strong><\/p>\n<p>N\u00e3o deixe de passear pelos standes da feirinha de produtos coloniais. Voc\u00ea vai se impressionar com a diversidade de produtos que est\u00e3o \u00e0 venda. Compotas, embutidos, ch\u00e1s, vinhos e cervejas. Facas artesanais, iogurte natural, artesanato, frutas cristalizadas e muitas outras gostosuras&#8230; (fotos) O que eu mais gosto \u00e9 poder conversar direto com o agricultor na hora da compra, porque sempre tenho curiosidade em saber como aquele produto foi feito.<\/p>\n<figure id=\"attachment_157\" aria-describedby=\"caption-attachment-157\" style=\"width: 640px\" class=\"wp-caption aligncenter\"><img loading=\"lazy\" class=\"size-full wp-image-157\" src=\"http:\/\/panrotas.blog.br\/direto-do-sul\/wp-content\/uploads\/sites\/14\/2018\/04\/Festa_da_Colonia_Blog_Direto_do_Sul_20.jpg\" alt=\"\" width=\"640\" height=\"480\" srcset=\"https:\/\/blog.panrotas.com.br\/direto-do-sul\/wp-content\/uploads\/sites\/14\/2018\/04\/Festa_da_Colonia_Blog_Direto_do_Sul_20.jpg 640w, https:\/\/blog.panrotas.com.br\/direto-do-sul\/wp-content\/uploads\/sites\/14\/2018\/04\/Festa_da_Colonia_Blog_Direto_do_Sul_20-300x225.jpg 300w\" sizes=\"(max-width: 640px) 100vw, 640px\" \/><figcaption id=\"caption-attachment-157\" class=\"wp-caption-text\">Foto: Divulga\u00e7\u00e3o Brocker Turismo<\/figcaption><\/figure>\n<p><strong>Atra\u00e7\u00f5es culturais<\/strong><\/p>\n<p>Uma das principais caracter\u00edsticas da festa \u00e9 a anima\u00e7\u00e3o. A qualquer hora do dia \u2013 e tamb\u00e9m a noite \u2013 o palco est\u00e1 sempre ocupado. Bandinhas t\u00edpicas alem\u00e3s, m\u00fasicos ga\u00fachos, corais de origem italiana e dan\u00e7as t\u00edpicas alem\u00e3s se revezam, garantindo plateia e muitos aplausos.<\/p>\n<figure id=\"attachment_158\" aria-describedby=\"caption-attachment-158\" style=\"width: 1300px\" class=\"wp-caption aligncenter\"><img loading=\"lazy\" class=\"size-full wp-image-158\" src=\"http:\/\/panrotas.blog.br\/direto-do-sul\/wp-content\/uploads\/sites\/14\/2018\/04\/28FestaColonia__Blog_Direto_do_Sul_11.jpg\" alt=\"\" width=\"1300\" height=\"980\" srcset=\"https:\/\/blog.panrotas.com.br\/direto-do-sul\/wp-content\/uploads\/sites\/14\/2018\/04\/28FestaColonia__Blog_Direto_do_Sul_11.jpg 1300w, https:\/\/blog.panrotas.com.br\/direto-do-sul\/wp-content\/uploads\/sites\/14\/2018\/04\/28FestaColonia__Blog_Direto_do_Sul_11-300x226.jpg 300w, https:\/\/blog.panrotas.com.br\/direto-do-sul\/wp-content\/uploads\/sites\/14\/2018\/04\/28FestaColonia__Blog_Direto_do_Sul_11-768x579.jpg 768w, https:\/\/blog.panrotas.com.br\/direto-do-sul\/wp-content\/uploads\/sites\/14\/2018\/04\/28FestaColonia__Blog_Direto_do_Sul_11-1024x772.jpg 1024w\" sizes=\"(max-width: 1300px) 100vw, 1300px\" \/><figcaption id=\"caption-attachment-158\" class=\"wp-caption-text\">Foto: Cleiton Thiele\/Divulga\u00e7\u00e3o<\/figcaption><\/figure>\n<figure id=\"attachment_159\" aria-describedby=\"caption-attachment-159\" style=\"width: 1300px\" class=\"wp-caption aligncenter\"><img loading=\"lazy\" class=\"size-full wp-image-159\" src=\"http:\/\/panrotas.blog.br\/direto-do-sul\/wp-content\/uploads\/sites\/14\/2018\/04\/28FestaColonia__Blog_Direto_do_Sul_15.jpg\" alt=\"\" width=\"1300\" height=\"980\" srcset=\"https:\/\/blog.panrotas.com.br\/direto-do-sul\/wp-content\/uploads\/sites\/14\/2018\/04\/28FestaColonia__Blog_Direto_do_Sul_15.jpg 1300w, https:\/\/blog.panrotas.com.br\/direto-do-sul\/wp-content\/uploads\/sites\/14\/2018\/04\/28FestaColonia__Blog_Direto_do_Sul_15-300x226.jpg 300w, https:\/\/blog.panrotas.com.br\/direto-do-sul\/wp-content\/uploads\/sites\/14\/2018\/04\/28FestaColonia__Blog_Direto_do_Sul_15-768x579.jpg 768w, https:\/\/blog.panrotas.com.br\/direto-do-sul\/wp-content\/uploads\/sites\/14\/2018\/04\/28FestaColonia__Blog_Direto_do_Sul_15-1024x772.jpg 1024w\" sizes=\"(max-width: 1300px) 100vw, 1300px\" \/><figcaption id=\"caption-attachment-159\" class=\"wp-caption-text\">Foto: Cleiton Thiele\/Divulga\u00e7\u00e3o<\/figcaption><\/figure>\n<p><strong>45 anos de tradi\u00e7\u00e3o<\/strong><\/p>\n<p>Uma das atra\u00e7\u00f5es de destaque da festa \u00e9 a Banda Macega Show. O grupo exibe uma pe\u00e7a estranha chamado marimbau (esp\u00e9cie de instrumento de percuss\u00e3o feito artesanalmente &#8211; foto). Batizada de Margarida, a pe\u00e7a chama aten\u00e7\u00e3o gra\u00e7as a quantidade de penduricalhos que foram presos a t\u00e1bua de madeira. Na maior disposi\u00e7\u00e3o, aos 75 anos, seu Jos\u00e9\u00a0Henrique Barros \u00e9 quem toca o instrumento que \u00e9 um dos sucessos da Banda Macega Show. O grupo tem nada menos do que 45 anos e \u00e9 a banda oficial de uma outra grande festa t\u00edpica que acontece perto daqui: a Oktoberfest. Com oito componentes, a Macega Show anima festas e bailes comunit\u00e1rios. Eles tamb\u00e9m costumam se apresentar na Rua Coberta (Gramado) no restaurante Rasen Platz, todas as ter\u00e7as, quintas, sextas-feiras e s\u00e1bados. Ent\u00e3o se voc\u00ea estiver passeando por Gramado aproveite para conferir ade perto a anima\u00e7\u00e3o dessa turma!<\/p>\n<figure id=\"attachment_160\" aria-describedby=\"caption-attachment-160\" style=\"width: 480px\" class=\"wp-caption aligncenter\"><img loading=\"lazy\" class=\"size-full wp-image-160\" src=\"http:\/\/panrotas.blog.br\/direto-do-sul\/wp-content\/uploads\/sites\/14\/2018\/04\/Festa_da_Colonia_Blog_Direto_do_Sul_22.jpg\" alt=\"\" width=\"480\" height=\"640\" srcset=\"https:\/\/blog.panrotas.com.br\/direto-do-sul\/wp-content\/uploads\/sites\/14\/2018\/04\/Festa_da_Colonia_Blog_Direto_do_Sul_22.jpg 480w, https:\/\/blog.panrotas.com.br\/direto-do-sul\/wp-content\/uploads\/sites\/14\/2018\/04\/Festa_da_Colonia_Blog_Direto_do_Sul_22-225x300.jpg 225w\" sizes=\"(max-width: 480px) 100vw, 480px\" \/><figcaption id=\"caption-attachment-160\" class=\"wp-caption-text\">Foto: Cleiton Thiele\/Divulga\u00e7\u00e3o<\/figcaption><\/figure>\n<figure id=\"attachment_164\" aria-describedby=\"caption-attachment-164\" style=\"width: 1300px\" class=\"wp-caption aligncenter\"><img loading=\"lazy\" class=\"size-full wp-image-164\" src=\"http:\/\/panrotas.blog.br\/direto-do-sul\/wp-content\/uploads\/sites\/14\/2018\/04\/Festa_da_Colonia_Blog_Direto_do_Sul_23.jpg\" alt=\"\" width=\"1300\" height=\"980\" srcset=\"https:\/\/blog.panrotas.com.br\/direto-do-sul\/wp-content\/uploads\/sites\/14\/2018\/04\/Festa_da_Colonia_Blog_Direto_do_Sul_23.jpg 1300w, https:\/\/blog.panrotas.com.br\/direto-do-sul\/wp-content\/uploads\/sites\/14\/2018\/04\/Festa_da_Colonia_Blog_Direto_do_Sul_23-300x226.jpg 300w, https:\/\/blog.panrotas.com.br\/direto-do-sul\/wp-content\/uploads\/sites\/14\/2018\/04\/Festa_da_Colonia_Blog_Direto_do_Sul_23-768x579.jpg 768w, https:\/\/blog.panrotas.com.br\/direto-do-sul\/wp-content\/uploads\/sites\/14\/2018\/04\/Festa_da_Colonia_Blog_Direto_do_Sul_23-1024x772.jpg 1024w\" sizes=\"(max-width: 1300px) 100vw, 1300px\" \/><figcaption id=\"caption-attachment-164\" class=\"wp-caption-text\">Foto: Cleiton Thiele\/Divulga\u00e7\u00e3o<\/figcaption><\/figure>\n<p><strong>Festa dos espantalhos <\/strong><\/p>\n<p>A Festa dos Espantalhos surgiu h\u00e1 4 anos com a inten\u00e7\u00e3o de aproximar o com\u00e9rcio local do evento. Os bonecos retratam um h\u00e1bito antigo nas col\u00f4nias, que at\u00e9 hoje ainda fazem uso de bonecos feitos de palha de milho para espantar as aves das planta\u00e7\u00f5es. Costuma se dizer tamb\u00e9m que os espantalhos representam a prote\u00e7\u00e3o divina e uma boa colheita. Foi pensando em preservar essa tradi\u00e7\u00e3o que a Festa dos Espantalhos surgiu, deixando a principal avenida da cidade \u2013 a famosa Borges de Medeiros \u2013 cheia de cores e alegria.<\/p>\n<figure id=\"attachment_161\" aria-describedby=\"caption-attachment-161\" style=\"width: 1300px\" class=\"wp-caption aligncenter\"><img loading=\"lazy\" class=\"size-full wp-image-161\" src=\"http:\/\/panrotas.blog.br\/direto-do-sul\/wp-content\/uploads\/sites\/14\/2018\/04\/28FestaColonia__Blog_Direto_do_Sul_13.jpg\" alt=\"\" width=\"1300\" height=\"980\" srcset=\"https:\/\/blog.panrotas.com.br\/direto-do-sul\/wp-content\/uploads\/sites\/14\/2018\/04\/28FestaColonia__Blog_Direto_do_Sul_13.jpg 1300w, https:\/\/blog.panrotas.com.br\/direto-do-sul\/wp-content\/uploads\/sites\/14\/2018\/04\/28FestaColonia__Blog_Direto_do_Sul_13-300x226.jpg 300w, https:\/\/blog.panrotas.com.br\/direto-do-sul\/wp-content\/uploads\/sites\/14\/2018\/04\/28FestaColonia__Blog_Direto_do_Sul_13-768x579.jpg 768w, https:\/\/blog.panrotas.com.br\/direto-do-sul\/wp-content\/uploads\/sites\/14\/2018\/04\/28FestaColonia__Blog_Direto_do_Sul_13-1024x772.jpg 1024w\" sizes=\"(max-width: 1300px) 100vw, 1300px\" \/><figcaption id=\"caption-attachment-161\" class=\"wp-caption-text\">Foto: Cleiton Thiele\/Divulga\u00e7\u00e3o<\/figcaption><\/figure>\n<p><strong>Desfile de Carretas<\/strong><\/p>\n<p>E no pr\u00f3ximo s\u00e1bado acontece o primeiro Desfile da Festa da Col\u00f4nia, momento muito aguardado da festa, que \u00e9 quando as fam\u00edlias dos agracultores desfilem pela Avenida Borges de Medeiros com suas carro\u00e7as puxadas por bois, trazendo muitos elementos da vida no interior para serm exibidos com orgulho no centro da cidade. O desfile acontece \u00e0s 16 horas e pode ser assistido de forma gratuita. A Festa da Col\u00f4nia est\u00e1 acontecendo diariamente at\u00e9 o dia 6 de maio, das 9 \u00e0s 21 horas, no Centro de Eventos Expogramado e tem entrada franca. O trio de soberanas, formado pela rainha Aline Rodrigues Wiltgen e princesas Giovana Evelin Marcon e Mariana Caroline Marcon, estar\u00e1 esperando por voc\u00ea!<\/p>\n<figure id=\"attachment_162\" aria-describedby=\"caption-attachment-162\" style=\"width: 1300px\" class=\"wp-caption aligncenter\"><img loading=\"lazy\" class=\"size-full wp-image-162\" src=\"http:\/\/panrotas.blog.br\/direto-do-sul\/wp-content\/uploads\/sites\/14\/2018\/04\/28FestaColonia__Blog_Direto_do_Sul_04.jpg\" alt=\"\" width=\"1300\" height=\"980\" srcset=\"https:\/\/blog.panrotas.com.br\/direto-do-sul\/wp-content\/uploads\/sites\/14\/2018\/04\/28FestaColonia__Blog_Direto_do_Sul_04.jpg 1300w, https:\/\/blog.panrotas.com.br\/direto-do-sul\/wp-content\/uploads\/sites\/14\/2018\/04\/28FestaColonia__Blog_Direto_do_Sul_04-300x226.jpg 300w, https:\/\/blog.panrotas.com.br\/direto-do-sul\/wp-content\/uploads\/sites\/14\/2018\/04\/28FestaColonia__Blog_Direto_do_Sul_04-768x579.jpg 768w, https:\/\/blog.panrotas.com.br\/direto-do-sul\/wp-content\/uploads\/sites\/14\/2018\/04\/28FestaColonia__Blog_Direto_do_Sul_04-1024x772.jpg 1024w\" sizes=\"(max-width: 1300px) 100vw, 1300px\" \/><figcaption id=\"caption-attachment-162\" class=\"wp-caption-text\">Foto: Cleiton Thiele\/Divulga\u00e7\u00e3o<\/figcaption><\/figure>\n<p>Espero que eu tenha inspirado voc\u00eas a programarem um passeio pela Serra Ga\u00facha nos pr\u00f3ximos dias para curtir a Festa da Col\u00f4nia. Abra\u00e7o e at\u00e9 a semana que vem!<\/p>\n<figure id=\"attachment_163\" aria-describedby=\"caption-attachment-163\" style=\"width: 1300px\" class=\"wp-caption aligncenter\"><img loading=\"lazy\" class=\"size-full wp-image-163\" src=\"http:\/\/panrotas.blog.br\/direto-do-sul\/wp-content\/uploads\/sites\/14\/2018\/04\/28FestaColonia__Blog_Direto_do_Sul_12.jpg\" alt=\"\" width=\"1300\" height=\"980\" srcset=\"https:\/\/blog.panrotas.com.br\/direto-do-sul\/wp-content\/uploads\/sites\/14\/2018\/04\/28FestaColonia__Blog_Direto_do_Sul_12.jpg 1300w, https:\/\/blog.panrotas.com.br\/direto-do-sul\/wp-content\/uploads\/sites\/14\/2018\/04\/28FestaColonia__Blog_Direto_do_Sul_12-300x226.jpg 300w, https:\/\/blog.panrotas.com.br\/direto-do-sul\/wp-content\/uploads\/sites\/14\/2018\/04\/28FestaColonia__Blog_Direto_do_Sul_12-768x579.jpg 768w, https:\/\/blog.panrotas.com.br\/direto-do-sul\/wp-content\/uploads\/sites\/14\/2018\/04\/28FestaColonia__Blog_Direto_do_Sul_12-1024x772.jpg 1024w\" sizes=\"(max-width: 1300px) 100vw, 1300px\" \/><figcaption id=\"caption-attachment-163\" class=\"wp-caption-text\">Foto: Cleiton Thiele\/Divulga\u00e7\u00e3o<\/figcaption><\/figure>\n<ul>\n<li><em>Conte\u00fado produzido em parceria com a jornalista Adriana Silveira (@buenaviagem)<\/em><\/li>\n<\/ul>\n","protected":false},"excerpt":{"rendered":"<p>Oi gente! Nessa semana escolhi compartilhar com voc\u00eas um dos eventos mais bonitos que acontecem por aqui: a Festa da Col\u00f4nia. Uma tradi\u00e7\u00e3o h\u00e1 28 anos em Gramado, esse evento tem uma representatividade muito forte, pois revela as origens da cidade formada por descendentes de alem\u00e3es, italianos e portugueses. S\u00e3o eles \u2013 os colonos \u2013&hellip; <a class=\"more-link\" href=\"https:\/\/blog.panrotas.com.br\/direto-do-sul\/2018\/04\/26\/gramado-esta-ainda-mais-linda-com-a-festa-da-colonia\/\">Continue reading &rarr;<\/a><\/p>\n","protected":false},"author":17,"featured_media":0,"comment_status":"open","ping_status":"open","sticky":false,"template":"","format":"standard","meta":{"spay_email":""},"categories":[2],"tags":[],"yoast_head":"<!-- This site is optimized with the Yoast SEO plugin v17.3 - https:\/\/yoast.com\/wordpress\/plugins\/seo\/ -->\n<title>Gramado est\u00e1 ainda mais linda com a Festa da Col\u00f4nia - Direto do Sul<\/title>\n<meta name=\"robots\" content=\"index, follow, max-snippet:-1, max-image-preview:large, max-video-preview:-1\" \/>\n<link rel=\"canonical\" href=\"https:\/\/blog.panrotas.com.br\/direto-do-sul\/2018\/04\/26\/gramado-esta-ainda-mais-linda-com-a-festa-da-colonia\/\" \/>\n<meta property=\"og:locale\" content=\"pt_BR\" \/>\n<meta property=\"og:type\" content=\"article\" \/>\n<meta property=\"og:title\" content=\"Gramado est\u00e1 ainda mais linda com a Festa da Col\u00f4nia - Direto do Sul\" \/>\n<meta property=\"og:description\" content=\"Oi gente! Nessa semana escolhi compartilhar com voc\u00eas um dos eventos mais bonitos que acontecem por aqui: a Festa da Col\u00f4nia. Uma tradi\u00e7\u00e3o h\u00e1 28 anos em Gramado, esse evento tem uma representatividade muito forte, pois revela as origens da cidade formada por descendentes de alem\u00e3es, italianos e portugueses. S\u00e3o eles \u2013 os colonos \u2013&hellip; Continue reading &rarr;\" \/>\n<meta property=\"og:url\" content=\"https:\/\/blog.panrotas.com.br\/direto-do-sul\/2018\/04\/26\/gramado-esta-ainda-mais-linda-com-a-festa-da-colonia\/\" \/>\n<meta property=\"og:site_name\" content=\"Direto do Sul\" \/>\n<meta property=\"article:published_time\" content=\"2018-04-26T11:58:40+00:00\" \/>\n<meta property=\"og:image\" content=\"http:\/\/panrotas.blog.br\/direto-do-sul\/wp-content\/uploads\/sites\/14\/2018\/04\/28FestaColonia_Blog_Direto_do_Sul_01.jpg\" \/>\n<meta name=\"twitter:card\" content=\"summary_large_image\" \/>\n<meta name=\"twitter:label1\" content=\"Escrito por\" \/>\n\t<meta name=\"twitter:data1\" content=\"Any Brocker\" \/>\n\t<meta name=\"twitter:label2\" content=\"Est. tempo de leitura\" \/>\n\t<meta name=\"twitter:data2\" content=\"5 minutos\" \/>\n<script type=\"application\/ld+json\" class=\"yoast-schema-graph\">{\"@context\":\"https:\/\/schema.org\",\"@graph\":[{\"@type\":\"WebSite\",\"@id\":\"https:\/\/blog.panrotas.com.br\/direto-do-sul\/#website\",\"url\":\"https:\/\/blog.panrotas.com.br\/direto-do-sul\/\",\"name\":\"Direto do Sul\",\"description\":\"Blogosfera PANROTAS\",\"potentialAction\":[{\"@type\":\"SearchAction\",\"target\":{\"@type\":\"EntryPoint\",\"urlTemplate\":\"https:\/\/blog.panrotas.com.br\/direto-do-sul\/?s={search_term_string}\"},\"query-input\":\"required name=search_term_string\"}],\"inLanguage\":\"pt-BR\"},{\"@type\":\"ImageObject\",\"@id\":\"https:\/\/blog.panrotas.com.br\/direto-do-sul\/2018\/04\/26\/gramado-esta-ainda-mais-linda-com-a-festa-da-colonia\/#primaryimage\",\"inLanguage\":\"pt-BR\",\"url\":\"http:\/\/panrotas.blog.br\/direto-do-sul\/wp-content\/uploads\/sites\/14\/2018\/04\/28FestaColonia_Blog_Direto_do_Sul_01.jpg\",\"contentUrl\":\"http:\/\/panrotas.blog.br\/direto-do-sul\/wp-content\/uploads\/sites\/14\/2018\/04\/28FestaColonia_Blog_Direto_do_Sul_01.jpg\"},{\"@type\":\"WebPage\",\"@id\":\"https:\/\/blog.panrotas.com.br\/direto-do-sul\/2018\/04\/26\/gramado-esta-ainda-mais-linda-com-a-festa-da-colonia\/#webpage\",\"url\":\"https:\/\/blog.panrotas.com.br\/direto-do-sul\/2018\/04\/26\/gramado-esta-ainda-mais-linda-com-a-festa-da-colonia\/\",\"name\":\"Gramado est\\u00e1 ainda mais linda com a Festa da Col\\u00f4nia - Direto do Sul\",\"isPartOf\":{\"@id\":\"https:\/\/blog.panrotas.com.br\/direto-do-sul\/#website\"},\"primaryImageOfPage\":{\"@id\":\"https:\/\/blog.panrotas.com.br\/direto-do-sul\/2018\/04\/26\/gramado-esta-ainda-mais-linda-com-a-festa-da-colonia\/#primaryimage\"},\"datePublished\":\"2018-04-26T11:58:40+00:00\",\"dateModified\":\"2018-04-26T11:58:40+00:00\",\"author\":{\"@id\":\"https:\/\/blog.panrotas.com.br\/direto-do-sul\/#\/schema\/person\/a03f4d5e2d6cd37a874f986e07f47268\"},\"breadcrumb\":{\"@id\":\"https:\/\/blog.panrotas.com.br\/direto-do-sul\/2018\/04\/26\/gramado-esta-ainda-mais-linda-com-a-festa-da-colonia\/#breadcrumb\"},\"inLanguage\":\"pt-BR\",\"potentialAction\":[{\"@type\":\"ReadAction\",\"target\":[\"https:\/\/blog.panrotas.com.br\/direto-do-sul\/2018\/04\/26\/gramado-esta-ainda-mais-linda-com-a-festa-da-colonia\/\"]}]},{\"@type\":\"BreadcrumbList\",\"@id\":\"https:\/\/blog.panrotas.com.br\/direto-do-sul\/2018\/04\/26\/gramado-esta-ainda-mais-linda-com-a-festa-da-colonia\/#breadcrumb\",\"itemListElement\":[{\"@type\":\"ListItem\",\"position\":1,\"name\":\"In\\u00edcio\",\"item\":\"https:\/\/blog.panrotas.com.br\/direto-do-sul\/\"},{\"@type\":\"ListItem\",\"position\":2,\"name\":\"Gramado est\\u00e1 ainda mais linda com a Festa da Col\\u00f4nia\"}]},{\"@type\":\"Person\",\"@id\":\"https:\/\/blog.panrotas.com.br\/direto-do-sul\/#\/schema\/person\/a03f4d5e2d6cd37a874f986e07f47268\",\"name\":\"Any Brocker\",\"image\":{\"@type\":\"ImageObject\",\"@id\":\"https:\/\/blog.panrotas.com.br\/direto-do-sul\/#personlogo\",\"inLanguage\":\"pt-BR\",\"url\":\"https:\/\/secure.gravatar.com\/avatar\/5ef47ea7f1094e49c2aec16a7917fdd9?s=96&d=mm&r=g\",\"contentUrl\":\"https:\/\/secure.gravatar.com\/avatar\/5ef47ea7f1094e49c2aec16a7917fdd9?s=96&d=mm&r=g\",\"caption\":\"Any Brocker\"},\"sameAs\":[\"https:\/\/blog.panrotas.com.br\/direto-do-sul\"],\"url\":\"https:\/\/blog.panrotas.com.br\/direto-do-sul\/author\/adriane\/\"}]}<\/script>\n<!-- \/ Yoast SEO plugin. -->","yoast_head_json":{"title":"Gramado est\u00e1 ainda mais linda com a Festa da Col\u00f4nia - Direto do Sul","robots":{"index":"index","follow":"follow","max-snippet":"max-snippet:-1","max-image-preview":"max-image-preview:large","max-video-preview":"max-video-preview:-1"},"canonical":"https:\/\/blog.panrotas.com.br\/direto-do-sul\/2018\/04\/26\/gramado-esta-ainda-mais-linda-com-a-festa-da-colonia\/","og_locale":"pt_BR","og_type":"article","og_title":"Gramado est\u00e1 ainda mais linda com a Festa da Col\u00f4nia - Direto do Sul","og_description":"Oi gente! Nessa semana escolhi compartilhar com voc\u00eas um dos eventos mais bonitos que acontecem por aqui: a Festa da Col\u00f4nia. Uma tradi\u00e7\u00e3o h\u00e1 28 anos em Gramado, esse evento tem uma representatividade muito forte, pois revela as origens da cidade formada por descendentes de alem\u00e3es, italianos e portugueses. S\u00e3o eles \u2013 os colonos \u2013&hellip; Continue reading &rarr;","og_url":"https:\/\/blog.panrotas.com.br\/direto-do-sul\/2018\/04\/26\/gramado-esta-ainda-mais-linda-com-a-festa-da-colonia\/","og_site_name":"Direto do Sul","article_published_time":"2018-04-26T11:58:40+00:00","og_image":[{"url":"http:\/\/panrotas.blog.br\/direto-do-sul\/wp-content\/uploads\/sites\/14\/2018\/04\/28FestaColonia_Blog_Direto_do_Sul_01.jpg"}],"twitter_card":"summary_large_image","twitter_misc":{"Escrito por":"Any Brocker","Est. tempo de leitura":"5 minutos"},"schema":{"@context":"https:\/\/schema.org","@graph":[{"@type":"WebSite","@id":"https:\/\/blog.panrotas.com.br\/direto-do-sul\/#website","url":"https:\/\/blog.panrotas.com.br\/direto-do-sul\/","name":"Direto do Sul","description":"Blogosfera PANROTAS","potentialAction":[{"@type":"SearchAction","target":{"@type":"EntryPoint","urlTemplate":"https:\/\/blog.panrotas.com.br\/direto-do-sul\/?s={search_term_string}"},"query-input":"required name=search_term_string"}],"inLanguage":"pt-BR"},{"@type":"ImageObject","@id":"https:\/\/blog.panrotas.com.br\/direto-do-sul\/2018\/04\/26\/gramado-esta-ainda-mais-linda-com-a-festa-da-colonia\/#primaryimage","inLanguage":"pt-BR","url":"http:\/\/panrotas.blog.br\/direto-do-sul\/wp-content\/uploads\/sites\/14\/2018\/04\/28FestaColonia_Blog_Direto_do_Sul_01.jpg","contentUrl":"http:\/\/panrotas.blog.br\/direto-do-sul\/wp-content\/uploads\/sites\/14\/2018\/04\/28FestaColonia_Blog_Direto_do_Sul_01.jpg"},{"@type":"WebPage","@id":"https:\/\/blog.panrotas.com.br\/direto-do-sul\/2018\/04\/26\/gramado-esta-ainda-mais-linda-com-a-festa-da-colonia\/#webpage","url":"https:\/\/blog.panrotas.com.br\/direto-do-sul\/2018\/04\/26\/gramado-esta-ainda-mais-linda-com-a-festa-da-colonia\/","name":"Gramado est\u00e1 ainda mais linda com a Festa da Col\u00f4nia - Direto do Sul","isPartOf":{"@id":"https:\/\/blog.panrotas.com.br\/direto-do-sul\/#website"},"primaryImageOfPage":{"@id":"https:\/\/blog.panrotas.com.br\/direto-do-sul\/2018\/04\/26\/gramado-esta-ainda-mais-linda-com-a-festa-da-colonia\/#primaryimage"},"datePublished":"2018-04-26T11:58:40+00:00","dateModified":"2018-04-26T11:58:40+00:00","author":{"@id":"https:\/\/blog.panrotas.com.br\/direto-do-sul\/#\/schema\/person\/a03f4d5e2d6cd37a874f986e07f47268"},"breadcrumb":{"@id":"https:\/\/blog.panrotas.com.br\/direto-do-sul\/2018\/04\/26\/gramado-esta-ainda-mais-linda-com-a-festa-da-colonia\/#breadcrumb"},"inLanguage":"pt-BR","potentialAction":[{"@type":"ReadAction","target":["https:\/\/blog.panrotas.com.br\/direto-do-sul\/2018\/04\/26\/gramado-esta-ainda-mais-linda-com-a-festa-da-colonia\/"]}]},{"@type":"BreadcrumbList","@id":"https:\/\/blog.panrotas.com.br\/direto-do-sul\/2018\/04\/26\/gramado-esta-ainda-mais-linda-com-a-festa-da-colonia\/#breadcrumb","itemListElement":[{"@type":"ListItem","position":1,"name":"In\u00edcio","item":"https:\/\/blog.panrotas.com.br\/direto-do-sul\/"},{"@type":"ListItem","position":2,"name":"Gramado est\u00e1 ainda mais linda com a Festa da Col\u00f4nia"}]},{"@type":"Person","@id":"https:\/\/blog.panrotas.com.br\/direto-do-sul\/#\/schema\/person\/a03f4d5e2d6cd37a874f986e07f47268","name":"Any Brocker","image":{"@type":"ImageObject","@id":"https:\/\/blog.panrotas.com.br\/direto-do-sul\/#personlogo","inLanguage":"pt-BR","url":"https:\/\/secure.gravatar.com\/avatar\/5ef47ea7f1094e49c2aec16a7917fdd9?s=96&d=mm&r=g","contentUrl":"https:\/\/secure.gravatar.com\/avatar\/5ef47ea7f1094e49c2aec16a7917fdd9?s=96&d=mm&r=g","caption":"Any Brocker"},"sameAs":["https:\/\/blog.panrotas.com.br\/direto-do-sul"],"url":"https:\/\/blog.panrotas.com.br\/direto-do-sul\/author\/adriane\/"}]}},"jetpack_featured_media_url":"","_links":{"self":[{"href":"https:\/\/blog.panrotas.com.br\/direto-do-sul\/wp-json\/wp\/v2\/posts\/152"}],"collection":[{"href":"https:\/\/blog.panrotas.com.br\/direto-do-sul\/wp-json\/wp\/v2\/posts"}],"about":[{"href":"https:\/\/blog.panrotas.com.br\/direto-do-sul\/wp-json\/wp\/v2\/types\/post"}],"author":[{"embeddable":true,"href":"https:\/\/blog.panrotas.com.br\/direto-do-sul\/wp-json\/wp\/v2\/users\/17"}],"replies":[{"embeddable":true,"href":"https:\/\/blog.panrotas.com.br\/direto-do-sul\/wp-json\/wp\/v2\/comments?post=152"}],"version-history":[{"count":0,"href":"https:\/\/blog.panrotas.com.br\/direto-do-sul\/wp-json\/wp\/v2\/posts\/152\/revisions"}],"wp:attachment":[{"href":"https:\/\/blog.panrotas.com.br\/direto-do-sul\/wp-json\/wp\/v2\/media?parent=152"}],"wp:term":[{"taxonomy":"category","embeddable":true,"href":"https:\/\/blog.panrotas.com.br\/direto-do-sul\/wp-json\/wp\/v2\/categories?post=152"},{"taxonomy":"post_tag","embeddable":true,"href":"https:\/\/blog.panrotas.com.br\/direto-do-sul\/wp-json\/wp\/v2\/tags?post=152"}],"curies":[{"name":"wp","href":"https:\/\/api.w.org\/{rel}","templated":true}]}}