{"id":577,"date":"2019-01-07T17:14:26","date_gmt":"2019-01-07T19:14:26","guid":{"rendered":"http:\/\/blog.panrotas.com.br\/direto-do-sul\/?p=577"},"modified":"2019-01-07T17:14:26","modified_gmt":"2019-01-07T19:14:26","slug":"lugares-imperdiveis-para-curtir-o-verao-na-serra-gaucha","status":"publish","type":"post","link":"https:\/\/blog.panrotas.com.br\/direto-do-sul\/2019\/01\/07\/lugares-imperdiveis-para-curtir-o-verao-na-serra-gaucha\/","title":{"rendered":"Lugares imperd\u00edveis para curtir o ver\u00e3o na Serra Ga\u00facha!"},"content":{"rendered":"\n<p>Oi gente! Feliz Ano Novo! Desejo que em 2019 a gente possa estar ainda mais perto, e que voc\u00eas possam aproveitar cada uma das dicas que eu vou trazer aqui sobre as belezas do Sul do Brasil. Para come\u00e7ar, hoje vou apresentar algumas dicas imperd\u00edveis para curtir o ver\u00e3o em Canela (foto) e Gramado. Voc\u00eas v\u00e3o ver que incluir alguns dias de f\u00e9rias na Serra Ga\u00facha \u00e9 imprescind\u00edvel para come\u00e7ar o ano com toda a energia e alegria que merecemos!<\/p>\n\n\n\n<ul class=\"wp-block-gallery columns-1 is-cropped\"><li class=\"blocks-gallery-item\"><figure><img loading=\"lazy\" width=\"960\" height=\"724\" src=\"http:\/\/panrotas.blog.br\/direto-do-sul\/wp-content\/uploads\/sites\/14\/2019\/01\/Canela_foto_Ricardo_Varela.jpg\" alt=\"\" data-id=\"579\" data-link=\"http:\/\/blog.panrotas.com.br\/direto-do-sul\/?attachment_id=579\" class=\"wp-image-579\" srcset=\"https:\/\/blog.panrotas.com.br\/direto-do-sul\/wp-content\/uploads\/sites\/14\/2019\/01\/Canela_foto_Ricardo_Varela.jpg 960w, https:\/\/blog.panrotas.com.br\/direto-do-sul\/wp-content\/uploads\/sites\/14\/2019\/01\/Canela_foto_Ricardo_Varela-300x226.jpg 300w, https:\/\/blog.panrotas.com.br\/direto-do-sul\/wp-content\/uploads\/sites\/14\/2019\/01\/Canela_foto_Ricardo_Varela-768x579.jpg 768w\" sizes=\"(max-width: 960px) 100vw, 960px\" \/><\/figure><\/li><\/ul>\n\n\n\n<p>FOTO: Ricardo Varela\/Divulga\u00e7\u00e3o<\/p>\n\n\n\n<h2>canela<\/h2>\n\n\n\n<p>Vou come\u00e7ar falando da minha terra natal. Eu nasci em Canela e aqui constru\u00ed minha fam\u00edlia e meus neg\u00f3cios. Gosto de andar na rua e conhecer as pessoas pelo nome, adoro quando algu\u00e9m compartilha uma dica bacana sobre algo novo que abriu na cidade e, principalmente, amo aproveitar o que Canela tem de melhor: a natureza. Como gosto de correr, e recomendo os caminhos em dire\u00e7\u00e3o ao Parque do Caracol, pois combinam tranquilidade com as belezas naturais. Tamb\u00e9m costumo fazer caminhadas com a minha m\u00e3e \u2013 ali\u00e1s, j\u00e1 contei isso aqui em um dos posts \u2013 a dona Vera \u00e9 super parceira nisso tamb\u00e9m. E sempre que posso, saio por a\u00ed pedalando com meus filhos Vicente e Gon\u00e7alo (foto). Vamos passeando pela cidade e ao final do roteiro eles sempre escolhem um ponto de parada para o lanche. <\/p>\n\n\n\n<ul class=\"wp-block-gallery columns-1 is-cropped\"><li class=\"blocks-gallery-item\"><figure><img loading=\"lazy\" width=\"746\" height=\"924\" src=\"http:\/\/panrotas.blog.br\/direto-do-sul\/wp-content\/uploads\/sites\/14\/2019\/01\/Cascata_Caracol.jpg\" alt=\"\" data-id=\"581\" data-link=\"http:\/\/blog.panrotas.com.br\/direto-do-sul\/?attachment_id=581\" class=\"wp-image-581\" srcset=\"https:\/\/blog.panrotas.com.br\/direto-do-sul\/wp-content\/uploads\/sites\/14\/2019\/01\/Cascata_Caracol.jpg 746w, https:\/\/blog.panrotas.com.br\/direto-do-sul\/wp-content\/uploads\/sites\/14\/2019\/01\/Cascata_Caracol-242x300.jpg 242w\" sizes=\"(max-width: 746px) 100vw, 746px\" \/><\/figure><\/li><\/ul>\n\n\n\n<p>\n\nFOTO: Divulga\u00e7\u00e3o\n\n<\/p>\n\n\n\n<p>Porque estou contando tudo isso? Por que quero inspirar voc\u00ea, querido leitor (a), a fazer o mesmo. Canela transborda natureza, ent\u00e3o reserve um tempo para desfrut\u00e1-la, seja com uma corrida revigorante, uma caminhada relaxante ou com um agrad\u00e1vel passeio de bicicleta. Indico tr\u00eas rotas muito bacanas para fazer:<\/p>\n\n\n\n<p><strong>1 \u2013 Estrada em\ndire\u00e7\u00e3o ao Parque do Caracol<\/strong><\/p>\n\n\n\n<p>S\u00e3o aproximadamente sete quil\u00f4metros do centro at\u00e9 l\u00e1. A estrada \u00e9 asfaltada e toda a sua extens\u00e3o \u00e9 envolvida por um bosque (foto). Aproveite o passeio e fa\u00e7a uma parada no Castelinho Caracol (foto). Esta \u00e9 uma das primeiras resid\u00eancias do munic\u00edpio, foi constru\u00edda no in\u00edcio do s\u00e9culo XX, entre 1913 e 1915 e o mais curioso \u00e9 que a obra n\u00e3o leva pregos! Isso mesmo, a resid\u00eancia foi constru\u00edda em madeira de arauc\u00e1ria, pinheiro t\u00edpico da nossa regi\u00e3o, utilizando apenas um sistema de encaixes e parafusos.<\/p>\n\n\n\n<ul class=\"wp-block-gallery columns-1 is-cropped\"><li class=\"blocks-gallery-item\"><figure><img loading=\"lazy\" width=\"1024\" height=\"683\" src=\"http:\/\/panrotas.blog.br\/direto-do-sul\/wp-content\/uploads\/sites\/14\/2019\/01\/Caminho_Caracol-1024x683.jpg\" alt=\"\" data-id=\"582\" data-link=\"http:\/\/blog.panrotas.com.br\/direto-do-sul\/?attachment_id=582\" class=\"wp-image-582\" srcset=\"https:\/\/blog.panrotas.com.br\/direto-do-sul\/wp-content\/uploads\/sites\/14\/2019\/01\/Caminho_Caracol-1024x683.jpg 1024w, https:\/\/blog.panrotas.com.br\/direto-do-sul\/wp-content\/uploads\/sites\/14\/2019\/01\/Caminho_Caracol-300x200.jpg 300w, https:\/\/blog.panrotas.com.br\/direto-do-sul\/wp-content\/uploads\/sites\/14\/2019\/01\/Caminho_Caracol-768x513.jpg 768w, https:\/\/blog.panrotas.com.br\/direto-do-sul\/wp-content\/uploads\/sites\/14\/2019\/01\/Caminho_Caracol-1568x1046.jpg 1568w\" sizes=\"(max-width: 1024px) 100vw, 1024px\" \/><\/figure><\/li><\/ul>\n\n\n\n<p>FOTO: Divulga\u00e7\u00e3o<\/p>\n\n\n\n<ul class=\"wp-block-gallery columns-1 is-cropped\"><li class=\"blocks-gallery-item\"><figure><img loading=\"lazy\" width=\"960\" height=\"635\" src=\"http:\/\/panrotas.blog.br\/direto-do-sul\/wp-content\/uploads\/sites\/14\/2019\/01\/Castelinho_Caracol.jpg\" alt=\"\" data-id=\"583\" data-link=\"http:\/\/blog.panrotas.com.br\/direto-do-sul\/?attachment_id=583\" class=\"wp-image-583\" srcset=\"https:\/\/blog.panrotas.com.br\/direto-do-sul\/wp-content\/uploads\/sites\/14\/2019\/01\/Castelinho_Caracol.jpg 960w, https:\/\/blog.panrotas.com.br\/direto-do-sul\/wp-content\/uploads\/sites\/14\/2019\/01\/Castelinho_Caracol-300x198.jpg 300w, https:\/\/blog.panrotas.com.br\/direto-do-sul\/wp-content\/uploads\/sites\/14\/2019\/01\/Castelinho_Caracol-768x508.jpg 768w\" sizes=\"(max-width: 960px) 100vw, 960px\" \/><\/figure><\/li><\/ul>\n\n\n\n<p>FOTO: Divulga\u00e7\u00e3o<\/p>\n\n\n\n<p><strong>2 \u2013 Condom\u00ednio Laje\nde Pedra<\/strong><\/p>\n\n\n\n<p>Apesar de ser pavimentado com paralelep\u00edpedo, vale a pena pedalar por l\u00e1, pois \u00e9 calmo e tem um lago muito bonito (foto), onde \u00e9 poss\u00edvel fazer uma parada para descanso. O condom\u00ednio tem o mesmo nome do cl\u00e1ssico Hotel Laje de Pedra, um dos primeiros hot\u00e9is de alto padr\u00e3o da Serra. Vale conhecer a fachada e fazer fotos lindas do mirante com vista para o vale (foto).<\/p>\n\n\n\n<ul class=\"wp-block-gallery columns-1 is-cropped\"><li class=\"blocks-gallery-item\"><figure><img loading=\"lazy\" width=\"960\" height=\"960\" src=\"http:\/\/panrotas.blog.br\/direto-do-sul\/wp-content\/uploads\/sites\/14\/2019\/01\/Condom\u00ednio_Laje_de_Pedra_Foto_Pela_Serra_Gaucha.jpg\" alt=\"\" data-id=\"584\" data-link=\"http:\/\/blog.panrotas.com.br\/direto-do-sul\/?attachment_id=584\" class=\"wp-image-584\" srcset=\"https:\/\/blog.panrotas.com.br\/direto-do-sul\/wp-content\/uploads\/sites\/14\/2019\/01\/Condom\u00ednio_Laje_de_Pedra_Foto_Pela_Serra_Gaucha.jpg 960w, https:\/\/blog.panrotas.com.br\/direto-do-sul\/wp-content\/uploads\/sites\/14\/2019\/01\/Condom\u00ednio_Laje_de_Pedra_Foto_Pela_Serra_Gaucha-150x150.jpg 150w, https:\/\/blog.panrotas.com.br\/direto-do-sul\/wp-content\/uploads\/sites\/14\/2019\/01\/Condom\u00ednio_Laje_de_Pedra_Foto_Pela_Serra_Gaucha-300x300.jpg 300w, https:\/\/blog.panrotas.com.br\/direto-do-sul\/wp-content\/uploads\/sites\/14\/2019\/01\/Condom\u00ednio_Laje_de_Pedra_Foto_Pela_Serra_Gaucha-768x768.jpg 768w\" sizes=\"(max-width: 960px) 100vw, 960px\" \/><\/figure><\/li><\/ul>\n\n\n\n<p>FOTO: Pela Serra Ga\u00facha\/Divulga\u00e7\u00e3o<\/p>\n\n\n\n<ul class=\"wp-block-gallery columns-1 is-cropped\"><li class=\"blocks-gallery-item\"><figure><img loading=\"lazy\" width=\"960\" height=\"540\" src=\"http:\/\/panrotas.blog.br\/direto-do-sul\/wp-content\/uploads\/sites\/14\/2019\/01\/Hotel_Laje_de_Pedra-1.jpg\" alt=\"\" data-id=\"586\" data-link=\"http:\/\/blog.panrotas.com.br\/direto-do-sul\/?attachment_id=586\" class=\"wp-image-586\" srcset=\"https:\/\/blog.panrotas.com.br\/direto-do-sul\/wp-content\/uploads\/sites\/14\/2019\/01\/Hotel_Laje_de_Pedra-1.jpg 960w, https:\/\/blog.panrotas.com.br\/direto-do-sul\/wp-content\/uploads\/sites\/14\/2019\/01\/Hotel_Laje_de_Pedra-1-300x169.jpg 300w, https:\/\/blog.panrotas.com.br\/direto-do-sul\/wp-content\/uploads\/sites\/14\/2019\/01\/Hotel_Laje_de_Pedra-1-768x432.jpg 768w\" sizes=\"(max-width: 960px) 100vw, 960px\" \/><\/figure><\/li><\/ul>\n\n\n\n<p>FOTO: Divulga\u00e7\u00e3o<\/p>\n\n\n\n<p><strong>3 \u2013 Bairro Vila\nSuzana<\/strong><\/p>\n\n\n\n<p>Bem pr\u00f3ximo do centro, este bairro residencial \u00e9 tranquilo e arborizado, perfeito para um passeio sem pressa. Voc\u00ea vai passar por pousadas charmosas e hot\u00e9is muito bonitos, como o Vila Suzana Parque Hotel (foto) e o Grande Hotel Canela (foto), que s\u00e3o s\u00edmbolos de hospitalidade da nossa cidade.<\/p>\n\n\n\n<ul class=\"wp-block-gallery columns-1 is-cropped\"><li class=\"blocks-gallery-item\"><figure><img loading=\"lazy\" width=\"814\" height=\"367\" src=\"http:\/\/panrotas.blog.br\/direto-do-sul\/wp-content\/uploads\/sites\/14\/2019\/01\/Hotel_Vila_Suzana.jpg\" alt=\"\" data-id=\"597\" data-link=\"http:\/\/blog.panrotas.com.br\/direto-do-sul\/?attachment_id=597\" class=\"wp-image-597\" srcset=\"https:\/\/blog.panrotas.com.br\/direto-do-sul\/wp-content\/uploads\/sites\/14\/2019\/01\/Hotel_Vila_Suzana.jpg 814w, https:\/\/blog.panrotas.com.br\/direto-do-sul\/wp-content\/uploads\/sites\/14\/2019\/01\/Hotel_Vila_Suzana-300x135.jpg 300w, https:\/\/blog.panrotas.com.br\/direto-do-sul\/wp-content\/uploads\/sites\/14\/2019\/01\/Hotel_Vila_Suzana-768x346.jpg 768w\" sizes=\"(max-width: 814px) 100vw, 814px\" \/><\/figure><\/li><\/ul>\n\n\n\n<p>FOTO: Divulga\u00e7\u00e3o<\/p>\n\n\n\n<ul class=\"wp-block-gallery columns-1 is-cropped\"><li class=\"blocks-gallery-item\"><figure><img loading=\"lazy\" width=\"960\" height=\"640\" src=\"http:\/\/panrotas.blog.br\/direto-do-sul\/wp-content\/uploads\/sites\/14\/2019\/01\/Grande_Hotel_Canela.jpg\" alt=\"\" data-id=\"598\" data-link=\"http:\/\/blog.panrotas.com.br\/direto-do-sul\/?attachment_id=598\" class=\"wp-image-598\" srcset=\"https:\/\/blog.panrotas.com.br\/direto-do-sul\/wp-content\/uploads\/sites\/14\/2019\/01\/Grande_Hotel_Canela.jpg 960w, https:\/\/blog.panrotas.com.br\/direto-do-sul\/wp-content\/uploads\/sites\/14\/2019\/01\/Grande_Hotel_Canela-300x200.jpg 300w, https:\/\/blog.panrotas.com.br\/direto-do-sul\/wp-content\/uploads\/sites\/14\/2019\/01\/Grande_Hotel_Canela-768x512.jpg 768w\" sizes=\"(max-width: 960px) 100vw, 960px\" \/><\/figure><\/li><\/ul>\n\n\n\n<p>FOTO: Divulga\u00e7\u00e3o<\/p>\n\n\n\n<h2>gramado<\/h2>\n\n\n\n<p>A cidade mais iluminada do Brasil reserva muitas belezas e atra\u00e7\u00f5es e n\u00e3o \u00e9 s\u00f3 durante o Natal Luz. Claro, se voc\u00ea vier at\u00e9 o dia 13 janeiro, ainda poder\u00e1 conferir a decora\u00e7\u00e3o maravilhosa (foto) e algumas atra\u00e7\u00f5es (foto) desse grandioso evento. Acompanhe aqui a programa\u00e7\u00e3o:<\/p>\n\n\n\n<ul class=\"wp-block-gallery columns-1 is-cropped\"><li class=\"blocks-gallery-item\"><figure><img loading=\"lazy\" width=\"768\" height=\"960\" src=\"http:\/\/panrotas.blog.br\/direto-do-sul\/wp-content\/uploads\/sites\/14\/2019\/01\/Natal_Luz_de_Gramado.jpg\" alt=\"\" data-id=\"587\" data-link=\"http:\/\/blog.panrotas.com.br\/direto-do-sul\/?attachment_id=587\" class=\"wp-image-587\" srcset=\"https:\/\/blog.panrotas.com.br\/direto-do-sul\/wp-content\/uploads\/sites\/14\/2019\/01\/Natal_Luz_de_Gramado.jpg 768w, https:\/\/blog.panrotas.com.br\/direto-do-sul\/wp-content\/uploads\/sites\/14\/2019\/01\/Natal_Luz_de_Gramado-240x300.jpg 240w\" sizes=\"(max-width: 768px) 100vw, 768px\" \/><\/figure><\/li><\/ul>\n\n\n\n<p>FOTO: Divulga\u00e7\u00e3o<\/p>\n\n\n\n<ul class=\"wp-block-gallery columns-1 is-cropped\"><li class=\"blocks-gallery-item\"><figure><img loading=\"lazy\" width=\"960\" height=\"640\" src=\"http:\/\/panrotas.blog.br\/direto-do-sul\/wp-content\/uploads\/sites\/14\/2019\/01\/Natal_Luz_de_Gramado-Lago.jpg\" alt=\"\" data-id=\"588\" data-link=\"http:\/\/blog.panrotas.com.br\/direto-do-sul\/?attachment_id=588\" class=\"wp-image-588\" srcset=\"https:\/\/blog.panrotas.com.br\/direto-do-sul\/wp-content\/uploads\/sites\/14\/2019\/01\/Natal_Luz_de_Gramado-Lago.jpg 960w, https:\/\/blog.panrotas.com.br\/direto-do-sul\/wp-content\/uploads\/sites\/14\/2019\/01\/Natal_Luz_de_Gramado-Lago-300x200.jpg 300w, https:\/\/blog.panrotas.com.br\/direto-do-sul\/wp-content\/uploads\/sites\/14\/2019\/01\/Natal_Luz_de_Gramado-Lago-768x512.jpg 768w\" sizes=\"(max-width: 960px) 100vw, 960px\" \/><\/figure><\/li><\/ul>\n\n\n\n<p>FOTO: Divulga\u00e7\u00e3o<\/p>\n\n\n\n<p><strong>PROGRAMA\u00c7\u00c3O NATAL LUZ<\/strong><\/p>\n\n\n\n<p><strong>08\/01 &#8211; Ter\u00e7a-feira<\/strong><\/p>\n\n\n\n<p>16h \u2013 Trupe de Natal \u2013 Vila de Natal<\/p>\n\n\n\n<p>19h30 \u2013 Christmas Carol \u2013 Rua Coberta<\/p>\n\n\n\n<p>20h30 \u2013 Show de Acendimento \u2013 Pal\u00e1cio dos Festivais<\/p>\n\n\n\n<p>21h30 \u2013 Natal pelo Mundo \u2013 Expogramado<\/p>\n\n\n\n<p><strong>09\/01 &#8211; Quarta-feira<\/strong><\/p>\n\n\n\n<p>16h \u2013 Trupe de Natal \u2013 Vila de Natal<\/p>\n\n\n\n<p>19h30 \u2013 Orquestra de Viol\u00f5es de Gramado \u2013 Rua Coberta<\/p>\n\n\n\n<p>20h30 \u2013 Show de Acendimento \u2013 Pal\u00e1cio dos Festivais<\/p>\n\n\n\n<p>21h30 \u2013 Reencontros de Natal \u2013 Expogramado<\/p>\n\n\n\n<p><strong>10\/01 &#8211; Quinta-feira<\/strong><\/p>\n\n\n\n<p>16h \u2013 Trupe de Natal \u2013 Vila de Natal<\/p>\n\n\n\n<p>16h \u2013 Parada de Natal- Av. Borges de Medeiros<\/p>\n\n\n\n<p>17h30 \u2013 Coral Municipal de Tramanda\u00ed \u2013 \u00c1rvore Cantante em\nfrente Igreja S\u00e3o Pedro<\/p>\n\n\n\n<p>19h30 \u2013 Rodrigo Soltton \u2013 Rua Coberta<\/p>\n\n\n\n<p>20h30 \u2013 Show de Acendimento \u2013 Pal\u00e1cio dos Festivais<\/p>\n\n\n\n<p>21h30 \u2013 Grande Desfile de Natal \u2013 Expogramado<\/p>\n\n\n\n<p><strong>11\/01 &#8211; Sexta-feira<\/strong><\/p>\n\n\n\n<p>16h \u2013 Trupe de Natal \u2013 Vila de Natal<\/p>\n\n\n\n<p>16h \u2013 Parada de Natal- Av. Borges de Medeiros<\/p>\n\n\n\n<p>17h30 \u2013 Coral Municipal de Tramanda\u00ed \u2013 \u00c1rvore Cantante em\nfrente Igreja S\u00e3o Pedro<\/p>\n\n\n\n<p>19h30 \u2013 Orquestra de Viol\u00f5es de Gramado \u2013 Rua Coberta<\/p>\n\n\n\n<p>20h30 \u2013 Show de Acendimento \u2013 Pal\u00e1cio dos Festivais<\/p>\n\n\n\n<p>21h30 \u2013 Natal pelo Mundo \u2013 Expogramado<\/p>\n\n\n\n<p><strong>12\/01 &#8211; S\u00e1bado<\/strong><\/p>\n\n\n\n<p>16h \u2013 Trupe de Natal \u2013 Vila de Natal<\/p>\n\n\n\n<p>16h \u2013 Parada de Natal- Av. Borges de Medeiros<\/p>\n\n\n\n<p>17h30 \u2013 Grupo Fratelli de Ibirub\u00e1- \u00c1rvore Cantante em frente\nIgreja S\u00e3o Pedro<\/p>\n\n\n\n<p>18h30 \u2013 Pocket Show das Noelas Vivarte<\/p>\n\n\n\n<p>19h30 \u2013 Show \u201cUma Celebra\u00e7\u00e3o de Natal\u201d Com o Tenor Evandro\nMartins \u2013 Rua Coberta<\/p>\n\n\n\n<p>20h30 \u2013 Show de Acendimento \u2013 Pal\u00e1cio dos Festivais<\/p>\n\n\n\n<p>21h30 \u2013 Reencontros de Natal \u2013 Lago Joaquina Rita Bier<\/p>\n\n\n\n<p><strong>13\/01 &#8211; Domingo<\/strong><\/p>\n\n\n\n<p>16h \u2013 Trupe de Natal \u2013 Vila de Natal<\/p>\n\n\n\n<p>16h \u2013 Parada de Natal \u2013 Av. Borges de Medeiros<\/p>\n\n\n\n<p>19h30 \u2013 Swing and Bells \u2013 Rua Coberta<\/p>\n\n\n\n<p>20h30 \u2013 Show de Acendimento \u2013 Pal\u00e1cio dos Festivais<\/p>\n\n\n\n<p>21h30 \u2013 Grande Desfile de Natal \u2013 Expogramado<\/p>\n\n\n\n<p><strong>INGRESSOS <\/strong><\/p>\n\n\n\n<p>Para sua comodidade, acesse o link abaixo e compre seu\ningresso:<\/p>\n\n\n\n<p><a href=\"https:\/\/brockerturismo.com.br\/servicos\/ingressos-natal-luz\">https:\/\/brockerturismo.com.br\/servicos\/ingressos-natal-luz<\/a><\/p>\n\n\n\n<p><strong>Para conhecer!<\/strong><\/p>\n\n\n\n<p>Se a sua viagem est\u00e1 programada para ap\u00f3s o t\u00e9rmino do Natal Luz n\u00e3o tem problema, vou indicar aqui tr\u00eas lugares especiais para voc\u00ea conhecer em Gramado:<\/p>\n\n\n\n<p><strong>1 \u2013 Hard Rock Caf\u00e9<\/strong><\/p>\n\n\n\n<p>Famosa no mundo inteiro, a marca desembarcou em Gramado em julho de 2018 com todo o glamour que voc\u00ea pode imaginar, especialmente para quem curte rock\u2019n\u2019roll (foto). A memorab\u00edlia do Hard Rock Caf\u00e9 Gramado exibe pe\u00e7as de \u00edcones da m\u00fasica como Madonna, Michael Jackson, Elton John, Katy Perry e de integrantes de bandas como Rolling Stones, Black Sabbath e Guns N&#8217; Roses. Al\u00e9m da culin\u00e1ria americana, dos hamb\u00fargueres e drinks que s\u00e3o exclusivos, voc\u00ea tem a oportunidade de sair de l\u00e1 com aquele souvenir cl\u00e1ssico \u2013 uma camiseta, bon\u00e9, copo ou outro acess\u00f3rio personalizado \u2013 eternizando a sua visita com muito estilo (foto).<\/p>\n\n\n\n<ul class=\"wp-block-gallery columns-1 is-cropped\"><li class=\"blocks-gallery-item\"><figure><img loading=\"lazy\" width=\"960\" height=\"640\" src=\"http:\/\/panrotas.blog.br\/direto-do-sul\/wp-content\/uploads\/sites\/14\/2019\/01\/Hard_Rock_Cafe_Gramado.jpg\" alt=\"\" data-id=\"589\" data-link=\"http:\/\/blog.panrotas.com.br\/direto-do-sul\/?attachment_id=589\" class=\"wp-image-589\" srcset=\"https:\/\/blog.panrotas.com.br\/direto-do-sul\/wp-content\/uploads\/sites\/14\/2019\/01\/Hard_Rock_Cafe_Gramado.jpg 960w, https:\/\/blog.panrotas.com.br\/direto-do-sul\/wp-content\/uploads\/sites\/14\/2019\/01\/Hard_Rock_Cafe_Gramado-300x200.jpg 300w, https:\/\/blog.panrotas.com.br\/direto-do-sul\/wp-content\/uploads\/sites\/14\/2019\/01\/Hard_Rock_Cafe_Gramado-768x512.jpg 768w\" sizes=\"(max-width: 960px) 100vw, 960px\" \/><\/figure><\/li><\/ul>\n\n\n\n<p>FOTO: Divulga\u00e7\u00e3o<\/p>\n\n\n\n<ul class=\"wp-block-gallery columns-1 is-cropped\"><li class=\"blocks-gallery-item\"><figure><img loading=\"lazy\" width=\"960\" height=\"640\" src=\"http:\/\/panrotas.blog.br\/direto-do-sul\/wp-content\/uploads\/sites\/14\/2019\/01\/Hard_Rock_Cafe_Gramado_loja.jpg\" alt=\"\" data-id=\"590\" data-link=\"http:\/\/blog.panrotas.com.br\/direto-do-sul\/?attachment_id=590\" class=\"wp-image-590\" srcset=\"https:\/\/blog.panrotas.com.br\/direto-do-sul\/wp-content\/uploads\/sites\/14\/2019\/01\/Hard_Rock_Cafe_Gramado_loja.jpg 960w, https:\/\/blog.panrotas.com.br\/direto-do-sul\/wp-content\/uploads\/sites\/14\/2019\/01\/Hard_Rock_Cafe_Gramado_loja-300x200.jpg 300w, https:\/\/blog.panrotas.com.br\/direto-do-sul\/wp-content\/uploads\/sites\/14\/2019\/01\/Hard_Rock_Cafe_Gramado_loja-768x512.jpg 768w\" sizes=\"(max-width: 960px) 100vw, 960px\" \/><\/figure><\/li><\/ul>\n\n\n\n<p>FOTO: Divulga\u00e7\u00e3o<\/p>\n\n\n\n<p><strong>2 \u2013 Parque Olivas de\nGramado<\/strong><\/p>\n\n\n\n<p>Que o interior de Gramado \u00e9 lindo muita gente j\u00e1 sabe. Agora voc\u00ea acaba de ganhar mais um motivo para vir para c\u00e1: tem que conhecer o Olivas de Gramado. O parque fica h\u00e1 14 quil\u00f4metros do centro, na localidade de Linha Nova \u2013 e aqui conto uma curiosidade: Linha Nova \u00e9 onde o munic\u00edpio de Gramado come\u00e7ou! O parque \u00e9 a realiza\u00e7\u00e3o de um sonho da fam\u00edlia Bertolucci, que apostou na riqueza nutricional das oliveiras para tematizar a atra\u00e7\u00e3o. Ao todo foram plantadas mais de 12 mil mudas de oliveiras com cinco variedades que emolduram todo o parque. A proposta \u00e9 envolver o visitante oferecendo turismo rural, cultura, gastronomia, entretenimento junto \u00e0 natureza e o item mais precioso: o azeite de oliva. Para quem tem crian\u00e7as \u2013 mas pensando bem&#8230; at\u00e9 para quem n\u00e3o tem! \u2013 a mini fazendinha (foto) com animais \u00e9 encantadora. Para os apaixonados por gastronomia, o parque oferece al\u00e9m dos olivais, um pomar com \u00e1rvores frut\u00edferas e um restaurante com card\u00e1pio inspirado no azeite de oliva (foto).<\/p>\n\n\n\n<ul class=\"wp-block-gallery columns-1 is-cropped\"><li class=\"blocks-gallery-item\"><figure><img loading=\"lazy\" width=\"960\" height=\"640\" src=\"http:\/\/panrotas.blog.br\/direto-do-sul\/wp-content\/uploads\/sites\/14\/2019\/01\/Olivas_de_Gramado_Foto_Edison_Vara.jpg\" alt=\"\" data-id=\"593\" data-link=\"http:\/\/blog.panrotas.com.br\/direto-do-sul\/?attachment_id=593\" class=\"wp-image-593\" srcset=\"https:\/\/blog.panrotas.com.br\/direto-do-sul\/wp-content\/uploads\/sites\/14\/2019\/01\/Olivas_de_Gramado_Foto_Edison_Vara.jpg 960w, https:\/\/blog.panrotas.com.br\/direto-do-sul\/wp-content\/uploads\/sites\/14\/2019\/01\/Olivas_de_Gramado_Foto_Edison_Vara-300x200.jpg 300w, https:\/\/blog.panrotas.com.br\/direto-do-sul\/wp-content\/uploads\/sites\/14\/2019\/01\/Olivas_de_Gramado_Foto_Edison_Vara-768x512.jpg 768w\" sizes=\"(max-width: 960px) 100vw, 960px\" \/><\/figure><\/li><\/ul>\n\n\n\n<p>FOTO: Edison Vara\/Divulga\u00e7\u00e3o<\/p>\n\n\n\n<ul class=\"wp-block-gallery columns-1 is-cropped\"><li class=\"blocks-gallery-item\"><figure><img loading=\"lazy\" width=\"960\" height=\"640\" src=\"http:\/\/panrotas.blog.br\/direto-do-sul\/wp-content\/uploads\/sites\/14\/2019\/01\/Olivas_de_Gramado-1.jpg\" alt=\"\" data-id=\"592\" data-link=\"http:\/\/blog.panrotas.com.br\/direto-do-sul\/?attachment_id=592\" class=\"wp-image-592\" srcset=\"https:\/\/blog.panrotas.com.br\/direto-do-sul\/wp-content\/uploads\/sites\/14\/2019\/01\/Olivas_de_Gramado-1.jpg 960w, https:\/\/blog.panrotas.com.br\/direto-do-sul\/wp-content\/uploads\/sites\/14\/2019\/01\/Olivas_de_Gramado-1-300x200.jpg 300w, https:\/\/blog.panrotas.com.br\/direto-do-sul\/wp-content\/uploads\/sites\/14\/2019\/01\/Olivas_de_Gramado-1-768x512.jpg 768w\" sizes=\"(max-width: 960px) 100vw, 960px\" \/><\/figure><\/li><\/ul>\n\n\n\n<p>FOTO: Divulga\u00e7\u00e3o<\/p>\n\n\n\n<p><strong>3 \u2013 Jantar alem\u00e3o<\/strong><\/p>\n\n\n\n<p>Um delicioso jantar t\u00edpico alem\u00e3o com chopp \u00e0 vontade em um ambiente lindo, confort\u00e1vel e inspirado nas cl\u00e1ssicas cervejarias de Munique, voc\u00ea n\u00e3o vai perder essa vai? Ent\u00e3o minha dica \u00e9 para que conhe\u00e7a o Rasen Platz, que fica em um dos principais pontos tur\u00edsticos de Gramado, a Rua Coberta. Prepare-se para uma noite de muita alegria e sabor. O chopp e a cerveja s\u00e3o da cervejaria gramadense Rasen Bier. J\u00e1 o card\u00e1pio foi elaborado por Eduardo Natal\u00edcio, do porto-alegrense Bar Natal\u00edcio, endere\u00e7o famoso da gastronomia ga\u00facha (foto). A anima\u00e7\u00e3o das bandinhas t\u00edpicas alem\u00e3s (foto) v\u00e3o garantir a alegria e a descontra\u00e7\u00e3o dessa noite. Prost! (sa\u00fade)!!!!<\/p>\n\n\n\n<ul class=\"wp-block-gallery columns-1 is-cropped\"><li class=\"blocks-gallery-item\"><figure><img loading=\"lazy\" width=\"640\" height=\"743\" src=\"http:\/\/panrotas.blog.br\/direto-do-sul\/wp-content\/uploads\/sites\/14\/2019\/01\/Rasen_Platz.jpg\" alt=\"\" data-id=\"595\" data-link=\"http:\/\/blog.panrotas.com.br\/direto-do-sul\/?attachment_id=595\" class=\"wp-image-595\" srcset=\"https:\/\/blog.panrotas.com.br\/direto-do-sul\/wp-content\/uploads\/sites\/14\/2019\/01\/Rasen_Platz.jpg 640w, https:\/\/blog.panrotas.com.br\/direto-do-sul\/wp-content\/uploads\/sites\/14\/2019\/01\/Rasen_Platz-258x300.jpg 258w\" sizes=\"(max-width: 640px) 100vw, 640px\" \/><\/figure><\/li><\/ul>\n\n\n\n<p>FOTO: Divulga\u00e7\u00e3o<\/p>\n\n\n\n<ul class=\"wp-block-gallery columns-1 is-cropped\"><li class=\"blocks-gallery-item\"><figure><img loading=\"lazy\" width=\"729\" height=\"384\" src=\"http:\/\/panrotas.blog.br\/direto-do-sul\/wp-content\/uploads\/sites\/14\/2019\/01\/Rasen_Platz_musicos.jpg\" alt=\"\" data-id=\"596\" data-link=\"http:\/\/blog.panrotas.com.br\/direto-do-sul\/?attachment_id=596\" class=\"wp-image-596\" srcset=\"https:\/\/blog.panrotas.com.br\/direto-do-sul\/wp-content\/uploads\/sites\/14\/2019\/01\/Rasen_Platz_musicos.jpg 729w, https:\/\/blog.panrotas.com.br\/direto-do-sul\/wp-content\/uploads\/sites\/14\/2019\/01\/Rasen_Platz_musicos-300x158.jpg 300w\" sizes=\"(max-width: 729px) 100vw, 729px\" \/><\/figure><\/li><\/ul>\n\n\n\n<p>FOTO: Divulga\u00e7\u00e3o<\/p>\n\n\n\n<p>Espero que voc\u00eas tenham gostado das dicas que eu selecionei. Fica meu convite para que venham conferir de perto tudo!!!! Na semana que vem tem mais!! At\u00e9 l\u00e1!!<\/p>\n\n\n\n<ul><li><em>Conte\u00fado produzido em parceria com a jornalista Adriana Silveira (@buenaviagem)<\/em><\/li><\/ul>\n","protected":false},"excerpt":{"rendered":"<p>Oi gente! Feliz Ano Novo! Desejo que em 2019 a gente possa estar ainda mais perto, e que voc\u00eas possam aproveitar cada uma das dicas que eu vou trazer aqui sobre as belezas do Sul do Brasil. Para come\u00e7ar, hoje vou apresentar algumas dicas imperd\u00edveis para curtir o ver\u00e3o em Canela (foto) e Gramado. Voc\u00eas&hellip; <a class=\"more-link\" href=\"https:\/\/blog.panrotas.com.br\/direto-do-sul\/2019\/01\/07\/lugares-imperdiveis-para-curtir-o-verao-na-serra-gaucha\/\">Continue reading &rarr;<\/a><\/p>\n","protected":false},"author":17,"featured_media":0,"comment_status":"open","ping_status":"open","sticky":false,"template":"","format":"standard","meta":{"spay_email":""},"categories":[2],"tags":[49,70,78,85],"yoast_head":"<!-- This site is optimized with the Yoast SEO plugin v17.3 - https:\/\/yoast.com\/wordpress\/plugins\/seo\/ -->\n<title>Lugares imperd\u00edveis para curtir o ver\u00e3o na Serra Ga\u00facha! - Direto do Sul<\/title>\n<meta name=\"robots\" content=\"index, follow, max-snippet:-1, max-image-preview:large, max-video-preview:-1\" \/>\n<link rel=\"canonical\" href=\"https:\/\/blog.panrotas.com.br\/direto-do-sul\/2019\/01\/07\/lugares-imperdiveis-para-curtir-o-verao-na-serra-gaucha\/\" \/>\n<meta property=\"og:locale\" content=\"pt_BR\" \/>\n<meta property=\"og:type\" content=\"article\" \/>\n<meta property=\"og:title\" content=\"Lugares imperd\u00edveis para curtir o ver\u00e3o na Serra Ga\u00facha! - Direto do Sul\" \/>\n<meta property=\"og:description\" content=\"Oi gente! Feliz Ano Novo! Desejo que em 2019 a gente possa estar ainda mais perto, e que voc\u00eas possam aproveitar cada uma das dicas que eu vou trazer aqui sobre as belezas do Sul do Brasil. Para come\u00e7ar, hoje vou apresentar algumas dicas imperd\u00edveis para curtir o ver\u00e3o em Canela (foto) e Gramado. Voc\u00eas&hellip; Continue reading &rarr;\" \/>\n<meta property=\"og:url\" content=\"https:\/\/blog.panrotas.com.br\/direto-do-sul\/2019\/01\/07\/lugares-imperdiveis-para-curtir-o-verao-na-serra-gaucha\/\" \/>\n<meta property=\"og:site_name\" content=\"Direto do Sul\" \/>\n<meta property=\"article:published_time\" content=\"2019-01-07T19:14:26+00:00\" \/>\n<meta property=\"og:image\" content=\"http:\/\/panrotas.blog.br\/direto-do-sul\/wp-content\/uploads\/sites\/14\/2019\/01\/Canela_foto_Ricardo_Varela.jpg\" \/>\n<meta name=\"twitter:card\" content=\"summary_large_image\" \/>\n<meta name=\"twitter:label1\" content=\"Escrito por\" \/>\n\t<meta name=\"twitter:data1\" content=\"Any Brocker\" \/>\n\t<meta name=\"twitter:label2\" content=\"Est. tempo de leitura\" \/>\n\t<meta name=\"twitter:data2\" content=\"7 minutos\" \/>\n<script type=\"application\/ld+json\" class=\"yoast-schema-graph\">{\"@context\":\"https:\/\/schema.org\",\"@graph\":[{\"@type\":\"WebSite\",\"@id\":\"https:\/\/blog.panrotas.com.br\/direto-do-sul\/#website\",\"url\":\"https:\/\/blog.panrotas.com.br\/direto-do-sul\/\",\"name\":\"Direto do Sul\",\"description\":\"Blogosfera PANROTAS\",\"potentialAction\":[{\"@type\":\"SearchAction\",\"target\":{\"@type\":\"EntryPoint\",\"urlTemplate\":\"https:\/\/blog.panrotas.com.br\/direto-do-sul\/?s={search_term_string}\"},\"query-input\":\"required name=search_term_string\"}],\"inLanguage\":\"pt-BR\"},{\"@type\":\"ImageObject\",\"@id\":\"https:\/\/blog.panrotas.com.br\/direto-do-sul\/2019\/01\/07\/lugares-imperdiveis-para-curtir-o-verao-na-serra-gaucha\/#primaryimage\",\"inLanguage\":\"pt-BR\",\"url\":\"http:\/\/panrotas.blog.br\/direto-do-sul\/wp-content\/uploads\/sites\/14\/2019\/01\/Canela_foto_Ricardo_Varela.jpg\",\"contentUrl\":\"http:\/\/panrotas.blog.br\/direto-do-sul\/wp-content\/uploads\/sites\/14\/2019\/01\/Canela_foto_Ricardo_Varela.jpg\"},{\"@type\":\"WebPage\",\"@id\":\"https:\/\/blog.panrotas.com.br\/direto-do-sul\/2019\/01\/07\/lugares-imperdiveis-para-curtir-o-verao-na-serra-gaucha\/#webpage\",\"url\":\"https:\/\/blog.panrotas.com.br\/direto-do-sul\/2019\/01\/07\/lugares-imperdiveis-para-curtir-o-verao-na-serra-gaucha\/\",\"name\":\"Lugares imperd\\u00edveis para curtir o ver\\u00e3o na Serra Ga\\u00facha! - Direto do Sul\",\"isPartOf\":{\"@id\":\"https:\/\/blog.panrotas.com.br\/direto-do-sul\/#website\"},\"primaryImageOfPage\":{\"@id\":\"https:\/\/blog.panrotas.com.br\/direto-do-sul\/2019\/01\/07\/lugares-imperdiveis-para-curtir-o-verao-na-serra-gaucha\/#primaryimage\"},\"datePublished\":\"2019-01-07T19:14:26+00:00\",\"dateModified\":\"2019-01-07T19:14:26+00:00\",\"author\":{\"@id\":\"https:\/\/blog.panrotas.com.br\/direto-do-sul\/#\/schema\/person\/a03f4d5e2d6cd37a874f986e07f47268\"},\"breadcrumb\":{\"@id\":\"https:\/\/blog.panrotas.com.br\/direto-do-sul\/2019\/01\/07\/lugares-imperdiveis-para-curtir-o-verao-na-serra-gaucha\/#breadcrumb\"},\"inLanguage\":\"pt-BR\",\"potentialAction\":[{\"@type\":\"ReadAction\",\"target\":[\"https:\/\/blog.panrotas.com.br\/direto-do-sul\/2019\/01\/07\/lugares-imperdiveis-para-curtir-o-verao-na-serra-gaucha\/\"]}]},{\"@type\":\"BreadcrumbList\",\"@id\":\"https:\/\/blog.panrotas.com.br\/direto-do-sul\/2019\/01\/07\/lugares-imperdiveis-para-curtir-o-verao-na-serra-gaucha\/#breadcrumb\",\"itemListElement\":[{\"@type\":\"ListItem\",\"position\":1,\"name\":\"In\\u00edcio\",\"item\":\"https:\/\/blog.panrotas.com.br\/direto-do-sul\/\"},{\"@type\":\"ListItem\",\"position\":2,\"name\":\"Lugares imperd\\u00edveis para curtir o ver\\u00e3o na Serra Ga\\u00facha!\"}]},{\"@type\":\"Person\",\"@id\":\"https:\/\/blog.panrotas.com.br\/direto-do-sul\/#\/schema\/person\/a03f4d5e2d6cd37a874f986e07f47268\",\"name\":\"Any Brocker\",\"image\":{\"@type\":\"ImageObject\",\"@id\":\"https:\/\/blog.panrotas.com.br\/direto-do-sul\/#personlogo\",\"inLanguage\":\"pt-BR\",\"url\":\"https:\/\/secure.gravatar.com\/avatar\/5ef47ea7f1094e49c2aec16a7917fdd9?s=96&d=mm&r=g\",\"contentUrl\":\"https:\/\/secure.gravatar.com\/avatar\/5ef47ea7f1094e49c2aec16a7917fdd9?s=96&d=mm&r=g\",\"caption\":\"Any Brocker\"},\"sameAs\":[\"https:\/\/blog.panrotas.com.br\/direto-do-sul\"],\"url\":\"https:\/\/blog.panrotas.com.br\/direto-do-sul\/author\/adriane\/\"}]}<\/script>\n<!-- \/ Yoast SEO plugin. -->","yoast_head_json":{"title":"Lugares imperd\u00edveis para curtir o ver\u00e3o na Serra Ga\u00facha! - Direto do Sul","robots":{"index":"index","follow":"follow","max-snippet":"max-snippet:-1","max-image-preview":"max-image-preview:large","max-video-preview":"max-video-preview:-1"},"canonical":"https:\/\/blog.panrotas.com.br\/direto-do-sul\/2019\/01\/07\/lugares-imperdiveis-para-curtir-o-verao-na-serra-gaucha\/","og_locale":"pt_BR","og_type":"article","og_title":"Lugares imperd\u00edveis para curtir o ver\u00e3o na Serra Ga\u00facha! - Direto do Sul","og_description":"Oi gente! Feliz Ano Novo! Desejo que em 2019 a gente possa estar ainda mais perto, e que voc\u00eas possam aproveitar cada uma das dicas que eu vou trazer aqui sobre as belezas do Sul do Brasil. Para come\u00e7ar, hoje vou apresentar algumas dicas imperd\u00edveis para curtir o ver\u00e3o em Canela (foto) e Gramado. Voc\u00eas&hellip; Continue reading &rarr;","og_url":"https:\/\/blog.panrotas.com.br\/direto-do-sul\/2019\/01\/07\/lugares-imperdiveis-para-curtir-o-verao-na-serra-gaucha\/","og_site_name":"Direto do Sul","article_published_time":"2019-01-07T19:14:26+00:00","og_image":[{"url":"http:\/\/panrotas.blog.br\/direto-do-sul\/wp-content\/uploads\/sites\/14\/2019\/01\/Canela_foto_Ricardo_Varela.jpg"}],"twitter_card":"summary_large_image","twitter_misc":{"Escrito por":"Any Brocker","Est. tempo de leitura":"7 minutos"},"schema":{"@context":"https:\/\/schema.org","@graph":[{"@type":"WebSite","@id":"https:\/\/blog.panrotas.com.br\/direto-do-sul\/#website","url":"https:\/\/blog.panrotas.com.br\/direto-do-sul\/","name":"Direto do Sul","description":"Blogosfera PANROTAS","potentialAction":[{"@type":"SearchAction","target":{"@type":"EntryPoint","urlTemplate":"https:\/\/blog.panrotas.com.br\/direto-do-sul\/?s={search_term_string}"},"query-input":"required name=search_term_string"}],"inLanguage":"pt-BR"},{"@type":"ImageObject","@id":"https:\/\/blog.panrotas.com.br\/direto-do-sul\/2019\/01\/07\/lugares-imperdiveis-para-curtir-o-verao-na-serra-gaucha\/#primaryimage","inLanguage":"pt-BR","url":"http:\/\/panrotas.blog.br\/direto-do-sul\/wp-content\/uploads\/sites\/14\/2019\/01\/Canela_foto_Ricardo_Varela.jpg","contentUrl":"http:\/\/panrotas.blog.br\/direto-do-sul\/wp-content\/uploads\/sites\/14\/2019\/01\/Canela_foto_Ricardo_Varela.jpg"},{"@type":"WebPage","@id":"https:\/\/blog.panrotas.com.br\/direto-do-sul\/2019\/01\/07\/lugares-imperdiveis-para-curtir-o-verao-na-serra-gaucha\/#webpage","url":"https:\/\/blog.panrotas.com.br\/direto-do-sul\/2019\/01\/07\/lugares-imperdiveis-para-curtir-o-verao-na-serra-gaucha\/","name":"Lugares imperd\u00edveis para curtir o ver\u00e3o na Serra Ga\u00facha! - Direto do Sul","isPartOf":{"@id":"https:\/\/blog.panrotas.com.br\/direto-do-sul\/#website"},"primaryImageOfPage":{"@id":"https:\/\/blog.panrotas.com.br\/direto-do-sul\/2019\/01\/07\/lugares-imperdiveis-para-curtir-o-verao-na-serra-gaucha\/#primaryimage"},"datePublished":"2019-01-07T19:14:26+00:00","dateModified":"2019-01-07T19:14:26+00:00","author":{"@id":"https:\/\/blog.panrotas.com.br\/direto-do-sul\/#\/schema\/person\/a03f4d5e2d6cd37a874f986e07f47268"},"breadcrumb":{"@id":"https:\/\/blog.panrotas.com.br\/direto-do-sul\/2019\/01\/07\/lugares-imperdiveis-para-curtir-o-verao-na-serra-gaucha\/#breadcrumb"},"inLanguage":"pt-BR","potentialAction":[{"@type":"ReadAction","target":["https:\/\/blog.panrotas.com.br\/direto-do-sul\/2019\/01\/07\/lugares-imperdiveis-para-curtir-o-verao-na-serra-gaucha\/"]}]},{"@type":"BreadcrumbList","@id":"https:\/\/blog.panrotas.com.br\/direto-do-sul\/2019\/01\/07\/lugares-imperdiveis-para-curtir-o-verao-na-serra-gaucha\/#breadcrumb","itemListElement":[{"@type":"ListItem","position":1,"name":"In\u00edcio","item":"https:\/\/blog.panrotas.com.br\/direto-do-sul\/"},{"@type":"ListItem","position":2,"name":"Lugares imperd\u00edveis para curtir o ver\u00e3o na Serra Ga\u00facha!"}]},{"@type":"Person","@id":"https:\/\/blog.panrotas.com.br\/direto-do-sul\/#\/schema\/person\/a03f4d5e2d6cd37a874f986e07f47268","name":"Any Brocker","image":{"@type":"ImageObject","@id":"https:\/\/blog.panrotas.com.br\/direto-do-sul\/#personlogo","inLanguage":"pt-BR","url":"https:\/\/secure.gravatar.com\/avatar\/5ef47ea7f1094e49c2aec16a7917fdd9?s=96&d=mm&r=g","contentUrl":"https:\/\/secure.gravatar.com\/avatar\/5ef47ea7f1094e49c2aec16a7917fdd9?s=96&d=mm&r=g","caption":"Any Brocker"},"sameAs":["https:\/\/blog.panrotas.com.br\/direto-do-sul"],"url":"https:\/\/blog.panrotas.com.br\/direto-do-sul\/author\/adriane\/"}]}},"jetpack_featured_media_url":"","_links":{"self":[{"href":"https:\/\/blog.panrotas.com.br\/direto-do-sul\/wp-json\/wp\/v2\/posts\/577"}],"collection":[{"href":"https:\/\/blog.panrotas.com.br\/direto-do-sul\/wp-json\/wp\/v2\/posts"}],"about":[{"href":"https:\/\/blog.panrotas.com.br\/direto-do-sul\/wp-json\/wp\/v2\/types\/post"}],"author":[{"embeddable":true,"href":"https:\/\/blog.panrotas.com.br\/direto-do-sul\/wp-json\/wp\/v2\/users\/17"}],"replies":[{"embeddable":true,"href":"https:\/\/blog.panrotas.com.br\/direto-do-sul\/wp-json\/wp\/v2\/comments?post=577"}],"version-history":[{"count":0,"href":"https:\/\/blog.panrotas.com.br\/direto-do-sul\/wp-json\/wp\/v2\/posts\/577\/revisions"}],"wp:attachment":[{"href":"https:\/\/blog.panrotas.com.br\/direto-do-sul\/wp-json\/wp\/v2\/media?parent=577"}],"wp:term":[{"taxonomy":"category","embeddable":true,"href":"https:\/\/blog.panrotas.com.br\/direto-do-sul\/wp-json\/wp\/v2\/categories?post=577"},{"taxonomy":"post_tag","embeddable":true,"href":"https:\/\/blog.panrotas.com.br\/direto-do-sul\/wp-json\/wp\/v2\/tags?post=577"}],"curies":[{"name":"wp","href":"https:\/\/api.w.org\/{rel}","templated":true}]}}