{"id":630,"date":"2019-03-01T11:46:05","date_gmt":"2019-03-01T14:46:05","guid":{"rendered":"http:\/\/blog.panrotas.com.br\/direto-do-sul\/?p=630"},"modified":"2019-03-01T11:46:05","modified_gmt":"2019-03-01T14:46:05","slug":"vai-passar-o-carnaval-na-serra-gaucha-te-liga-nessas-dicas","status":"publish","type":"post","link":"https:\/\/blog.panrotas.com.br\/direto-do-sul\/2019\/03\/01\/vai-passar-o-carnaval-na-serra-gaucha-te-liga-nessas-dicas\/","title":{"rendered":"Vai passar o Carnaval na Serra Ga\u00facha? ENT\u00c3O Te liga nessas dicas!"},"content":{"rendered":"\n<p>Oi gente! Tudo bem? O Carnaval chegou e muitas pessoas v\u00e3o aproveitar os pr\u00f3ximos dias nas cidades da Serra Ga\u00facha. Por isso selecionei algumas dicas que eu considero legais para quem vai curtir os pr\u00f3ximos dias de folia \u2013 ou de sossego! \u2013 por aqui.<\/p>\n\n\n\n<figure class=\"wp-block-image\"><img loading=\"lazy\" width=\"1024\" height=\"723\" src=\"http:\/\/panrotas.blog.br\/direto-do-sul\/wp-content\/uploads\/sites\/14\/2019\/03\/da8bf430518476b95f2f217881fb9905_confetti-carnival-background-royalty-free-cliparts-vectors-and-_1300-918-1024x723.jpeg\" alt=\"\" class=\"wp-image-631\" srcset=\"https:\/\/blog.panrotas.com.br\/direto-do-sul\/wp-content\/uploads\/sites\/14\/2019\/03\/da8bf430518476b95f2f217881fb9905_confetti-carnival-background-royalty-free-cliparts-vectors-and-_1300-918-1024x723.jpeg 1024w, https:\/\/blog.panrotas.com.br\/direto-do-sul\/wp-content\/uploads\/sites\/14\/2019\/03\/da8bf430518476b95f2f217881fb9905_confetti-carnival-background-royalty-free-cliparts-vectors-and-_1300-918-300x212.jpeg 300w, https:\/\/blog.panrotas.com.br\/direto-do-sul\/wp-content\/uploads\/sites\/14\/2019\/03\/da8bf430518476b95f2f217881fb9905_confetti-carnival-background-royalty-free-cliparts-vectors-and-_1300-918-768x542.jpeg 768w, https:\/\/blog.panrotas.com.br\/direto-do-sul\/wp-content\/uploads\/sites\/14\/2019\/03\/da8bf430518476b95f2f217881fb9905_confetti-carnival-background-royalty-free-cliparts-vectors-and-_1300-918.jpeg 1300w\" sizes=\"(max-width: 1024px) 100vw, 1024px\" \/><\/figure>\n\n\n\n<p>Foto: Divulga\u00e7\u00e3o<\/p>\n\n\n\n<p>Sim, Canela e Gramado oferecem atra\u00e7\u00f5es para quem adora Carnaval e tamb\u00e9m para quem prefere ficar de fora dessa programa\u00e7\u00e3o. Nas regi\u00f5es do Vale dos Vinhedos e Aparados da Serra tamb\u00e9m tem coisas legais para se fazer nos pr\u00f3ximos dias, como vou mostrar aqui. Isso \u00e9 \u00f3timo, porque muitas vezes a viagem em fam\u00edlia acaba n\u00e3o sendo legal para algu\u00e9m quando s\u00f3 h\u00e1 uma as op\u00e7\u00f5es.<\/p>\n\n\n\n<p class=\"has-medium-font-size\"><strong>DICAS PRA QUEM GOSTA DE CARNAVAL<\/strong><\/p>\n\n\n\n<p><strong>1 \u2013 Baile na\nSociedade Recreio Gramadense<\/strong><\/p>\n\n\n\n<p>Mantendo a tradi\u00e7\u00e3o, o charmoso clube centen\u00e1rio de Gramado re\u00fane a sociedade e turistas em uma bonita festa, com direito a apresenta\u00e7\u00e3o de blocos carnavalescos e anima\u00e7\u00e3o de banda at\u00e9 a madrugada. No s\u00e1bado, dia 2, \u00e0s 15 horas, haver\u00e1 o baile infantil com o tradicional Concurso de Fantasias. \u00c0s 23h30 inicia o baile adulto com apresenta\u00e7\u00e3o da Corte Recreio na Folia (foto) abrindo a pista, que ter\u00e1 a anima\u00e7\u00e3o da banda Fama Festa Show. Ingressos no local. Mais informa\u00e7\u00f5es (54) 3286-1004 e (54) 99192-8444.<\/p>\n\n\n\n<figure class=\"wp-block-image\"><img loading=\"lazy\" width=\"1024\" height=\"682\" src=\"http:\/\/panrotas.blog.br\/direto-do-sul\/wp-content\/uploads\/sites\/14\/2019\/03\/Carnaval_Recreio-1024x682.jpeg\" alt=\"\" class=\"wp-image-632\" srcset=\"https:\/\/blog.panrotas.com.br\/direto-do-sul\/wp-content\/uploads\/sites\/14\/2019\/03\/Carnaval_Recreio-1024x682.jpeg 1024w, https:\/\/blog.panrotas.com.br\/direto-do-sul\/wp-content\/uploads\/sites\/14\/2019\/03\/Carnaval_Recreio-300x200.jpeg 300w, https:\/\/blog.panrotas.com.br\/direto-do-sul\/wp-content\/uploads\/sites\/14\/2019\/03\/Carnaval_Recreio-768x512.jpeg 768w, https:\/\/blog.panrotas.com.br\/direto-do-sul\/wp-content\/uploads\/sites\/14\/2019\/03\/Carnaval_Recreio.jpeg 1280w\" sizes=\"(max-width: 1024px) 100vw, 1024px\" \/><\/figure>\n\n\n\n<p>Foto: Divulga\u00e7\u00e3o Sociedade Recreio Gramadense<\/p>\n\n\n\n<p><strong>2 \u2013 Gramado Fantasia<\/strong><\/p>\n\n\n\n<p>Essa \u00e9 a festa de Carnaval mais democr\u00e1tica da cidade, realizada no Centro de Eventos ExpoGramado. Inspirada no Carnaval da Bahia, ter\u00e1 um trio el\u00e9trico que vai animar as duas noites no Expo, na sexta-feira, dia 1\u00b0, e no domingo, dia 3 (foto). A abertura do evento ter\u00e1 como destaque a apresenta\u00e7\u00e3o da Escola de Samba Imp\u00e9rio do Sol, de S\u00e3o Leopoldo. Ser\u00e3o cerca de 150 componentes, entre passistas, bateria, mestre-sala e porta-bandeira, enchendo de cor e alegria o sal\u00e3o. Devidamente fantasiados e com o samba-enredo na ponta da l\u00edngua, os integrantes dos blocos carnavalescos locais tamb\u00e9m v\u00e3o se revezar nas apresenta\u00e7\u00f5es, envolvendo a comunidade e os turistas que v\u00e3o curtir, beber e sambar! Ingressos no local.<\/p>\n\n\n\n<figure class=\"wp-block-image\"><img loading=\"lazy\" width=\"433\" height=\"599\" src=\"http:\/\/panrotas.blog.br\/direto-do-sul\/wp-content\/uploads\/sites\/14\/2019\/03\/Gramado_Fantasia_01.png\" alt=\"\" class=\"wp-image-633\" srcset=\"https:\/\/blog.panrotas.com.br\/direto-do-sul\/wp-content\/uploads\/sites\/14\/2019\/03\/Gramado_Fantasia_01.png 433w, https:\/\/blog.panrotas.com.br\/direto-do-sul\/wp-content\/uploads\/sites\/14\/2019\/03\/Gramado_Fantasia_01-217x300.png 217w\" sizes=\"(max-width: 433px) 100vw, 433px\" \/><\/figure>\n\n\n\n<p>Foto: Divulga\u00e7\u00e3o Prefeitura de Gramado<\/p>\n\n\n\n<p><strong>3 \u2013 Carnaval de Rua no\nAlpen Park <\/strong><\/p>\n\n\n\n<p>Se voc\u00ea tem crian\u00e7as, minha dica \u00e9 optar pelo Carnaval de Rua do Alpen Park. Esse parque de divers\u00f5es fica em Canela e entre as atra\u00e7\u00f5es tem a maior montanha de a\u00e7o do Estado! (foto) Os pequenos de todas as idades encontram divers\u00e3o por l\u00e1 a qualquer dia. J\u00e1 a festa de Carnaval vai rolar neste s\u00e1bado, dia 2 e ter\u00e1 premia\u00e7\u00e3o para a melhor fantasia masculina e feminina. E olha que legal: toda crian\u00e7a que for fantasiada ganhar\u00e1 um passaporte para se divertir num outro dia no Alpen Park. Em caso de chuva, o evento ser\u00e1 automaticamente transferido para o pr\u00f3ximo dia de sol at\u00e9 a pr\u00f3xima ter\u00e7a-feira. No dia da festa \u2013 que vai acontecer das 15h30 \u00e0s 18h30 \u2013 ter\u00e1 rodada dupla de Mojito, Aperol, Apple Spritz e Caipirolska. A entrada no parque \u00e9 gratuita. Mais informa\u00e7\u00f5es (54) 3282-9752.<\/p>\n\n\n\n<figure class=\"wp-block-image\"><img loading=\"lazy\" width=\"640\" height=\"427\" src=\"http:\/\/panrotas.blog.br\/direto-do-sul\/wp-content\/uploads\/sites\/14\/2019\/03\/Alpen_Park_Credito-Daniela-Villar.jpg\" alt=\"\" class=\"wp-image-634\" srcset=\"https:\/\/blog.panrotas.com.br\/direto-do-sul\/wp-content\/uploads\/sites\/14\/2019\/03\/Alpen_Park_Credito-Daniela-Villar.jpg 640w, https:\/\/blog.panrotas.com.br\/direto-do-sul\/wp-content\/uploads\/sites\/14\/2019\/03\/Alpen_Park_Credito-Daniela-Villar-300x200.jpg 300w\" sizes=\"(max-width: 640px) 100vw, 640px\" \/><\/figure>\n\n\n\n<p>Foto: Divulga\u00e7\u00e3o Alpen Park<\/p>\n\n\n\n<p><strong>4 \u2013 Bus Bier Tour<\/strong><\/p>\n\n\n\n<p>Essa dica \u00e9 pra quem adora a protagonista desse Carnaval: a cerveja! Se voc\u00ea \u00e9 um apreciador dessa bebida n\u00e3o pode deixar de conhecer o Bus Bier Tour (foto). Nesse passeio voc\u00ea vai embarcar em um \u00f4nibus tur\u00edstico personalizado que faz uma rota pelas cervejarias de Gramado e Canela. A bordo do Bus Bier voc\u00ea tem a oportunidade de passear sem ter de se preocupar com o tr\u00e2nsito, estacionamento e ainda pode degustar todas as cervejas que s\u00e3o apresentadas durante o passeio, j\u00e1 que n\u00e3o precisa dirigir.<\/p>\n\n\n\n<p>J\u00e1 nos primeiros metros em dire\u00e7\u00e3o \u00e0 cervejaria, a alegria toma conta do ambiente que \u00e9 embalado pelo som das tradicionais bandinhas alem\u00e3s. Enquanto o guia explica detalhes e revela algumas curiosidades, os passageiros se divertem fazendo fotos com tiaras de flores e chap\u00e9us t\u00edpicos, tal qual aqueles da Oktoberfest. Cada pessoa tamb\u00e9m \u00e9 presenteada com um caneco de chope personalizado (foto) e j\u00e1 garante um lindo souvenir como lembran\u00e7a.<\/p>\n\n\n\n<figure class=\"wp-block-image\"><img loading=\"lazy\" width=\"716\" height=\"494\" src=\"http:\/\/panrotas.blog.br\/direto-do-sul\/wp-content\/uploads\/sites\/14\/2019\/03\/tour_bus_bier23.jpg\" alt=\"\" class=\"wp-image-653\" srcset=\"https:\/\/blog.panrotas.com.br\/direto-do-sul\/wp-content\/uploads\/sites\/14\/2019\/03\/tour_bus_bier23.jpg 716w, https:\/\/blog.panrotas.com.br\/direto-do-sul\/wp-content\/uploads\/sites\/14\/2019\/03\/tour_bus_bier23-300x207.jpg 300w\" sizes=\"(max-width: 716px) 100vw, 716px\" \/><\/figure>\n\n\n\n<p>Durante cerca de tr\u00eas horas e meia o Bus Bier leva voc\u00ea a uma imers\u00e3o ao universo da cerveja artesanal, apresentando tr\u00eas endere\u00e7os que s\u00e3o refer\u00eancia: a Cervejaria Farol, em Canela; e as cervejarias Rasen Bier e GramBier, em Gramado. Se voc\u00ea estiver disposto, tem a oportunidade de degustar at\u00e9 15 tipos de cervejas! (Permitido apenas para maiores de 18 anos).<\/p>\n\n\n\n<p>Os mais apaixonados pela bebida costumam provar e ainda\ncomprar as cervejas que mais lhe agradam. Ent\u00e3o \u00e9 comum os turistas\naproveitarem o clima criado dentro do \u00f4nibus \u2013 decora\u00e7\u00e3o, cadeiras e mesas\nrecriam o cen\u00e1rio de um bar \u2013 para seguirem bebendo entre uma parada e outra.\nDentro do \u00f4nibus n\u00e3o h\u00e1 distribui\u00e7\u00e3o nem venda de cervejas, mas o passageiro\npode beber o que comprou nas cervejarias. Ao final do passeio o cliente ainda \u00e9\nsurpreendido com um voucher para beber mais um chope artesanal na Rua Coberta\nde Gramado, no espa\u00e7o Rasen Platz. Cada cervejaria guarda suas receitas em\nsegredo e procura conquistar os visitantes pelo paladar. <\/p>\n\n\n\n<p>Ent\u00e3o ein prosit cervejeiros! Todos a bordo do Bus Bier Tour para curtir essa experi\u00eancia divertida e muito prazerosa! <\/p>\n\n\n\n<p>Para garantir seu passeio com conforto, compre aqui: <a href=\"https:\/\/brockerturismo.com.br\/servicos\/passeios\/bus-bier-tour-cervejarias-da-serra\/14\" target=\"_blank\" rel=\"noreferrer noopener\" aria-label=\" (opens in a new tab)\">https:\/\/brockerturismo.com.br\/servicos\/passeios\/bus-bier-tour-cervejarias-da-serra\/14<\/a><\/p>\n\n\n\n<figure class=\"wp-block-image\"><img loading=\"lazy\" width=\"1000\" height=\"667\" src=\"http:\/\/panrotas.blog.br\/direto-do-sul\/wp-content\/uploads\/sites\/14\/2019\/03\/Bus_Bier_tour.jpg\" alt=\"\" class=\"wp-image-635\" srcset=\"https:\/\/blog.panrotas.com.br\/direto-do-sul\/wp-content\/uploads\/sites\/14\/2019\/03\/Bus_Bier_tour.jpg 1000w, https:\/\/blog.panrotas.com.br\/direto-do-sul\/wp-content\/uploads\/sites\/14\/2019\/03\/Bus_Bier_tour-300x200.jpg 300w, https:\/\/blog.panrotas.com.br\/direto-do-sul\/wp-content\/uploads\/sites\/14\/2019\/03\/Bus_Bier_tour-768x512.jpg 768w\" sizes=\"(max-width: 1000px) 100vw, 1000px\" \/><\/figure>\n\n\n\n<p>Foto: Divulga\u00e7\u00e3o Brocker Turismo<\/p>\n\n\n\n<p class=\"has-medium-font-size\"><strong>DICAS PRA QUEM N\u00c3O\nGOSTA DE CARNAVAL<\/strong><\/p>\n\n\n\n<p>Ok, voc\u00ea prefere acompanhar o Carnaval pela TV e a sua\nbebida preferida n\u00e3o \u00e9 cerveja&#8230; pois saiba que aqui tem programa\u00e7\u00e3o para voc\u00ea\ntamb\u00e9m!!<\/p>\n\n\n\n<p><strong>1 \u2013 Baladinha do Mag<\/strong><\/p>\n\n\n\n<p>Vem chegando o Carnaval e voc\u00ea quer fugir das marchinhas? Ent\u00e3o minha dica \u00e9 para voc\u00ea curtir a Baladinha da Mag (foto), um dos lugares mais bacanas de Canela. O restaurante tem at\u00e9 um mini cinema e espa\u00e7o para eventos menores como esse que estou falando aqui. A festa rola na segunda-feira, dia 4, com o melhor dos anos 70, 80 e 90, discotecagem do DJ Cag\u00ea Lisboa e no bar cervejas geladinhas e drinks deliciosos! Ingressos antecipados garantem uma ta\u00e7a de espumante ou um chope cortesia. Classifica\u00e7\u00e3o et\u00e1ria: 16 anos. Entre 16 e 18 anos de idade \u00e9 obrigat\u00f3rio o acompanhamento dos pais ou respons\u00e1veis legais.<\/p>\n\n\n\n<p>Os ingressos podem ser comprados aqui:  <a href=\"https:\/\/fuja-do-ziriguidum.eventbrite.com.br\ufeff\" target=\"_blank\" rel=\"noreferrer noopener\" aria-label=\" (opens in a new tab)\">https:\/\/fuja-do-ziriguidum.eventbrite.com.br<\/a> <\/p>\n\n\n\n<figure class=\"wp-block-image\"><img loading=\"lazy\" width=\"588\" height=\"400\" src=\"http:\/\/panrotas.blog.br\/direto-do-sul\/wp-content\/uploads\/sites\/14\/2019\/03\/Magnolia.jpg\" alt=\"\" class=\"wp-image-636\" srcset=\"https:\/\/blog.panrotas.com.br\/direto-do-sul\/wp-content\/uploads\/sites\/14\/2019\/03\/Magnolia.jpg 588w, https:\/\/blog.panrotas.com.br\/direto-do-sul\/wp-content\/uploads\/sites\/14\/2019\/03\/Magnolia-300x204.jpg 300w\" sizes=\"(max-width: 588px) 100vw, 588px\" \/><\/figure>\n\n\n\n<p>Foto: Divulga\u00e7\u00e3o Magn\u00f3lia<\/p>\n\n\n\n<p><strong>2 \u2013 Vindima no Vale\ndos Vinhedos<\/strong><\/p>\n\n\n\n<p>Se voc\u00ea n\u00e3o \u00e9 da cerveja mas adora um vinho, eu tenho a melhor dica pra esse Carnaval! A Vindima, que acontece na regi\u00e3o conhecida como Vale dos Vinhedos. Vindima \u00e9 o nome dado a este momento do ano em que os parreirais est\u00e3o carregados de uvas esperando por m\u00e3os habilidosas capazes de fazerem a colheita da fruta com todo o carinho. E o mais legal disso tudo \u00e9 que voc\u00ea pode participar do mais tradicional ritual de origem italiana: a pisa nas uvas \u00e0 moda antiga, animada com m\u00fasica e degusta\u00e7\u00e3o de vinhos (foto), suco de uvas e uma sele\u00e7\u00e3o de produtos regionais.<\/p>\n\n\n\n<p>Para garantir seu passeio com conforto, compre aqui: <a href=\"https:\/\/brockerturismo.com.br\/servicos\/passeios\/tour-vindima-em-bento-gon%C3%A7alves\/43\" target=\"_blank\" rel=\"noreferrer noopener\" aria-label=\" (opens in a new tab)\">https:\/\/brockerturismo.com.br\/servicos\/passeios\/tour-vindima-em-bento-gon%C3%A7alves\/43<\/a><\/p>\n\n\n\n<figure class=\"wp-block-image\"><img loading=\"lazy\" width=\"746\" height=\"494\" src=\"http:\/\/panrotas.blog.br\/direto-do-sul\/wp-content\/uploads\/sites\/14\/2019\/03\/vindima-1.jpg\" alt=\"\" class=\"wp-image-671\" srcset=\"https:\/\/blog.panrotas.com.br\/direto-do-sul\/wp-content\/uploads\/sites\/14\/2019\/03\/vindima-1.jpg 746w, https:\/\/blog.panrotas.com.br\/direto-do-sul\/wp-content\/uploads\/sites\/14\/2019\/03\/vindima-1-300x199.jpg 300w\" sizes=\"(max-width: 746px) 100vw, 746px\" \/><\/figure>\n\n\n\n<p>Foto: Divulga\u00e7\u00e3o Brocker Turismo<\/p>\n\n\n\n<p><strong>3 \u2013 Tour C\u00e2nion\nItaimbezinho<\/strong><\/p>\n\n\n\n<p>Deixe a folia de lado e v\u00e1 conhecer um dos lugares mais lindos do Rio Grande do Sul. A cidade de Cambar\u00e1 do Sul guarda uma joia da natureza: o maior C\u00e2nion da Am\u00e9rica do Sul (foto). O Itaimbezinho possui mais de 700m de profundidade e uma extens\u00e3o de seis quil\u00f4metros. Este cen\u00e1rio maravilhoso foi utilizado para as grava\u00e7\u00f5es da miniss\u00e9rie \u201cA Casa das Sete Mulheres\u201d. Que tal embarcar nesta aventura?<\/p>\n\n\n\n<p>Para garantir seu passeio com conforto, compre aqui: <a href=\"https:\/\/brockerturismo.com.br\/servicos\/passeios\/tour-canion-itaimbezinho\/3\" target=\"_blank\" rel=\"noreferrer noopener\" aria-label=\" (opens in a new tab)\">https:\/\/brockerturismo.com.br\/servicos\/passeios\/tour-canion-itaimbezinho\/3<\/a><\/p>\n\n\n\n<figure class=\"wp-block-image\"><img loading=\"lazy\" width=\"736\" height=\"494\" src=\"http:\/\/panrotas.blog.br\/direto-do-sul\/wp-content\/uploads\/sites\/14\/2019\/03\/tour-canion-itaimbezinho8.jpg\" alt=\"\" class=\"wp-image-638\" srcset=\"https:\/\/blog.panrotas.com.br\/direto-do-sul\/wp-content\/uploads\/sites\/14\/2019\/03\/tour-canion-itaimbezinho8.jpg 736w, https:\/\/blog.panrotas.com.br\/direto-do-sul\/wp-content\/uploads\/sites\/14\/2019\/03\/tour-canion-itaimbezinho8-300x201.jpg 300w\" sizes=\"(max-width: 736px) 100vw, 736px\" \/><\/figure>\n\n\n\n<p>Foto: Divulga\u00e7\u00e3o Brocker Turismo<\/p>\n\n\n\n<p><strong>4 \u2013 Noite ga\u00facha com\nshow<\/strong><\/p>\n\n\n\n<p>Nada de chope e samba, o neg\u00f3cio \u00e9 churrasco a gaita! Pelo menos na Churrascaria Garfo &amp; Bombacha, em Canela, essa ser\u00e1 a programa\u00e7\u00e3o durante todo o Carnaval. Al\u00e9m de provar o mais aut\u00eantico chimarr\u00e3o, voc\u00ea poder\u00e1 degustar\u200b\u200b cacha\u00e7as artesanais e se esbaldar com o churrasco, que tem entre outras atra\u00e7\u00f5es o tradicional costel\u00e3o assado 12 horas.\u200b A noite ser\u00e1 embalada por um show de dan\u00e7as tradicionalistas (foto) com um dos melhores grupos do Estado.<\/p>\n\n\n\n<p>Para garantir seu passeio com conforto, compre aqui: <a href=\"https:\/\/brockerturismo.com.br\/servicos\/passeios\/tour-canion-itaimbezinho\/3\" target=\"_blank\" rel=\"noreferrer noopener\" aria-label=\"https:\/\/brockerturismo.com.br\/servicos\/passeios\/noite-gaucha\/6 (opens in a new tab)\">https:\/\/brockerturismo.com.br\/servicos\/passeios\/noite-gaucha\/6<\/a><\/p>\n\n\n\n<figure class=\"wp-block-image\"><img loading=\"lazy\" width=\"684\" height=\"442\" src=\"http:\/\/panrotas.blog.br\/direto-do-sul\/wp-content\/uploads\/sites\/14\/2019\/03\/tour-noite-gaucha12.jpg\" alt=\"\" class=\"wp-image-639\" srcset=\"https:\/\/blog.panrotas.com.br\/direto-do-sul\/wp-content\/uploads\/sites\/14\/2019\/03\/tour-noite-gaucha12.jpg 684w, https:\/\/blog.panrotas.com.br\/direto-do-sul\/wp-content\/uploads\/sites\/14\/2019\/03\/tour-noite-gaucha12-300x194.jpg 300w\" sizes=\"(max-width: 684px) 100vw, 684px\" \/><\/figure>\n\n\n\n<p>Foto: Divulga\u00e7\u00e3o Churrascaria Garfo &amp; Bombacha<\/p>\n\n\n\n<p>Ent\u00e3o \u00e9 isso gente! Desejo um \u00f3timo Carnaval a todos, at\u00e9 a pr\u00f3xima semana!<\/p>\n\n\n\n<ul><li><em>Conte\u00fado produzido em parceria com a jornalista Adriana Silveira (@buenaviagem)<\/em><\/li><\/ul>\n","protected":false},"excerpt":{"rendered":"<p>Oi gente! Tudo bem? O Carnaval chegou e muitas pessoas v\u00e3o aproveitar os pr\u00f3ximos dias nas cidades da Serra Ga\u00facha. Por isso selecionei algumas dicas que eu considero legais para quem vai curtir os pr\u00f3ximos dias de folia \u2013 ou de sossego! \u2013 por aqui. Foto: Divulga\u00e7\u00e3o Sim, Canela e Gramado oferecem atra\u00e7\u00f5es para quem&hellip; <a class=\"more-link\" href=\"https:\/\/blog.panrotas.com.br\/direto-do-sul\/2019\/03\/01\/vai-passar-o-carnaval-na-serra-gaucha-te-liga-nessas-dicas\/\">Continue reading &rarr;<\/a><\/p>\n","protected":false},"author":17,"featured_media":0,"comment_status":"open","ping_status":"open","sticky":false,"template":"","format":"standard","meta":{"spay_email":""},"categories":[2],"tags":[5,6,9,11,12,14,17,47,48,57,64,82,85,93,96,97],"yoast_head":"<!-- This site is optimized with the Yoast SEO plugin v17.3 - https:\/\/yoast.com\/wordpress\/plugins\/seo\/ -->\n<title>Vai passar o Carnaval na Serra Ga\u00facha? ENT\u00c3O Te liga nessas dicas! - Direto do Sul<\/title>\n<meta name=\"robots\" content=\"index, follow, max-snippet:-1, max-image-preview:large, max-video-preview:-1\" \/>\n<link rel=\"canonical\" href=\"https:\/\/blog.panrotas.com.br\/direto-do-sul\/2019\/03\/01\/vai-passar-o-carnaval-na-serra-gaucha-te-liga-nessas-dicas\/\" \/>\n<meta property=\"og:locale\" content=\"pt_BR\" \/>\n<meta property=\"og:type\" content=\"article\" \/>\n<meta property=\"og:title\" content=\"Vai passar o Carnaval na Serra Ga\u00facha? ENT\u00c3O Te liga nessas dicas! - Direto do Sul\" \/>\n<meta property=\"og:description\" content=\"Oi gente! Tudo bem? O Carnaval chegou e muitas pessoas v\u00e3o aproveitar os pr\u00f3ximos dias nas cidades da Serra Ga\u00facha. Por isso selecionei algumas dicas que eu considero legais para quem vai curtir os pr\u00f3ximos dias de folia \u2013 ou de sossego! \u2013 por aqui. Foto: Divulga\u00e7\u00e3o Sim, Canela e Gramado oferecem atra\u00e7\u00f5es para quem&hellip; Continue reading &rarr;\" \/>\n<meta property=\"og:url\" content=\"https:\/\/blog.panrotas.com.br\/direto-do-sul\/2019\/03\/01\/vai-passar-o-carnaval-na-serra-gaucha-te-liga-nessas-dicas\/\" \/>\n<meta property=\"og:site_name\" content=\"Direto do Sul\" \/>\n<meta property=\"article:published_time\" content=\"2019-03-01T14:46:05+00:00\" \/>\n<meta property=\"og:image\" content=\"http:\/\/panrotas.blog.br\/direto-do-sul\/wp-content\/uploads\/sites\/14\/2019\/03\/da8bf430518476b95f2f217881fb9905_confetti-carnival-background-royalty-free-cliparts-vectors-and-_1300-918-1024x723.jpeg\" \/>\n<meta name=\"twitter:card\" content=\"summary_large_image\" \/>\n<meta name=\"twitter:label1\" content=\"Escrito por\" \/>\n\t<meta name=\"twitter:data1\" content=\"Any Brocker\" \/>\n\t<meta name=\"twitter:label2\" content=\"Est. tempo de leitura\" \/>\n\t<meta name=\"twitter:data2\" content=\"7 minutos\" \/>\n<script type=\"application\/ld+json\" class=\"yoast-schema-graph\">{\"@context\":\"https:\/\/schema.org\",\"@graph\":[{\"@type\":\"WebSite\",\"@id\":\"https:\/\/blog.panrotas.com.br\/direto-do-sul\/#website\",\"url\":\"https:\/\/blog.panrotas.com.br\/direto-do-sul\/\",\"name\":\"Direto do Sul\",\"description\":\"Blogosfera PANROTAS\",\"potentialAction\":[{\"@type\":\"SearchAction\",\"target\":{\"@type\":\"EntryPoint\",\"urlTemplate\":\"https:\/\/blog.panrotas.com.br\/direto-do-sul\/?s={search_term_string}\"},\"query-input\":\"required name=search_term_string\"}],\"inLanguage\":\"pt-BR\"},{\"@type\":\"ImageObject\",\"@id\":\"https:\/\/blog.panrotas.com.br\/direto-do-sul\/2019\/03\/01\/vai-passar-o-carnaval-na-serra-gaucha-te-liga-nessas-dicas\/#primaryimage\",\"inLanguage\":\"pt-BR\",\"url\":\"http:\/\/panrotas.blog.br\/direto-do-sul\/wp-content\/uploads\/sites\/14\/2019\/03\/da8bf430518476b95f2f217881fb9905_confetti-carnival-background-royalty-free-cliparts-vectors-and-_1300-918-1024x723.jpeg\",\"contentUrl\":\"http:\/\/panrotas.blog.br\/direto-do-sul\/wp-content\/uploads\/sites\/14\/2019\/03\/da8bf430518476b95f2f217881fb9905_confetti-carnival-background-royalty-free-cliparts-vectors-and-_1300-918-1024x723.jpeg\"},{\"@type\":\"WebPage\",\"@id\":\"https:\/\/blog.panrotas.com.br\/direto-do-sul\/2019\/03\/01\/vai-passar-o-carnaval-na-serra-gaucha-te-liga-nessas-dicas\/#webpage\",\"url\":\"https:\/\/blog.panrotas.com.br\/direto-do-sul\/2019\/03\/01\/vai-passar-o-carnaval-na-serra-gaucha-te-liga-nessas-dicas\/\",\"name\":\"Vai passar o Carnaval na Serra Ga\\u00facha? ENT\\u00c3O Te liga nessas dicas! - Direto do Sul\",\"isPartOf\":{\"@id\":\"https:\/\/blog.panrotas.com.br\/direto-do-sul\/#website\"},\"primaryImageOfPage\":{\"@id\":\"https:\/\/blog.panrotas.com.br\/direto-do-sul\/2019\/03\/01\/vai-passar-o-carnaval-na-serra-gaucha-te-liga-nessas-dicas\/#primaryimage\"},\"datePublished\":\"2019-03-01T14:46:05+00:00\",\"dateModified\":\"2019-03-01T14:46:05+00:00\",\"author\":{\"@id\":\"https:\/\/blog.panrotas.com.br\/direto-do-sul\/#\/schema\/person\/a03f4d5e2d6cd37a874f986e07f47268\"},\"breadcrumb\":{\"@id\":\"https:\/\/blog.panrotas.com.br\/direto-do-sul\/2019\/03\/01\/vai-passar-o-carnaval-na-serra-gaucha-te-liga-nessas-dicas\/#breadcrumb\"},\"inLanguage\":\"pt-BR\",\"potentialAction\":[{\"@type\":\"ReadAction\",\"target\":[\"https:\/\/blog.panrotas.com.br\/direto-do-sul\/2019\/03\/01\/vai-passar-o-carnaval-na-serra-gaucha-te-liga-nessas-dicas\/\"]}]},{\"@type\":\"BreadcrumbList\",\"@id\":\"https:\/\/blog.panrotas.com.br\/direto-do-sul\/2019\/03\/01\/vai-passar-o-carnaval-na-serra-gaucha-te-liga-nessas-dicas\/#breadcrumb\",\"itemListElement\":[{\"@type\":\"ListItem\",\"position\":1,\"name\":\"In\\u00edcio\",\"item\":\"https:\/\/blog.panrotas.com.br\/direto-do-sul\/\"},{\"@type\":\"ListItem\",\"position\":2,\"name\":\"Vai passar o Carnaval na Serra Ga\\u00facha? ENT\\u00c3O Te liga nessas dicas!\"}]},{\"@type\":\"Person\",\"@id\":\"https:\/\/blog.panrotas.com.br\/direto-do-sul\/#\/schema\/person\/a03f4d5e2d6cd37a874f986e07f47268\",\"name\":\"Any Brocker\",\"image\":{\"@type\":\"ImageObject\",\"@id\":\"https:\/\/blog.panrotas.com.br\/direto-do-sul\/#personlogo\",\"inLanguage\":\"pt-BR\",\"url\":\"https:\/\/secure.gravatar.com\/avatar\/5ef47ea7f1094e49c2aec16a7917fdd9?s=96&d=mm&r=g\",\"contentUrl\":\"https:\/\/secure.gravatar.com\/avatar\/5ef47ea7f1094e49c2aec16a7917fdd9?s=96&d=mm&r=g\",\"caption\":\"Any Brocker\"},\"sameAs\":[\"https:\/\/blog.panrotas.com.br\/direto-do-sul\"],\"url\":\"https:\/\/blog.panrotas.com.br\/direto-do-sul\/author\/adriane\/\"}]}<\/script>\n<!-- \/ Yoast SEO plugin. -->","yoast_head_json":{"title":"Vai passar o Carnaval na Serra Ga\u00facha? ENT\u00c3O Te liga nessas dicas! - Direto do Sul","robots":{"index":"index","follow":"follow","max-snippet":"max-snippet:-1","max-image-preview":"max-image-preview:large","max-video-preview":"max-video-preview:-1"},"canonical":"https:\/\/blog.panrotas.com.br\/direto-do-sul\/2019\/03\/01\/vai-passar-o-carnaval-na-serra-gaucha-te-liga-nessas-dicas\/","og_locale":"pt_BR","og_type":"article","og_title":"Vai passar o Carnaval na Serra Ga\u00facha? ENT\u00c3O Te liga nessas dicas! - Direto do Sul","og_description":"Oi gente! Tudo bem? O Carnaval chegou e muitas pessoas v\u00e3o aproveitar os pr\u00f3ximos dias nas cidades da Serra Ga\u00facha. Por isso selecionei algumas dicas que eu considero legais para quem vai curtir os pr\u00f3ximos dias de folia \u2013 ou de sossego! \u2013 por aqui. Foto: Divulga\u00e7\u00e3o Sim, Canela e Gramado oferecem atra\u00e7\u00f5es para quem&hellip; Continue reading &rarr;","og_url":"https:\/\/blog.panrotas.com.br\/direto-do-sul\/2019\/03\/01\/vai-passar-o-carnaval-na-serra-gaucha-te-liga-nessas-dicas\/","og_site_name":"Direto do Sul","article_published_time":"2019-03-01T14:46:05+00:00","og_image":[{"url":"http:\/\/panrotas.blog.br\/direto-do-sul\/wp-content\/uploads\/sites\/14\/2019\/03\/da8bf430518476b95f2f217881fb9905_confetti-carnival-background-royalty-free-cliparts-vectors-and-_1300-918-1024x723.jpeg"}],"twitter_card":"summary_large_image","twitter_misc":{"Escrito por":"Any Brocker","Est. tempo de leitura":"7 minutos"},"schema":{"@context":"https:\/\/schema.org","@graph":[{"@type":"WebSite","@id":"https:\/\/blog.panrotas.com.br\/direto-do-sul\/#website","url":"https:\/\/blog.panrotas.com.br\/direto-do-sul\/","name":"Direto do Sul","description":"Blogosfera PANROTAS","potentialAction":[{"@type":"SearchAction","target":{"@type":"EntryPoint","urlTemplate":"https:\/\/blog.panrotas.com.br\/direto-do-sul\/?s={search_term_string}"},"query-input":"required name=search_term_string"}],"inLanguage":"pt-BR"},{"@type":"ImageObject","@id":"https:\/\/blog.panrotas.com.br\/direto-do-sul\/2019\/03\/01\/vai-passar-o-carnaval-na-serra-gaucha-te-liga-nessas-dicas\/#primaryimage","inLanguage":"pt-BR","url":"http:\/\/panrotas.blog.br\/direto-do-sul\/wp-content\/uploads\/sites\/14\/2019\/03\/da8bf430518476b95f2f217881fb9905_confetti-carnival-background-royalty-free-cliparts-vectors-and-_1300-918-1024x723.jpeg","contentUrl":"http:\/\/panrotas.blog.br\/direto-do-sul\/wp-content\/uploads\/sites\/14\/2019\/03\/da8bf430518476b95f2f217881fb9905_confetti-carnival-background-royalty-free-cliparts-vectors-and-_1300-918-1024x723.jpeg"},{"@type":"WebPage","@id":"https:\/\/blog.panrotas.com.br\/direto-do-sul\/2019\/03\/01\/vai-passar-o-carnaval-na-serra-gaucha-te-liga-nessas-dicas\/#webpage","url":"https:\/\/blog.panrotas.com.br\/direto-do-sul\/2019\/03\/01\/vai-passar-o-carnaval-na-serra-gaucha-te-liga-nessas-dicas\/","name":"Vai passar o Carnaval na Serra Ga\u00facha? ENT\u00c3O Te liga nessas dicas! - Direto do Sul","isPartOf":{"@id":"https:\/\/blog.panrotas.com.br\/direto-do-sul\/#website"},"primaryImageOfPage":{"@id":"https:\/\/blog.panrotas.com.br\/direto-do-sul\/2019\/03\/01\/vai-passar-o-carnaval-na-serra-gaucha-te-liga-nessas-dicas\/#primaryimage"},"datePublished":"2019-03-01T14:46:05+00:00","dateModified":"2019-03-01T14:46:05+00:00","author":{"@id":"https:\/\/blog.panrotas.com.br\/direto-do-sul\/#\/schema\/person\/a03f4d5e2d6cd37a874f986e07f47268"},"breadcrumb":{"@id":"https:\/\/blog.panrotas.com.br\/direto-do-sul\/2019\/03\/01\/vai-passar-o-carnaval-na-serra-gaucha-te-liga-nessas-dicas\/#breadcrumb"},"inLanguage":"pt-BR","potentialAction":[{"@type":"ReadAction","target":["https:\/\/blog.panrotas.com.br\/direto-do-sul\/2019\/03\/01\/vai-passar-o-carnaval-na-serra-gaucha-te-liga-nessas-dicas\/"]}]},{"@type":"BreadcrumbList","@id":"https:\/\/blog.panrotas.com.br\/direto-do-sul\/2019\/03\/01\/vai-passar-o-carnaval-na-serra-gaucha-te-liga-nessas-dicas\/#breadcrumb","itemListElement":[{"@type":"ListItem","position":1,"name":"In\u00edcio","item":"https:\/\/blog.panrotas.com.br\/direto-do-sul\/"},{"@type":"ListItem","position":2,"name":"Vai passar o Carnaval na Serra Ga\u00facha? ENT\u00c3O Te liga nessas dicas!"}]},{"@type":"Person","@id":"https:\/\/blog.panrotas.com.br\/direto-do-sul\/#\/schema\/person\/a03f4d5e2d6cd37a874f986e07f47268","name":"Any Brocker","image":{"@type":"ImageObject","@id":"https:\/\/blog.panrotas.com.br\/direto-do-sul\/#personlogo","inLanguage":"pt-BR","url":"https:\/\/secure.gravatar.com\/avatar\/5ef47ea7f1094e49c2aec16a7917fdd9?s=96&d=mm&r=g","contentUrl":"https:\/\/secure.gravatar.com\/avatar\/5ef47ea7f1094e49c2aec16a7917fdd9?s=96&d=mm&r=g","caption":"Any Brocker"},"sameAs":["https:\/\/blog.panrotas.com.br\/direto-do-sul"],"url":"https:\/\/blog.panrotas.com.br\/direto-do-sul\/author\/adriane\/"}]}},"jetpack_featured_media_url":"","_links":{"self":[{"href":"https:\/\/blog.panrotas.com.br\/direto-do-sul\/wp-json\/wp\/v2\/posts\/630"}],"collection":[{"href":"https:\/\/blog.panrotas.com.br\/direto-do-sul\/wp-json\/wp\/v2\/posts"}],"about":[{"href":"https:\/\/blog.panrotas.com.br\/direto-do-sul\/wp-json\/wp\/v2\/types\/post"}],"author":[{"embeddable":true,"href":"https:\/\/blog.panrotas.com.br\/direto-do-sul\/wp-json\/wp\/v2\/users\/17"}],"replies":[{"embeddable":true,"href":"https:\/\/blog.panrotas.com.br\/direto-do-sul\/wp-json\/wp\/v2\/comments?post=630"}],"version-history":[{"count":0,"href":"https:\/\/blog.panrotas.com.br\/direto-do-sul\/wp-json\/wp\/v2\/posts\/630\/revisions"}],"wp:attachment":[{"href":"https:\/\/blog.panrotas.com.br\/direto-do-sul\/wp-json\/wp\/v2\/media?parent=630"}],"wp:term":[{"taxonomy":"category","embeddable":true,"href":"https:\/\/blog.panrotas.com.br\/direto-do-sul\/wp-json\/wp\/v2\/categories?post=630"},{"taxonomy":"post_tag","embeddable":true,"href":"https:\/\/blog.panrotas.com.br\/direto-do-sul\/wp-json\/wp\/v2\/tags?post=630"}],"curies":[{"name":"wp","href":"https:\/\/api.w.org\/{rel}","templated":true}]}}