{"id":855,"date":"2019-09-08T16:24:18","date_gmt":"2019-09-08T19:24:18","guid":{"rendered":"http:\/\/blog.panrotas.com.br\/direto-do-sul\/?p=855"},"modified":"2019-09-08T16:27:53","modified_gmt":"2019-09-08T19:27:53","slug":"filmes-debates-e-muito-agito-no-47o-festival-de-cinema-de-gramado","status":"publish","type":"post","link":"https:\/\/blog.panrotas.com.br\/direto-do-sul\/2019\/09\/08\/filmes-debates-e-muito-agito-no-47o-festival-de-cinema-de-gramado\/","title":{"rendered":"Filmes, debates e muito agito no 47\u00ba Festival de Cinema de Gramado"},"content":{"rendered":"\n<p>Oi gente! Tudo bem? Gramado est\u00e1 a mil por conta de mais uma edi\u00e7\u00e3o do Festival de Cinema. Diretores, atores, produtores e o p\u00fablico fazem desse um dos eventos consagrados de Gramado, concentrando os olhares da m\u00eddia nacional e internacional durante a sua realiza\u00e7\u00e3o. Vou resumir aqui tudo o que esse evento lindo proporciona para quem mora aqui e para quem vem de fora prestigiar!<\/p>\n\n\n\n<figure class=\"wp-block-image\"><img loading=\"lazy\" width=\"640\" height=\"386\" src=\"http:\/\/blog.panrotas.com.br\/direto-do-sul\/wp-content\/uploads\/sites\/14\/2019\/09\/tn_42ofestcinemagramado___28.jpg\" alt=\"\" class=\"wp-image-856\" srcset=\"https:\/\/blog.panrotas.com.br\/direto-do-sul\/wp-content\/uploads\/sites\/14\/2019\/09\/tn_42ofestcinemagramado___28.jpg 640w, https:\/\/blog.panrotas.com.br\/direto-do-sul\/wp-content\/uploads\/sites\/14\/2019\/09\/tn_42ofestcinemagramado___28-300x181.jpg 300w\" sizes=\"(max-width: 640px) 100vw, 640px\" \/><\/figure>\n\n\n\n<figure class=\"wp-block-image\"><img loading=\"lazy\" width=\"794\" height=\"1024\" src=\"http:\/\/blog.panrotas.com.br\/direto-do-sul\/wp-content\/uploads\/sites\/14\/2019\/09\/foto-1-794x1024.jpg\" alt=\"\" class=\"wp-image-858\" srcset=\"https:\/\/blog.panrotas.com.br\/direto-do-sul\/wp-content\/uploads\/sites\/14\/2019\/09\/foto-1-794x1024.jpg 794w, https:\/\/blog.panrotas.com.br\/direto-do-sul\/wp-content\/uploads\/sites\/14\/2019\/09\/foto-1-233x300.jpg 233w, https:\/\/blog.panrotas.com.br\/direto-do-sul\/wp-content\/uploads\/sites\/14\/2019\/09\/foto-1-768x990.jpg 768w, https:\/\/blog.panrotas.com.br\/direto-do-sul\/wp-content\/uploads\/sites\/14\/2019\/09\/foto-1-740x954.jpg 740w, https:\/\/blog.panrotas.com.br\/direto-do-sul\/wp-content\/uploads\/sites\/14\/2019\/09\/foto-1.jpg 960w\" sizes=\"(max-width: 794px) 100vw, 794px\" \/><\/figure>\n\n\n\n<p><strong>N\u00f3s tamb\u00e9m fizemos parte dessa hist\u00f3ria<\/strong><\/p>\n\n\n\n<p>Mas antes de falar daqueles que passaram pelo tapete\nvermelho, preciso contar que a Brocker Turismo fez o transporte oficial do\nevento. Toda a log\u00edstica e os cuidados necess\u00e1rios para garantir a seguran\u00e7a e\no conforto dos convidados esteve sob o comando da nossa equipe, o que nos\norgulha muito. Foi uma parceria muito bacana na qual eu tive a oportunidade de,\ninclusive, entregar um dos Kikitos, muita emo\u00e7\u00e3o!<\/p>\n\n\n\n<figure class=\"wp-block-image\"><img loading=\"lazy\" width=\"960\" height=\"764\" src=\"http:\/\/blog.panrotas.com.br\/direto-do-sul\/wp-content\/uploads\/sites\/14\/2019\/09\/foto_2.jpg\" alt=\"\" class=\"wp-image-857\" srcset=\"https:\/\/blog.panrotas.com.br\/direto-do-sul\/wp-content\/uploads\/sites\/14\/2019\/09\/foto_2.jpg 960w, https:\/\/blog.panrotas.com.br\/direto-do-sul\/wp-content\/uploads\/sites\/14\/2019\/09\/foto_2-300x239.jpg 300w, https:\/\/blog.panrotas.com.br\/direto-do-sul\/wp-content\/uploads\/sites\/14\/2019\/09\/foto_2-768x611.jpg 768w, https:\/\/blog.panrotas.com.br\/direto-do-sul\/wp-content\/uploads\/sites\/14\/2019\/09\/foto_2-740x589.jpg 740w\" sizes=\"(max-width: 960px) 100vw, 960px\" \/><\/figure>\n\n\n\n<figure class=\"wp-block-image\"><img loading=\"lazy\" width=\"1024\" height=\"498\" src=\"http:\/\/blog.panrotas.com.br\/direto-do-sul\/wp-content\/uploads\/sites\/14\/2019\/09\/foto_3-1024x498.jpg\" alt=\"\" class=\"wp-image-859\" srcset=\"https:\/\/blog.panrotas.com.br\/direto-do-sul\/wp-content\/uploads\/sites\/14\/2019\/09\/foto_3.jpg 1024w, https:\/\/blog.panrotas.com.br\/direto-do-sul\/wp-content\/uploads\/sites\/14\/2019\/09\/foto_3-300x146.jpg 300w, https:\/\/blog.panrotas.com.br\/direto-do-sul\/wp-content\/uploads\/sites\/14\/2019\/09\/foto_3-768x374.jpg 768w, https:\/\/blog.panrotas.com.br\/direto-do-sul\/wp-content\/uploads\/sites\/14\/2019\/09\/foto_3-740x360.jpg 740w\" sizes=\"(max-width: 1024px) 100vw, 1024px\" \/><\/figure>\n\n\n\n<figure class=\"wp-block-image\"><img loading=\"lazy\" width=\"1024\" height=\"704\" src=\"http:\/\/blog.panrotas.com.br\/direto-do-sul\/wp-content\/uploads\/sites\/14\/2019\/09\/foto_5-1024x704.jpg\" alt=\"\" class=\"wp-image-860\" srcset=\"https:\/\/blog.panrotas.com.br\/direto-do-sul\/wp-content\/uploads\/sites\/14\/2019\/09\/foto_5-1024x704.jpg 1024w, https:\/\/blog.panrotas.com.br\/direto-do-sul\/wp-content\/uploads\/sites\/14\/2019\/09\/foto_5-300x206.jpg 300w, https:\/\/blog.panrotas.com.br\/direto-do-sul\/wp-content\/uploads\/sites\/14\/2019\/09\/foto_5-768x528.jpg 768w, https:\/\/blog.panrotas.com.br\/direto-do-sul\/wp-content\/uploads\/sites\/14\/2019\/09\/foto_5-740x509.jpg 740w, https:\/\/blog.panrotas.com.br\/direto-do-sul\/wp-content\/uploads\/sites\/14\/2019\/09\/foto_5.jpg 1280w\" sizes=\"(max-width: 1024px) 100vw, 1024px\" \/><\/figure>\n\n\n\n<p><strong>Carla Camurati ganhou\no Trof\u00e9u Eduardo Abelin<\/strong><\/p>\n\n\n\n<p>A entrega do Trof\u00e9u Eduardo Abelin desse ano foi para a\natriz e diretora Carla Camurati. Ela \u00e9 respons\u00e1vel pelo movimento que ficou\nconhecido como a retomada do cinema nacional, em 1995, quando lan\u00e7ou o aclamado\ne irreverente \u201cCarlota Joaquina, Princesa do Brazil\u201d. Em Gramado, recebeu o\nKikito de Melhor Atriz em 1981 por \u201cO olho m\u00e1gico do amor\u201d, e o Pr\u00eamio Especial\ndo J\u00fari, em 1985, por \u201cEstrela Nua\u201d. <\/p>\n\n\n\n<figure class=\"wp-block-image\"><img loading=\"lazy\" width=\"500\" height=\"317\" src=\"http:\/\/blog.panrotas.com.br\/direto-do-sul\/wp-content\/uploads\/sites\/14\/2019\/09\/47ofestcinemagramado-03154.jpg\" alt=\"\" class=\"wp-image-861\" srcset=\"https:\/\/blog.panrotas.com.br\/direto-do-sul\/wp-content\/uploads\/sites\/14\/2019\/09\/47ofestcinemagramado-03154.jpg 500w, https:\/\/blog.panrotas.com.br\/direto-do-sul\/wp-content\/uploads\/sites\/14\/2019\/09\/47ofestcinemagramado-03154-300x190.jpg 300w\" sizes=\"(max-width: 500px) 100vw, 500px\" \/><\/figure>\n\n\n\n<p><strong>O eterno trapalh\u00e3o Ded\u00e9 Santana <\/strong><\/p>\n\n\n\n<p>Emocionado por conhecer, aos 83 anos, o Festival de Cinema\nde Gramado, o eterno trapalh\u00e3o Ded\u00e9 Santana disse que sua presen\u00e7a na condi\u00e7\u00e3o\nde padrinho do Educav\u00eddeo foi a realiza\u00e7\u00e3o de um sonho. \u201cSempre me perguntei\npor que nunca tinham me chamado. N\u00e3o queria ganhar pr\u00eamios, queria assistir\nfilmes. Acho que merecia isso pelo que j\u00e1 fiz pelo cinema brasileiro. Imagina a\nalegria que eu estou\u201d, comentou ele que, ainda neste semestre, volta aos sets\npara contracenar com o companheiro Renato Arag\u00e3o, o Didi, numa produ\u00e7\u00e3o da\nGlobo Filmes.<\/p>\n\n\n\n<figure class=\"wp-block-image\"><img loading=\"lazy\" width=\"1024\" height=\"683\" src=\"http:\/\/blog.panrotas.com.br\/direto-do-sul\/wp-content\/uploads\/sites\/14\/2019\/09\/47ofestcinemagramado_00375-1024x683.jpg\" alt=\"\" class=\"wp-image-862\" srcset=\"https:\/\/blog.panrotas.com.br\/direto-do-sul\/wp-content\/uploads\/sites\/14\/2019\/09\/47ofestcinemagramado_00375-1024x683.jpg 1024w, https:\/\/blog.panrotas.com.br\/direto-do-sul\/wp-content\/uploads\/sites\/14\/2019\/09\/47ofestcinemagramado_00375-300x200.jpg 300w, https:\/\/blog.panrotas.com.br\/direto-do-sul\/wp-content\/uploads\/sites\/14\/2019\/09\/47ofestcinemagramado_00375-768x512.jpg 768w, https:\/\/blog.panrotas.com.br\/direto-do-sul\/wp-content\/uploads\/sites\/14\/2019\/09\/47ofestcinemagramado_00375-740x493.jpg 740w\" sizes=\"(max-width: 1024px) 100vw, 1024px\" \/><\/figure>\n\n\n\n<p><strong>A bela Bruna Marquezini<\/strong><\/p>\n\n\n\n<p>Integrante do longa \u201cVou nadar at\u00e9 voc\u00ea\u201d a bela atriz Bruna\nMarquezini tamb\u00e9m passou pelo tapete vermelho. Na coletiva de imprensa, a atriz\nfalou dos desafios para interpretar Of\u00e9lia, uma menina que decide ir ao\nencontro do pai nadando. Em v\u00e1rias declara\u00e7\u00f5es Bruna reafirmou que o projeto\n\u201cVou nadar at\u00e9 voc\u00ea\u201d veio no momento certo de sua vida e carreira.<\/p>\n\n\n\n<figure class=\"wp-block-image\"><img loading=\"lazy\" width=\"500\" height=\"749\" src=\"http:\/\/blog.panrotas.com.br\/direto-do-sul\/wp-content\/uploads\/sites\/14\/2019\/09\/47ofestcinemagramado-06531.jpg\" alt=\"\" class=\"wp-image-863\" srcset=\"https:\/\/blog.panrotas.com.br\/direto-do-sul\/wp-content\/uploads\/sites\/14\/2019\/09\/47ofestcinemagramado-06531.jpg 500w, https:\/\/blog.panrotas.com.br\/direto-do-sul\/wp-content\/uploads\/sites\/14\/2019\/09\/47ofestcinemagramado-06531-200x300.jpg 200w\" sizes=\"(max-width: 500px) 100vw, 500px\" \/><\/figure>\n\n\n\n<p><strong>Trof\u00e9u Oscarito para\nL\u00e1zaro Ramos<\/strong><\/p>\n\n\n\n<p>Destinado a grandes atores do cinema brasileiro, o Trof\u00e9u\nOscarito da edi\u00e7\u00e3o de 2019 do Festival de Cinema de Gramado homenageia L\u00e1zaro\nRamos. Baiano de Salvador, contabiliza mais de 30 filmes entre longas e curtas,\nal\u00e9m de 60 pr\u00eamios pelas diferentes performances art\u00edsticas entre cinema, teatro,\ntelevis\u00e3o e literatura. Ator, escritor, diretor e apresentador, L\u00e1zaro Ramos\ntamb\u00e9m \u00e9 Embaixador da Unicef desde 2009, cumprindo uma trajet\u00f3ria que evoca\npaix\u00e3o pela arte e defesa \u00e0 cidadania. <\/p>\n\n\n\n<figure class=\"wp-block-image\"><img loading=\"lazy\" width=\"1024\" height=\"945\" src=\"http:\/\/blog.panrotas.com.br\/direto-do-sul\/wp-content\/uploads\/sites\/14\/2019\/09\/47ofestcinemagramado-06846-1024x945.jpg\" alt=\"\" class=\"wp-image-864\" srcset=\"https:\/\/blog.panrotas.com.br\/direto-do-sul\/wp-content\/uploads\/sites\/14\/2019\/09\/47ofestcinemagramado-06846-1024x945.jpg 1024w, https:\/\/blog.panrotas.com.br\/direto-do-sul\/wp-content\/uploads\/sites\/14\/2019\/09\/47ofestcinemagramado-06846-300x277.jpg 300w, https:\/\/blog.panrotas.com.br\/direto-do-sul\/wp-content\/uploads\/sites\/14\/2019\/09\/47ofestcinemagramado-06846-768x709.jpg 768w, https:\/\/blog.panrotas.com.br\/direto-do-sul\/wp-content\/uploads\/sites\/14\/2019\/09\/47ofestcinemagramado-06846-740x683.jpg 740w, https:\/\/blog.panrotas.com.br\/direto-do-sul\/wp-content\/uploads\/sites\/14\/2019\/09\/47ofestcinemagramado-06846.jpg 1198w\" sizes=\"(max-width: 1024px) 100vw, 1024px\" \/><\/figure>\n\n\n\n<p><strong>Andrea Beltr\u00e3o foi destaque no filme \u201cHebe\n&#8211; a estrela do Brasil\u201d<\/strong><\/p>\n\n\n\n<p>Coube a atriz Andrea Beltr\u00e3o encarnar a mais querida\ncelebridade da hist\u00f3ria da nossa TV, uma personagem extraordin\u00e1ria, com dramas\ncomuns a qualquer um de seus milh\u00f5es de f\u00e3s. O filme revela o brilho da vida\np\u00fablica e a escurid\u00e3o da dor privada, onde Hebe enfrenta preconceito, machismo,\no marido ciumento, chefes poderosos e a ditadura militar.<\/p>\n\n\n\n<figure class=\"wp-block-image\"><img loading=\"lazy\" width=\"640\" height=\"480\" src=\"http:\/\/blog.panrotas.com.br\/direto-do-sul\/wp-content\/uploads\/sites\/14\/2019\/09\/divulgacao-andreabeltrao-jonastucci.jpg\" alt=\"\" class=\"wp-image-865\" srcset=\"https:\/\/blog.panrotas.com.br\/direto-do-sul\/wp-content\/uploads\/sites\/14\/2019\/09\/divulgacao-andreabeltrao-jonastucci.jpg 640w, https:\/\/blog.panrotas.com.br\/direto-do-sul\/wp-content\/uploads\/sites\/14\/2019\/09\/divulgacao-andreabeltrao-jonastucci-300x225.jpg 300w\" sizes=\"(max-width: 640px) 100vw, 640px\" \/><\/figure>\n\n\n\n<p><strong>Mauricio de Sousa homenageado <\/strong><\/p>\n\n\n\n<p>O filme \u201cTurma da M\u00f4nica &#8211; La\u00e7os\u201d e o criador dos personagens,\nMauricio de Sousa, abriram a Mostra Infantil no Pal\u00e1cio dos Festivais. O famoso\ndesenhista tamb\u00e9m recebeu o Trof\u00e9u Cidade de Gramado pelo conjunto da obra que\nencanta gera\u00e7\u00f5es de amantes de M\u00f4nica, Cebolinha, Casc\u00e3o, Magali e outros\ntantos personagens criados em 60 anos de cria\u00e7\u00e3o.<\/p>\n\n\n\n<figure class=\"wp-block-image\"><img loading=\"lazy\" width=\"500\" height=\"333\" src=\"http:\/\/blog.panrotas.com.br\/direto-do-sul\/wp-content\/uploads\/sites\/14\/2019\/09\/47ofestcinemagramado-08863.jpg\" alt=\"\" class=\"wp-image-866\" srcset=\"https:\/\/blog.panrotas.com.br\/direto-do-sul\/wp-content\/uploads\/sites\/14\/2019\/09\/47ofestcinemagramado-08863.jpg 500w, https:\/\/blog.panrotas.com.br\/direto-do-sul\/wp-content\/uploads\/sites\/14\/2019\/09\/47ofestcinemagramado-08863-300x200.jpg 300w\" sizes=\"(max-width: 500px) 100vw, 500px\" \/><\/figure>\n\n\n\n<p><strong>O primeiro filme da Turma da M\u00f4nica<\/strong><\/p>\n\n\n\n<p>\u201cTurma da M\u00f4nica \u2013 La\u00e7os\u201d abriu a Mostra Infantil. Dirigido\npor Daniel Rezende, \u00e9 o primeiro filme da Turma da M\u00f4nica com atores vivendo os\npersonagens M\u00f4nica, Cebolinha, Magali e Casc\u00e3o. Na trama eles refor\u00e7am seus\nla\u00e7os de amizade numa aventura para esclarecer o desaparecimento do Floquinho,\no c\u00e3o do Cebolinha. <\/p>\n\n\n\n<figure class=\"wp-block-image\"><img loading=\"lazy\" width=\"512\" height=\"406\" src=\"http:\/\/blog.panrotas.com.br\/direto-do-sul\/wp-content\/uploads\/sites\/14\/2019\/09\/tn_47ofestcinemagramado_08922.jpg\" alt=\"\" class=\"wp-image-867\" srcset=\"https:\/\/blog.panrotas.com.br\/direto-do-sul\/wp-content\/uploads\/sites\/14\/2019\/09\/tn_47ofestcinemagramado_08922.jpg 512w, https:\/\/blog.panrotas.com.br\/direto-do-sul\/wp-content\/uploads\/sites\/14\/2019\/09\/tn_47ofestcinemagramado_08922-300x238.jpg 300w\" sizes=\"(max-width: 512px) 100vw, 512px\" \/><\/figure>\n\n\n\n<p><strong>Embaixadores do\ncinema ga\u00facho<\/strong><\/p>\n\n\n\n<p>Durante essa 47\u00aa edi\u00e7\u00e3o, o Instituto Estadual de Cinema da\nSecretaria de Estado da Cultura&nbsp;\n(IECINE), em parceria com o Museu do Festival de Cinema de Gramado, criou\no t\u00edtulo de &#8220;Embaixadores do Cinema Ga\u00facho\u201d e nomeou os atores Tiago\nLacerda, Fernando Alves Pinto e Murilo Rosa, pelo empenho e dedica\u00e7\u00e3o \u00e0\ncinematografia sul-rio-grandense.<\/p>\n\n\n\n<figure class=\"wp-block-image\"><img loading=\"lazy\" width=\"1024\" height=\"548\" src=\"http:\/\/blog.panrotas.com.br\/direto-do-sul\/wp-content\/uploads\/sites\/14\/2019\/09\/47ofestcinemagramado-09518-1024x548.jpg\" alt=\"\" class=\"wp-image-868\" srcset=\"https:\/\/blog.panrotas.com.br\/direto-do-sul\/wp-content\/uploads\/sites\/14\/2019\/09\/47ofestcinemagramado-09518-1024x548.jpg 1024w, https:\/\/blog.panrotas.com.br\/direto-do-sul\/wp-content\/uploads\/sites\/14\/2019\/09\/47ofestcinemagramado-09518-300x160.jpg 300w, https:\/\/blog.panrotas.com.br\/direto-do-sul\/wp-content\/uploads\/sites\/14\/2019\/09\/47ofestcinemagramado-09518-768x411.jpg 768w, https:\/\/blog.panrotas.com.br\/direto-do-sul\/wp-content\/uploads\/sites\/14\/2019\/09\/47ofestcinemagramado-09518-740x396.jpg 740w, https:\/\/blog.panrotas.com.br\/direto-do-sul\/wp-content\/uploads\/sites\/14\/2019\/09\/47ofestcinemagramado-09518.jpg 1159w\" sizes=\"(max-width: 1024px) 100vw, 1024px\" \/><\/figure>\n\n\n\n<p><strong>Leonardo Sbaraglia\nrecebeu o Kikito de Cristal<\/strong><\/p>\n\n\n\n<p>O ator argentino Leonardo Sbaraglia recebeu o Kikito de\nCristal.Com mais de 50 filmes no curr\u00edculo, ele come\u00e7ou a atuar no cinema com\napenas 16 anos, no longa \u201cLa Noche de los l\u00e1pices\u201d, de 1986. No ano seguinte,\npopularizou-se entre os jovens de seu pa\u00eds pela participa\u00e7\u00e3o na s\u00e9rie\ntelevisiva \u201cClave de sol\u201d. Dali em diante firmou-se como ator de cinema, TV e\nteatro. <\/p>\n\n\n\n<figure class=\"wp-block-image\"><img loading=\"lazy\" width=\"960\" height=\"640\" src=\"http:\/\/blog.panrotas.com.br\/direto-do-sul\/wp-content\/uploads\/sites\/14\/2019\/09\/tn_47ofestcinemagramado_12535.jpg\" alt=\"\" class=\"wp-image-869\" srcset=\"https:\/\/blog.panrotas.com.br\/direto-do-sul\/wp-content\/uploads\/sites\/14\/2019\/09\/tn_47ofestcinemagramado_12535.jpg 960w, https:\/\/blog.panrotas.com.br\/direto-do-sul\/wp-content\/uploads\/sites\/14\/2019\/09\/tn_47ofestcinemagramado_12535-300x200.jpg 300w, https:\/\/blog.panrotas.com.br\/direto-do-sul\/wp-content\/uploads\/sites\/14\/2019\/09\/tn_47ofestcinemagramado_12535-768x512.jpg 768w, https:\/\/blog.panrotas.com.br\/direto-do-sul\/wp-content\/uploads\/sites\/14\/2019\/09\/tn_47ofestcinemagramado_12535-740x493.jpg 740w\" sizes=\"(max-width: 960px) 100vw, 960px\" \/><\/figure>\n\n\n\n<p><strong>Lan\u00e7ada Carta de\nGramado em defesa do setor audiovisual<\/strong><\/p>\n\n\n\n<p>Antes de apresentar seu longa \u201cVeneza\u201d, na quinta-feira \u00e0\nnoite no Pal\u00e1cio dos Festivais, o diretor Miguel Falabella fez a leitura da\nCarta de Gramado, documento assinado por entidades representativas do\naudiovisual brasileiro em defesa do setor. A \u00edntegra do documento est\u00e1 no site\ndo Festival.<\/p>\n\n\n\n<figure class=\"wp-block-image\"><img loading=\"lazy\" width=\"762\" height=\"508\" src=\"http:\/\/blog.panrotas.com.br\/direto-do-sul\/wp-content\/uploads\/sites\/14\/2019\/09\/47ofestcinemagramado-10785.jpg\" alt=\"\" class=\"wp-image-870\" srcset=\"https:\/\/blog.panrotas.com.br\/direto-do-sul\/wp-content\/uploads\/sites\/14\/2019\/09\/47ofestcinemagramado-10785.jpg 762w, https:\/\/blog.panrotas.com.br\/direto-do-sul\/wp-content\/uploads\/sites\/14\/2019\/09\/47ofestcinemagramado-10785-300x200.jpg 300w, https:\/\/blog.panrotas.com.br\/direto-do-sul\/wp-content\/uploads\/sites\/14\/2019\/09\/47ofestcinemagramado-10785-740x493.jpg 740w\" sizes=\"(max-width: 762px) 100vw, 762px\" \/><\/figure>\n\n\n\n<p><strong>\u201cPacarrete\u201d conquistou oito Kikitos<\/strong><\/p>\n\n\n\n<p>Depois de ser aplaudido de p\u00e9 e ovacionado na sess\u00e3o de ter\u00e7a-feira, o longa brasileiro \u201cPacarrete\u201d levou oito Kikitos e arrebatou o 47\u00ba Festival de Cinema de Gramado. O costa-riquenho \u201cEl Despertar de Las Hormigas\u201d foi o melhor filme entre os longas estrangeiros e a anima\u00e7\u00e3o \u201cApneia\u201d foi o melhor curta-metragem brasileiro. Estreando na mostra competitiva, a categoria de longas ga\u00fachos premiou \u201cRaia 4\u201d como melhor filme. \u201cVeneza\u201d, de Miguel Falabella, e \u201cO Homem Cordial\u201d, de Iber\u00ea Carvalho, conquistaram dois pr\u00eamios cada. <\/p>\n\n\n\n<p>Muita gente bonita e talentosa passou pelo tapete vermelho durante a semana, como o ator Murilo Rosa e as atrizes Cl\u00e1udia Ohana, Thaila Aiala, Sonia Braga, Carol Castro e Cl\u00e9o Pires.<\/p>\n\n\n\n<figure class=\"wp-block-image\"><img loading=\"lazy\" width=\"960\" height=\"639\" src=\"http:\/\/blog.panrotas.com.br\/direto-do-sul\/wp-content\/uploads\/sites\/14\/2019\/09\/69271547_2727200590626463_3240160187511734272_n.jpg\" alt=\"\" class=\"wp-image-873\" srcset=\"https:\/\/blog.panrotas.com.br\/direto-do-sul\/wp-content\/uploads\/sites\/14\/2019\/09\/69271547_2727200590626463_3240160187511734272_n.jpg 960w, https:\/\/blog.panrotas.com.br\/direto-do-sul\/wp-content\/uploads\/sites\/14\/2019\/09\/69271547_2727200590626463_3240160187511734272_n-300x200.jpg 300w, https:\/\/blog.panrotas.com.br\/direto-do-sul\/wp-content\/uploads\/sites\/14\/2019\/09\/69271547_2727200590626463_3240160187511734272_n-768x511.jpg 768w, https:\/\/blog.panrotas.com.br\/direto-do-sul\/wp-content\/uploads\/sites\/14\/2019\/09\/69271547_2727200590626463_3240160187511734272_n-740x493.jpg 740w\" sizes=\"(max-width: 960px) 100vw, 960px\" \/><\/figure>\n\n\n\n<figure class=\"wp-block-image\"><img loading=\"lazy\" width=\"960\" height=\"639\" src=\"http:\/\/blog.panrotas.com.br\/direto-do-sul\/wp-content\/uploads\/sites\/14\/2019\/09\/claudia-ohana.jpg\" alt=\"\" class=\"wp-image-874\" srcset=\"https:\/\/blog.panrotas.com.br\/direto-do-sul\/wp-content\/uploads\/sites\/14\/2019\/09\/claudia-ohana.jpg 960w, https:\/\/blog.panrotas.com.br\/direto-do-sul\/wp-content\/uploads\/sites\/14\/2019\/09\/claudia-ohana-300x200.jpg 300w, https:\/\/blog.panrotas.com.br\/direto-do-sul\/wp-content\/uploads\/sites\/14\/2019\/09\/claudia-ohana-768x511.jpg 768w, https:\/\/blog.panrotas.com.br\/direto-do-sul\/wp-content\/uploads\/sites\/14\/2019\/09\/claudia-ohana-740x493.jpg 740w\" sizes=\"(max-width: 960px) 100vw, 960px\" \/><\/figure>\n\n\n\n<figure class=\"wp-block-image\"><img loading=\"lazy\" width=\"744\" height=\"639\" src=\"http:\/\/blog.panrotas.com.br\/direto-do-sul\/wp-content\/uploads\/sites\/14\/2019\/09\/thaila-ayala.jpg\" alt=\"\" class=\"wp-image-875\" srcset=\"https:\/\/blog.panrotas.com.br\/direto-do-sul\/wp-content\/uploads\/sites\/14\/2019\/09\/thaila-ayala.jpg 744w, https:\/\/blog.panrotas.com.br\/direto-do-sul\/wp-content\/uploads\/sites\/14\/2019\/09\/thaila-ayala-300x258.jpg 300w, https:\/\/blog.panrotas.com.br\/direto-do-sul\/wp-content\/uploads\/sites\/14\/2019\/09\/thaila-ayala-740x636.jpg 740w\" sizes=\"(max-width: 744px) 100vw, 744px\" \/><\/figure>\n\n\n\n<figure class=\"wp-block-image\"><img loading=\"lazy\" width=\"960\" height=\"639\" src=\"http:\/\/blog.panrotas.com.br\/direto-do-sul\/wp-content\/uploads\/sites\/14\/2019\/09\/sonia-braga.jpg\" alt=\"\" class=\"wp-image-876\" srcset=\"https:\/\/blog.panrotas.com.br\/direto-do-sul\/wp-content\/uploads\/sites\/14\/2019\/09\/sonia-braga.jpg 960w, https:\/\/blog.panrotas.com.br\/direto-do-sul\/wp-content\/uploads\/sites\/14\/2019\/09\/sonia-braga-300x200.jpg 300w, https:\/\/blog.panrotas.com.br\/direto-do-sul\/wp-content\/uploads\/sites\/14\/2019\/09\/sonia-braga-768x511.jpg 768w, https:\/\/blog.panrotas.com.br\/direto-do-sul\/wp-content\/uploads\/sites\/14\/2019\/09\/sonia-braga-740x493.jpg 740w\" sizes=\"(max-width: 960px) 100vw, 960px\" \/><\/figure>\n\n\n\n<figure class=\"wp-block-image\"><img loading=\"lazy\" width=\"640\" height=\"844\" src=\"http:\/\/blog.panrotas.com.br\/direto-do-sul\/wp-content\/uploads\/sites\/14\/2019\/09\/tn_47ofestcinemagramado_13174.jpg\" alt=\"\" class=\"wp-image-877\" srcset=\"https:\/\/blog.panrotas.com.br\/direto-do-sul\/wp-content\/uploads\/sites\/14\/2019\/09\/tn_47ofestcinemagramado_13174.jpg 640w, https:\/\/blog.panrotas.com.br\/direto-do-sul\/wp-content\/uploads\/sites\/14\/2019\/09\/tn_47ofestcinemagramado_13174-227x300.jpg 227w\" sizes=\"(max-width: 640px) 100vw, 640px\" \/><\/figure>\n\n\n\n<figure class=\"wp-block-image\"><img loading=\"lazy\" width=\"426\" height=\"556\" src=\"http:\/\/blog.panrotas.com.br\/direto-do-sul\/wp-content\/uploads\/sites\/14\/2019\/09\/tn_47ofestcinemagramado_04129.jpg\" alt=\"\" class=\"wp-image-878\" srcset=\"https:\/\/blog.panrotas.com.br\/direto-do-sul\/wp-content\/uploads\/sites\/14\/2019\/09\/tn_47ofestcinemagramado_04129.jpg 426w, https:\/\/blog.panrotas.com.br\/direto-do-sul\/wp-content\/uploads\/sites\/14\/2019\/09\/tn_47ofestcinemagramado_04129-230x300.jpg 230w\" sizes=\"(max-width: 426px) 100vw, 426px\" \/><\/figure>\n\n\n\n<p><strong>Nova curadoria<\/strong><\/p>\n\n\n\n<p>Durante a cerim\u00f4nia de premia\u00e7\u00e3o deste s\u00e1bado, \u00c9dson N\u00e9spolo, o presidente da Gramadotur, autarquia municipal respons\u00e1vel pelo evento, anunciou a nova curadoria do festival para 2019. Al\u00e9m de renovar a parceria com o jornalista Marcos Santuario, Pedro Bial e Soledad Villamil passam a integrar o curadoria. Eu aproveitei para cumprimentar o Bial por juntar-se ao nosso evento!<\/p>\n\n\n\n<figure class=\"wp-block-image\"><img loading=\"lazy\" width=\"960\" height=\"926\" src=\"http:\/\/blog.panrotas.com.br\/direto-do-sul\/wp-content\/uploads\/sites\/14\/2019\/09\/dc5b2989-1ceb-4b81-b739-eddeb1086dd2.jpg\" alt=\"\" class=\"wp-image-871\" srcset=\"https:\/\/blog.panrotas.com.br\/direto-do-sul\/wp-content\/uploads\/sites\/14\/2019\/09\/dc5b2989-1ceb-4b81-b739-eddeb1086dd2.jpg 960w, https:\/\/blog.panrotas.com.br\/direto-do-sul\/wp-content\/uploads\/sites\/14\/2019\/09\/dc5b2989-1ceb-4b81-b739-eddeb1086dd2-300x289.jpg 300w, https:\/\/blog.panrotas.com.br\/direto-do-sul\/wp-content\/uploads\/sites\/14\/2019\/09\/dc5b2989-1ceb-4b81-b739-eddeb1086dd2-768x741.jpg 768w, https:\/\/blog.panrotas.com.br\/direto-do-sul\/wp-content\/uploads\/sites\/14\/2019\/09\/dc5b2989-1ceb-4b81-b739-eddeb1086dd2-740x714.jpg 740w\" sizes=\"(max-width: 960px) 100vw, 960px\" \/><\/figure>\n\n\n\n<p><strong>VENCEDORES DO 47\u00ba\nFESTIVAL DE CINEMA DE GRAMADO<\/strong><\/p>\n\n\n\n<p><strong>Longas Brasileiros<\/strong><\/p>\n\n\n\n<p>Melhor Filme: \u201cPacarrete\u201d, de Allan Deberton<\/p>\n\n\n\n<p>Melhor Dire\u00e7\u00e3o: Allan Deberton, \u201cPacarrete\u201d<\/p>\n\n\n\n<p>Melhor Ator: Paulo Miklos, em \u201cO Homem Cordial\u201d<\/p>\n\n\n\n<p>Melhor Atriz: Marc\u00e9lia Cartaxo, em \u201cPacarrete\u201d<\/p>\n\n\n\n<p>Melhor Roteiro: Allan Deberton, Andr\u00e9 Ara\u00fajo, Nat\u00e1lia Maia e\nSamuel Brasileiro, por \u201cPacarrete\u201d<\/p>\n\n\n\n<p>Melhor Fotografia: Edu Rabin, por \u201cRaia 4\u201d<\/p>\n\n\n\n<p>Melhor Montagem: Joana Collier e Fernanda Krumel, por \u201cHebe\u201d<\/p>\n\n\n\n<p>Melhor Trilha Musical: Sascha Kratzer, por \u201cO Homem Cordial\u201d<\/p>\n\n\n\n<p>Melhor Dire\u00e7\u00e3o de Arte: Tul\u00e9 Peake, por \u201cVeneza\u201d<\/p>\n\n\n\n<p>Melhor Atriz Coadjuvante: Carol Castro, em \u201cVeneza\u201d e Soia\nLira, em \u201cPacarrete\u201d<\/p>\n\n\n\n<p>Melhor Ator Coadjuvante: Jo\u00e3o Miguel, em \u201cPacarrete\u201d<\/p>\n\n\n\n<p>Melhor Desenho de Som: Rodrigo Ferrante e Cau\u00ea Cust\u00f3dio, por\n\u201cPacarrete\u201d<\/p>\n\n\n\n<p>Pr\u00eamio especial do J\u00fari: \u201c30 Anos Blues\u201d<\/p>\n\n\n\n<p>J\u00fari da Cr\u00edtica: \u201cRaia 4\u201d, de Emiliano Cunha<\/p>\n\n\n\n<p>Melhor filme do J\u00fari Popular: \u201cPacarrete\u201d, de Allan Deberton<\/p>\n\n\n\n<p><strong>Longas estrangeiros<\/strong><\/p>\n\n\n\n<p>Melhor Filme: \u201cEl Despertar de Las Hormigas\u201d, de Antonella\nSudasassi Furnis<\/p>\n\n\n\n<p>Melhor Dire\u00e7\u00e3o: Juan C\u00e1ceres, por \u201cPerro Bomba\u201d<\/p>\n\n\n\n<p>Melhor Ator: Fernando Arze, em \u201cMuralla\u201d<\/p>\n\n\n\n<p>Melhor Atriz: Julieta D\u00edaz, \u201cLa forma de las horas\u201d<\/p>\n\n\n\n<p>Melhor Roteiro: Bernardo e Rafael Antonaccio, por \u201cEn el\nPozo\u201d<\/p>\n\n\n\n<p>Melhor Fotografia: Rafael Antonaccio, por \u201cEn el Pozo\u201d<\/p>\n\n\n\n<p>Pr\u00eamio especial do j\u00fari: para as meninas Isabella Moscoso e\nAvril Alpizar do filme \u201cEl despertar de las hormigas\u2019, por suas excelentes\natua\u00e7\u00f5es. <\/p>\n\n\n\n<p>Men\u00e7\u00e3o Honrosa: para a dire\u00e7\u00e3o de arte de \u201cDos Fridas\u201d<\/p>\n\n\n\n<p>J\u00fari da Cr\u00edtica: \u201cEl Despertar de Las Hormigas\u201d, de Antonella\nSudasassi Furnis<\/p>\n\n\n\n<p>Melhor filme J\u00fari Popular: \u201cPerro Bomba\u201d, de Juan C\u00e1ceres<\/p>\n\n\n\n<p><strong>Longas Ga\u00fachos<\/strong><\/p>\n\n\n\n<p>Melhor filme: Raia 4, de Emiliano Cunha<\/p>\n\n\n\n<p><strong>Curtas Brasileiros<\/strong><\/p>\n\n\n\n<p>Melhor Filme: \u201cApneia\u201d, de Carol Sakura e Walkir Fernandes<\/p>\n\n\n\n<p>Melhor Dire\u00e7\u00e3o: Diogo Leite, por \u201cO Menino P\u00e1ssaro\u201d<\/p>\n\n\n\n<p>Melhor Ator: R\u00f4mulo Braga, em \u201cMarie\u201d<\/p>\n\n\n\n<p>Melhor Atriz: Cassia Damasceno, em \u201cMulher que Sou\u201d<\/p>\n\n\n\n<p>Melhor Roteiro: Renata Diniz, por \u201cO V\u00e9u de Armani\u201d<\/p>\n\n\n\n<p>Melhor Fotografia: Sebastian Cantillo, por \u201cA \u00c9tica das\nHienas\u201d<\/p>\n\n\n\n<p>Melhor Montagem: Daniel Sena e Thiago Foresti, por \u201cInvas\u00e3o\nEspacial&#8221;<\/p>\n\n\n\n<p>Melhor Trilha Musical: Carlos Gomes, em \u201cTeoria Sobre Um\nPlaneta Estranho\u201d<\/p>\n\n\n\n<p>Melhor Dire\u00e7\u00e3o de Arte: Gutor BR, por \u201cSangro\u201d<\/p>\n\n\n\n<p>Melhor Desenho de Som: Gustavo Soesi, \u201cUm Tempo S\u00f3\u201d<\/p>\n\n\n\n<p>Pr\u00eamio especial do j\u00fari: para as atrizes Divina Val\u00e9ria e\nWallie Ruy, em \u201cMarie\u201d, por nos permitirem vivenciar deslocamentos corporais\ninesperados e por imaginarem um futuro travesti num pa\u00eds que mais mata trans no\nmundo. <\/p>\n\n\n\n<p>J\u00fari da Cr\u00edtica: \u201cMarie\u201d, de Leo Tabosa<\/p>\n\n\n\n<p>Melhor Filme J\u00fari Popular: \u201cTeoria Sobre Um Planeta\nEstranho\u201d, de Marco Ant\u00f4nio Pereira<\/p>\n\n\n\n<p>Men\u00e7\u00e3o Honrosa: a Ester Amanda Schafe, de \u201cA Pedra\u201d, pela\nvigorosa interpreta\u00e7\u00e3o e pelo talento promissor que revela.<\/p>\n\n\n\n<p>Pr\u00eamio Aquisi\u00e7\u00e3o Canal Brasil: \u201cMarie\u201d, de Leo Tabosa<\/p>\n\n\n\n<figure class=\"wp-block-image\"><img loading=\"lazy\" width=\"936\" height=\"550\" src=\"http:\/\/blog.panrotas.com.br\/direto-do-sul\/wp-content\/uploads\/sites\/14\/2019\/09\/tn_47ofestcinemagramado_13169.jpg\" alt=\"\" class=\"wp-image-872\" srcset=\"https:\/\/blog.panrotas.com.br\/direto-do-sul\/wp-content\/uploads\/sites\/14\/2019\/09\/tn_47ofestcinemagramado_13169.jpg 936w, https:\/\/blog.panrotas.com.br\/direto-do-sul\/wp-content\/uploads\/sites\/14\/2019\/09\/tn_47ofestcinemagramado_13169-300x176.jpg 300w, https:\/\/blog.panrotas.com.br\/direto-do-sul\/wp-content\/uploads\/sites\/14\/2019\/09\/tn_47ofestcinemagramado_13169-768x451.jpg 768w, https:\/\/blog.panrotas.com.br\/direto-do-sul\/wp-content\/uploads\/sites\/14\/2019\/09\/tn_47ofestcinemagramado_13169-740x435.jpg 740w\" sizes=\"(max-width: 936px) 100vw, 936px\" \/><\/figure>\n\n\n\n<p><strong>Fotos: PressPhoto\/Divulga\u00e7\u00e3o<\/strong><\/p>\n\n\n\n<p><em>Conte\u00fado produzido em parceria com a jornalista Adriana Silveira (@buenaviagem)<\/em><\/p>\n","protected":false},"excerpt":{"rendered":"<p>Oi gente! Tudo bem? Gramado est\u00e1 a mil por conta de mais uma edi\u00e7\u00e3o do Festival de Cinema. Diretores, atores, produtores e o p\u00fablico fazem desse um dos eventos consagrados de Gramado, concentrando os olhares da m\u00eddia nacional e internacional durante a sua realiza\u00e7\u00e3o. Vou resumir aqui tudo o que esse evento lindo proporciona para&hellip; <a class=\"more-link\" href=\"https:\/\/blog.panrotas.com.br\/direto-do-sul\/2019\/09\/08\/filmes-debates-e-muito-agito-no-47o-festival-de-cinema-de-gramado\/\">Continue reading &rarr;<\/a><\/p>\n","protected":false},"author":17,"featured_media":0,"comment_status":"open","ping_status":"open","sticky":false,"template":"","format":"standard","meta":{"spay_email":""},"categories":[2],"tags":[],"yoast_head":"<!-- This site is optimized with the Yoast SEO plugin v17.3 - https:\/\/yoast.com\/wordpress\/plugins\/seo\/ -->\n<title>Filmes, debates e muito agito no 47\u00ba Festival de Cinema de Gramado - Direto do Sul<\/title>\n<meta name=\"robots\" content=\"index, follow, max-snippet:-1, max-image-preview:large, max-video-preview:-1\" \/>\n<link rel=\"canonical\" href=\"https:\/\/blog.panrotas.com.br\/direto-do-sul\/2019\/09\/08\/filmes-debates-e-muito-agito-no-47o-festival-de-cinema-de-gramado\/\" \/>\n<meta property=\"og:locale\" content=\"pt_BR\" \/>\n<meta property=\"og:type\" content=\"article\" \/>\n<meta property=\"og:title\" content=\"Filmes, debates e muito agito no 47\u00ba Festival de Cinema de Gramado - Direto do Sul\" \/>\n<meta property=\"og:description\" content=\"Oi gente! Tudo bem? Gramado est\u00e1 a mil por conta de mais uma edi\u00e7\u00e3o do Festival de Cinema. Diretores, atores, produtores e o p\u00fablico fazem desse um dos eventos consagrados de Gramado, concentrando os olhares da m\u00eddia nacional e internacional durante a sua realiza\u00e7\u00e3o. Vou resumir aqui tudo o que esse evento lindo proporciona para&hellip; Continue reading &rarr;\" \/>\n<meta property=\"og:url\" content=\"https:\/\/blog.panrotas.com.br\/direto-do-sul\/2019\/09\/08\/filmes-debates-e-muito-agito-no-47o-festival-de-cinema-de-gramado\/\" \/>\n<meta property=\"og:site_name\" content=\"Direto do Sul\" \/>\n<meta property=\"article:published_time\" content=\"2019-09-08T19:24:18+00:00\" \/>\n<meta property=\"article:modified_time\" content=\"2019-09-08T19:27:53+00:00\" \/>\n<meta property=\"og:image\" content=\"http:\/\/blog.panrotas.com.br\/direto-do-sul\/wp-content\/uploads\/sites\/14\/2019\/09\/tn_42ofestcinemagramado___28.jpg\" \/>\n<meta name=\"twitter:card\" content=\"summary_large_image\" \/>\n<meta name=\"twitter:label1\" content=\"Escrito por\" \/>\n\t<meta name=\"twitter:data1\" content=\"Any Brocker\" \/>\n\t<meta name=\"twitter:label2\" content=\"Est. tempo de leitura\" \/>\n\t<meta name=\"twitter:data2\" content=\"8 minutos\" \/>\n<script type=\"application\/ld+json\" class=\"yoast-schema-graph\">{\"@context\":\"https:\/\/schema.org\",\"@graph\":[{\"@type\":\"WebSite\",\"@id\":\"https:\/\/blog.panrotas.com.br\/direto-do-sul\/#website\",\"url\":\"https:\/\/blog.panrotas.com.br\/direto-do-sul\/\",\"name\":\"Direto do Sul\",\"description\":\"Blogosfera PANROTAS\",\"potentialAction\":[{\"@type\":\"SearchAction\",\"target\":{\"@type\":\"EntryPoint\",\"urlTemplate\":\"https:\/\/blog.panrotas.com.br\/direto-do-sul\/?s={search_term_string}\"},\"query-input\":\"required name=search_term_string\"}],\"inLanguage\":\"pt-BR\"},{\"@type\":\"ImageObject\",\"@id\":\"https:\/\/blog.panrotas.com.br\/direto-do-sul\/2019\/09\/08\/filmes-debates-e-muito-agito-no-47o-festival-de-cinema-de-gramado\/#primaryimage\",\"inLanguage\":\"pt-BR\",\"url\":\"http:\/\/blog.panrotas.com.br\/direto-do-sul\/wp-content\/uploads\/sites\/14\/2019\/09\/tn_42ofestcinemagramado___28.jpg\",\"contentUrl\":\"http:\/\/blog.panrotas.com.br\/direto-do-sul\/wp-content\/uploads\/sites\/14\/2019\/09\/tn_42ofestcinemagramado___28.jpg\"},{\"@type\":\"WebPage\",\"@id\":\"https:\/\/blog.panrotas.com.br\/direto-do-sul\/2019\/09\/08\/filmes-debates-e-muito-agito-no-47o-festival-de-cinema-de-gramado\/#webpage\",\"url\":\"https:\/\/blog.panrotas.com.br\/direto-do-sul\/2019\/09\/08\/filmes-debates-e-muito-agito-no-47o-festival-de-cinema-de-gramado\/\",\"name\":\"Filmes, debates e muito agito no 47\\u00ba Festival de Cinema de Gramado - Direto do Sul\",\"isPartOf\":{\"@id\":\"https:\/\/blog.panrotas.com.br\/direto-do-sul\/#website\"},\"primaryImageOfPage\":{\"@id\":\"https:\/\/blog.panrotas.com.br\/direto-do-sul\/2019\/09\/08\/filmes-debates-e-muito-agito-no-47o-festival-de-cinema-de-gramado\/#primaryimage\"},\"datePublished\":\"2019-09-08T19:24:18+00:00\",\"dateModified\":\"2019-09-08T19:27:53+00:00\",\"author\":{\"@id\":\"https:\/\/blog.panrotas.com.br\/direto-do-sul\/#\/schema\/person\/a03f4d5e2d6cd37a874f986e07f47268\"},\"breadcrumb\":{\"@id\":\"https:\/\/blog.panrotas.com.br\/direto-do-sul\/2019\/09\/08\/filmes-debates-e-muito-agito-no-47o-festival-de-cinema-de-gramado\/#breadcrumb\"},\"inLanguage\":\"pt-BR\",\"potentialAction\":[{\"@type\":\"ReadAction\",\"target\":[\"https:\/\/blog.panrotas.com.br\/direto-do-sul\/2019\/09\/08\/filmes-debates-e-muito-agito-no-47o-festival-de-cinema-de-gramado\/\"]}]},{\"@type\":\"BreadcrumbList\",\"@id\":\"https:\/\/blog.panrotas.com.br\/direto-do-sul\/2019\/09\/08\/filmes-debates-e-muito-agito-no-47o-festival-de-cinema-de-gramado\/#breadcrumb\",\"itemListElement\":[{\"@type\":\"ListItem\",\"position\":1,\"name\":\"In\\u00edcio\",\"item\":\"https:\/\/blog.panrotas.com.br\/direto-do-sul\/\"},{\"@type\":\"ListItem\",\"position\":2,\"name\":\"Filmes, debates e muito agito no 47\\u00ba Festival de Cinema de Gramado\"}]},{\"@type\":\"Person\",\"@id\":\"https:\/\/blog.panrotas.com.br\/direto-do-sul\/#\/schema\/person\/a03f4d5e2d6cd37a874f986e07f47268\",\"name\":\"Any Brocker\",\"image\":{\"@type\":\"ImageObject\",\"@id\":\"https:\/\/blog.panrotas.com.br\/direto-do-sul\/#personlogo\",\"inLanguage\":\"pt-BR\",\"url\":\"https:\/\/secure.gravatar.com\/avatar\/5ef47ea7f1094e49c2aec16a7917fdd9?s=96&d=mm&r=g\",\"contentUrl\":\"https:\/\/secure.gravatar.com\/avatar\/5ef47ea7f1094e49c2aec16a7917fdd9?s=96&d=mm&r=g\",\"caption\":\"Any Brocker\"},\"sameAs\":[\"https:\/\/blog.panrotas.com.br\/direto-do-sul\"],\"url\":\"https:\/\/blog.panrotas.com.br\/direto-do-sul\/author\/adriane\/\"}]}<\/script>\n<!-- \/ Yoast SEO plugin. -->","yoast_head_json":{"title":"Filmes, debates e muito agito no 47\u00ba Festival de Cinema de Gramado - Direto do Sul","robots":{"index":"index","follow":"follow","max-snippet":"max-snippet:-1","max-image-preview":"max-image-preview:large","max-video-preview":"max-video-preview:-1"},"canonical":"https:\/\/blog.panrotas.com.br\/direto-do-sul\/2019\/09\/08\/filmes-debates-e-muito-agito-no-47o-festival-de-cinema-de-gramado\/","og_locale":"pt_BR","og_type":"article","og_title":"Filmes, debates e muito agito no 47\u00ba Festival de Cinema de Gramado - Direto do Sul","og_description":"Oi gente! Tudo bem? Gramado est\u00e1 a mil por conta de mais uma edi\u00e7\u00e3o do Festival de Cinema. Diretores, atores, produtores e o p\u00fablico fazem desse um dos eventos consagrados de Gramado, concentrando os olhares da m\u00eddia nacional e internacional durante a sua realiza\u00e7\u00e3o. Vou resumir aqui tudo o que esse evento lindo proporciona para&hellip; Continue reading &rarr;","og_url":"https:\/\/blog.panrotas.com.br\/direto-do-sul\/2019\/09\/08\/filmes-debates-e-muito-agito-no-47o-festival-de-cinema-de-gramado\/","og_site_name":"Direto do Sul","article_published_time":"2019-09-08T19:24:18+00:00","article_modified_time":"2019-09-08T19:27:53+00:00","og_image":[{"url":"http:\/\/blog.panrotas.com.br\/direto-do-sul\/wp-content\/uploads\/sites\/14\/2019\/09\/tn_42ofestcinemagramado___28.jpg"}],"twitter_card":"summary_large_image","twitter_misc":{"Escrito por":"Any Brocker","Est. tempo de leitura":"8 minutos"},"schema":{"@context":"https:\/\/schema.org","@graph":[{"@type":"WebSite","@id":"https:\/\/blog.panrotas.com.br\/direto-do-sul\/#website","url":"https:\/\/blog.panrotas.com.br\/direto-do-sul\/","name":"Direto do Sul","description":"Blogosfera PANROTAS","potentialAction":[{"@type":"SearchAction","target":{"@type":"EntryPoint","urlTemplate":"https:\/\/blog.panrotas.com.br\/direto-do-sul\/?s={search_term_string}"},"query-input":"required name=search_term_string"}],"inLanguage":"pt-BR"},{"@type":"ImageObject","@id":"https:\/\/blog.panrotas.com.br\/direto-do-sul\/2019\/09\/08\/filmes-debates-e-muito-agito-no-47o-festival-de-cinema-de-gramado\/#primaryimage","inLanguage":"pt-BR","url":"http:\/\/blog.panrotas.com.br\/direto-do-sul\/wp-content\/uploads\/sites\/14\/2019\/09\/tn_42ofestcinemagramado___28.jpg","contentUrl":"http:\/\/blog.panrotas.com.br\/direto-do-sul\/wp-content\/uploads\/sites\/14\/2019\/09\/tn_42ofestcinemagramado___28.jpg"},{"@type":"WebPage","@id":"https:\/\/blog.panrotas.com.br\/direto-do-sul\/2019\/09\/08\/filmes-debates-e-muito-agito-no-47o-festival-de-cinema-de-gramado\/#webpage","url":"https:\/\/blog.panrotas.com.br\/direto-do-sul\/2019\/09\/08\/filmes-debates-e-muito-agito-no-47o-festival-de-cinema-de-gramado\/","name":"Filmes, debates e muito agito no 47\u00ba Festival de Cinema de Gramado - Direto do Sul","isPartOf":{"@id":"https:\/\/blog.panrotas.com.br\/direto-do-sul\/#website"},"primaryImageOfPage":{"@id":"https:\/\/blog.panrotas.com.br\/direto-do-sul\/2019\/09\/08\/filmes-debates-e-muito-agito-no-47o-festival-de-cinema-de-gramado\/#primaryimage"},"datePublished":"2019-09-08T19:24:18+00:00","dateModified":"2019-09-08T19:27:53+00:00","author":{"@id":"https:\/\/blog.panrotas.com.br\/direto-do-sul\/#\/schema\/person\/a03f4d5e2d6cd37a874f986e07f47268"},"breadcrumb":{"@id":"https:\/\/blog.panrotas.com.br\/direto-do-sul\/2019\/09\/08\/filmes-debates-e-muito-agito-no-47o-festival-de-cinema-de-gramado\/#breadcrumb"},"inLanguage":"pt-BR","potentialAction":[{"@type":"ReadAction","target":["https:\/\/blog.panrotas.com.br\/direto-do-sul\/2019\/09\/08\/filmes-debates-e-muito-agito-no-47o-festival-de-cinema-de-gramado\/"]}]},{"@type":"BreadcrumbList","@id":"https:\/\/blog.panrotas.com.br\/direto-do-sul\/2019\/09\/08\/filmes-debates-e-muito-agito-no-47o-festival-de-cinema-de-gramado\/#breadcrumb","itemListElement":[{"@type":"ListItem","position":1,"name":"In\u00edcio","item":"https:\/\/blog.panrotas.com.br\/direto-do-sul\/"},{"@type":"ListItem","position":2,"name":"Filmes, debates e muito agito no 47\u00ba Festival de Cinema de Gramado"}]},{"@type":"Person","@id":"https:\/\/blog.panrotas.com.br\/direto-do-sul\/#\/schema\/person\/a03f4d5e2d6cd37a874f986e07f47268","name":"Any Brocker","image":{"@type":"ImageObject","@id":"https:\/\/blog.panrotas.com.br\/direto-do-sul\/#personlogo","inLanguage":"pt-BR","url":"https:\/\/secure.gravatar.com\/avatar\/5ef47ea7f1094e49c2aec16a7917fdd9?s=96&d=mm&r=g","contentUrl":"https:\/\/secure.gravatar.com\/avatar\/5ef47ea7f1094e49c2aec16a7917fdd9?s=96&d=mm&r=g","caption":"Any Brocker"},"sameAs":["https:\/\/blog.panrotas.com.br\/direto-do-sul"],"url":"https:\/\/blog.panrotas.com.br\/direto-do-sul\/author\/adriane\/"}]}},"jetpack_featured_media_url":"","_links":{"self":[{"href":"https:\/\/blog.panrotas.com.br\/direto-do-sul\/wp-json\/wp\/v2\/posts\/855"}],"collection":[{"href":"https:\/\/blog.panrotas.com.br\/direto-do-sul\/wp-json\/wp\/v2\/posts"}],"about":[{"href":"https:\/\/blog.panrotas.com.br\/direto-do-sul\/wp-json\/wp\/v2\/types\/post"}],"author":[{"embeddable":true,"href":"https:\/\/blog.panrotas.com.br\/direto-do-sul\/wp-json\/wp\/v2\/users\/17"}],"replies":[{"embeddable":true,"href":"https:\/\/blog.panrotas.com.br\/direto-do-sul\/wp-json\/wp\/v2\/comments?post=855"}],"version-history":[{"count":2,"href":"https:\/\/blog.panrotas.com.br\/direto-do-sul\/wp-json\/wp\/v2\/posts\/855\/revisions"}],"predecessor-version":[{"id":881,"href":"https:\/\/blog.panrotas.com.br\/direto-do-sul\/wp-json\/wp\/v2\/posts\/855\/revisions\/881"}],"wp:attachment":[{"href":"https:\/\/blog.panrotas.com.br\/direto-do-sul\/wp-json\/wp\/v2\/media?parent=855"}],"wp:term":[{"taxonomy":"category","embeddable":true,"href":"https:\/\/blog.panrotas.com.br\/direto-do-sul\/wp-json\/wp\/v2\/categories?post=855"},{"taxonomy":"post_tag","embeddable":true,"href":"https:\/\/blog.panrotas.com.br\/direto-do-sul\/wp-json\/wp\/v2\/tags?post=855"}],"curies":[{"name":"wp","href":"https:\/\/api.w.org\/{rel}","templated":true}]}}