{"id":965,"date":"2020-08-07T10:15:07","date_gmt":"2020-08-07T13:15:07","guid":{"rendered":"http:\/\/blog.panrotas.com.br\/direto-do-sul\/?p=965"},"modified":"2020-08-07T10:18:30","modified_gmt":"2020-08-07T13:18:30","slug":"tour-de-patinete-eletrico-em-gramado","status":"publish","type":"post","link":"https:\/\/blog.panrotas.com.br\/direto-do-sul\/2020\/08\/07\/tour-de-patinete-eletrico-em-gramado\/","title":{"rendered":"TOUR DE PATINETE EL\u00c9TRICO EM GRAMADO"},"content":{"rendered":"\n<p>Oi gente! Hoje trago pra voc\u00eas uma novidade quentinha que acabamos de lan\u00e7ar. <br>Todos sabem que Gramado \u00e9 linda de percorrer a p\u00e9, n\u00e3o \u00e9 mesmo? Por que n\u00e3o com a agilidade do patinete el\u00e9trico, em um tour com acompanhamento de guia de turismo?  <\/p>\n\n\n\n<figure class=\"wp-block-gallery columns-1 is-cropped\"><ul class=\"blocks-gallery-grid\"><li class=\"blocks-gallery-item\"><figure><img loading=\"lazy\" width=\"1024\" height=\"768\" src=\"https:\/\/blog.panrotas.com.br\/direto-do-sul\/wp-content\/uploads\/sites\/14\/2020\/08\/img_6670-1024x768.jpg\" alt=\"\" data-id=\"966\" data-full-url=\"https:\/\/blog.panrotas.com.br\/direto-do-sul\/wp-content\/uploads\/sites\/14\/2020\/08\/img_6670.jpg\" data-link=\"https:\/\/blog.panrotas.com.br\/direto-do-sul\/?attachment_id=966\" class=\"wp-image-966\" srcset=\"https:\/\/blog.panrotas.com.br\/direto-do-sul\/wp-content\/uploads\/sites\/14\/2020\/08\/img_6670-1024x768.jpg 1024w, https:\/\/blog.panrotas.com.br\/direto-do-sul\/wp-content\/uploads\/sites\/14\/2020\/08\/img_6670-300x225.jpg 300w, https:\/\/blog.panrotas.com.br\/direto-do-sul\/wp-content\/uploads\/sites\/14\/2020\/08\/img_6670-768x576.jpg 768w, https:\/\/blog.panrotas.com.br\/direto-do-sul\/wp-content\/uploads\/sites\/14\/2020\/08\/img_6670-1536x1152.jpg 1536w, https:\/\/blog.panrotas.com.br\/direto-do-sul\/wp-content\/uploads\/sites\/14\/2020\/08\/img_6670-740x555.jpg 740w, https:\/\/blog.panrotas.com.br\/direto-do-sul\/wp-content\/uploads\/sites\/14\/2020\/08\/img_6670.jpg 2048w\" sizes=\"(max-width: 1024px) 100vw, 1024px\" \/><\/figure><\/li><\/ul><figcaption class=\"blocks-gallery-caption\">Um passeio divertido pelos pontos mais badalos de Gramado! <\/figcaption><\/figure>\n\n\n\n<p> <\/p>\n\n\n\n<p>A Brocker Turismo est\u00e1 lan\u00e7ando essa op\u00e7\u00e3o ecologicamente correta e divertida de conhecer e saber detalhes de famosas atra\u00e7\u00f5es da cidade mais europeia da Serra Ga\u00facha. <br><br>Depois de um treinamento b\u00e1sico sobre o patinete, inicia o roteiro que passa pela Avenida Borges de Medeiros, Rua&nbsp;Torta, Lago Negro, Bairro Planalto, Lago Joaquina Rita Bier, R\u00f3tula das Bandeiras e Pra\u00e7a das Etnias. Ao longo do percurso, a hist\u00f3ria de Gramado ir\u00e1 sendo tra\u00e7ada e a galeria, com belas fotos para suas recorda\u00e7\u00f5es,sendo constru\u00edda.<\/p>\n\n\n\n<ul><li> <strong>Tempo de dura\u00e7\u00e3o:<\/strong> Aproximadamente 2 horas (20 minutos de instru\u00e7\u00f5es + 100 minutos de passeio). <\/li><li> <strong>Dias em que ocorre: <\/strong>Sextas e s\u00e1bados \u2013 Sa\u00edda de manh\u00e3: 9h \/ Sa\u00edda \u00e0 tarde: 16h. <br><\/li><\/ul>\n\n\n\n<figure class=\"wp-block-image size-large\"><img loading=\"lazy\" width=\"1024\" height=\"768\" src=\"https:\/\/blog.panrotas.com.br\/direto-do-sul\/wp-content\/uploads\/sites\/14\/2020\/08\/img_6608-1024x768.jpg\" alt=\"\" class=\"wp-image-967\" srcset=\"https:\/\/blog.panrotas.com.br\/direto-do-sul\/wp-content\/uploads\/sites\/14\/2020\/08\/img_6608-1024x768.jpg 1024w, https:\/\/blog.panrotas.com.br\/direto-do-sul\/wp-content\/uploads\/sites\/14\/2020\/08\/img_6608-300x225.jpg 300w, https:\/\/blog.panrotas.com.br\/direto-do-sul\/wp-content\/uploads\/sites\/14\/2020\/08\/img_6608-768x576.jpg 768w, https:\/\/blog.panrotas.com.br\/direto-do-sul\/wp-content\/uploads\/sites\/14\/2020\/08\/img_6608-1536x1152.jpg 1536w, https:\/\/blog.panrotas.com.br\/direto-do-sul\/wp-content\/uploads\/sites\/14\/2020\/08\/img_6608-740x555.jpg 740w, https:\/\/blog.panrotas.com.br\/direto-do-sul\/wp-content\/uploads\/sites\/14\/2020\/08\/img_6608.jpg 2048w\" sizes=\"(max-width: 1024px) 100vw, 1024px\" \/><\/figure>\n\n\n\n<h4>O que a atividade inclui:<\/h4>\n\n\n\n<ul><li>  Loca\u00e7\u00e3o do&nbsp;patinete&nbsp;el\u00e9trico \u2013 partindo do ponto de encontro indicado;<\/li><li> Acompanhamento de guia;<\/li><li> Touca descart\u00e1vel;<\/li><li> Capacete.<\/li><\/ul>\n\n\n\n<h4>A atividade n\u00e3o inclui:<\/h4>\n\n\n\n<ul><li> Transporte ao ponto de sa\u00edda do passeio &#8211; Loja Brocker Turismo Gramado (Av. das Hort\u00eansias, 1845,  no centro de Gramado.<\/li><li> Bebidas e refei\u00e7\u00f5es. <\/li><\/ul>\n\n\n\n<figure class=\"wp-block-gallery columns-1 is-cropped\"><ul class=\"blocks-gallery-grid\"><li class=\"blocks-gallery-item\"><figure><img loading=\"lazy\" width=\"1024\" height=\"768\" src=\"https:\/\/blog.panrotas.com.br\/direto-do-sul\/wp-content\/uploads\/sites\/14\/2020\/08\/img_6703-1024x768.jpg\" alt=\"\" data-id=\"969\" data-full-url=\"https:\/\/blog.panrotas.com.br\/direto-do-sul\/wp-content\/uploads\/sites\/14\/2020\/08\/img_6703.jpg\" data-link=\"https:\/\/blog.panrotas.com.br\/direto-do-sul\/?attachment_id=969\" class=\"wp-image-969\" srcset=\"https:\/\/blog.panrotas.com.br\/direto-do-sul\/wp-content\/uploads\/sites\/14\/2020\/08\/img_6703-1024x768.jpg 1024w, https:\/\/blog.panrotas.com.br\/direto-do-sul\/wp-content\/uploads\/sites\/14\/2020\/08\/img_6703-300x225.jpg 300w, https:\/\/blog.panrotas.com.br\/direto-do-sul\/wp-content\/uploads\/sites\/14\/2020\/08\/img_6703-768x576.jpg 768w, https:\/\/blog.panrotas.com.br\/direto-do-sul\/wp-content\/uploads\/sites\/14\/2020\/08\/img_6703-1536x1152.jpg 1536w, https:\/\/blog.panrotas.com.br\/direto-do-sul\/wp-content\/uploads\/sites\/14\/2020\/08\/img_6703-740x555.jpg 740w, https:\/\/blog.panrotas.com.br\/direto-do-sul\/wp-content\/uploads\/sites\/14\/2020\/08\/img_6703.jpg 2048w\" sizes=\"(max-width: 1024px) 100vw, 1024px\" \/><\/figure><\/li><\/ul><figcaption class=\"blocks-gallery-caption\">Voc\u00ea pode contemplar a beleza natural de diversos pontos tur\u00edsticos, inclusive do Lago Negro!  Aproveite para tirar fotos lindas!<br><\/figcaption><\/figure>\n\n\n\n<p><\/p>\n\n\n\n<p>Curtiram a novidade? \ud83d\ude09<br>Entre em contato com nossa equipe para obter mais informa\u00e7\u00f5es. <\/p>\n\n\n\n<h2 class=\"has-text-color\" style=\"color:#ff0105\">ATUALIZA\u00c7\u00d5ES de bandeira de gramado e canela:<\/h2>\n\n\n\n<p style=\"background-color:#ffd106\" class=\"has-background\">N\u00e3o se esque\u00e7a de conferir as atualiza\u00e7\u00f5es da bandeira de Gramado e Canela neste momento de pandemia. As atualiza\u00e7\u00f5es semanais voc\u00ea confere <a href=\"https:\/\/blog.brockerturismo.com.br\/o-que-esta-aberto-em-gramado-e-canela-covid-19\/\"><strong>neste link,<\/strong><\/a> sempre mantendo as informa\u00e7\u00f5es completas de aberturas e protocolos de seguran\u00e7a.<\/p>\n\n\n\n<p><\/p>\n\n\n\n<h2>PROTOCOLOS DE SEGURAN\u00c7A DA BROCKER TURISMO &#8211; COVID-19 <\/h2>\n\n\n\n<p>A prioridade da Brocker sempre ser\u00e1 a seguran\u00e7a e bem-estar de seus passageiros, e neste momento t\u00e3o delicado n\u00e3o poderia ser diferente. Redobramos os cuidados e estipulamos protocolos para todas as equipes e pontos de atendimento.<\/p>\n\n\n\n<p>Confira abaixo as principais a\u00e7\u00f5es tomadas:<\/p>\n\n\n\n<figure class=\"wp-block-image\"><img src=\"https:\/\/blog.brockerturismo.com.br\/wp-content\/uploads\/2020\/05\/IMG_8713-1024x683.jpg\" alt=\"\" class=\"wp-image-1001\" \/><\/figure>\n\n\n\n<ul><li>Utiliza\u00e7\u00e3o obrigat\u00f3ria de&nbsp;<strong>m\u00e1scara&nbsp;<\/strong>por colaboradores e clientes.<\/li><li>Aferi\u00e7\u00e3o di\u00e1ria de&nbsp;<strong>temperatura corporal<\/strong>&nbsp;dos colaboradores e passageiros na chegada \u00e0 empresa, todo colaborador com mais de 37\u00baC ser\u00e1 dispensado do trabalho, assim como, qualquer colaborador\/passageiro que apresentar tosse seca, dor de garganta ou dificuldade respirat\u00f3ria ser\u00e1 dispensado e orientado a buscar atendimento m\u00e9dico.<\/li><li>As equipes devem manter a&nbsp;<strong>dist\u00e2ncia m\u00ednima de 1,5m<\/strong>&nbsp;entre colegas e clientes em todas as \u00e1reas da empresa.<\/li><li><strong>Dispenser com \u00e1lcool gel 70%<\/strong>&nbsp;estar\u00e3o dispon\u00edveis nos acessos da empresa.<\/li><\/ul>\n\n\n\n<p><strong>LOJAS CANELA \u2013 GRAMADO \u2013 PORTO ALEGRE<\/strong><\/p>\n\n\n\n<figure class=\"wp-block-image\"><img src=\"https:\/\/blog.brockerturismo.com.br\/wp-content\/uploads\/2020\/05\/IMG_8696-1-1024x683.jpg\" alt=\"\" class=\"wp-image-999\" \/><\/figure>\n\n\n\n<ul><li>Al\u00e9m do&nbsp;<strong>uso de m\u00e1scara<\/strong>&nbsp;como item obrigat\u00f3rio, a equipe estar\u00e1 equipada com o&nbsp;<strong>protetor facial.<\/strong><\/li><li>&nbsp;Pontos de atendimento fixos para cada colaborador a fim de manter a dist\u00e2ncia&nbsp;<strong>m\u00ednima de 1,5m<\/strong>&nbsp;entre colegas e clientes.<\/li><li>Uma porta da loja ser\u00e1 aberta com organiza\u00e7\u00e3o de fila \u00fanica e marca\u00e7\u00e3o no piso para orienta\u00e7\u00e3o de clientes com fita adesiva garantir\u00e3o o&nbsp;<strong>distanciamento de 1,5m entre os clientes e equipe.<\/strong><\/li><li>Equipe orientar\u00e1 aos clientes sobre a obrigatoriedade do&nbsp;<strong>uso de m\u00e1scara<\/strong>&nbsp;para a realiza\u00e7\u00e3o dos passeios no momento do atendimento.<\/li><li><strong>Dispenser de \u00e1lcool gel 70%<\/strong>&nbsp;estar\u00e3o dispon\u00edveis nos balc\u00f5es para uso de funcion\u00e1rios e clientes.<\/li><li><strong>Tapete sanitizante<\/strong>&nbsp;para cal\u00e7ados estar\u00e1 nas portas de acesso da loja para manter a higieniza\u00e7\u00e3o do espa\u00e7o e dar mais seguran\u00e7a a clientes e equipe.<\/li><li>Equipe realizar\u00e1&nbsp;<strong>higieniza\u00e7\u00e3o&nbsp;<\/strong>com \u00e1lcool l\u00edquido 70% de&nbsp;<strong>m\u00e1quinas<\/strong>,&nbsp;<strong>balc\u00e3o&nbsp;<\/strong>e&nbsp;<strong>demais itens utilizados<\/strong>&nbsp;a cada atendimento.<\/li><li>Marca\u00e7\u00e3o no ch\u00e3o da cal\u00e7ada para organiza\u00e7\u00e3o de fila da Parada Bustour de modo a assegurar a dist\u00e2ncia m\u00ednima de 1,5m<\/li><\/ul>\n\n\n\n<p><strong>OPERA\u00c7\u00c3O BROCKER TURISMO<\/strong><\/p>\n\n\n\n<figure class=\"wp-block-image\"><img src=\"https:\/\/blog.brockerturismo.com.br\/wp-content\/uploads\/2020\/05\/IMG_8688-1-1024x683.jpg\" alt=\"\" class=\"wp-image-1000\" \/><\/figure>\n\n\n\n<ul><li><strong>Utiliza\u00e7\u00e3o obrigat\u00f3ria de m\u00e1scara<\/strong>&nbsp;por colaboradores\/terceirizados e clientes.<\/li><li>Guia\/Motorista\/Terceirizados&nbsp;<strong>estar\u00e3o informando sobre a obrigatoriedade do uso da m\u00e1scara&nbsp;<\/strong>e sobre a higieniza\u00e7\u00e3o das m\u00e3os ao entrar e sair do ve\u00edculo.<\/li><li><strong>Uso de m\u00e1scara obrigat\u00f3ria para realiza\u00e7\u00e3o do passeio<\/strong>, cliente s\u00f3 pode embarcar utilizando o EPI.<\/li><li>Aferi\u00e7\u00e3o de&nbsp;<strong>temperatura corporal<\/strong>&nbsp;obrigat\u00f3ria no embarque de todos os servi\u00e7os da empresa. Clientes com temperatura superior a 37\u00baC ser\u00e3o orientados para buscar atendimento m\u00e9dico e n\u00e3o poder\u00e3o realizar o passeio.<\/li><li>Manter&nbsp;<strong>dist\u00e2ncia de 1,5m entre os passageiros<\/strong>, assentos intercalados e identificados para uso,&nbsp;<strong>garantindo apenas 50% de ocupa\u00e7\u00e3o<\/strong>.&nbsp;<strong>Primeira fileira&nbsp;<\/strong>n\u00e3o deve ser utilizada para garantir a dist\u00e2ncia do guia em rela\u00e7\u00e3o aos pax.<\/li><li>Equipe realizar\u00e1&nbsp;<strong>higieniza\u00e7\u00e3o&nbsp;<\/strong>com \u00e1lcool l\u00edquido 70% de&nbsp;<strong>m\u00e1quinas&nbsp;<\/strong>e&nbsp;<strong>materiais&nbsp;<\/strong>utilizados a cada atendimento.<\/li><li><strong>Dispenser com \u00e1lcool gel 70%<\/strong>&nbsp;na entrada da porta.<\/li><li>Sacos de lixo para&nbsp;<strong>descarte&nbsp;<\/strong>correto de m\u00e1scaras.<\/li><li>Orientar passageiros a&nbsp;<strong>n\u00e3o trocar de poltrona<\/strong>&nbsp;durante o passeio.<\/li><li><strong>Adesivos&nbsp;<\/strong>de&nbsp;<strong>orienta\u00e7\u00e3o&nbsp;<\/strong>sobre o Covid-19 nos ve\u00edculos.<\/li><li>Ao final do servi\u00e7o os&nbsp;<strong>ve\u00edculos devem ser higienizados<\/strong>&nbsp;externamente com produtos que impe\u00e7am a propaga\u00e7\u00e3o do v\u00edrus \u2013&nbsp;<strong>\u00e1lcool l\u00edquido 70%<\/strong>, solu\u00e7\u00e3o de&nbsp;<strong>\u00e1gua sanit\u00e1ria<\/strong>,&nbsp;<strong>quatern\u00e1rio de am\u00f4nio<\/strong>,&nbsp;<strong>biguanida&nbsp;<\/strong>ou&nbsp;<strong>glucoprotamina<\/strong>, ou outro&nbsp;<strong>desinfetante&nbsp;<\/strong>indicado para este fim, observando o procedimento operacional padr\u00e3o definido pelas autoridades sanit\u00e1rias;<\/li><li>A limpeza interna dos ve\u00edculos deve ocorrer sempre ao final do servi\u00e7o, devem ser&nbsp;<strong>higienizados todas as superf\u00edcies<\/strong>&nbsp;<strong>de toque<\/strong>&nbsp;como vidros, bancos, bala\u00fastres, pega-m\u00e3o, corrim\u00e3o e apoios em geral, com&nbsp;<strong>\u00e1lcool l\u00edquido 70%<\/strong>&nbsp;(setenta por cento),&nbsp;<strong>biguanida polim\u00e9rica<\/strong>,&nbsp;<strong>per\u00f3xido de hidrog\u00eanio<\/strong>&nbsp;e&nbsp;<strong>\u00e1cido perac\u00e9tico<\/strong>, ou outro&nbsp;<strong>desinfetante&nbsp;<\/strong>indicado para este fim e seguindo o procedimento operacional padr\u00e3o definido pelas autoridades sanit\u00e1rias. Ao final de cada servi\u00e7o os sacos de lixo devem ser recolhidos e descartados como lixo n\u00e3o recicl\u00e1vel.<\/li><li>Garantir a&nbsp;<strong>circula\u00e7\u00e3o de ar<\/strong>&nbsp;com janelas e al\u00e7ap\u00f5es de teto abertos para manter o ambiente arejado, sempre que poss\u00edvel. No caso de impossibilidade, dever\u00e1 manter&nbsp;<strong>higienizados os sistemas de ar condicionado<\/strong>&nbsp;e de ar renov\u00e1vel dos ve\u00edculos, com a substitui\u00e7\u00e3o dos respectivos filtros.<\/li><\/ul>\n\n\n\n<p><strong>OPERA\u00c7\u00c3O BUSTOUR<\/strong><\/p>\n\n\n\n<p><strong>Hor\u00e1rio de atendimento:<\/strong><br>A partir de 05 de Junho de sexta \u00e0 domingo. A partir de Julho de quinta \u00e0 domingo<\/p>\n\n\n\n<ul><li>Utiliza\u00e7\u00e3o&nbsp;<strong>obrigat\u00f3ria de m\u00e1scara<\/strong>&nbsp;por colaboradores\/terceirizados e clientes.<\/li><li>Equipe estar\u00e1 utilizando&nbsp;<strong>protetor facial<\/strong>&nbsp;pela equipe.<\/li><li><strong>Uso de m\u00e1scara obrigat\u00f3ria<\/strong>&nbsp;para realiza\u00e7\u00e3o do passeio (cliente s\u00f3 pode embarcar utilizando o EPI).<\/li><li>Aferi\u00e7\u00e3o de&nbsp;<strong>temperatura corporal&nbsp;<\/strong>obrigat\u00f3ria no embarque de todos os servi\u00e7os da empresa. Clientes com temperatura superior a 37\u00baC ser\u00e3o orientados para buscar atendimento m\u00e9dico e n\u00e3o poder\u00e3o realizar o passeio.<\/li><li>Aplicamos adesivos na entrada dos Bus com a&nbsp; informa\u00e7\u00e3o da&nbsp;<strong>obrigatoriedade&nbsp;<\/strong>do uso de m\u00e1scaras, assim como orienta\u00e7\u00f5es gerais do Covid-19.<\/li><li>Equipe ir\u00e1 orientar sobre a obrigatoriedade do<strong>&nbsp;uso da m\u00e1scara&nbsp;<\/strong>e sobre a&nbsp;<strong>higieniza\u00e7\u00e3o das m\u00e3os<\/strong>&nbsp;ao entrar e sair do ve\u00edculo.<\/li><li>Manter&nbsp;<strong>dist\u00e2ncia de 1,5m<\/strong>&nbsp;entre os passageiros, demarcando assentos dispon\u00edveis para uso e interditando os demais.<\/li><li><strong>Dispenser com \u00e1lcool gel<\/strong>&nbsp;70% nas entradas e dentro dos Bus;<\/li><li>Lixeira para&nbsp;<strong>descarte&nbsp;<\/strong>exclusivo de m\u00e1scaras;<\/li><li>Haver\u00e1&nbsp;<strong>vidros abertos<\/strong>&nbsp;no sal\u00e3o inferior bem como a lona no superior, permitindo a livre&nbsp;<strong>circula\u00e7\u00e3o de ar.<\/strong><\/li><li>Equipe realizar\u00e1&nbsp;<strong>higieniza\u00e7\u00e3o&nbsp;<\/strong>com \u00e1lcool l\u00edquido 70% de m\u00e1quinas e materiais utilizados a cada atendimento.<\/li><li>Equipe deve realizar&nbsp;<strong>higieniza\u00e7\u00e3o frequente<\/strong>&nbsp;dos corrim\u00e3os e \u00e1reas de contato (com \u00e1lcool 70%) durante o percurso.<\/li><li>A limpeza interna dos ve\u00edculos deve ocorrer sempre ao final do servi\u00e7o, devem ser&nbsp;<strong>higienizados todas as superf\u00edcies<\/strong>&nbsp;<strong>de toque<\/strong>&nbsp;como vidros, bancos, bala\u00fastres, pega-m\u00e3o, corrim\u00e3o e apoios em geral, com&nbsp;<strong>\u00e1lcool l\u00edquido 70%<\/strong>&nbsp;(setenta por cento),&nbsp;<strong>biguanida polim\u00e9rica<\/strong>,&nbsp;<strong>per\u00f3xido de hidrog\u00eanio<\/strong>&nbsp;e&nbsp;<strong>\u00e1cido perac\u00e9tico<\/strong>, ou outro&nbsp;<strong>desinfetante&nbsp;<\/strong>indicado para este fim e seguindo o procedimento operacional padr\u00e3o definido pelas autoridades sanit\u00e1rias. Ao final de cada servi\u00e7o os sacos de lixo devem ser recolhidos e descartados como lixo n\u00e3o recicl\u00e1vel.<\/li><li>Garantir a&nbsp;<strong>circula\u00e7\u00e3o de ar<\/strong>&nbsp;com janelas e al\u00e7ap\u00f5es de teto abertos para manter o ambiente arejado, sempre que poss\u00edvel. No caso de impossibilidade, dever\u00e1 manter&nbsp;<strong>higienizados os sistemas de ar condicionado<\/strong>&nbsp;e de ar renov\u00e1vel dos ve\u00edculos, com a substitui\u00e7\u00e3o dos respectivos filtros.<\/li><\/ul>\n\n\n\n<p>Em caso de d\u00favidas, entre em contato com nossa equipe atrav\u00e9s do e-mail <strong>brocker@brockerturismo.com.br <\/strong><\/p>\n","protected":false},"excerpt":{"rendered":"<p>Oi gente! Hoje trago pra voc\u00eas uma novidade quentinha que acabamos de lan\u00e7ar.<br \/>\nTodos sabem que Gramado \u00e9 linda de percorrer a p\u00e9, n\u00e3o \u00e9 mesmo? Por que n\u00e3o com a agilidade do patinete el\u00e9trico, em um tour com acompanhamento de guia de turismo?  Confere na nossa mat\u00e9ria! &hellip; <a class=\"more-link\" href=\"https:\/\/blog.panrotas.com.br\/direto-do-sul\/2020\/08\/07\/tour-de-patinete-eletrico-em-gramado\/\">Continue reading &rarr;<\/a><\/p>\n","protected":false},"author":17,"featured_media":968,"comment_status":"open","ping_status":"open","sticky":false,"template":"","format":"standard","meta":{"spay_email":""},"categories":[2],"tags":[],"yoast_head":"<!-- This site is optimized with the Yoast SEO plugin v17.3 - https:\/\/yoast.com\/wordpress\/plugins\/seo\/ -->\n<title>TOUR DE PATINETE EL\u00c9TRICO EM GRAMADO - Direto do Sul<\/title>\n<meta name=\"robots\" content=\"index, follow, max-snippet:-1, max-image-preview:large, max-video-preview:-1\" \/>\n<link rel=\"canonical\" href=\"http:\/\/blog.panrotas.com.br\/direto-do-sul\/2020\/08\/07\/tour-de-patinete-eletrico-em-gramado\/\" \/>\n<meta property=\"og:locale\" content=\"pt_BR\" \/>\n<meta property=\"og:type\" content=\"article\" \/>\n<meta property=\"og:title\" content=\"TOUR DE PATINETE EL\u00c9TRICO EM GRAMADO - Direto do Sul\" \/>\n<meta property=\"og:description\" content=\"Oi gente! Hoje trago pra voc\u00eas uma novidade quentinha que acabamos de lan\u00e7ar. Todos sabem que Gramado \u00e9 linda de percorrer a p\u00e9, n\u00e3o \u00e9 mesmo? Por que n\u00e3o com a agilidade do patinete el\u00e9trico, em um tour com acompanhamento de guia de turismo? Confere na nossa mat\u00e9ria! &hellip; Continue reading &rarr;\" \/>\n<meta property=\"og:url\" content=\"http:\/\/blog.panrotas.com.br\/direto-do-sul\/2020\/08\/07\/tour-de-patinete-eletrico-em-gramado\/\" \/>\n<meta property=\"og:site_name\" content=\"Direto do Sul\" \/>\n<meta property=\"article:published_time\" content=\"2020-08-07T13:15:07+00:00\" \/>\n<meta property=\"article:modified_time\" content=\"2020-08-07T13:18:30+00:00\" \/>\n<meta property=\"og:image\" content=\"http:\/\/blog.panrotas.com.br\/direto-do-sul\/wp-content\/uploads\/sites\/14\/2020\/08\/img_6626.jpeg\" \/>\n\t<meta property=\"og:image:width\" content=\"2048\" \/>\n\t<meta property=\"og:image:height\" content=\"1536\" \/>\n<meta name=\"twitter:card\" content=\"summary_large_image\" \/>\n<meta name=\"twitter:label1\" content=\"Escrito por\" \/>\n\t<meta name=\"twitter:data1\" content=\"Any Brocker\" \/>\n\t<meta name=\"twitter:label2\" content=\"Est. tempo de leitura\" \/>\n\t<meta name=\"twitter:data2\" content=\"8 minutos\" \/>\n<script type=\"application\/ld+json\" class=\"yoast-schema-graph\">{\"@context\":\"https:\/\/schema.org\",\"@graph\":[{\"@type\":\"WebSite\",\"@id\":\"https:\/\/blog.panrotas.com.br\/direto-do-sul\/#website\",\"url\":\"https:\/\/blog.panrotas.com.br\/direto-do-sul\/\",\"name\":\"Direto do Sul\",\"description\":\"Blogosfera PANROTAS\",\"potentialAction\":[{\"@type\":\"SearchAction\",\"target\":{\"@type\":\"EntryPoint\",\"urlTemplate\":\"https:\/\/blog.panrotas.com.br\/direto-do-sul\/?s={search_term_string}\"},\"query-input\":\"required name=search_term_string\"}],\"inLanguage\":\"pt-BR\"},{\"@type\":\"ImageObject\",\"@id\":\"http:\/\/blog.panrotas.com.br\/direto-do-sul\/2020\/08\/07\/tour-de-patinete-eletrico-em-gramado\/#primaryimage\",\"inLanguage\":\"pt-BR\",\"url\":\"https:\/\/blog.panrotas.com.br\/direto-do-sul\/wp-content\/uploads\/sites\/14\/2020\/08\/img_6626.jpeg\",\"contentUrl\":\"https:\/\/blog.panrotas.com.br\/direto-do-sul\/wp-content\/uploads\/sites\/14\/2020\/08\/img_6626.jpeg\",\"width\":2048,\"height\":1536,\"caption\":\"Tour de Patinete El\\u00e9trico em Gramado com a Brocker Turismo\"},{\"@type\":\"WebPage\",\"@id\":\"http:\/\/blog.panrotas.com.br\/direto-do-sul\/2020\/08\/07\/tour-de-patinete-eletrico-em-gramado\/#webpage\",\"url\":\"http:\/\/blog.panrotas.com.br\/direto-do-sul\/2020\/08\/07\/tour-de-patinete-eletrico-em-gramado\/\",\"name\":\"TOUR DE PATINETE EL\\u00c9TRICO EM GRAMADO - Direto do Sul\",\"isPartOf\":{\"@id\":\"https:\/\/blog.panrotas.com.br\/direto-do-sul\/#website\"},\"primaryImageOfPage\":{\"@id\":\"http:\/\/blog.panrotas.com.br\/direto-do-sul\/2020\/08\/07\/tour-de-patinete-eletrico-em-gramado\/#primaryimage\"},\"datePublished\":\"2020-08-07T13:15:07+00:00\",\"dateModified\":\"2020-08-07T13:18:30+00:00\",\"author\":{\"@id\":\"https:\/\/blog.panrotas.com.br\/direto-do-sul\/#\/schema\/person\/a03f4d5e2d6cd37a874f986e07f47268\"},\"breadcrumb\":{\"@id\":\"http:\/\/blog.panrotas.com.br\/direto-do-sul\/2020\/08\/07\/tour-de-patinete-eletrico-em-gramado\/#breadcrumb\"},\"inLanguage\":\"pt-BR\",\"potentialAction\":[{\"@type\":\"ReadAction\",\"target\":[\"http:\/\/blog.panrotas.com.br\/direto-do-sul\/2020\/08\/07\/tour-de-patinete-eletrico-em-gramado\/\"]}]},{\"@type\":\"BreadcrumbList\",\"@id\":\"http:\/\/blog.panrotas.com.br\/direto-do-sul\/2020\/08\/07\/tour-de-patinete-eletrico-em-gramado\/#breadcrumb\",\"itemListElement\":[{\"@type\":\"ListItem\",\"position\":1,\"name\":\"In\\u00edcio\",\"item\":\"https:\/\/blog.panrotas.com.br\/direto-do-sul\/\"},{\"@type\":\"ListItem\",\"position\":2,\"name\":\"TOUR DE PATINETE EL\\u00c9TRICO EM GRAMADO\"}]},{\"@type\":\"Person\",\"@id\":\"https:\/\/blog.panrotas.com.br\/direto-do-sul\/#\/schema\/person\/a03f4d5e2d6cd37a874f986e07f47268\",\"name\":\"Any Brocker\",\"image\":{\"@type\":\"ImageObject\",\"@id\":\"https:\/\/blog.panrotas.com.br\/direto-do-sul\/#personlogo\",\"inLanguage\":\"pt-BR\",\"url\":\"https:\/\/secure.gravatar.com\/avatar\/5ef47ea7f1094e49c2aec16a7917fdd9?s=96&d=mm&r=g\",\"contentUrl\":\"https:\/\/secure.gravatar.com\/avatar\/5ef47ea7f1094e49c2aec16a7917fdd9?s=96&d=mm&r=g\",\"caption\":\"Any Brocker\"},\"sameAs\":[\"https:\/\/blog.panrotas.com.br\/direto-do-sul\"],\"url\":\"https:\/\/blog.panrotas.com.br\/direto-do-sul\/author\/adriane\/\"}]}<\/script>\n<!-- \/ Yoast SEO plugin. -->","yoast_head_json":{"title":"TOUR DE PATINETE EL\u00c9TRICO EM GRAMADO - Direto do Sul","robots":{"index":"index","follow":"follow","max-snippet":"max-snippet:-1","max-image-preview":"max-image-preview:large","max-video-preview":"max-video-preview:-1"},"canonical":"http:\/\/blog.panrotas.com.br\/direto-do-sul\/2020\/08\/07\/tour-de-patinete-eletrico-em-gramado\/","og_locale":"pt_BR","og_type":"article","og_title":"TOUR DE PATINETE EL\u00c9TRICO EM GRAMADO - Direto do Sul","og_description":"Oi gente! Hoje trago pra voc\u00eas uma novidade quentinha que acabamos de lan\u00e7ar. Todos sabem que Gramado \u00e9 linda de percorrer a p\u00e9, n\u00e3o \u00e9 mesmo? Por que n\u00e3o com a agilidade do patinete el\u00e9trico, em um tour com acompanhamento de guia de turismo? Confere na nossa mat\u00e9ria! &hellip; Continue reading &rarr;","og_url":"http:\/\/blog.panrotas.com.br\/direto-do-sul\/2020\/08\/07\/tour-de-patinete-eletrico-em-gramado\/","og_site_name":"Direto do Sul","article_published_time":"2020-08-07T13:15:07+00:00","article_modified_time":"2020-08-07T13:18:30+00:00","og_image":[{"width":2048,"height":1536,"url":"http:\/\/blog.panrotas.com.br\/direto-do-sul\/wp-content\/uploads\/sites\/14\/2020\/08\/img_6626.jpeg","type":"image\/jpeg"}],"twitter_card":"summary_large_image","twitter_misc":{"Escrito por":"Any Brocker","Est. tempo de leitura":"8 minutos"},"schema":{"@context":"https:\/\/schema.org","@graph":[{"@type":"WebSite","@id":"https:\/\/blog.panrotas.com.br\/direto-do-sul\/#website","url":"https:\/\/blog.panrotas.com.br\/direto-do-sul\/","name":"Direto do Sul","description":"Blogosfera PANROTAS","potentialAction":[{"@type":"SearchAction","target":{"@type":"EntryPoint","urlTemplate":"https:\/\/blog.panrotas.com.br\/direto-do-sul\/?s={search_term_string}"},"query-input":"required name=search_term_string"}],"inLanguage":"pt-BR"},{"@type":"ImageObject","@id":"http:\/\/blog.panrotas.com.br\/direto-do-sul\/2020\/08\/07\/tour-de-patinete-eletrico-em-gramado\/#primaryimage","inLanguage":"pt-BR","url":"https:\/\/blog.panrotas.com.br\/direto-do-sul\/wp-content\/uploads\/sites\/14\/2020\/08\/img_6626.jpeg","contentUrl":"https:\/\/blog.panrotas.com.br\/direto-do-sul\/wp-content\/uploads\/sites\/14\/2020\/08\/img_6626.jpeg","width":2048,"height":1536,"caption":"Tour de Patinete El\u00e9trico em Gramado com a Brocker Turismo"},{"@type":"WebPage","@id":"http:\/\/blog.panrotas.com.br\/direto-do-sul\/2020\/08\/07\/tour-de-patinete-eletrico-em-gramado\/#webpage","url":"http:\/\/blog.panrotas.com.br\/direto-do-sul\/2020\/08\/07\/tour-de-patinete-eletrico-em-gramado\/","name":"TOUR DE PATINETE EL\u00c9TRICO EM GRAMADO - Direto do Sul","isPartOf":{"@id":"https:\/\/blog.panrotas.com.br\/direto-do-sul\/#website"},"primaryImageOfPage":{"@id":"http:\/\/blog.panrotas.com.br\/direto-do-sul\/2020\/08\/07\/tour-de-patinete-eletrico-em-gramado\/#primaryimage"},"datePublished":"2020-08-07T13:15:07+00:00","dateModified":"2020-08-07T13:18:30+00:00","author":{"@id":"https:\/\/blog.panrotas.com.br\/direto-do-sul\/#\/schema\/person\/a03f4d5e2d6cd37a874f986e07f47268"},"breadcrumb":{"@id":"http:\/\/blog.panrotas.com.br\/direto-do-sul\/2020\/08\/07\/tour-de-patinete-eletrico-em-gramado\/#breadcrumb"},"inLanguage":"pt-BR","potentialAction":[{"@type":"ReadAction","target":["http:\/\/blog.panrotas.com.br\/direto-do-sul\/2020\/08\/07\/tour-de-patinete-eletrico-em-gramado\/"]}]},{"@type":"BreadcrumbList","@id":"http:\/\/blog.panrotas.com.br\/direto-do-sul\/2020\/08\/07\/tour-de-patinete-eletrico-em-gramado\/#breadcrumb","itemListElement":[{"@type":"ListItem","position":1,"name":"In\u00edcio","item":"https:\/\/blog.panrotas.com.br\/direto-do-sul\/"},{"@type":"ListItem","position":2,"name":"TOUR DE PATINETE EL\u00c9TRICO EM GRAMADO"}]},{"@type":"Person","@id":"https:\/\/blog.panrotas.com.br\/direto-do-sul\/#\/schema\/person\/a03f4d5e2d6cd37a874f986e07f47268","name":"Any Brocker","image":{"@type":"ImageObject","@id":"https:\/\/blog.panrotas.com.br\/direto-do-sul\/#personlogo","inLanguage":"pt-BR","url":"https:\/\/secure.gravatar.com\/avatar\/5ef47ea7f1094e49c2aec16a7917fdd9?s=96&d=mm&r=g","contentUrl":"https:\/\/secure.gravatar.com\/avatar\/5ef47ea7f1094e49c2aec16a7917fdd9?s=96&d=mm&r=g","caption":"Any Brocker"},"sameAs":["https:\/\/blog.panrotas.com.br\/direto-do-sul"],"url":"https:\/\/blog.panrotas.com.br\/direto-do-sul\/author\/adriane\/"}]}},"jetpack_featured_media_url":"https:\/\/blog.panrotas.com.br\/direto-do-sul\/wp-content\/uploads\/sites\/14\/2020\/08\/img_6626.jpeg","_links":{"self":[{"href":"https:\/\/blog.panrotas.com.br\/direto-do-sul\/wp-json\/wp\/v2\/posts\/965"}],"collection":[{"href":"https:\/\/blog.panrotas.com.br\/direto-do-sul\/wp-json\/wp\/v2\/posts"}],"about":[{"href":"https:\/\/blog.panrotas.com.br\/direto-do-sul\/wp-json\/wp\/v2\/types\/post"}],"author":[{"embeddable":true,"href":"https:\/\/blog.panrotas.com.br\/direto-do-sul\/wp-json\/wp\/v2\/users\/17"}],"replies":[{"embeddable":true,"href":"https:\/\/blog.panrotas.com.br\/direto-do-sul\/wp-json\/wp\/v2\/comments?post=965"}],"version-history":[{"count":4,"href":"https:\/\/blog.panrotas.com.br\/direto-do-sul\/wp-json\/wp\/v2\/posts\/965\/revisions"}],"predecessor-version":[{"id":974,"href":"https:\/\/blog.panrotas.com.br\/direto-do-sul\/wp-json\/wp\/v2\/posts\/965\/revisions\/974"}],"wp:featuredmedia":[{"embeddable":true,"href":"https:\/\/blog.panrotas.com.br\/direto-do-sul\/wp-json\/wp\/v2\/media\/968"}],"wp:attachment":[{"href":"https:\/\/blog.panrotas.com.br\/direto-do-sul\/wp-json\/wp\/v2\/media?parent=965"}],"wp:term":[{"taxonomy":"category","embeddable":true,"href":"https:\/\/blog.panrotas.com.br\/direto-do-sul\/wp-json\/wp\/v2\/categories?post=965"},{"taxonomy":"post_tag","embeddable":true,"href":"https:\/\/blog.panrotas.com.br\/direto-do-sul\/wp-json\/wp\/v2\/tags?post=965"}],"curies":[{"name":"wp","href":"https:\/\/api.w.org\/{rel}","templated":true}]}}