{"id":144,"date":"2021-12-22T13:40:12","date_gmt":"2021-12-22T15:40:12","guid":{"rendered":"https:\/\/blog.panrotas.com.br\/espaco-alagev\/?p=144"},"modified":"2021-12-22T13:40:14","modified_gmt":"2021-12-22T15:40:14","slug":"sobrevive-aquele-que-se-adapta","status":"publish","type":"post","link":"https:\/\/blog.panrotas.com.br\/espaco-alagev\/2021\/12\/22\/sobrevive-aquele-que-se-adapta\/","title":{"rendered":"Sobrevive aquele que se adapta"},"content":{"rendered":"\n<p>A crise financeira, causada pela pandemia da covid-19, s\u00f3 comprovou o conceito que Charles Darwin defendia: \u201cn\u00e3o \u00e9 o mais forte que sobrevive, nem o mais inteligente, mas o que se adapta \u00e0s mudan\u00e7as\u201d. Apesar de a frase ter sido atribu\u00edda ao cientista, na verdade, nunca foi dita exatamente por ele. O estudioso abordava em seu livro \u201cA origem das esp\u00e9cies\u201d o processo de transforma\u00e7\u00e3o e adapta\u00e7\u00e3o dos seres vivos. Mas a ideia n\u00e3o deixa de ser verdadeira, principalmente para o momento que vivemos quando falamos sobre o mercado corporativo.<\/p>\n\n\n\n<p>N\u00e3o \u00e9 novidade que a ind\u00fastria que depende das viagens e eventos foi muito impactada. Foram dois anos de decis\u00f5es dif\u00edceis para as empresas conseguirem se manter em p\u00e9. Em muitos cen\u00e1rios, observamos uma readapta\u00e7\u00e3o para a diminui\u00e7\u00e3o de custos, principalmente afetando in\u00fameras pessoas. Tivemos que ser el\u00e1sticos, resilientes e inovadores, mas n\u00e3o sem passar por muitas dores.<\/p>\n\n\n\n<p>O avan\u00e7o da vacina\u00e7\u00e3o e a queda consistente da contamina\u00e7\u00e3o contribu\u00edram para a curva ascendente da recupera\u00e7\u00e3o do turismo, em especial das viagens a neg\u00f3cios, mesmo que em passos cautelosos. Desde setembro, notamos uma retomada dessas viagens e dos eventos menores. E, agora, no final do ano, percebemos um aumento significativo do n\u00famero de eventos corporativos dos clientes, al\u00e9m de an\u00fancios da retomada de feiras para 2022.<\/p>\n\n\n\n<p>Sabemos que esses \u00faltimos tempos foram o auge dos encontros on-line. Ficamos, de certa forma, at\u00e9 mesmo saturados de nos relacionar \u00e0 dist\u00e2ncia, ainda que essa intera\u00e7\u00e3o virtual tenha levado os relacionamentos, antes focados em neg\u00f3cio, para outro n\u00edvel, muito mais intimista e, arrisco dizer, de amizade. Por\u00e9m, o reaquecimento do presencial \u00e9 muito claro e ser\u00e1 ainda mais forte nos pr\u00f3ximos meses.<\/p>\n\n\n\n<figure class=\"wp-block-image size-large\"><img loading=\"lazy\" width=\"1024\" height=\"451\" src=\"https:\/\/blog.panrotas.com.br\/espaco-alagev\/wp-content\/uploads\/sites\/17\/2021\/12\/captura-de-tela-2021-12-22-as-123826-2-1024x451.png\" alt=\"\" class=\"wp-image-149\" srcset=\"https:\/\/blog.panrotas.com.br\/espaco-alagev\/wp-content\/uploads\/sites\/17\/2021\/12\/captura-de-tela-2021-12-22-as-123826-2-1024x451.png 1024w, https:\/\/blog.panrotas.com.br\/espaco-alagev\/wp-content\/uploads\/sites\/17\/2021\/12\/captura-de-tela-2021-12-22-as-123826-2-300x132.png 300w, https:\/\/blog.panrotas.com.br\/espaco-alagev\/wp-content\/uploads\/sites\/17\/2021\/12\/captura-de-tela-2021-12-22-as-123826-2-768x338.png 768w, https:\/\/blog.panrotas.com.br\/espaco-alagev\/wp-content\/uploads\/sites\/17\/2021\/12\/captura-de-tela-2021-12-22-as-123826-2-740x326.png 740w, https:\/\/blog.panrotas.com.br\/espaco-alagev\/wp-content\/uploads\/sites\/17\/2021\/12\/captura-de-tela-2021-12-22-as-123826-2.png 1051w\" sizes=\"(max-width: 1024px) 100vw, 1024px\" \/><\/figure>\n\n\n\n<p>Um \u00f3timo term\u00f4metro para avaliar essa busca foi o volume de participantes na Abav Expo, Festuris, Aviesp Expo, F\u00f3rum Panrotas e outros encontros do Turismo em geral. A LACTE, realizada pela Associa\u00e7\u00e3o Latino Americana de Gest\u00e3o de Eventos e Viagens Corporativas (ALAGEV), foi um dos \u00faltimos eventos em 2020 do nosso setor antes do <em>boom<\/em> da pandemia. E estamos felizes em comunicar a 17\u00aa edi\u00e7\u00e3o para os dias 8 e 9 de mar\u00e7o, no WTC Events Center, em S\u00e3o Paulo, e em formato presencial e transmitido para o Brasil e exterior. A LACTE ser\u00e1 o grande momento de reencontro entre gestores de viagens e eventos e os parceiros do mercado corporativo; n\u00e3o h\u00e1 como mensurar o qu\u00e3o importante ser\u00e1 esse RE-encontro presencial. Estruturamos um momento para reconectar as pessoas e construir em conjunto solu\u00e7\u00f5es. E a causa apoiada ser\u00e1 o Protagonismo Feminino no Turismo. Queremos demonstrar a for\u00e7a e a presen\u00e7a da mulher no mercado de viagens e eventos corporativos, bem como a necessidade do apoio do homem para promover essa presen\u00e7a.<\/p>\n\n\n\n<p>E a ALAGEV n\u00e3o parou em nenhum instante. Durante a pandemia, estreitamos ainda mais os la\u00e7os com nossos associados e parceiros; proporcionamos para as pessoas um verdadeiro encontro muito al\u00e9m da mesa de negocia\u00e7\u00e3o &#8211; entre h\u00edbridos e totalmente virtuais, foram mais de 50. Tenho muito orgulho em dizer que a rela\u00e7\u00e3o entre nossos associados foi alimentada em dois anos com muita empatia, amizade e companheirismo.<\/p>\n\n\n\n<p>No neg\u00f3cio e na vida, mesmo com a tecnologia, dependemos do contato pessoal. Criar novas ferramentas digitais \u00e9 essencial, mas sem perder o aspecto humano. Com isso, penso que, como qualquer outra crise, \u00e9 poss\u00edvel tirar pontos positivos e RE-aprender.<\/p>\n\n\n\n<p>Por fim, compartilho tamb\u00e9m do mesmo pensamento que o escritor Alvin Toffler: \u201dO analfabeto do s\u00e9culo XXI n\u00e3o ser\u00e1 aquele que n\u00e3o consegue ler e escrever, mas o que n\u00e3o quer aprender, desaprender e reaprender.&#8221;<br><br>E que possamos continuar nessa jornada JUNTOS!<\/p>\n\n\n\n<p><strong><em>Giovana Jannuzzelli, diretora executiva da ALAGEV<\/em><\/strong><\/p>\n","protected":false},"excerpt":{"rendered":"<p>A crise financeira, causada pela pandemia da covid-19, s\u00f3 comprovou o conceito que Charles Darwin defendia: \u201cn\u00e3o \u00e9 o mais forte que sobrevive, nem o mais inteligente, mas o que se adapta \u00e0s mudan\u00e7as\u201d. Apesar de a frase ter sido atribu\u00edda ao cientista, na verdade, nunca foi dita exatamente por ele. O estudioso abordava em&hellip; <a class=\"more-link\" href=\"https:\/\/blog.panrotas.com.br\/espaco-alagev\/2021\/12\/22\/sobrevive-aquele-que-se-adapta\/\">Continue reading &rarr;<\/a><\/p>\n","protected":false},"author":29,"featured_media":0,"comment_status":"open","ping_status":"open","sticky":false,"template":"","format":"standard","meta":{"spay_email":""},"categories":[2],"tags":[],"yoast_head":"<!-- This site is optimized with the Yoast SEO plugin v17.3 - https:\/\/yoast.com\/wordpress\/plugins\/seo\/ -->\n<title>Sobrevive aquele que se adapta - Espa\u00e7o Alagev<\/title>\n<meta name=\"robots\" content=\"index, follow, max-snippet:-1, max-image-preview:large, max-video-preview:-1\" \/>\n<link rel=\"canonical\" href=\"https:\/\/blog.panrotas.com.br\/espaco-alagev\/2021\/12\/22\/sobrevive-aquele-que-se-adapta\/\" \/>\n<meta property=\"og:locale\" content=\"pt_BR\" \/>\n<meta property=\"og:type\" content=\"article\" \/>\n<meta property=\"og:title\" content=\"Sobrevive aquele que se adapta - Espa\u00e7o Alagev\" \/>\n<meta property=\"og:description\" content=\"A crise financeira, causada pela pandemia da covid-19, s\u00f3 comprovou o conceito que Charles Darwin defendia: \u201cn\u00e3o \u00e9 o mais forte que sobrevive, nem o mais inteligente, mas o que se adapta \u00e0s mudan\u00e7as\u201d. Apesar de a frase ter sido atribu\u00edda ao cientista, na verdade, nunca foi dita exatamente por ele. O estudioso abordava em&hellip; Continue reading &rarr;\" \/>\n<meta property=\"og:url\" content=\"https:\/\/blog.panrotas.com.br\/espaco-alagev\/2021\/12\/22\/sobrevive-aquele-que-se-adapta\/\" \/>\n<meta property=\"og:site_name\" content=\"Espa\u00e7o Alagev\" \/>\n<meta property=\"article:published_time\" content=\"2021-12-22T15:40:12+00:00\" \/>\n<meta property=\"article:modified_time\" content=\"2021-12-22T15:40:14+00:00\" \/>\n<meta property=\"og:image\" content=\"https:\/\/blog.panrotas.com.br\/espaco-alagev\/wp-content\/uploads\/sites\/17\/2021\/12\/captura-de-tela-2021-12-22-as-123826-2-1024x451.png\" \/>\n<meta name=\"twitter:card\" content=\"summary_large_image\" \/>\n<meta name=\"twitter:label1\" content=\"Escrito por\" \/>\n\t<meta name=\"twitter:data1\" content=\"ALAGEV\" \/>\n\t<meta name=\"twitter:label2\" content=\"Est. tempo de leitura\" \/>\n\t<meta name=\"twitter:data2\" content=\"3 minutos\" \/>\n<script type=\"application\/ld+json\" class=\"yoast-schema-graph\">{\"@context\":\"https:\/\/schema.org\",\"@graph\":[{\"@type\":\"WebSite\",\"@id\":\"https:\/\/blog.panrotas.com.br\/espaco-alagev\/#website\",\"url\":\"https:\/\/blog.panrotas.com.br\/espaco-alagev\/\",\"name\":\"Espa\\u00e7o Alagev\",\"description\":\"\",\"potentialAction\":[{\"@type\":\"SearchAction\",\"target\":{\"@type\":\"EntryPoint\",\"urlTemplate\":\"https:\/\/blog.panrotas.com.br\/espaco-alagev\/?s={search_term_string}\"},\"query-input\":\"required name=search_term_string\"}],\"inLanguage\":\"pt-BR\"},{\"@type\":\"ImageObject\",\"@id\":\"https:\/\/blog.panrotas.com.br\/espaco-alagev\/2021\/12\/22\/sobrevive-aquele-que-se-adapta\/#primaryimage\",\"inLanguage\":\"pt-BR\",\"url\":\"https:\/\/blog.panrotas.com.br\/espaco-alagev\/wp-content\/uploads\/sites\/17\/2021\/12\/captura-de-tela-2021-12-22-as-123826-2.png\",\"contentUrl\":\"https:\/\/blog.panrotas.com.br\/espaco-alagev\/wp-content\/uploads\/sites\/17\/2021\/12\/captura-de-tela-2021-12-22-as-123826-2.png\",\"width\":1051,\"height\":463},{\"@type\":\"WebPage\",\"@id\":\"https:\/\/blog.panrotas.com.br\/espaco-alagev\/2021\/12\/22\/sobrevive-aquele-que-se-adapta\/#webpage\",\"url\":\"https:\/\/blog.panrotas.com.br\/espaco-alagev\/2021\/12\/22\/sobrevive-aquele-que-se-adapta\/\",\"name\":\"Sobrevive aquele que se adapta - Espa\\u00e7o Alagev\",\"isPartOf\":{\"@id\":\"https:\/\/blog.panrotas.com.br\/espaco-alagev\/#website\"},\"primaryImageOfPage\":{\"@id\":\"https:\/\/blog.panrotas.com.br\/espaco-alagev\/2021\/12\/22\/sobrevive-aquele-que-se-adapta\/#primaryimage\"},\"datePublished\":\"2021-12-22T15:40:12+00:00\",\"dateModified\":\"2021-12-22T15:40:14+00:00\",\"author\":{\"@id\":\"https:\/\/blog.panrotas.com.br\/espaco-alagev\/#\/schema\/person\/f6435745ab947a8034c5258d3a131459\"},\"breadcrumb\":{\"@id\":\"https:\/\/blog.panrotas.com.br\/espaco-alagev\/2021\/12\/22\/sobrevive-aquele-que-se-adapta\/#breadcrumb\"},\"inLanguage\":\"pt-BR\",\"potentialAction\":[{\"@type\":\"ReadAction\",\"target\":[\"https:\/\/blog.panrotas.com.br\/espaco-alagev\/2021\/12\/22\/sobrevive-aquele-que-se-adapta\/\"]}]},{\"@type\":\"BreadcrumbList\",\"@id\":\"https:\/\/blog.panrotas.com.br\/espaco-alagev\/2021\/12\/22\/sobrevive-aquele-que-se-adapta\/#breadcrumb\",\"itemListElement\":[{\"@type\":\"ListItem\",\"position\":1,\"name\":\"In\\u00edcio\",\"item\":\"https:\/\/blog.panrotas.com.br\/espaco-alagev\/\"},{\"@type\":\"ListItem\",\"position\":2,\"name\":\"Sobrevive aquele que se adapta\"}]},{\"@type\":\"Person\",\"@id\":\"https:\/\/blog.panrotas.com.br\/espaco-alagev\/#\/schema\/person\/f6435745ab947a8034c5258d3a131459\",\"name\":\"ALAGEV\",\"image\":{\"@type\":\"ImageObject\",\"@id\":\"https:\/\/blog.panrotas.com.br\/espaco-alagev\/#personlogo\",\"inLanguage\":\"pt-BR\",\"url\":\"https:\/\/secure.gravatar.com\/avatar\/aecafa8de667ce8cf6c47c6052cfe716?s=96&d=mm&r=g\",\"contentUrl\":\"https:\/\/secure.gravatar.com\/avatar\/aecafa8de667ce8cf6c47c6052cfe716?s=96&d=mm&r=g\",\"caption\":\"ALAGEV\"},\"description\":\"Juliana Patti - Graduada pela Universidade Paulista e p\\u00f3s-graduada em Marketing e Turismo Mercadol\\u00f3gico pela Universidade de S\\u00e3o Paulo (USP), a nova diretora presidente da ALAGEV possui mais de 10 anos de experi\\u00eancia na \\u00e1rea de viagens e eventos, liderando diversos projetos corporativos e de marketing.\",\"sameAs\":[\"http:\/\/www.alagev.org\"],\"url\":\"https:\/\/blog.panrotas.com.br\/espaco-alagev\/author\/gustavoalagev\/\"}]}<\/script>\n<!-- \/ Yoast SEO plugin. -->","yoast_head_json":{"title":"Sobrevive aquele que se adapta - Espa\u00e7o Alagev","robots":{"index":"index","follow":"follow","max-snippet":"max-snippet:-1","max-image-preview":"max-image-preview:large","max-video-preview":"max-video-preview:-1"},"canonical":"https:\/\/blog.panrotas.com.br\/espaco-alagev\/2021\/12\/22\/sobrevive-aquele-que-se-adapta\/","og_locale":"pt_BR","og_type":"article","og_title":"Sobrevive aquele que se adapta - Espa\u00e7o Alagev","og_description":"A crise financeira, causada pela pandemia da covid-19, s\u00f3 comprovou o conceito que Charles Darwin defendia: \u201cn\u00e3o \u00e9 o mais forte que sobrevive, nem o mais inteligente, mas o que se adapta \u00e0s mudan\u00e7as\u201d. Apesar de a frase ter sido atribu\u00edda ao cientista, na verdade, nunca foi dita exatamente por ele. O estudioso abordava em&hellip; Continue reading &rarr;","og_url":"https:\/\/blog.panrotas.com.br\/espaco-alagev\/2021\/12\/22\/sobrevive-aquele-que-se-adapta\/","og_site_name":"Espa\u00e7o Alagev","article_published_time":"2021-12-22T15:40:12+00:00","article_modified_time":"2021-12-22T15:40:14+00:00","og_image":[{"url":"https:\/\/blog.panrotas.com.br\/espaco-alagev\/wp-content\/uploads\/sites\/17\/2021\/12\/captura-de-tela-2021-12-22-as-123826-2-1024x451.png"}],"twitter_card":"summary_large_image","twitter_misc":{"Escrito por":"ALAGEV","Est. tempo de leitura":"3 minutos"},"schema":{"@context":"https:\/\/schema.org","@graph":[{"@type":"WebSite","@id":"https:\/\/blog.panrotas.com.br\/espaco-alagev\/#website","url":"https:\/\/blog.panrotas.com.br\/espaco-alagev\/","name":"Espa\u00e7o Alagev","description":"","potentialAction":[{"@type":"SearchAction","target":{"@type":"EntryPoint","urlTemplate":"https:\/\/blog.panrotas.com.br\/espaco-alagev\/?s={search_term_string}"},"query-input":"required name=search_term_string"}],"inLanguage":"pt-BR"},{"@type":"ImageObject","@id":"https:\/\/blog.panrotas.com.br\/espaco-alagev\/2021\/12\/22\/sobrevive-aquele-que-se-adapta\/#primaryimage","inLanguage":"pt-BR","url":"https:\/\/blog.panrotas.com.br\/espaco-alagev\/wp-content\/uploads\/sites\/17\/2021\/12\/captura-de-tela-2021-12-22-as-123826-2.png","contentUrl":"https:\/\/blog.panrotas.com.br\/espaco-alagev\/wp-content\/uploads\/sites\/17\/2021\/12\/captura-de-tela-2021-12-22-as-123826-2.png","width":1051,"height":463},{"@type":"WebPage","@id":"https:\/\/blog.panrotas.com.br\/espaco-alagev\/2021\/12\/22\/sobrevive-aquele-que-se-adapta\/#webpage","url":"https:\/\/blog.panrotas.com.br\/espaco-alagev\/2021\/12\/22\/sobrevive-aquele-que-se-adapta\/","name":"Sobrevive aquele que se adapta - Espa\u00e7o Alagev","isPartOf":{"@id":"https:\/\/blog.panrotas.com.br\/espaco-alagev\/#website"},"primaryImageOfPage":{"@id":"https:\/\/blog.panrotas.com.br\/espaco-alagev\/2021\/12\/22\/sobrevive-aquele-que-se-adapta\/#primaryimage"},"datePublished":"2021-12-22T15:40:12+00:00","dateModified":"2021-12-22T15:40:14+00:00","author":{"@id":"https:\/\/blog.panrotas.com.br\/espaco-alagev\/#\/schema\/person\/f6435745ab947a8034c5258d3a131459"},"breadcrumb":{"@id":"https:\/\/blog.panrotas.com.br\/espaco-alagev\/2021\/12\/22\/sobrevive-aquele-que-se-adapta\/#breadcrumb"},"inLanguage":"pt-BR","potentialAction":[{"@type":"ReadAction","target":["https:\/\/blog.panrotas.com.br\/espaco-alagev\/2021\/12\/22\/sobrevive-aquele-que-se-adapta\/"]}]},{"@type":"BreadcrumbList","@id":"https:\/\/blog.panrotas.com.br\/espaco-alagev\/2021\/12\/22\/sobrevive-aquele-que-se-adapta\/#breadcrumb","itemListElement":[{"@type":"ListItem","position":1,"name":"In\u00edcio","item":"https:\/\/blog.panrotas.com.br\/espaco-alagev\/"},{"@type":"ListItem","position":2,"name":"Sobrevive aquele que se adapta"}]},{"@type":"Person","@id":"https:\/\/blog.panrotas.com.br\/espaco-alagev\/#\/schema\/person\/f6435745ab947a8034c5258d3a131459","name":"ALAGEV","image":{"@type":"ImageObject","@id":"https:\/\/blog.panrotas.com.br\/espaco-alagev\/#personlogo","inLanguage":"pt-BR","url":"https:\/\/secure.gravatar.com\/avatar\/aecafa8de667ce8cf6c47c6052cfe716?s=96&d=mm&r=g","contentUrl":"https:\/\/secure.gravatar.com\/avatar\/aecafa8de667ce8cf6c47c6052cfe716?s=96&d=mm&r=g","caption":"ALAGEV"},"description":"Juliana Patti - Graduada pela Universidade Paulista e p\u00f3s-graduada em Marketing e Turismo Mercadol\u00f3gico pela Universidade de S\u00e3o Paulo (USP), a nova diretora presidente da ALAGEV possui mais de 10 anos de experi\u00eancia na \u00e1rea de viagens e eventos, liderando diversos projetos corporativos e de marketing.","sameAs":["http:\/\/www.alagev.org"],"url":"https:\/\/blog.panrotas.com.br\/espaco-alagev\/author\/gustavoalagev\/"}]}},"jetpack_featured_media_url":"","_links":{"self":[{"href":"https:\/\/blog.panrotas.com.br\/espaco-alagev\/wp-json\/wp\/v2\/posts\/144"}],"collection":[{"href":"https:\/\/blog.panrotas.com.br\/espaco-alagev\/wp-json\/wp\/v2\/posts"}],"about":[{"href":"https:\/\/blog.panrotas.com.br\/espaco-alagev\/wp-json\/wp\/v2\/types\/post"}],"author":[{"embeddable":true,"href":"https:\/\/blog.panrotas.com.br\/espaco-alagev\/wp-json\/wp\/v2\/users\/29"}],"replies":[{"embeddable":true,"href":"https:\/\/blog.panrotas.com.br\/espaco-alagev\/wp-json\/wp\/v2\/comments?post=144"}],"version-history":[{"count":3,"href":"https:\/\/blog.panrotas.com.br\/espaco-alagev\/wp-json\/wp\/v2\/posts\/144\/revisions"}],"predecessor-version":[{"id":150,"href":"https:\/\/blog.panrotas.com.br\/espaco-alagev\/wp-json\/wp\/v2\/posts\/144\/revisions\/150"}],"wp:attachment":[{"href":"https:\/\/blog.panrotas.com.br\/espaco-alagev\/wp-json\/wp\/v2\/media?parent=144"}],"wp:term":[{"taxonomy":"category","embeddable":true,"href":"https:\/\/blog.panrotas.com.br\/espaco-alagev\/wp-json\/wp\/v2\/categories?post=144"},{"taxonomy":"post_tag","embeddable":true,"href":"https:\/\/blog.panrotas.com.br\/espaco-alagev\/wp-json\/wp\/v2\/tags?post=144"}],"curies":[{"name":"wp","href":"https:\/\/api.w.org\/{rel}","templated":true}]}}