{"id":168,"date":"2022-04-26T07:07:12","date_gmt":"2022-04-26T10:07:12","guid":{"rendered":"https:\/\/blog.panrotas.com.br\/espaco-alagev\/?p=168"},"modified":"2022-04-26T07:07:14","modified_gmt":"2022-04-26T10:07:14","slug":"pesquisas-apresentam-avanco-na-retomada-das-viagens-e-eventos-corporativos","status":"publish","type":"post","link":"https:\/\/blog.panrotas.com.br\/espaco-alagev\/2022\/04\/26\/pesquisas-apresentam-avanco-na-retomada-das-viagens-e-eventos-corporativos\/","title":{"rendered":"Pesquisas apresentam avan\u00e7o na retomada das viagens e eventos corporativos"},"content":{"rendered":"\n<p>No dia 11 de mar\u00e7o de 2020, Tedros Adhanom, diretor geral da Organiza\u00e7\u00e3o Mundial da Sa\u00fade (OMS), anunciou o avan\u00e7o da contamina\u00e7\u00e3o da covid-19. Desde esse momento, o setor de eventos e viagens corporativas vem lutando nesse cen\u00e1rio in\u00e9dito com fronteiras fechadas, voos cancelados, novos protocolos e o receio do incerto.\u00a0<\/p>\n\n\n\n<p>E diante de uma situa\u00e7\u00e3o diferente, com a paralisa\u00e7\u00e3o que parecia ser por uma curta temporada, mas que se estendeu por longos meses, tentamos nos fortalecer, entre altos e baixos. Chegamos em 2022 com muitos desafios, novas realidades, mas com perspectivas positivas.&nbsp;<\/p>\n\n\n\n<p>De acordo com o Conselho Mundial de Viagens e Turismo (WTTC), a contribui\u00e7\u00e3o do turismo para o PIB da Am\u00e9rica Latina pode chegar a US$ 233 bilh\u00f5es este ano, alta de 48,2% em rela\u00e7\u00e3o a 2020. Apesar disso, esses dados ainda est\u00e3o 12,7% abaixo dos n\u00edveis pr\u00e9-pandemia. Em 2019, o setor na regi\u00e3o contribuiu com US$ 267 bilh\u00f5es para o PIB, ou seja, 8,1% da economia. Em 2020, com o in\u00edcio da pandemia, caiu para 41,1%, com apenas US$ 157 bilh\u00f5es. O WTTC tamb\u00e9m apontou que \u00e0 medida que a economia global comece a se recuperar, os empregos no turismo podem retomar gradualmente, o que j\u00e1 estamos vendo acontecer. Caso as restri\u00e7\u00f5es de viagens fiquem mais flexibilizadas e a vacina\u00e7\u00e3o continue avan\u00e7ando, at\u00e9 o final deste ano, o n\u00famero de empregos do mercado na Am\u00e9rica Latina pode chegar a 16 milh\u00f5es de vagas, 22,8% a mais que no primeiro ano pand\u00eamico.<\/p>\n\n\n\n<p>E segundo dados do Levantamento de Viagens Corporativas (LVC), criado pela FecomercioSP em parceria com a Associa\u00e7\u00e3o Latino Americana de Gest\u00e3o de Eventos e Viagens Corporativas (ALAGEV), o faturamento do setor quase dobrou em um ano. O LVC aponta que em janeiro as atividades ligadas \u00e0s viagens corporativas registraram faturamento de R$ 4,86 bilh\u00f5es, alta de 91,6% na compara\u00e7\u00e3o com o mesmo per\u00edodo do ano passado. Embora o valor tenha quase dobrado na compara\u00e7\u00e3o com janeiro de 2020, pr\u00e9-pandemia, o n\u00edvel ainda est\u00e1 14,9% abaixo.<\/p>\n\n\n\n<p>De acordo com o estudo, a alta significativa no primeiro m\u00eas do ano se d\u00e1 por conta da base fraca de compara\u00e7\u00e3o. Em janeiro de 2021, o segmento apresentou queda de 55,6%, quando as empresas estavam com restri\u00e7\u00f5es para funcionar, principalmente com a chegada da segunda onda do coronav\u00edrus. O indicador mostra que a recupera\u00e7\u00e3o do mercado \u00e9 um term\u00f4metro relevante de aquecimento das empresas que realizam e incentivam viagens de neg\u00f3cios pelo pa\u00eds. Isso porque ao ter o funcion\u00e1rio se deslocando, movimenta-se a economia pela compra de passagens a\u00e9reas ou de \u00f4nibus, hospedagem, alimenta\u00e7\u00e3o e todos os demais gastos que uma viagem exige.<\/p>\n\n\n\n<p>Outro ponto que o estudo ressalta \u00e9 que a retomada \u00e9 certa por motivos como a demanda reprimida da pandemia, a impossibilidade de deslocamento ou excesso de reuni\u00f5es on-line, al\u00e9m do retorno \u00e0 normalidade e a expans\u00e3o dos neg\u00f3cios diante da abertura completa da economia, sobretudo ap\u00f3s a vacina\u00e7\u00e3o ter alcan\u00e7ado um percentual relevante na sociedade.&nbsp;<\/p>\n\n\n\n<p>Por\u00e9m, o ritmo do real retorno \u00e9 o que mais gera d\u00favidas. Primeiro por uma economia dom\u00e9stica fraca, com juros elevados e que inibem os investimentos das empresas. Adiciona-se a isso o fato do aumento de custos por conta da infla\u00e7\u00e3o. E, nesse aspecto, as empresas est\u00e3o mais rigorosas nos crit\u00e9rios de aprova\u00e7\u00e3o das viagens dos funcion\u00e1rios e empres\u00e1rios, pesando os custos x benef\u00edcios.<\/p>\n\n\n\n<p><strong>Desafios do setor a\u00e9reo e hoteleiro&nbsp;<\/strong><\/p>\n\n\n\n<p>Com a alta do c\u00e2mbio, o setor a\u00e9reo enfrenta alguns desafios, j\u00e1 que possui 51% dos custos dolarizados, sendo um ter\u00e7o deles ligado ao querosene e 18% em refer\u00eancia ao pagamento do leasing das aeronaves. Al\u00e9m disso, temos a quest\u00e3o da pandemia, que n\u00e3o acabou. Por\u00e9m, a Associa\u00e7\u00e3o Brasileira das Empresas A\u00e9reas (Abear) defendeu que medidas emergenciais de conten\u00e7\u00e3o de pre\u00e7os devem ser realizadas, pelo menos, durante a vig\u00eancia do conflito da R\u00fassia com a Ucr\u00e2nia. Assim, a ind\u00fastria consegue diminuir um pouco o impacto da crise.<\/p>\n\n\n\n<p>Considerando a hotelaria, foram registrados bons resultados com o Carnaval. De acordo com a Associa\u00e7\u00e3o Brasileira da Ind\u00fastria de Hot\u00e9is (ABIH Nacional), Alagoas e Sergipe se destacaram com 80% de seus quartos reservados. O ranking segue com Rio Grande do Norte (70%), Pernambuco (67%), Cear\u00e1 (65%), Bahia (52%), Para\u00edba (47%), Piau\u00ed (45%) e Maranh\u00e3o (40%) no Nordeste. Na regi\u00e3o Sudeste, Rio de Janeiro e Esp\u00edrito Santo alcan\u00e7aram 72% de reservas, seguidos por Paran\u00e1 com 65%, e S\u00e3o Paulo e Minas Gerais, Santa Catarina e Rio Grande do Sul com 50%. No Norte do pa\u00eds, destacam-se Goi\u00e1s (50%), Bras\u00edlia (47%), Mato Grosso e Mato Grosso do Sul (40%). Apesar de positivos, os n\u00fameros ainda n\u00e3o s\u00e3o suficientes para celebrar uma real recupera\u00e7\u00e3o total. Em escopo geral, a taxa de ocupa\u00e7\u00e3o de 2021 ficou em 34,45%, ou seja, 31,33% acima dos resultados de 2020, mas 45,8% abaixo dos dados do per\u00edodo pr\u00e9-pandemia (2019).<\/p>\n\n\n\n<p>No geral, os pr\u00f3ximos meses ser\u00e3o decisivos, pois ainda enfrentaremos problemas das consequ\u00eancias do coronav\u00edrus, economia com infla\u00e7\u00e3o, pol\u00edtica e juros elevados.<\/p>\n\n\n\n<p><strong>Luz no fim do t\u00fanel<\/strong><strong><br><\/strong>Por outro lado, acredito que teremos um longo caminho pela frente, mas n\u00e3o \u00e9 a primeira vez que passamos por obst\u00e1culos. Com o impulsionamento da vacina\u00e7\u00e3o em massa aliada \u00e0 ado\u00e7\u00e3o de protocolos de biosseguran\u00e7a por parte dos servi\u00e7os tur\u00edsticos, que oferecem cada vez mais um ambiente seguro, o nosso pa\u00eds viver\u00e1 um per\u00edodo de retomada.<\/p>\n\n\n\n<p>O avan\u00e7o e recupera\u00e7\u00e3o da ind\u00fastria, mesmo que em passos mais lentos, podem ser confirmados por conta dos n\u00fameros crescentes de eventos e viagens. A exemplo disso, basta verificar as nossas agendas, que est\u00e3o preenchidas por viagens e encontros corporativos. Os corredores das feiras est\u00e3o estampados por muito sucesso, networking e alegria &#8211; o que n\u00e3o v\u00edamos h\u00e1 mais de dois anos. Comprova\u00e7\u00e3o desse cen\u00e1rio, foram os eventos que aconteceram recentemente, como a LACTE e WTM. E os que j\u00e1 est\u00e3o confirmados no calend\u00e1rio do empres\u00e1rio como, por exemplo, o F\u00f3rum Panrotas, Abav TravelSP, Expo Turismo Paran\u00e1 e ILTM Latin America, entre outros.<\/p>\n\n\n\n<p><strong><em>Giovana Jannuzzelli, diretora executiva da ALAGEV.<\/em><\/strong><\/p>\n","protected":false},"excerpt":{"rendered":"<p>No dia 11 de mar\u00e7o de 2020, Tedros Adhanom, diretor geral da Organiza\u00e7\u00e3o Mundial da Sa\u00fade (OMS), anunciou o avan\u00e7o da contamina\u00e7\u00e3o da covid-19. Desde esse momento, o setor de eventos e viagens corporativas vem lutando nesse cen\u00e1rio in\u00e9dito com fronteiras fechadas, voos cancelados, novos protocolos e o receio do incerto.\u00a0 E diante de uma&hellip; <a class=\"more-link\" href=\"https:\/\/blog.panrotas.com.br\/espaco-alagev\/2022\/04\/26\/pesquisas-apresentam-avanco-na-retomada-das-viagens-e-eventos-corporativos\/\">Continue reading &rarr;<\/a><\/p>\n","protected":false},"author":29,"featured_media":0,"comment_status":"open","ping_status":"open","sticky":false,"template":"","format":"standard","meta":{"spay_email":""},"categories":[2],"tags":[],"yoast_head":"<!-- This site is optimized with the Yoast SEO plugin v17.3 - https:\/\/yoast.com\/wordpress\/plugins\/seo\/ -->\n<title>Pesquisas apresentam avan\u00e7o na retomada das viagens e eventos corporativos - Espa\u00e7o Alagev<\/title>\n<meta name=\"robots\" content=\"index, follow, max-snippet:-1, max-image-preview:large, max-video-preview:-1\" \/>\n<link rel=\"canonical\" href=\"https:\/\/blog.panrotas.com.br\/espaco-alagev\/2022\/04\/26\/pesquisas-apresentam-avanco-na-retomada-das-viagens-e-eventos-corporativos\/\" \/>\n<meta property=\"og:locale\" content=\"pt_BR\" \/>\n<meta property=\"og:type\" content=\"article\" \/>\n<meta property=\"og:title\" content=\"Pesquisas apresentam avan\u00e7o na retomada das viagens e eventos corporativos - Espa\u00e7o Alagev\" \/>\n<meta property=\"og:description\" content=\"No dia 11 de mar\u00e7o de 2020, Tedros Adhanom, diretor geral da Organiza\u00e7\u00e3o Mundial da Sa\u00fade (OMS), anunciou o avan\u00e7o da contamina\u00e7\u00e3o da covid-19. Desde esse momento, o setor de eventos e viagens corporativas vem lutando nesse cen\u00e1rio in\u00e9dito com fronteiras fechadas, voos cancelados, novos protocolos e o receio do incerto.\u00a0 E diante de uma&hellip; Continue reading &rarr;\" \/>\n<meta property=\"og:url\" content=\"https:\/\/blog.panrotas.com.br\/espaco-alagev\/2022\/04\/26\/pesquisas-apresentam-avanco-na-retomada-das-viagens-e-eventos-corporativos\/\" \/>\n<meta property=\"og:site_name\" content=\"Espa\u00e7o Alagev\" \/>\n<meta property=\"article:published_time\" content=\"2022-04-26T10:07:12+00:00\" \/>\n<meta property=\"article:modified_time\" content=\"2022-04-26T10:07:14+00:00\" \/>\n<meta name=\"twitter:card\" content=\"summary_large_image\" \/>\n<meta name=\"twitter:label1\" content=\"Escrito por\" \/>\n\t<meta name=\"twitter:data1\" content=\"ALAGEV\" \/>\n\t<meta name=\"twitter:label2\" content=\"Est. tempo de leitura\" \/>\n\t<meta name=\"twitter:data2\" content=\"5 minutos\" \/>\n<script type=\"application\/ld+json\" class=\"yoast-schema-graph\">{\"@context\":\"https:\/\/schema.org\",\"@graph\":[{\"@type\":\"WebSite\",\"@id\":\"https:\/\/blog.panrotas.com.br\/espaco-alagev\/#website\",\"url\":\"https:\/\/blog.panrotas.com.br\/espaco-alagev\/\",\"name\":\"Espa\\u00e7o Alagev\",\"description\":\"\",\"potentialAction\":[{\"@type\":\"SearchAction\",\"target\":{\"@type\":\"EntryPoint\",\"urlTemplate\":\"https:\/\/blog.panrotas.com.br\/espaco-alagev\/?s={search_term_string}\"},\"query-input\":\"required name=search_term_string\"}],\"inLanguage\":\"pt-BR\"},{\"@type\":\"WebPage\",\"@id\":\"https:\/\/blog.panrotas.com.br\/espaco-alagev\/2022\/04\/26\/pesquisas-apresentam-avanco-na-retomada-das-viagens-e-eventos-corporativos\/#webpage\",\"url\":\"https:\/\/blog.panrotas.com.br\/espaco-alagev\/2022\/04\/26\/pesquisas-apresentam-avanco-na-retomada-das-viagens-e-eventos-corporativos\/\",\"name\":\"Pesquisas apresentam avan\\u00e7o na retomada das viagens e eventos corporativos - Espa\\u00e7o Alagev\",\"isPartOf\":{\"@id\":\"https:\/\/blog.panrotas.com.br\/espaco-alagev\/#website\"},\"datePublished\":\"2022-04-26T10:07:12+00:00\",\"dateModified\":\"2022-04-26T10:07:14+00:00\",\"author\":{\"@id\":\"https:\/\/blog.panrotas.com.br\/espaco-alagev\/#\/schema\/person\/f6435745ab947a8034c5258d3a131459\"},\"breadcrumb\":{\"@id\":\"https:\/\/blog.panrotas.com.br\/espaco-alagev\/2022\/04\/26\/pesquisas-apresentam-avanco-na-retomada-das-viagens-e-eventos-corporativos\/#breadcrumb\"},\"inLanguage\":\"pt-BR\",\"potentialAction\":[{\"@type\":\"ReadAction\",\"target\":[\"https:\/\/blog.panrotas.com.br\/espaco-alagev\/2022\/04\/26\/pesquisas-apresentam-avanco-na-retomada-das-viagens-e-eventos-corporativos\/\"]}]},{\"@type\":\"BreadcrumbList\",\"@id\":\"https:\/\/blog.panrotas.com.br\/espaco-alagev\/2022\/04\/26\/pesquisas-apresentam-avanco-na-retomada-das-viagens-e-eventos-corporativos\/#breadcrumb\",\"itemListElement\":[{\"@type\":\"ListItem\",\"position\":1,\"name\":\"In\\u00edcio\",\"item\":\"https:\/\/blog.panrotas.com.br\/espaco-alagev\/\"},{\"@type\":\"ListItem\",\"position\":2,\"name\":\"Pesquisas apresentam avan\\u00e7o na retomada das viagens e eventos corporativos\"}]},{\"@type\":\"Person\",\"@id\":\"https:\/\/blog.panrotas.com.br\/espaco-alagev\/#\/schema\/person\/f6435745ab947a8034c5258d3a131459\",\"name\":\"ALAGEV\",\"image\":{\"@type\":\"ImageObject\",\"@id\":\"https:\/\/blog.panrotas.com.br\/espaco-alagev\/#personlogo\",\"inLanguage\":\"pt-BR\",\"url\":\"https:\/\/secure.gravatar.com\/avatar\/aecafa8de667ce8cf6c47c6052cfe716?s=96&d=mm&r=g\",\"contentUrl\":\"https:\/\/secure.gravatar.com\/avatar\/aecafa8de667ce8cf6c47c6052cfe716?s=96&d=mm&r=g\",\"caption\":\"ALAGEV\"},\"description\":\"Juliana Patti - Graduada pela Universidade Paulista e p\\u00f3s-graduada em Marketing e Turismo Mercadol\\u00f3gico pela Universidade de S\\u00e3o Paulo (USP), a nova diretora presidente da ALAGEV possui mais de 10 anos de experi\\u00eancia na \\u00e1rea de viagens e eventos, liderando diversos projetos corporativos e de marketing.\",\"sameAs\":[\"http:\/\/www.alagev.org\"],\"url\":\"https:\/\/blog.panrotas.com.br\/espaco-alagev\/author\/gustavoalagev\/\"}]}<\/script>\n<!-- \/ Yoast SEO plugin. -->","yoast_head_json":{"title":"Pesquisas apresentam avan\u00e7o na retomada das viagens e eventos corporativos - Espa\u00e7o Alagev","robots":{"index":"index","follow":"follow","max-snippet":"max-snippet:-1","max-image-preview":"max-image-preview:large","max-video-preview":"max-video-preview:-1"},"canonical":"https:\/\/blog.panrotas.com.br\/espaco-alagev\/2022\/04\/26\/pesquisas-apresentam-avanco-na-retomada-das-viagens-e-eventos-corporativos\/","og_locale":"pt_BR","og_type":"article","og_title":"Pesquisas apresentam avan\u00e7o na retomada das viagens e eventos corporativos - Espa\u00e7o Alagev","og_description":"No dia 11 de mar\u00e7o de 2020, Tedros Adhanom, diretor geral da Organiza\u00e7\u00e3o Mundial da Sa\u00fade (OMS), anunciou o avan\u00e7o da contamina\u00e7\u00e3o da covid-19. Desde esse momento, o setor de eventos e viagens corporativas vem lutando nesse cen\u00e1rio in\u00e9dito com fronteiras fechadas, voos cancelados, novos protocolos e o receio do incerto.\u00a0 E diante de uma&hellip; Continue reading &rarr;","og_url":"https:\/\/blog.panrotas.com.br\/espaco-alagev\/2022\/04\/26\/pesquisas-apresentam-avanco-na-retomada-das-viagens-e-eventos-corporativos\/","og_site_name":"Espa\u00e7o Alagev","article_published_time":"2022-04-26T10:07:12+00:00","article_modified_time":"2022-04-26T10:07:14+00:00","twitter_card":"summary_large_image","twitter_misc":{"Escrito por":"ALAGEV","Est. tempo de leitura":"5 minutos"},"schema":{"@context":"https:\/\/schema.org","@graph":[{"@type":"WebSite","@id":"https:\/\/blog.panrotas.com.br\/espaco-alagev\/#website","url":"https:\/\/blog.panrotas.com.br\/espaco-alagev\/","name":"Espa\u00e7o Alagev","description":"","potentialAction":[{"@type":"SearchAction","target":{"@type":"EntryPoint","urlTemplate":"https:\/\/blog.panrotas.com.br\/espaco-alagev\/?s={search_term_string}"},"query-input":"required name=search_term_string"}],"inLanguage":"pt-BR"},{"@type":"WebPage","@id":"https:\/\/blog.panrotas.com.br\/espaco-alagev\/2022\/04\/26\/pesquisas-apresentam-avanco-na-retomada-das-viagens-e-eventos-corporativos\/#webpage","url":"https:\/\/blog.panrotas.com.br\/espaco-alagev\/2022\/04\/26\/pesquisas-apresentam-avanco-na-retomada-das-viagens-e-eventos-corporativos\/","name":"Pesquisas apresentam avan\u00e7o na retomada das viagens e eventos corporativos - Espa\u00e7o Alagev","isPartOf":{"@id":"https:\/\/blog.panrotas.com.br\/espaco-alagev\/#website"},"datePublished":"2022-04-26T10:07:12+00:00","dateModified":"2022-04-26T10:07:14+00:00","author":{"@id":"https:\/\/blog.panrotas.com.br\/espaco-alagev\/#\/schema\/person\/f6435745ab947a8034c5258d3a131459"},"breadcrumb":{"@id":"https:\/\/blog.panrotas.com.br\/espaco-alagev\/2022\/04\/26\/pesquisas-apresentam-avanco-na-retomada-das-viagens-e-eventos-corporativos\/#breadcrumb"},"inLanguage":"pt-BR","potentialAction":[{"@type":"ReadAction","target":["https:\/\/blog.panrotas.com.br\/espaco-alagev\/2022\/04\/26\/pesquisas-apresentam-avanco-na-retomada-das-viagens-e-eventos-corporativos\/"]}]},{"@type":"BreadcrumbList","@id":"https:\/\/blog.panrotas.com.br\/espaco-alagev\/2022\/04\/26\/pesquisas-apresentam-avanco-na-retomada-das-viagens-e-eventos-corporativos\/#breadcrumb","itemListElement":[{"@type":"ListItem","position":1,"name":"In\u00edcio","item":"https:\/\/blog.panrotas.com.br\/espaco-alagev\/"},{"@type":"ListItem","position":2,"name":"Pesquisas apresentam avan\u00e7o na retomada das viagens e eventos corporativos"}]},{"@type":"Person","@id":"https:\/\/blog.panrotas.com.br\/espaco-alagev\/#\/schema\/person\/f6435745ab947a8034c5258d3a131459","name":"ALAGEV","image":{"@type":"ImageObject","@id":"https:\/\/blog.panrotas.com.br\/espaco-alagev\/#personlogo","inLanguage":"pt-BR","url":"https:\/\/secure.gravatar.com\/avatar\/aecafa8de667ce8cf6c47c6052cfe716?s=96&d=mm&r=g","contentUrl":"https:\/\/secure.gravatar.com\/avatar\/aecafa8de667ce8cf6c47c6052cfe716?s=96&d=mm&r=g","caption":"ALAGEV"},"description":"Juliana Patti - Graduada pela Universidade Paulista e p\u00f3s-graduada em Marketing e Turismo Mercadol\u00f3gico pela Universidade de S\u00e3o Paulo (USP), a nova diretora presidente da ALAGEV possui mais de 10 anos de experi\u00eancia na \u00e1rea de viagens e eventos, liderando diversos projetos corporativos e de marketing.","sameAs":["http:\/\/www.alagev.org"],"url":"https:\/\/blog.panrotas.com.br\/espaco-alagev\/author\/gustavoalagev\/"}]}},"jetpack_featured_media_url":"","_links":{"self":[{"href":"https:\/\/blog.panrotas.com.br\/espaco-alagev\/wp-json\/wp\/v2\/posts\/168"}],"collection":[{"href":"https:\/\/blog.panrotas.com.br\/espaco-alagev\/wp-json\/wp\/v2\/posts"}],"about":[{"href":"https:\/\/blog.panrotas.com.br\/espaco-alagev\/wp-json\/wp\/v2\/types\/post"}],"author":[{"embeddable":true,"href":"https:\/\/blog.panrotas.com.br\/espaco-alagev\/wp-json\/wp\/v2\/users\/29"}],"replies":[{"embeddable":true,"href":"https:\/\/blog.panrotas.com.br\/espaco-alagev\/wp-json\/wp\/v2\/comments?post=168"}],"version-history":[{"count":1,"href":"https:\/\/blog.panrotas.com.br\/espaco-alagev\/wp-json\/wp\/v2\/posts\/168\/revisions"}],"predecessor-version":[{"id":169,"href":"https:\/\/blog.panrotas.com.br\/espaco-alagev\/wp-json\/wp\/v2\/posts\/168\/revisions\/169"}],"wp:attachment":[{"href":"https:\/\/blog.panrotas.com.br\/espaco-alagev\/wp-json\/wp\/v2\/media?parent=168"}],"wp:term":[{"taxonomy":"category","embeddable":true,"href":"https:\/\/blog.panrotas.com.br\/espaco-alagev\/wp-json\/wp\/v2\/categories?post=168"},{"taxonomy":"post_tag","embeddable":true,"href":"https:\/\/blog.panrotas.com.br\/espaco-alagev\/wp-json\/wp\/v2\/tags?post=168"}],"curies":[{"name":"wp","href":"https:\/\/api.w.org\/{rel}","templated":true}]}}