{"id":170,"date":"2022-05-12T15:22:12","date_gmt":"2022-05-12T18:22:12","guid":{"rendered":"https:\/\/blog.panrotas.com.br\/espaco-alagev\/?p=170"},"modified":"2022-05-12T15:22:15","modified_gmt":"2022-05-12T18:22:15","slug":"a-forca-do-setor-de-viagens-corporativas-em-momentos-de-imprevisibilidade","status":"publish","type":"post","link":"https:\/\/blog.panrotas.com.br\/espaco-alagev\/2022\/05\/12\/a-forca-do-setor-de-viagens-corporativas-em-momentos-de-imprevisibilidade\/","title":{"rendered":"A for\u00e7a do setor de viagens corporativas em momentos de imprevisibilidade"},"content":{"rendered":"\n<p>Imagino que voc\u00ea, leitor, durante a pandemia, fez remotamente uma p\u00f3s-gradua\u00e7\u00e3o, MBA em gest\u00e3o de crise, gest\u00e3o de caixa ou capacita\u00e7\u00f5es em diversas \u00e1reas para lidar com tantas imprevisibilidades. N\u00f3s, que sempre tivemos uma atua\u00e7\u00e3o din\u00e2mica, fomos impactados por condi\u00e7\u00f5es externas e de mercado. Foi preciso nos adaptarmos ainda mais e rapidamente com a nova realidade, al\u00e9m de revisar as habilidades necess\u00e1rias para auxiliar na jornada da viagem corporativa.&nbsp;<\/p>\n\n\n\n<p>Ap\u00f3s o avan\u00e7o da vacina, parecia que est\u00e1vamos mais perto da efetiva retomada. Mas a disputa de poder deflagrou uma guerra na Ucr\u00e2nia que muito rapidamente impactou o nosso setor, sem falar no aumento da infla\u00e7\u00e3o e juros altos, que automaticamente esfriam os neg\u00f3cios. A situa\u00e7\u00e3o \u00e9 complexa e estamos novamente em um cen\u00e1rio pouco previs\u00edvel.&nbsp;<\/p>\n\n\n\n<p>Por\u00e9m, como sempre, batalhamos para o sucesso e estamos conseguindo nos reerguer. Afinal, lidar com a press\u00e3o e imprevisibilidade \u00e9 um exerc\u00edcio que fazemos todos os dias; julgo dizer que \u00e9 at\u00e9 mesmo um sin\u00f4nimo constante nesses \u00faltimos dois anos.&nbsp;<\/p>\n\n\n\n<p>Vejo tamb\u00e9m, que com a enxurrada de eventos realizados em plataformas digitais, as pessoas est\u00e3o \u00f3rf\u00e3s de intera\u00e7\u00f5es face a face, conex\u00f5es pessoais, qualidade de relacionamento, amplia\u00e7\u00e3o do networking e mais confian\u00e7a na hora de fechar um neg\u00f3cio com o famoso aperto de m\u00e3os, pequenos atributos que fazem a diferen\u00e7a para que as empresas decidam investir em viagens corporativas, pois s\u00e3o parte fundamental no processo de desenvolvimento de muitos setores.&nbsp;<\/p>\n\n\n\n<p>Segundo o relat\u00f3rio mensal de dados da US Travel Association de mar\u00e7o de 2022, mais de 77% dos viajantes de neg\u00f3cios e 64% dos americanos empregados concordam que \u00e9 mais importante do que nunca trazer de volta as viagens corporativas.<\/p>\n\n\n\n<p>E como resultado desse trabalho em conjunto da ind\u00fastria, estamos cada vez mais pr\u00f3ximos dos n\u00fameros pr\u00e9-pandemia. De acordo com dados do Levantamento de Viagens Corporativas (LVC), criado pela FecomercioSP em parceria com a Associa\u00e7\u00e3o Latino Americana de Gest\u00e3o de Eventos e Viagens Corporativas (ALAGEV), referente ao m\u00eas de fevereiro, o faturamento dos setores ligados \u00e0s viagens de neg\u00f3cios foi de R$ 5,4 bilh\u00f5es, o que remete a 143,7% de crescimento em rela\u00e7\u00e3o ao mesmo per\u00edodo de 2021, quando o valor foi de R$ 2,2 bilh\u00f5es.<\/p>\n\n\n\n<p>O LVC aponta que esse resultado expressivo tem duas explica\u00e7\u00f5es. A primeira delas \u00e9 por conta da retomada da economia com a vacina\u00e7\u00e3o avan\u00e7ada e do menor receio da popula\u00e7\u00e3o e das empresas em realizar deslocamentos pelo pa\u00eds. Por mais que o cen\u00e1rio no m\u00eas tenha sido, em parte, impactado pela variante \u00d4micron, n\u00e3o houve restri\u00e7\u00f5es relevantes e a oferta de servi\u00e7os manteve-se em alta.<\/p>\n\n\n\n<p>A segunda explica\u00e7\u00e3o \u00e9 pela base fraca de compara\u00e7\u00e3o. Neste per\u00edodo de 2021, o pa\u00eds vivia a segunda onda da pandemia do coronav\u00edrus, com recordes de mortes e restri\u00e7\u00f5es significativas das atividades, sobretudo a de eventos. A oferta de servi\u00e7os, como transporte a\u00e9reo e meios de hospedagem, ainda estava longe de regressar a patamares razo\u00e1veis. Com isso, os dados do m\u00eas s\u00e3o muito positivos, mas devem tamb\u00e9m ser contextualizados com o cen\u00e1rio pr\u00e9-pandemia. Em rela\u00e7\u00e3o a fevereiro de 2020, m\u00eas que antecedeu a primeira onda do coronav\u00edrus, o faturamento atual est\u00e1 34,6% abaixo. Ou seja, quase R$ 3 bilh\u00f5es menor.<\/p>\n\n\n\n<p>O indicador tamb\u00e9m apresenta que os pr\u00f3ximos meses ser\u00e3o decisivos, pois ainda existem obst\u00e1culos como, por exemplo, o pre\u00e7o das passagens, que afetam as decis\u00f5es das viagens, principalmente do setor corporativo. E, consequentemente, com menos viagens, a cadeia do turismo em geral \u00e9 afetada. Portanto, a conjuntura econ\u00f4mica de infla\u00e7\u00e3o e juros altos deve trazer um ritmo menor do que o esperado meses atr\u00e1s.<\/p>\n\n\n\n<p>Mesmo com diversos desafios e um longo caminho para a efetiva recupera\u00e7\u00e3o, estamos observando uma retomada confiante. Esses dados mostram que as empresas est\u00e3o retornando os seus investimentos em eventos e viagens, o que favorece o desempenho das \u00e1reas de transporte a\u00e9reo, loca\u00e7\u00e3o de ve\u00edculos e meios de hospedagem, entre outros. Vale ressaltar tamb\u00e9m que o nosso setor tem um peso importante no aumento das oportunidades de emprego.&nbsp; Ainda estamos em um per\u00edodo de incertezas, mas podemos colocar em pr\u00e1tica as estrat\u00e9gias elaboradas durante o per\u00edodo de pandemia, mantendo sempre a palavra que representa o nosso cen\u00e1rio: a flexibilidade.&nbsp;<\/p>\n\n\n\n<p>Por fim, desejo que possamos continuar nessa jornada JUNTOS e promover um setor mais igualit\u00e1rio, inclusivo e respons\u00e1vel!<\/p>\n","protected":false},"excerpt":{"rendered":"<p>Imagino que voc\u00ea, leitor, durante a pandemia, fez remotamente uma p\u00f3s-gradua\u00e7\u00e3o, MBA em gest\u00e3o de crise, gest\u00e3o de caixa ou capacita\u00e7\u00f5es em diversas \u00e1reas para lidar com tantas imprevisibilidades. N\u00f3s, que sempre tivemos uma atua\u00e7\u00e3o din\u00e2mica, fomos impactados por condi\u00e7\u00f5es externas e de mercado. Foi preciso nos adaptarmos ainda mais e rapidamente com a nova&hellip; <a class=\"more-link\" href=\"https:\/\/blog.panrotas.com.br\/espaco-alagev\/2022\/05\/12\/a-forca-do-setor-de-viagens-corporativas-em-momentos-de-imprevisibilidade\/\">Continue reading &rarr;<\/a><\/p>\n","protected":false},"author":29,"featured_media":0,"comment_status":"open","ping_status":"open","sticky":false,"template":"","format":"standard","meta":{"spay_email":""},"categories":[2],"tags":[],"yoast_head":"<!-- This site is optimized with the Yoast SEO plugin v17.3 - https:\/\/yoast.com\/wordpress\/plugins\/seo\/ -->\n<title>A for\u00e7a do setor de viagens corporativas em momentos de imprevisibilidade - Espa\u00e7o Alagev<\/title>\n<meta name=\"robots\" content=\"index, follow, max-snippet:-1, max-image-preview:large, max-video-preview:-1\" \/>\n<link rel=\"canonical\" href=\"https:\/\/blog.panrotas.com.br\/espaco-alagev\/2022\/05\/12\/a-forca-do-setor-de-viagens-corporativas-em-momentos-de-imprevisibilidade\/\" \/>\n<meta property=\"og:locale\" content=\"pt_BR\" \/>\n<meta property=\"og:type\" content=\"article\" \/>\n<meta property=\"og:title\" content=\"A for\u00e7a do setor de viagens corporativas em momentos de imprevisibilidade - Espa\u00e7o Alagev\" \/>\n<meta property=\"og:description\" content=\"Imagino que voc\u00ea, leitor, durante a pandemia, fez remotamente uma p\u00f3s-gradua\u00e7\u00e3o, MBA em gest\u00e3o de crise, gest\u00e3o de caixa ou capacita\u00e7\u00f5es em diversas \u00e1reas para lidar com tantas imprevisibilidades. N\u00f3s, que sempre tivemos uma atua\u00e7\u00e3o din\u00e2mica, fomos impactados por condi\u00e7\u00f5es externas e de mercado. Foi preciso nos adaptarmos ainda mais e rapidamente com a nova&hellip; Continue reading &rarr;\" \/>\n<meta property=\"og:url\" content=\"https:\/\/blog.panrotas.com.br\/espaco-alagev\/2022\/05\/12\/a-forca-do-setor-de-viagens-corporativas-em-momentos-de-imprevisibilidade\/\" \/>\n<meta property=\"og:site_name\" content=\"Espa\u00e7o Alagev\" \/>\n<meta property=\"article:published_time\" content=\"2022-05-12T18:22:12+00:00\" \/>\n<meta property=\"article:modified_time\" content=\"2022-05-12T18:22:15+00:00\" \/>\n<meta name=\"twitter:card\" content=\"summary_large_image\" \/>\n<meta name=\"twitter:label1\" content=\"Escrito por\" \/>\n\t<meta name=\"twitter:data1\" content=\"ALAGEV\" \/>\n\t<meta name=\"twitter:label2\" content=\"Est. tempo de leitura\" \/>\n\t<meta name=\"twitter:data2\" content=\"4 minutos\" \/>\n<script type=\"application\/ld+json\" class=\"yoast-schema-graph\">{\"@context\":\"https:\/\/schema.org\",\"@graph\":[{\"@type\":\"WebSite\",\"@id\":\"https:\/\/blog.panrotas.com.br\/espaco-alagev\/#website\",\"url\":\"https:\/\/blog.panrotas.com.br\/espaco-alagev\/\",\"name\":\"Espa\\u00e7o Alagev\",\"description\":\"\",\"potentialAction\":[{\"@type\":\"SearchAction\",\"target\":{\"@type\":\"EntryPoint\",\"urlTemplate\":\"https:\/\/blog.panrotas.com.br\/espaco-alagev\/?s={search_term_string}\"},\"query-input\":\"required name=search_term_string\"}],\"inLanguage\":\"pt-BR\"},{\"@type\":\"WebPage\",\"@id\":\"https:\/\/blog.panrotas.com.br\/espaco-alagev\/2022\/05\/12\/a-forca-do-setor-de-viagens-corporativas-em-momentos-de-imprevisibilidade\/#webpage\",\"url\":\"https:\/\/blog.panrotas.com.br\/espaco-alagev\/2022\/05\/12\/a-forca-do-setor-de-viagens-corporativas-em-momentos-de-imprevisibilidade\/\",\"name\":\"A for\\u00e7a do setor de viagens corporativas em momentos de imprevisibilidade - Espa\\u00e7o Alagev\",\"isPartOf\":{\"@id\":\"https:\/\/blog.panrotas.com.br\/espaco-alagev\/#website\"},\"datePublished\":\"2022-05-12T18:22:12+00:00\",\"dateModified\":\"2022-05-12T18:22:15+00:00\",\"author\":{\"@id\":\"https:\/\/blog.panrotas.com.br\/espaco-alagev\/#\/schema\/person\/f6435745ab947a8034c5258d3a131459\"},\"breadcrumb\":{\"@id\":\"https:\/\/blog.panrotas.com.br\/espaco-alagev\/2022\/05\/12\/a-forca-do-setor-de-viagens-corporativas-em-momentos-de-imprevisibilidade\/#breadcrumb\"},\"inLanguage\":\"pt-BR\",\"potentialAction\":[{\"@type\":\"ReadAction\",\"target\":[\"https:\/\/blog.panrotas.com.br\/espaco-alagev\/2022\/05\/12\/a-forca-do-setor-de-viagens-corporativas-em-momentos-de-imprevisibilidade\/\"]}]},{\"@type\":\"BreadcrumbList\",\"@id\":\"https:\/\/blog.panrotas.com.br\/espaco-alagev\/2022\/05\/12\/a-forca-do-setor-de-viagens-corporativas-em-momentos-de-imprevisibilidade\/#breadcrumb\",\"itemListElement\":[{\"@type\":\"ListItem\",\"position\":1,\"name\":\"In\\u00edcio\",\"item\":\"https:\/\/blog.panrotas.com.br\/espaco-alagev\/\"},{\"@type\":\"ListItem\",\"position\":2,\"name\":\"A for\\u00e7a do setor de viagens corporativas em momentos de imprevisibilidade\"}]},{\"@type\":\"Person\",\"@id\":\"https:\/\/blog.panrotas.com.br\/espaco-alagev\/#\/schema\/person\/f6435745ab947a8034c5258d3a131459\",\"name\":\"ALAGEV\",\"image\":{\"@type\":\"ImageObject\",\"@id\":\"https:\/\/blog.panrotas.com.br\/espaco-alagev\/#personlogo\",\"inLanguage\":\"pt-BR\",\"url\":\"https:\/\/secure.gravatar.com\/avatar\/aecafa8de667ce8cf6c47c6052cfe716?s=96&d=mm&r=g\",\"contentUrl\":\"https:\/\/secure.gravatar.com\/avatar\/aecafa8de667ce8cf6c47c6052cfe716?s=96&d=mm&r=g\",\"caption\":\"ALAGEV\"},\"description\":\"Juliana Patti - Graduada pela Universidade Paulista e p\\u00f3s-graduada em Marketing e Turismo Mercadol\\u00f3gico pela Universidade de S\\u00e3o Paulo (USP), a nova diretora presidente da ALAGEV possui mais de 10 anos de experi\\u00eancia na \\u00e1rea de viagens e eventos, liderando diversos projetos corporativos e de marketing.\",\"sameAs\":[\"http:\/\/www.alagev.org\"],\"url\":\"https:\/\/blog.panrotas.com.br\/espaco-alagev\/author\/gustavoalagev\/\"}]}<\/script>\n<!-- \/ Yoast SEO plugin. -->","yoast_head_json":{"title":"A for\u00e7a do setor de viagens corporativas em momentos de imprevisibilidade - Espa\u00e7o Alagev","robots":{"index":"index","follow":"follow","max-snippet":"max-snippet:-1","max-image-preview":"max-image-preview:large","max-video-preview":"max-video-preview:-1"},"canonical":"https:\/\/blog.panrotas.com.br\/espaco-alagev\/2022\/05\/12\/a-forca-do-setor-de-viagens-corporativas-em-momentos-de-imprevisibilidade\/","og_locale":"pt_BR","og_type":"article","og_title":"A for\u00e7a do setor de viagens corporativas em momentos de imprevisibilidade - Espa\u00e7o Alagev","og_description":"Imagino que voc\u00ea, leitor, durante a pandemia, fez remotamente uma p\u00f3s-gradua\u00e7\u00e3o, MBA em gest\u00e3o de crise, gest\u00e3o de caixa ou capacita\u00e7\u00f5es em diversas \u00e1reas para lidar com tantas imprevisibilidades. N\u00f3s, que sempre tivemos uma atua\u00e7\u00e3o din\u00e2mica, fomos impactados por condi\u00e7\u00f5es externas e de mercado. Foi preciso nos adaptarmos ainda mais e rapidamente com a nova&hellip; Continue reading &rarr;","og_url":"https:\/\/blog.panrotas.com.br\/espaco-alagev\/2022\/05\/12\/a-forca-do-setor-de-viagens-corporativas-em-momentos-de-imprevisibilidade\/","og_site_name":"Espa\u00e7o Alagev","article_published_time":"2022-05-12T18:22:12+00:00","article_modified_time":"2022-05-12T18:22:15+00:00","twitter_card":"summary_large_image","twitter_misc":{"Escrito por":"ALAGEV","Est. tempo de leitura":"4 minutos"},"schema":{"@context":"https:\/\/schema.org","@graph":[{"@type":"WebSite","@id":"https:\/\/blog.panrotas.com.br\/espaco-alagev\/#website","url":"https:\/\/blog.panrotas.com.br\/espaco-alagev\/","name":"Espa\u00e7o Alagev","description":"","potentialAction":[{"@type":"SearchAction","target":{"@type":"EntryPoint","urlTemplate":"https:\/\/blog.panrotas.com.br\/espaco-alagev\/?s={search_term_string}"},"query-input":"required name=search_term_string"}],"inLanguage":"pt-BR"},{"@type":"WebPage","@id":"https:\/\/blog.panrotas.com.br\/espaco-alagev\/2022\/05\/12\/a-forca-do-setor-de-viagens-corporativas-em-momentos-de-imprevisibilidade\/#webpage","url":"https:\/\/blog.panrotas.com.br\/espaco-alagev\/2022\/05\/12\/a-forca-do-setor-de-viagens-corporativas-em-momentos-de-imprevisibilidade\/","name":"A for\u00e7a do setor de viagens corporativas em momentos de imprevisibilidade - Espa\u00e7o Alagev","isPartOf":{"@id":"https:\/\/blog.panrotas.com.br\/espaco-alagev\/#website"},"datePublished":"2022-05-12T18:22:12+00:00","dateModified":"2022-05-12T18:22:15+00:00","author":{"@id":"https:\/\/blog.panrotas.com.br\/espaco-alagev\/#\/schema\/person\/f6435745ab947a8034c5258d3a131459"},"breadcrumb":{"@id":"https:\/\/blog.panrotas.com.br\/espaco-alagev\/2022\/05\/12\/a-forca-do-setor-de-viagens-corporativas-em-momentos-de-imprevisibilidade\/#breadcrumb"},"inLanguage":"pt-BR","potentialAction":[{"@type":"ReadAction","target":["https:\/\/blog.panrotas.com.br\/espaco-alagev\/2022\/05\/12\/a-forca-do-setor-de-viagens-corporativas-em-momentos-de-imprevisibilidade\/"]}]},{"@type":"BreadcrumbList","@id":"https:\/\/blog.panrotas.com.br\/espaco-alagev\/2022\/05\/12\/a-forca-do-setor-de-viagens-corporativas-em-momentos-de-imprevisibilidade\/#breadcrumb","itemListElement":[{"@type":"ListItem","position":1,"name":"In\u00edcio","item":"https:\/\/blog.panrotas.com.br\/espaco-alagev\/"},{"@type":"ListItem","position":2,"name":"A for\u00e7a do setor de viagens corporativas em momentos de imprevisibilidade"}]},{"@type":"Person","@id":"https:\/\/blog.panrotas.com.br\/espaco-alagev\/#\/schema\/person\/f6435745ab947a8034c5258d3a131459","name":"ALAGEV","image":{"@type":"ImageObject","@id":"https:\/\/blog.panrotas.com.br\/espaco-alagev\/#personlogo","inLanguage":"pt-BR","url":"https:\/\/secure.gravatar.com\/avatar\/aecafa8de667ce8cf6c47c6052cfe716?s=96&d=mm&r=g","contentUrl":"https:\/\/secure.gravatar.com\/avatar\/aecafa8de667ce8cf6c47c6052cfe716?s=96&d=mm&r=g","caption":"ALAGEV"},"description":"Juliana Patti - Graduada pela Universidade Paulista e p\u00f3s-graduada em Marketing e Turismo Mercadol\u00f3gico pela Universidade de S\u00e3o Paulo (USP), a nova diretora presidente da ALAGEV possui mais de 10 anos de experi\u00eancia na \u00e1rea de viagens e eventos, liderando diversos projetos corporativos e de marketing.","sameAs":["http:\/\/www.alagev.org"],"url":"https:\/\/blog.panrotas.com.br\/espaco-alagev\/author\/gustavoalagev\/"}]}},"jetpack_featured_media_url":"","_links":{"self":[{"href":"https:\/\/blog.panrotas.com.br\/espaco-alagev\/wp-json\/wp\/v2\/posts\/170"}],"collection":[{"href":"https:\/\/blog.panrotas.com.br\/espaco-alagev\/wp-json\/wp\/v2\/posts"}],"about":[{"href":"https:\/\/blog.panrotas.com.br\/espaco-alagev\/wp-json\/wp\/v2\/types\/post"}],"author":[{"embeddable":true,"href":"https:\/\/blog.panrotas.com.br\/espaco-alagev\/wp-json\/wp\/v2\/users\/29"}],"replies":[{"embeddable":true,"href":"https:\/\/blog.panrotas.com.br\/espaco-alagev\/wp-json\/wp\/v2\/comments?post=170"}],"version-history":[{"count":1,"href":"https:\/\/blog.panrotas.com.br\/espaco-alagev\/wp-json\/wp\/v2\/posts\/170\/revisions"}],"predecessor-version":[{"id":171,"href":"https:\/\/blog.panrotas.com.br\/espaco-alagev\/wp-json\/wp\/v2\/posts\/170\/revisions\/171"}],"wp:attachment":[{"href":"https:\/\/blog.panrotas.com.br\/espaco-alagev\/wp-json\/wp\/v2\/media?parent=170"}],"wp:term":[{"taxonomy":"category","embeddable":true,"href":"https:\/\/blog.panrotas.com.br\/espaco-alagev\/wp-json\/wp\/v2\/categories?post=170"},{"taxonomy":"post_tag","embeddable":true,"href":"https:\/\/blog.panrotas.com.br\/espaco-alagev\/wp-json\/wp\/v2\/tags?post=170"}],"curies":[{"name":"wp","href":"https:\/\/api.w.org\/{rel}","templated":true}]}}