{"id":208,"date":"2024-06-11T15:46:54","date_gmt":"2024-06-11T18:46:54","guid":{"rendered":"https:\/\/blog.panrotas.com.br\/espaco-alagev\/?p=208"},"modified":"2024-06-11T15:46:57","modified_gmt":"2024-06-11T18:46:57","slug":"o-futuro-do-trabalho-preparacao-e-adaptabilidade","status":"publish","type":"post","link":"https:\/\/blog.panrotas.com.br\/espaco-alagev\/2024\/06\/11\/o-futuro-do-trabalho-preparacao-e-adaptabilidade\/","title":{"rendered":"O futuro do trabalho: prepara\u00e7\u00e3o e adaptabilidade"},"content":{"rendered":"\n<p>Se tem um assunto que atrai aten\u00e7\u00e3o das pessoas \u00e9 o futuro do mercado de trabalho. Durante o LACTE-19\u00aa edi\u00e7\u00e3o, evento anual promovido pela&nbsp; Associa\u00e7\u00e3o Latino Americana de Gest\u00e3o de Eventos e Viagens Corporativas (ALAGEV), Dado Schneider, professor e doutor em comunica\u00e7\u00e3o, em sua palestra \u201cO Futuro mudou bem na minha vez\u201d compartilhou sua experi\u00eancia e vis\u00e3o sobre as transforma\u00e7\u00f5es das gera\u00e7\u00f5es.&nbsp;<\/p>\n\n\n\n<p>Me identifiquei com seus pensamentos e decidi escrever esse artigo. De acordo com o especialista, a maioria dos profissionais que hoje est\u00e1 no mercado de trabalho \u00e9 do s\u00e9culo e mil\u00eanio anterior e enfrenta um cen\u00e1rio de constante mudan\u00e7a. Durante a juventude, ele observou a resist\u00eancia dos mais velhos em mudar seus ideais. Agora, ao amadurecer, percebeu uma nova din\u00e2mica da evolu\u00e7\u00e3o no mundo corporativo e que hoje \u00e9 preciso&nbsp; se adaptar rapidamente para permanecer relevante no mercado de trabalho.<\/p>\n\n\n\n<p><strong>Estruturas e hierarquias<\/strong><\/p>\n\n\n\n<p>No final do s\u00e9culo XX, as estruturas empresariais, escolares e familiares eram verticais. O palestrante, quando mais novo, trabalhou em uma ag\u00eancia de publicidade e se inspirava para alcan\u00e7ar \u201cessa vida tranquila\u201d dos diretores. Ap\u00f3s muito tempo de esfor\u00e7o, ao atingir esse patamar, o mundo mudou: agora, gerentes e empreendedores trabalham, muitas vezes, mais do que seus colaboradores.<\/p>\n\n\n\n<p>Anos atr\u00e1s era comum usar a frase \u201cmanda quem pode e obedece quem tem ju\u00edzo\u201d. Agora, as novas gera\u00e7\u00f5es n\u00e3o aceitam qualquer tipo de lideran\u00e7a e questionam quando percebem algo errado.&nbsp;<\/p>\n\n\n\n<p><strong>Mentalidades e adapta\u00e7\u00e3o<\/strong><\/p>\n\n\n\n<p>Schneider refletiu sobre a distin\u00e7\u00e3o entre jovens e velhos em termos de abertura \u00e0 mudan\u00e7a. Ele nota a exist\u00eancia de &#8220;jovem velho&#8221;, &#8220;velho jovem&#8221;, \u201cjovem que \u00e9 jovem\u201d e o \u201cvelho que \u00e9 velho\u201d, destacando que a diferencia\u00e7\u00e3o \u00e9 pela mentalidade e vontade de se atualizar, e n\u00e3o pela idade. No s\u00e9culo XXI, preconceitos de cor, g\u00eanero e idade n\u00e3o s\u00e3o mais aceit\u00e1veis. Mudar hoje significa entender e aceitar o que acontece ao nosso redor, mesmo n\u00e3o gostando.<\/p>\n\n\n\n<p><strong>Futuro e evolu\u00e7\u00e3o<\/strong><\/p>\n\n\n\n<p>Precisamos estar preparados para essa nova realidade. Vivemos a &#8220;adolesc\u00eancia do futuro&#8221;, onde o s\u00e9culo XX tenta manter seu poder, mas o XXI est\u00e1 prestes a decolar, especialmente ap\u00f3s a pandemia de covid-19. Com a intelig\u00eancia artificial, valoriza\u00e7\u00e3o das minorias e a empatia, estamos dando um salto evolutivo.&nbsp;<\/p>\n\n\n\n<p>Vejo que as crian\u00e7as est\u00e3o mais conectadas ao mundo das not\u00edcias e com uma inf\u00e2ncia mais equipada, diferente do passado. Um exemplo claro sobre as altera\u00e7\u00f5es do comportamento da sociedade \u00e9 que anos atr\u00e1s o melhor bife em um jantar ficava com o adulto, hoje, o melhor alimento \u00e9 destinado aos mais jovens.&nbsp;<\/p>\n\n\n\n<p>O especialista traz ainda uma reflex\u00e3o valiosa \u201csomos adultos in\u00e9ditos, nunca houve adultos iguais a n\u00f3s, porque vamos durar mais&#8221;. Com o avan\u00e7o da medicina, qualidade de vida e tecnologia, as pessoas v\u00e3o viver por mais tempo e precisam se adaptar \u00e0s mudan\u00e7as.<\/p>\n\n\n\n<p>H\u00e1 apenas dois s\u00e9culos, nossa expectativa de vida mal ultrapassava 40 anos. Segundo o estudo, detalhado na revista The Lancet, a perspectiva de vida global deve aumentar de 73,6 anos em 2022 para 78,1 anos em 2050. E a vida saud\u00e1vel deve crescer de 64,8 anos para 67,4 anos.&nbsp;<\/p>\n\n\n\n<p>Por exemplo, na Espanha, a expectativa de vida dobrou no \u00faltimo s\u00e9culo: passou de 40 anos em 1900 para mais de 83 anos em 2019, segundo o Instituto Nacional de Estat\u00edstica (INE) espanhol. J\u00e1 nos \u00faltimos 50 anos, o n\u00famero de pessoas com mais de 80 anos triplicou, enquanto o total de pessoas com 90 anos aumentou cinco vezes. Segundo estudo da Organiza\u00e7\u00e3o das Na\u00e7\u00f5es Unidas, essa tend\u00eancia global indica que, at\u00e9 2050, o n\u00famero de centen\u00e1rios aumentar\u00e1 de 533 mil para mais de tr\u00eas milh\u00f5es.<\/p>\n\n\n\n<p>O Juan Carlos Izpis\u00faa, bioqu\u00edmico e participante do document\u00e1rio da National Geographic \u201cLife Science: Longevity\u201d, comenta que \u201cestamos muito pr\u00f3ximos de viver 150 anos&#8221;. O especialista ressalta que os avan\u00e7os cient\u00edficos est\u00e3o aumentando e nos aproximam de um futuro que est\u00e1 mais pr\u00f3ximo do que parece.<\/p>\n\n\n\n<p><strong>Reflex\u00e3o final<\/strong><\/p>\n\n\n\n<p>Pensando nesses dados e com base na palestra do LACTE, entendo que o problema n\u00e3o \u00e9 a idade, mas sim parar no tempo e n\u00e3o querer se adaptar.&nbsp;<\/p>\n\n\n\n<p>Em um mundo em constante evolu\u00e7\u00e3o, a capacidade de se atualizar e evitar envelhecer por dentro \u00e9 crucial. Para continuar a crescer intelectualmente, \u00e9 essencial abra\u00e7ar a mudan\u00e7a e compreender as transforma\u00e7\u00f5es ao nosso redor.<\/p>\n\n\n\n<p><em>*Luana Nogueira, diretora executiva da ALAGEV<\/em><\/p>\n","protected":false},"excerpt":{"rendered":"<p>Se tem um assunto que atrai aten\u00e7\u00e3o das pessoas \u00e9 o futuro do mercado de trabalho. Durante o LACTE-19\u00aa edi\u00e7\u00e3o, evento anual promovido pela&nbsp; Associa\u00e7\u00e3o Latino Americana de Gest\u00e3o de Eventos e Viagens Corporativas (ALAGEV), Dado Schneider, professor e doutor em comunica\u00e7\u00e3o, em sua palestra \u201cO Futuro mudou bem na minha vez\u201d compartilhou sua experi\u00eancia&hellip; <a class=\"more-link\" href=\"https:\/\/blog.panrotas.com.br\/espaco-alagev\/2024\/06\/11\/o-futuro-do-trabalho-preparacao-e-adaptabilidade\/\">Continue reading &rarr;<\/a><\/p>\n","protected":false},"author":29,"featured_media":0,"comment_status":"open","ping_status":"open","sticky":false,"template":"","format":"standard","meta":{"spay_email":""},"categories":[2],"tags":[],"yoast_head":"<!-- This site is optimized with the Yoast SEO plugin v17.3 - https:\/\/yoast.com\/wordpress\/plugins\/seo\/ -->\n<title>O futuro do trabalho: prepara\u00e7\u00e3o e adaptabilidade - Espa\u00e7o Alagev<\/title>\n<meta name=\"robots\" content=\"index, follow, max-snippet:-1, max-image-preview:large, max-video-preview:-1\" \/>\n<link rel=\"canonical\" href=\"https:\/\/blog.panrotas.com.br\/espaco-alagev\/2024\/06\/11\/o-futuro-do-trabalho-preparacao-e-adaptabilidade\/\" \/>\n<meta property=\"og:locale\" content=\"pt_BR\" \/>\n<meta property=\"og:type\" content=\"article\" \/>\n<meta property=\"og:title\" content=\"O futuro do trabalho: prepara\u00e7\u00e3o e adaptabilidade - Espa\u00e7o Alagev\" \/>\n<meta property=\"og:description\" content=\"Se tem um assunto que atrai aten\u00e7\u00e3o das pessoas \u00e9 o futuro do mercado de trabalho. Durante o LACTE-19\u00aa edi\u00e7\u00e3o, evento anual promovido pela&nbsp; Associa\u00e7\u00e3o Latino Americana de Gest\u00e3o de Eventos e Viagens Corporativas (ALAGEV), Dado Schneider, professor e doutor em comunica\u00e7\u00e3o, em sua palestra \u201cO Futuro mudou bem na minha vez\u201d compartilhou sua experi\u00eancia&hellip; Continue reading &rarr;\" \/>\n<meta property=\"og:url\" content=\"https:\/\/blog.panrotas.com.br\/espaco-alagev\/2024\/06\/11\/o-futuro-do-trabalho-preparacao-e-adaptabilidade\/\" \/>\n<meta property=\"og:site_name\" content=\"Espa\u00e7o Alagev\" \/>\n<meta property=\"article:published_time\" content=\"2024-06-11T18:46:54+00:00\" \/>\n<meta property=\"article:modified_time\" content=\"2024-06-11T18:46:57+00:00\" \/>\n<meta name=\"twitter:card\" content=\"summary_large_image\" \/>\n<meta name=\"twitter:label1\" content=\"Escrito por\" \/>\n\t<meta name=\"twitter:data1\" content=\"ALAGEV\" \/>\n\t<meta name=\"twitter:label2\" content=\"Est. tempo de leitura\" \/>\n\t<meta name=\"twitter:data2\" content=\"4 minutos\" \/>\n<script type=\"application\/ld+json\" class=\"yoast-schema-graph\">{\"@context\":\"https:\/\/schema.org\",\"@graph\":[{\"@type\":\"WebSite\",\"@id\":\"https:\/\/blog.panrotas.com.br\/espaco-alagev\/#website\",\"url\":\"https:\/\/blog.panrotas.com.br\/espaco-alagev\/\",\"name\":\"Espa\\u00e7o Alagev\",\"description\":\"\",\"potentialAction\":[{\"@type\":\"SearchAction\",\"target\":{\"@type\":\"EntryPoint\",\"urlTemplate\":\"https:\/\/blog.panrotas.com.br\/espaco-alagev\/?s={search_term_string}\"},\"query-input\":\"required name=search_term_string\"}],\"inLanguage\":\"pt-BR\"},{\"@type\":\"WebPage\",\"@id\":\"https:\/\/blog.panrotas.com.br\/espaco-alagev\/2024\/06\/11\/o-futuro-do-trabalho-preparacao-e-adaptabilidade\/#webpage\",\"url\":\"https:\/\/blog.panrotas.com.br\/espaco-alagev\/2024\/06\/11\/o-futuro-do-trabalho-preparacao-e-adaptabilidade\/\",\"name\":\"O futuro do trabalho: prepara\\u00e7\\u00e3o e adaptabilidade - Espa\\u00e7o Alagev\",\"isPartOf\":{\"@id\":\"https:\/\/blog.panrotas.com.br\/espaco-alagev\/#website\"},\"datePublished\":\"2024-06-11T18:46:54+00:00\",\"dateModified\":\"2024-06-11T18:46:57+00:00\",\"author\":{\"@id\":\"https:\/\/blog.panrotas.com.br\/espaco-alagev\/#\/schema\/person\/f6435745ab947a8034c5258d3a131459\"},\"breadcrumb\":{\"@id\":\"https:\/\/blog.panrotas.com.br\/espaco-alagev\/2024\/06\/11\/o-futuro-do-trabalho-preparacao-e-adaptabilidade\/#breadcrumb\"},\"inLanguage\":\"pt-BR\",\"potentialAction\":[{\"@type\":\"ReadAction\",\"target\":[\"https:\/\/blog.panrotas.com.br\/espaco-alagev\/2024\/06\/11\/o-futuro-do-trabalho-preparacao-e-adaptabilidade\/\"]}]},{\"@type\":\"BreadcrumbList\",\"@id\":\"https:\/\/blog.panrotas.com.br\/espaco-alagev\/2024\/06\/11\/o-futuro-do-trabalho-preparacao-e-adaptabilidade\/#breadcrumb\",\"itemListElement\":[{\"@type\":\"ListItem\",\"position\":1,\"name\":\"In\\u00edcio\",\"item\":\"https:\/\/blog.panrotas.com.br\/espaco-alagev\/\"},{\"@type\":\"ListItem\",\"position\":2,\"name\":\"O futuro do trabalho: prepara\\u00e7\\u00e3o e adaptabilidade\"}]},{\"@type\":\"Person\",\"@id\":\"https:\/\/blog.panrotas.com.br\/espaco-alagev\/#\/schema\/person\/f6435745ab947a8034c5258d3a131459\",\"name\":\"ALAGEV\",\"image\":{\"@type\":\"ImageObject\",\"@id\":\"https:\/\/blog.panrotas.com.br\/espaco-alagev\/#personlogo\",\"inLanguage\":\"pt-BR\",\"url\":\"https:\/\/secure.gravatar.com\/avatar\/aecafa8de667ce8cf6c47c6052cfe716?s=96&d=mm&r=g\",\"contentUrl\":\"https:\/\/secure.gravatar.com\/avatar\/aecafa8de667ce8cf6c47c6052cfe716?s=96&d=mm&r=g\",\"caption\":\"ALAGEV\"},\"description\":\"Juliana Patti - Graduada pela Universidade Paulista e p\\u00f3s-graduada em Marketing e Turismo Mercadol\\u00f3gico pela Universidade de S\\u00e3o Paulo (USP), a nova diretora presidente da ALAGEV possui mais de 10 anos de experi\\u00eancia na \\u00e1rea de viagens e eventos, liderando diversos projetos corporativos e de marketing.\",\"sameAs\":[\"http:\/\/www.alagev.org\"],\"url\":\"https:\/\/blog.panrotas.com.br\/espaco-alagev\/author\/gustavoalagev\/\"}]}<\/script>\n<!-- \/ Yoast SEO plugin. -->","yoast_head_json":{"title":"O futuro do trabalho: prepara\u00e7\u00e3o e adaptabilidade - Espa\u00e7o Alagev","robots":{"index":"index","follow":"follow","max-snippet":"max-snippet:-1","max-image-preview":"max-image-preview:large","max-video-preview":"max-video-preview:-1"},"canonical":"https:\/\/blog.panrotas.com.br\/espaco-alagev\/2024\/06\/11\/o-futuro-do-trabalho-preparacao-e-adaptabilidade\/","og_locale":"pt_BR","og_type":"article","og_title":"O futuro do trabalho: prepara\u00e7\u00e3o e adaptabilidade - Espa\u00e7o Alagev","og_description":"Se tem um assunto que atrai aten\u00e7\u00e3o das pessoas \u00e9 o futuro do mercado de trabalho. Durante o LACTE-19\u00aa edi\u00e7\u00e3o, evento anual promovido pela&nbsp; Associa\u00e7\u00e3o Latino Americana de Gest\u00e3o de Eventos e Viagens Corporativas (ALAGEV), Dado Schneider, professor e doutor em comunica\u00e7\u00e3o, em sua palestra \u201cO Futuro mudou bem na minha vez\u201d compartilhou sua experi\u00eancia&hellip; Continue reading &rarr;","og_url":"https:\/\/blog.panrotas.com.br\/espaco-alagev\/2024\/06\/11\/o-futuro-do-trabalho-preparacao-e-adaptabilidade\/","og_site_name":"Espa\u00e7o Alagev","article_published_time":"2024-06-11T18:46:54+00:00","article_modified_time":"2024-06-11T18:46:57+00:00","twitter_card":"summary_large_image","twitter_misc":{"Escrito por":"ALAGEV","Est. tempo de leitura":"4 minutos"},"schema":{"@context":"https:\/\/schema.org","@graph":[{"@type":"WebSite","@id":"https:\/\/blog.panrotas.com.br\/espaco-alagev\/#website","url":"https:\/\/blog.panrotas.com.br\/espaco-alagev\/","name":"Espa\u00e7o Alagev","description":"","potentialAction":[{"@type":"SearchAction","target":{"@type":"EntryPoint","urlTemplate":"https:\/\/blog.panrotas.com.br\/espaco-alagev\/?s={search_term_string}"},"query-input":"required name=search_term_string"}],"inLanguage":"pt-BR"},{"@type":"WebPage","@id":"https:\/\/blog.panrotas.com.br\/espaco-alagev\/2024\/06\/11\/o-futuro-do-trabalho-preparacao-e-adaptabilidade\/#webpage","url":"https:\/\/blog.panrotas.com.br\/espaco-alagev\/2024\/06\/11\/o-futuro-do-trabalho-preparacao-e-adaptabilidade\/","name":"O futuro do trabalho: prepara\u00e7\u00e3o e adaptabilidade - Espa\u00e7o Alagev","isPartOf":{"@id":"https:\/\/blog.panrotas.com.br\/espaco-alagev\/#website"},"datePublished":"2024-06-11T18:46:54+00:00","dateModified":"2024-06-11T18:46:57+00:00","author":{"@id":"https:\/\/blog.panrotas.com.br\/espaco-alagev\/#\/schema\/person\/f6435745ab947a8034c5258d3a131459"},"breadcrumb":{"@id":"https:\/\/blog.panrotas.com.br\/espaco-alagev\/2024\/06\/11\/o-futuro-do-trabalho-preparacao-e-adaptabilidade\/#breadcrumb"},"inLanguage":"pt-BR","potentialAction":[{"@type":"ReadAction","target":["https:\/\/blog.panrotas.com.br\/espaco-alagev\/2024\/06\/11\/o-futuro-do-trabalho-preparacao-e-adaptabilidade\/"]}]},{"@type":"BreadcrumbList","@id":"https:\/\/blog.panrotas.com.br\/espaco-alagev\/2024\/06\/11\/o-futuro-do-trabalho-preparacao-e-adaptabilidade\/#breadcrumb","itemListElement":[{"@type":"ListItem","position":1,"name":"In\u00edcio","item":"https:\/\/blog.panrotas.com.br\/espaco-alagev\/"},{"@type":"ListItem","position":2,"name":"O futuro do trabalho: prepara\u00e7\u00e3o e adaptabilidade"}]},{"@type":"Person","@id":"https:\/\/blog.panrotas.com.br\/espaco-alagev\/#\/schema\/person\/f6435745ab947a8034c5258d3a131459","name":"ALAGEV","image":{"@type":"ImageObject","@id":"https:\/\/blog.panrotas.com.br\/espaco-alagev\/#personlogo","inLanguage":"pt-BR","url":"https:\/\/secure.gravatar.com\/avatar\/aecafa8de667ce8cf6c47c6052cfe716?s=96&d=mm&r=g","contentUrl":"https:\/\/secure.gravatar.com\/avatar\/aecafa8de667ce8cf6c47c6052cfe716?s=96&d=mm&r=g","caption":"ALAGEV"},"description":"Juliana Patti - Graduada pela Universidade Paulista e p\u00f3s-graduada em Marketing e Turismo Mercadol\u00f3gico pela Universidade de S\u00e3o Paulo (USP), a nova diretora presidente da ALAGEV possui mais de 10 anos de experi\u00eancia na \u00e1rea de viagens e eventos, liderando diversos projetos corporativos e de marketing.","sameAs":["http:\/\/www.alagev.org"],"url":"https:\/\/blog.panrotas.com.br\/espaco-alagev\/author\/gustavoalagev\/"}]}},"jetpack_featured_media_url":"","_links":{"self":[{"href":"https:\/\/blog.panrotas.com.br\/espaco-alagev\/wp-json\/wp\/v2\/posts\/208"}],"collection":[{"href":"https:\/\/blog.panrotas.com.br\/espaco-alagev\/wp-json\/wp\/v2\/posts"}],"about":[{"href":"https:\/\/blog.panrotas.com.br\/espaco-alagev\/wp-json\/wp\/v2\/types\/post"}],"author":[{"embeddable":true,"href":"https:\/\/blog.panrotas.com.br\/espaco-alagev\/wp-json\/wp\/v2\/users\/29"}],"replies":[{"embeddable":true,"href":"https:\/\/blog.panrotas.com.br\/espaco-alagev\/wp-json\/wp\/v2\/comments?post=208"}],"version-history":[{"count":1,"href":"https:\/\/blog.panrotas.com.br\/espaco-alagev\/wp-json\/wp\/v2\/posts\/208\/revisions"}],"predecessor-version":[{"id":209,"href":"https:\/\/blog.panrotas.com.br\/espaco-alagev\/wp-json\/wp\/v2\/posts\/208\/revisions\/209"}],"wp:attachment":[{"href":"https:\/\/blog.panrotas.com.br\/espaco-alagev\/wp-json\/wp\/v2\/media?parent=208"}],"wp:term":[{"taxonomy":"category","embeddable":true,"href":"https:\/\/blog.panrotas.com.br\/espaco-alagev\/wp-json\/wp\/v2\/categories?post=208"},{"taxonomy":"post_tag","embeddable":true,"href":"https:\/\/blog.panrotas.com.br\/espaco-alagev\/wp-json\/wp\/v2\/tags?post=208"}],"curies":[{"name":"wp","href":"https:\/\/api.w.org\/{rel}","templated":true}]}}