{"id":21,"date":"2018-06-21T17:07:21","date_gmt":"2018-06-21T20:07:21","guid":{"rendered":"http:\/\/blog.panrotas.com.br\/espaco-alagev\/?p=21"},"modified":"2020-12-14T16:26:44","modified_gmt":"2020-12-14T18:26:44","slug":"no-mercado-de-viagens-e-de-eventos-corporativos-nao-ha-espaco-para-amadores","status":"publish","type":"post","link":"https:\/\/blog.panrotas.com.br\/espaco-alagev\/2018\/06\/21\/no-mercado-de-viagens-e-de-eventos-corporativos-nao-ha-espaco-para-amadores\/","title":{"rendered":"No mercado de viagens e de eventos corporativos, n\u00e3o h\u00e1 espa\u00e7o para amadores"},"content":{"rendered":"<p style=\"text-align: right\"><em>(*) Rodrigo Cezar<\/em><\/p>\n<p>Como \u00e9 feita a gest\u00e3o de viagens e eventos corporativos atualmente no Brasil? Os meeting planners e gestores de viagens corporativas t\u00eam atuado de forma estrat\u00e9gica, contribuindo para criar um setor mais eficaz? Ou est\u00e3o apenas fazendo booking de hotel e preenchendo planilhas de Excel? S\u00e3o muitas perguntas para uma \u00fanica constata\u00e7\u00e3o: nesse mercado n\u00e3o h\u00e1 espa\u00e7o para amadores.<\/p>\n<p>Temos percebido, na ALAGEV, a import\u00e2ncia dessa gest\u00e3o mais estrat\u00e9gica e de um pensamento mais orientado para um planejamento macro, colocando em perspectiva tudo o que pode acontecer, desde um cancelamento de viagem, perda de voo ou situa\u00e7\u00f5es at\u00edpicas, como greves ou incid\u00eancia de fatores naturais imprevis\u00edveis.<\/p>\n<p>Assuntos como a integra\u00e7\u00e3o de eventos e viagens corporativas (ITM), Duty of Care, monitoramento do viajante corporativo e outros temas t\u00eam gerado um debate interessante. Mais do que pensar na racionaliza\u00e7\u00e3o dos custos, os gestores de viagens e eventos corporativos precisam ser criativos e utilizar a tecnologia a seu favor.<\/p>\n<p>Entendemos que, para que essa conex\u00e3o seja bem executada, todos os envolvidos na gest\u00e3o de viagens e eventos nas empresas devem ter n\u00edveis equivalentes de conhecimento, direcionamento e alinhamento estrat\u00e9gico.<\/p>\n<p>Muitas vezes, com a din\u00e2mica das grandes corpora\u00e7\u00f5es, as realiza\u00e7\u00f5es do gestor de viagens e eventos para os stakeholders n\u00e3o s\u00e3o transmitidas de forma eficaz. E, \u00e0s vezes, a mensagem recebida pelo alto escal\u00e3o das empresas n\u00e3o \u00e9 alinhada ao entendimento que os mesmos t\u00eam sobre essa categoria. Resumindo: existe um gap significativo entre o entendimento sobre gest\u00e3o de viagens e eventos nas empresas do ponto de vista do profissional versus a percep\u00e7\u00e3o que C-Level tem realmente.<\/p>\n<p>As discuss\u00f5es na Associa\u00e7\u00e3o t\u00eam evolu\u00eddo a cada reuni\u00e3o de Comunidade Global e a cada evento realizado.<\/p>\n<p>Neste sentido, inclusive, podemos destacar que temos vivido um novo momento na Entidade: estamos focados em entender o mercado de uma forma 360\u00b0, o que nos permitir\u00e1 oferecer cada vez mais uma gama de possibilidades a fim de que o gestor de viagens e eventos corporativos possa contribuir e fazer a diferen\u00e7a em sua empresa e no mercado.<\/p>\n<p>Esse avan\u00e7o conversa diretamente com a necessidade urgente de termos profissionais capacitados e que realmente entendam do business, indo al\u00e9m de um evento grandioso ou mesmo de uma viagem bem conduzida.<\/p>\n<p>N\u00e3o h\u00e1 receita de bolo. O caminho \u00e9 longo e h\u00e1 muito trabalho pela frente. Exatamente por isso, convidamos a todos os profissionais a arrega\u00e7arem as mangas, pensarem nesses assuntos e ajudarem a desenvolver o setor. Vamos?<\/p>\n<p><em>Rodrigo Cezar \u00e9 presidente da ALAGEV \u2013 Associa\u00e7\u00e3o Latino Americana de Gestores de Eventos e Viagens Corporativas<\/em><\/p>\n<p>&nbsp;<\/p>\n","protected":false},"excerpt":{"rendered":"<p>(*) Rodrigo Cezar Como \u00e9 feita a gest\u00e3o de viagens e eventos corporativos atualmente no Brasil? Os meeting planners e gestores de viagens corporativas t\u00eam atuado de forma estrat\u00e9gica, contribuindo para criar um setor mais eficaz? Ou est\u00e3o apenas fazendo booking de hotel e preenchendo planilhas de Excel? S\u00e3o muitas perguntas para uma \u00fanica constata\u00e7\u00e3o:&hellip; <a class=\"more-link\" href=\"https:\/\/blog.panrotas.com.br\/espaco-alagev\/2018\/06\/21\/no-mercado-de-viagens-e-de-eventos-corporativos-nao-ha-espaco-para-amadores\/\">Continue reading &rarr;<\/a><\/p>\n","protected":false},"author":29,"featured_media":0,"comment_status":"open","ping_status":"open","sticky":false,"template":"","format":"standard","meta":{"spay_email":""},"categories":[2],"tags":[],"yoast_head":"<!-- This site is optimized with the Yoast SEO plugin v17.3 - https:\/\/yoast.com\/wordpress\/plugins\/seo\/ -->\n<title>No mercado de viagens e de eventos corporativos, n\u00e3o h\u00e1 espa\u00e7o para amadores - Espa\u00e7o Alagev<\/title>\n<meta name=\"robots\" content=\"index, follow, max-snippet:-1, max-image-preview:large, max-video-preview:-1\" \/>\n<link rel=\"canonical\" href=\"http:\/\/blog.panrotas.com.br\/espaco-alagev\/2018\/06\/21\/no-mercado-de-viagens-e-de-eventos-corporativos-nao-ha-espaco-para-amadores\/\" \/>\n<meta property=\"og:locale\" content=\"pt_BR\" \/>\n<meta property=\"og:type\" content=\"article\" \/>\n<meta property=\"og:title\" content=\"No mercado de viagens e de eventos corporativos, n\u00e3o h\u00e1 espa\u00e7o para amadores - Espa\u00e7o Alagev\" \/>\n<meta property=\"og:description\" content=\"(*) Rodrigo Cezar Como \u00e9 feita a gest\u00e3o de viagens e eventos corporativos atualmente no Brasil? Os meeting planners e gestores de viagens corporativas t\u00eam atuado de forma estrat\u00e9gica, contribuindo para criar um setor mais eficaz? Ou est\u00e3o apenas fazendo booking de hotel e preenchendo planilhas de Excel? S\u00e3o muitas perguntas para uma \u00fanica constata\u00e7\u00e3o:&hellip; Continue reading &rarr;\" \/>\n<meta property=\"og:url\" content=\"http:\/\/blog.panrotas.com.br\/espaco-alagev\/2018\/06\/21\/no-mercado-de-viagens-e-de-eventos-corporativos-nao-ha-espaco-para-amadores\/\" \/>\n<meta property=\"og:site_name\" content=\"Espa\u00e7o Alagev\" \/>\n<meta property=\"article:published_time\" content=\"2018-06-21T20:07:21+00:00\" \/>\n<meta property=\"article:modified_time\" content=\"2020-12-14T18:26:44+00:00\" \/>\n<meta name=\"twitter:card\" content=\"summary_large_image\" \/>\n<meta name=\"twitter:label1\" content=\"Escrito por\" \/>\n\t<meta name=\"twitter:data1\" content=\"ALAGEV\" \/>\n\t<meta name=\"twitter:label2\" content=\"Est. tempo de leitura\" \/>\n\t<meta name=\"twitter:data2\" content=\"2 minutos\" \/>\n<script type=\"application\/ld+json\" class=\"yoast-schema-graph\">{\"@context\":\"https:\/\/schema.org\",\"@graph\":[{\"@type\":\"WebSite\",\"@id\":\"https:\/\/blog.panrotas.com.br\/espaco-alagev\/#website\",\"url\":\"https:\/\/blog.panrotas.com.br\/espaco-alagev\/\",\"name\":\"Espa\\u00e7o Alagev\",\"description\":\"\",\"potentialAction\":[{\"@type\":\"SearchAction\",\"target\":{\"@type\":\"EntryPoint\",\"urlTemplate\":\"https:\/\/blog.panrotas.com.br\/espaco-alagev\/?s={search_term_string}\"},\"query-input\":\"required name=search_term_string\"}],\"inLanguage\":\"pt-BR\"},{\"@type\":\"WebPage\",\"@id\":\"http:\/\/blog.panrotas.com.br\/espaco-alagev\/2018\/06\/21\/no-mercado-de-viagens-e-de-eventos-corporativos-nao-ha-espaco-para-amadores\/#webpage\",\"url\":\"http:\/\/blog.panrotas.com.br\/espaco-alagev\/2018\/06\/21\/no-mercado-de-viagens-e-de-eventos-corporativos-nao-ha-espaco-para-amadores\/\",\"name\":\"No mercado de viagens e de eventos corporativos, n\\u00e3o h\\u00e1 espa\\u00e7o para amadores - Espa\\u00e7o Alagev\",\"isPartOf\":{\"@id\":\"https:\/\/blog.panrotas.com.br\/espaco-alagev\/#website\"},\"datePublished\":\"2018-06-21T20:07:21+00:00\",\"dateModified\":\"2020-12-14T18:26:44+00:00\",\"author\":{\"@id\":\"https:\/\/blog.panrotas.com.br\/espaco-alagev\/#\/schema\/person\/f6435745ab947a8034c5258d3a131459\"},\"breadcrumb\":{\"@id\":\"http:\/\/blog.panrotas.com.br\/espaco-alagev\/2018\/06\/21\/no-mercado-de-viagens-e-de-eventos-corporativos-nao-ha-espaco-para-amadores\/#breadcrumb\"},\"inLanguage\":\"pt-BR\",\"potentialAction\":[{\"@type\":\"ReadAction\",\"target\":[\"http:\/\/blog.panrotas.com.br\/espaco-alagev\/2018\/06\/21\/no-mercado-de-viagens-e-de-eventos-corporativos-nao-ha-espaco-para-amadores\/\"]}]},{\"@type\":\"BreadcrumbList\",\"@id\":\"http:\/\/blog.panrotas.com.br\/espaco-alagev\/2018\/06\/21\/no-mercado-de-viagens-e-de-eventos-corporativos-nao-ha-espaco-para-amadores\/#breadcrumb\",\"itemListElement\":[{\"@type\":\"ListItem\",\"position\":1,\"name\":\"In\\u00edcio\",\"item\":\"https:\/\/blog.panrotas.com.br\/espaco-alagev\/\"},{\"@type\":\"ListItem\",\"position\":2,\"name\":\"No mercado de viagens e de eventos corporativos, n\\u00e3o h\\u00e1 espa\\u00e7o para amadores\"}]},{\"@type\":\"Person\",\"@id\":\"https:\/\/blog.panrotas.com.br\/espaco-alagev\/#\/schema\/person\/f6435745ab947a8034c5258d3a131459\",\"name\":\"ALAGEV\",\"image\":{\"@type\":\"ImageObject\",\"@id\":\"https:\/\/blog.panrotas.com.br\/espaco-alagev\/#personlogo\",\"inLanguage\":\"pt-BR\",\"url\":\"https:\/\/secure.gravatar.com\/avatar\/aecafa8de667ce8cf6c47c6052cfe716?s=96&d=mm&r=g\",\"contentUrl\":\"https:\/\/secure.gravatar.com\/avatar\/aecafa8de667ce8cf6c47c6052cfe716?s=96&d=mm&r=g\",\"caption\":\"ALAGEV\"},\"description\":\"Juliana Patti - Graduada pela Universidade Paulista e p\\u00f3s-graduada em Marketing e Turismo Mercadol\\u00f3gico pela Universidade de S\\u00e3o Paulo (USP), a nova diretora presidente da ALAGEV possui mais de 10 anos de experi\\u00eancia na \\u00e1rea de viagens e eventos, liderando diversos projetos corporativos e de marketing.\",\"sameAs\":[\"http:\/\/www.alagev.org\"],\"url\":\"https:\/\/blog.panrotas.com.br\/espaco-alagev\/author\/gustavoalagev\/\"}]}<\/script>\n<!-- \/ Yoast SEO plugin. -->","yoast_head_json":{"title":"No mercado de viagens e de eventos corporativos, n\u00e3o h\u00e1 espa\u00e7o para amadores - Espa\u00e7o Alagev","robots":{"index":"index","follow":"follow","max-snippet":"max-snippet:-1","max-image-preview":"max-image-preview:large","max-video-preview":"max-video-preview:-1"},"canonical":"http:\/\/blog.panrotas.com.br\/espaco-alagev\/2018\/06\/21\/no-mercado-de-viagens-e-de-eventos-corporativos-nao-ha-espaco-para-amadores\/","og_locale":"pt_BR","og_type":"article","og_title":"No mercado de viagens e de eventos corporativos, n\u00e3o h\u00e1 espa\u00e7o para amadores - Espa\u00e7o Alagev","og_description":"(*) Rodrigo Cezar Como \u00e9 feita a gest\u00e3o de viagens e eventos corporativos atualmente no Brasil? Os meeting planners e gestores de viagens corporativas t\u00eam atuado de forma estrat\u00e9gica, contribuindo para criar um setor mais eficaz? Ou est\u00e3o apenas fazendo booking de hotel e preenchendo planilhas de Excel? S\u00e3o muitas perguntas para uma \u00fanica constata\u00e7\u00e3o:&hellip; Continue reading &rarr;","og_url":"http:\/\/blog.panrotas.com.br\/espaco-alagev\/2018\/06\/21\/no-mercado-de-viagens-e-de-eventos-corporativos-nao-ha-espaco-para-amadores\/","og_site_name":"Espa\u00e7o Alagev","article_published_time":"2018-06-21T20:07:21+00:00","article_modified_time":"2020-12-14T18:26:44+00:00","twitter_card":"summary_large_image","twitter_misc":{"Escrito por":"ALAGEV","Est. tempo de leitura":"2 minutos"},"schema":{"@context":"https:\/\/schema.org","@graph":[{"@type":"WebSite","@id":"https:\/\/blog.panrotas.com.br\/espaco-alagev\/#website","url":"https:\/\/blog.panrotas.com.br\/espaco-alagev\/","name":"Espa\u00e7o Alagev","description":"","potentialAction":[{"@type":"SearchAction","target":{"@type":"EntryPoint","urlTemplate":"https:\/\/blog.panrotas.com.br\/espaco-alagev\/?s={search_term_string}"},"query-input":"required name=search_term_string"}],"inLanguage":"pt-BR"},{"@type":"WebPage","@id":"http:\/\/blog.panrotas.com.br\/espaco-alagev\/2018\/06\/21\/no-mercado-de-viagens-e-de-eventos-corporativos-nao-ha-espaco-para-amadores\/#webpage","url":"http:\/\/blog.panrotas.com.br\/espaco-alagev\/2018\/06\/21\/no-mercado-de-viagens-e-de-eventos-corporativos-nao-ha-espaco-para-amadores\/","name":"No mercado de viagens e de eventos corporativos, n\u00e3o h\u00e1 espa\u00e7o para amadores - Espa\u00e7o Alagev","isPartOf":{"@id":"https:\/\/blog.panrotas.com.br\/espaco-alagev\/#website"},"datePublished":"2018-06-21T20:07:21+00:00","dateModified":"2020-12-14T18:26:44+00:00","author":{"@id":"https:\/\/blog.panrotas.com.br\/espaco-alagev\/#\/schema\/person\/f6435745ab947a8034c5258d3a131459"},"breadcrumb":{"@id":"http:\/\/blog.panrotas.com.br\/espaco-alagev\/2018\/06\/21\/no-mercado-de-viagens-e-de-eventos-corporativos-nao-ha-espaco-para-amadores\/#breadcrumb"},"inLanguage":"pt-BR","potentialAction":[{"@type":"ReadAction","target":["http:\/\/blog.panrotas.com.br\/espaco-alagev\/2018\/06\/21\/no-mercado-de-viagens-e-de-eventos-corporativos-nao-ha-espaco-para-amadores\/"]}]},{"@type":"BreadcrumbList","@id":"http:\/\/blog.panrotas.com.br\/espaco-alagev\/2018\/06\/21\/no-mercado-de-viagens-e-de-eventos-corporativos-nao-ha-espaco-para-amadores\/#breadcrumb","itemListElement":[{"@type":"ListItem","position":1,"name":"In\u00edcio","item":"https:\/\/blog.panrotas.com.br\/espaco-alagev\/"},{"@type":"ListItem","position":2,"name":"No mercado de viagens e de eventos corporativos, n\u00e3o h\u00e1 espa\u00e7o para amadores"}]},{"@type":"Person","@id":"https:\/\/blog.panrotas.com.br\/espaco-alagev\/#\/schema\/person\/f6435745ab947a8034c5258d3a131459","name":"ALAGEV","image":{"@type":"ImageObject","@id":"https:\/\/blog.panrotas.com.br\/espaco-alagev\/#personlogo","inLanguage":"pt-BR","url":"https:\/\/secure.gravatar.com\/avatar\/aecafa8de667ce8cf6c47c6052cfe716?s=96&d=mm&r=g","contentUrl":"https:\/\/secure.gravatar.com\/avatar\/aecafa8de667ce8cf6c47c6052cfe716?s=96&d=mm&r=g","caption":"ALAGEV"},"description":"Juliana Patti - Graduada pela Universidade Paulista e p\u00f3s-graduada em Marketing e Turismo Mercadol\u00f3gico pela Universidade de S\u00e3o Paulo (USP), a nova diretora presidente da ALAGEV possui mais de 10 anos de experi\u00eancia na \u00e1rea de viagens e eventos, liderando diversos projetos corporativos e de marketing.","sameAs":["http:\/\/www.alagev.org"],"url":"https:\/\/blog.panrotas.com.br\/espaco-alagev\/author\/gustavoalagev\/"}]}},"jetpack_featured_media_url":"","_links":{"self":[{"href":"https:\/\/blog.panrotas.com.br\/espaco-alagev\/wp-json\/wp\/v2\/posts\/21"}],"collection":[{"href":"https:\/\/blog.panrotas.com.br\/espaco-alagev\/wp-json\/wp\/v2\/posts"}],"about":[{"href":"https:\/\/blog.panrotas.com.br\/espaco-alagev\/wp-json\/wp\/v2\/types\/post"}],"author":[{"embeddable":true,"href":"https:\/\/blog.panrotas.com.br\/espaco-alagev\/wp-json\/wp\/v2\/users\/29"}],"replies":[{"embeddable":true,"href":"https:\/\/blog.panrotas.com.br\/espaco-alagev\/wp-json\/wp\/v2\/comments?post=21"}],"version-history":[{"count":1,"href":"https:\/\/blog.panrotas.com.br\/espaco-alagev\/wp-json\/wp\/v2\/posts\/21\/revisions"}],"predecessor-version":[{"id":124,"href":"https:\/\/blog.panrotas.com.br\/espaco-alagev\/wp-json\/wp\/v2\/posts\/21\/revisions\/124"}],"wp:attachment":[{"href":"https:\/\/blog.panrotas.com.br\/espaco-alagev\/wp-json\/wp\/v2\/media?parent=21"}],"wp:term":[{"taxonomy":"category","embeddable":true,"href":"https:\/\/blog.panrotas.com.br\/espaco-alagev\/wp-json\/wp\/v2\/categories?post=21"},{"taxonomy":"post_tag","embeddable":true,"href":"https:\/\/blog.panrotas.com.br\/espaco-alagev\/wp-json\/wp\/v2\/tags?post=21"}],"curies":[{"name":"wp","href":"https:\/\/api.w.org\/{rel}","templated":true}]}}