{"id":210,"date":"2024-07-19T11:45:44","date_gmt":"2024-07-19T14:45:44","guid":{"rendered":"https:\/\/blog.panrotas.com.br\/espaco-alagev\/?p=210"},"modified":"2024-07-19T11:45:46","modified_gmt":"2024-07-19T14:45:46","slug":"tecnologia-e-o-brasil-fora-do-radar-dos-eventos-insights-da-alagev-no-imex-frankfurt","status":"publish","type":"post","link":"https:\/\/blog.panrotas.com.br\/espaco-alagev\/2024\/07\/19\/tecnologia-e-o-brasil-fora-do-radar-dos-eventos-insights-da-alagev-no-imex-frankfurt\/","title":{"rendered":"Tecnologia e o Brasil fora do radar dos eventos: insights da ALAGEV no IMEX Frankfurt"},"content":{"rendered":"\n<p>Nos \u00faltimos meses, a ALAGEV marcou presen\u00e7a nos principais eventos de neg\u00f3cios, incluindo o IMEX Frankfurt, que aconteceu em maio na Alemanha. O nosso destaque foi os conversas sobre o uso da Intelig\u00eancia Artificial (IA) para apresentar solu\u00e7\u00f5es inovadoras e pr\u00e1ticas avan\u00e7adas no setor brasileiro.\u00a0<\/p>\n\n\n\n<p><strong>Intelig\u00eancia Artificial em eventos<\/strong><strong><br><\/strong>Durante o encontro, mostramos como a IA pode transformar a acessibilidade e a inclus\u00e3o em eventos, utilizando <em>closed caption<\/em> (legenda oculta) e tradu\u00e7\u00e3o simult\u00e2nea em diferentes idiomas de forma online e instant\u00e2nea. Destacamos a import\u00e2ncia de criar experi\u00eancias inclusivas, levando em considera\u00e7\u00e3o g\u00eanero, defici\u00eancias e diferen\u00e7as culturais e regionais. Demonstramos um design imersivo e emotivo com foco em <em>storytelling <\/em>de alto n\u00edvel, transformando pequenos momentos no espa\u00e7o de eventos.<\/p>\n\n\n\n<p>A transforma\u00e7\u00e3o digital, por meio de multicanais, foi outro ponto crucial abordado. Acreditamos que ter dados \u00e9 sin\u00f4nimo de poder, uma vez que eles agregam imenso valor \u00e0 experi\u00eancia do usu\u00e1rio. A comunica\u00e7\u00e3o digital deve ser um di\u00e1logo em &#8220;duas vias&#8221; e, para isso, utilizamos ferramentas de sugest\u00e3o de incentivos. Com dados s\u00f3lidos e hist\u00f3ricos, foi poss\u00edvel predizer, com base no perfil dos participantes e no or\u00e7amento dispon\u00edvel, a melhor indica\u00e7\u00e3o de programa e destino para a pr\u00f3xima viagem.<\/p>\n\n\n\n<p><strong>Personaliza\u00e7\u00e3o com Big Data<\/strong><strong><br><\/strong>Utilizamos tamb\u00e9m o Big Data para personalizar a jornada do participante, coletando e analisando dados para criar experi\u00eancias \u00fanicas. A personaliza\u00e7\u00e3o se mostrou fundamental para aumentar a satisfa\u00e7\u00e3o e o engajamento de cada visitante.<\/p>\n\n\n\n<p><strong>Brasil fora do radar<\/strong><strong><br><\/strong>Durante o encontro, tivemos acesso a uma s\u00e9rie de pesquisas mundiais. Um dado que nos chamou a aten\u00e7\u00e3o foi o estudo da Incentive Travel Index, que mostrou que os dez destinos mais desejados pelos compradores norte-americanos e europeus s\u00e3o Canad\u00e1, Alasca, Cruzeiros, Hava\u00ed, Europa Emergente, Am\u00e9rica Central, Europa Ocidental, Caribe, Estados Unidos e M\u00e9xico. <strong>Surpreendentemente, o Brasil n\u00e3o estava nessa lista.<\/strong><\/p>\n\n\n\n<p>Na minha perspectiva, essa aus\u00eancia reflete uma realidade preocupante: a falta de investimento no turismo nacional. O Brasil, apesar de suas belezas naturais e culturais, enfrenta desafios significativos, como a falta de valoriza\u00e7\u00e3o por parte dos pr\u00f3prios brasileiros, altos custos de viagens para os nossos destinos e pouco aproveitamento em divulga\u00e7\u00f5es internacionais, especialmente nos pa\u00edses da Am\u00e9rica Latina que deveriam ser nossos principais aliados. \u00c9 alarmante constatar que Paris (Fran\u00e7a), uma \u00fanica cidade, recebe mais turistas anualmente do que todo o Brasil, um pa\u00eds continental. Para reverter essa situa\u00e7\u00e3o, \u00e9 fundamental investir em educa\u00e7\u00e3o e conscientiza\u00e7\u00e3o sobre a import\u00e2ncia do turismo e o potencial do destino. Al\u00e9m disso, \u00e9 essencial continuarmos com a nossa luta di\u00e1ria com os pol\u00edticos para o incentivo e prospec\u00e7\u00e3o desse setor, que \u00e9 respons\u00e1vel por quase 8 milh\u00f5es de empregos e 7,8% do Produto Interno Bruto (PIB) do Brasil (WTTC, 2023).<\/p>\n\n\n\n<p><strong>Meetings Outlook<\/strong><\/p>\n\n\n\n<p>J\u00e1 no estudo do Meetings Outlook, foram apresentados os fatores de interesse na escolha de um local para eventos. A pesquisa mostrou que 28% dos participantes desejam um novo lugar; 23% preferem um destino j\u00e1 conhecido; 19% escolhem espa\u00e7os usados anualmente; 17% optam por regi\u00f5es n\u00e3o visitadas desde 2019; e 8% querem locais que proporcionem benef\u00edcios e all-inclusive. As principais justificativas para selecionar um espa\u00e7o foram economia de custos (mais de 70%); redu\u00e7\u00e3o de desperd\u00edcio (acima de 50%); necessidades (pr\u00f3ximo a 50%); sustentabilidade (mais de 40%); experi\u00eancia (40%); apresenta\u00e7\u00e3o (mais de 30%); localiza\u00e7\u00e3o (superior a 20%); jantar e individualiza\u00e7\u00e3o (20%).<\/p>\n\n\n\n<p><strong>Futuro do trabalho: elemento humano<\/strong><strong><br><\/strong>O futuro do trabalho foi outro tema importante discutido. O IMEX destacou a relev\u00e2ncia do bem-estar no ambiente de trabalho; a mudan\u00e7a de foco do dinheiro como principal fator de reten\u00e7\u00e3o de talentos; a redu\u00e7\u00e3o de riscos com a contrata\u00e7\u00e3o correta; e o foco em nichos de mercado. As habilidades cada vez mais valorizadas ser\u00e3o criatividade; comunica\u00e7\u00e3o com base em escuta ativa; pensamento cr\u00edtico\/anal\u00edtico; e conex\u00e3o em comunidade (ubuntu).<\/p>\n\n\n\n<p><strong>Realidade aumentada para tours e demonstra\u00e7\u00f5es<\/strong><strong><br><\/strong>Nas minhas<em> highlights<\/em> do IMEX, percebi tamb\u00e9m a implementa\u00e7\u00e3o de <em>tours<\/em> virtuais e demonstra\u00e7\u00f5es interativas usando Realidade Aumentada (AR), permitindo aos participantes explorar locais e interagir com produtos de maneiras inovadoras, mesmo sem a presen\u00e7a f\u00edsica.<\/p>\n\n\n\n<p><strong>Aplicativos personalizados para eventos<\/strong><strong><br><\/strong>Os aplicativos personalizados s\u00e3o as ferramentas do momento. Eles centralizam informa\u00e7\u00f5es importantes, facilitam o <em>networking<\/em>, e enviam notifica\u00e7\u00f5es e atualiza\u00e7\u00f5es aos participantes.&nbsp;<\/p>\n\n\n\n<p>Aliado a isso,<strong> <\/strong>a gamifica\u00e7\u00e3o aumentou o engajamento. Com as plataformas de intera\u00e7\u00e3o para perguntas e respostas ao vivo, enquetes e<em> feedback <\/em>em tempo real, al\u00e9m de experi\u00eancias imersivas em Realidade Virtual (VR), h\u00e1 maior interatividade do p\u00fablico.<\/p>\n\n\n\n<p><strong>Plataformas de streaming e conte\u00fado sob demanda<\/strong><strong><br><\/strong>O acesso <em>on-demand<\/em> a grava\u00e7\u00f5es de sess\u00f5es e conte\u00fados adicionais, al\u00e9m de ferramentas que permitem interatividade online foram t\u00e3o ricas quanto a experi\u00eancia presencial. Esses pontos s\u00e3o importantes para que as empresas se atualizem e utilizem esses <em>insights <\/em>para atrair ainda mais os clientes e fornecedores internacionais e alcan\u00e7ar o seu lugar na lista de destinos mais desejados para eventos.&nbsp;<\/p>\n\n\n\n<p>Continuaremos com a nossa miss\u00e3o de inovar e liderar o setor de eventos com tecnologias avan\u00e7adas e estrat\u00e9gias personalizadas, sempre focando na experi\u00eancia do participante e na efici\u00eancia operacional. Por\u00e9m, \u00e9 crucial que o Brasil aumente seus investimentos em turismo, educa\u00e7\u00e3o e promo\u00e7\u00e3o internacional para realmente se destacar como destino global.<\/p>\n\n\n\n<p><strong><em>*Luana Nogueira, diretora executiva da ALAGEV<\/em><\/strong><\/p>\n","protected":false},"excerpt":{"rendered":"<p>Nos \u00faltimos meses, a ALAGEV marcou presen\u00e7a nos principais eventos de neg\u00f3cios, incluindo o IMEX Frankfurt, que aconteceu em maio na Alemanha. O nosso destaque foi os conversas sobre o uso da Intelig\u00eancia Artificial (IA) para apresentar solu\u00e7\u00f5es inovadoras e pr\u00e1ticas avan\u00e7adas no setor brasileiro.\u00a0 Intelig\u00eancia Artificial em eventosDurante o encontro, mostramos como a IA&hellip; <a class=\"more-link\" href=\"https:\/\/blog.panrotas.com.br\/espaco-alagev\/2024\/07\/19\/tecnologia-e-o-brasil-fora-do-radar-dos-eventos-insights-da-alagev-no-imex-frankfurt\/\">Continue reading &rarr;<\/a><\/p>\n","protected":false},"author":29,"featured_media":0,"comment_status":"open","ping_status":"open","sticky":false,"template":"","format":"standard","meta":{"spay_email":""},"categories":[2],"tags":[],"yoast_head":"<!-- This site is optimized with the Yoast SEO plugin v17.3 - https:\/\/yoast.com\/wordpress\/plugins\/seo\/ -->\n<title>Tecnologia e o Brasil fora do radar dos eventos: insights da ALAGEV no IMEX Frankfurt - Espa\u00e7o Alagev<\/title>\n<meta name=\"robots\" content=\"index, follow, max-snippet:-1, max-image-preview:large, max-video-preview:-1\" \/>\n<link rel=\"canonical\" href=\"https:\/\/blog.panrotas.com.br\/espaco-alagev\/2024\/07\/19\/tecnologia-e-o-brasil-fora-do-radar-dos-eventos-insights-da-alagev-no-imex-frankfurt\/\" \/>\n<meta property=\"og:locale\" content=\"pt_BR\" \/>\n<meta property=\"og:type\" content=\"article\" \/>\n<meta property=\"og:title\" content=\"Tecnologia e o Brasil fora do radar dos eventos: insights da ALAGEV no IMEX Frankfurt - Espa\u00e7o Alagev\" \/>\n<meta property=\"og:description\" content=\"Nos \u00faltimos meses, a ALAGEV marcou presen\u00e7a nos principais eventos de neg\u00f3cios, incluindo o IMEX Frankfurt, que aconteceu em maio na Alemanha. O nosso destaque foi os conversas sobre o uso da Intelig\u00eancia Artificial (IA) para apresentar solu\u00e7\u00f5es inovadoras e pr\u00e1ticas avan\u00e7adas no setor brasileiro.\u00a0 Intelig\u00eancia Artificial em eventosDurante o encontro, mostramos como a IA&hellip; Continue reading &rarr;\" \/>\n<meta property=\"og:url\" content=\"https:\/\/blog.panrotas.com.br\/espaco-alagev\/2024\/07\/19\/tecnologia-e-o-brasil-fora-do-radar-dos-eventos-insights-da-alagev-no-imex-frankfurt\/\" \/>\n<meta property=\"og:site_name\" content=\"Espa\u00e7o Alagev\" \/>\n<meta property=\"article:published_time\" content=\"2024-07-19T14:45:44+00:00\" \/>\n<meta property=\"article:modified_time\" content=\"2024-07-19T14:45:46+00:00\" \/>\n<meta name=\"twitter:card\" content=\"summary_large_image\" \/>\n<meta name=\"twitter:label1\" content=\"Escrito por\" \/>\n\t<meta name=\"twitter:data1\" content=\"ALAGEV\" \/>\n\t<meta name=\"twitter:label2\" content=\"Est. tempo de leitura\" \/>\n\t<meta name=\"twitter:data2\" content=\"4 minutos\" \/>\n<script type=\"application\/ld+json\" class=\"yoast-schema-graph\">{\"@context\":\"https:\/\/schema.org\",\"@graph\":[{\"@type\":\"WebSite\",\"@id\":\"https:\/\/blog.panrotas.com.br\/espaco-alagev\/#website\",\"url\":\"https:\/\/blog.panrotas.com.br\/espaco-alagev\/\",\"name\":\"Espa\\u00e7o Alagev\",\"description\":\"\",\"potentialAction\":[{\"@type\":\"SearchAction\",\"target\":{\"@type\":\"EntryPoint\",\"urlTemplate\":\"https:\/\/blog.panrotas.com.br\/espaco-alagev\/?s={search_term_string}\"},\"query-input\":\"required name=search_term_string\"}],\"inLanguage\":\"pt-BR\"},{\"@type\":\"WebPage\",\"@id\":\"https:\/\/blog.panrotas.com.br\/espaco-alagev\/2024\/07\/19\/tecnologia-e-o-brasil-fora-do-radar-dos-eventos-insights-da-alagev-no-imex-frankfurt\/#webpage\",\"url\":\"https:\/\/blog.panrotas.com.br\/espaco-alagev\/2024\/07\/19\/tecnologia-e-o-brasil-fora-do-radar-dos-eventos-insights-da-alagev-no-imex-frankfurt\/\",\"name\":\"Tecnologia e o Brasil fora do radar dos eventos: insights da ALAGEV no IMEX Frankfurt - Espa\\u00e7o Alagev\",\"isPartOf\":{\"@id\":\"https:\/\/blog.panrotas.com.br\/espaco-alagev\/#website\"},\"datePublished\":\"2024-07-19T14:45:44+00:00\",\"dateModified\":\"2024-07-19T14:45:46+00:00\",\"author\":{\"@id\":\"https:\/\/blog.panrotas.com.br\/espaco-alagev\/#\/schema\/person\/f6435745ab947a8034c5258d3a131459\"},\"breadcrumb\":{\"@id\":\"https:\/\/blog.panrotas.com.br\/espaco-alagev\/2024\/07\/19\/tecnologia-e-o-brasil-fora-do-radar-dos-eventos-insights-da-alagev-no-imex-frankfurt\/#breadcrumb\"},\"inLanguage\":\"pt-BR\",\"potentialAction\":[{\"@type\":\"ReadAction\",\"target\":[\"https:\/\/blog.panrotas.com.br\/espaco-alagev\/2024\/07\/19\/tecnologia-e-o-brasil-fora-do-radar-dos-eventos-insights-da-alagev-no-imex-frankfurt\/\"]}]},{\"@type\":\"BreadcrumbList\",\"@id\":\"https:\/\/blog.panrotas.com.br\/espaco-alagev\/2024\/07\/19\/tecnologia-e-o-brasil-fora-do-radar-dos-eventos-insights-da-alagev-no-imex-frankfurt\/#breadcrumb\",\"itemListElement\":[{\"@type\":\"ListItem\",\"position\":1,\"name\":\"In\\u00edcio\",\"item\":\"https:\/\/blog.panrotas.com.br\/espaco-alagev\/\"},{\"@type\":\"ListItem\",\"position\":2,\"name\":\"Tecnologia e o Brasil fora do radar dos eventos: insights da ALAGEV no IMEX Frankfurt\"}]},{\"@type\":\"Person\",\"@id\":\"https:\/\/blog.panrotas.com.br\/espaco-alagev\/#\/schema\/person\/f6435745ab947a8034c5258d3a131459\",\"name\":\"ALAGEV\",\"image\":{\"@type\":\"ImageObject\",\"@id\":\"https:\/\/blog.panrotas.com.br\/espaco-alagev\/#personlogo\",\"inLanguage\":\"pt-BR\",\"url\":\"https:\/\/secure.gravatar.com\/avatar\/aecafa8de667ce8cf6c47c6052cfe716?s=96&d=mm&r=g\",\"contentUrl\":\"https:\/\/secure.gravatar.com\/avatar\/aecafa8de667ce8cf6c47c6052cfe716?s=96&d=mm&r=g\",\"caption\":\"ALAGEV\"},\"description\":\"Juliana Patti - Graduada pela Universidade Paulista e p\\u00f3s-graduada em Marketing e Turismo Mercadol\\u00f3gico pela Universidade de S\\u00e3o Paulo (USP), a nova diretora presidente da ALAGEV possui mais de 10 anos de experi\\u00eancia na \\u00e1rea de viagens e eventos, liderando diversos projetos corporativos e de marketing.\",\"sameAs\":[\"http:\/\/www.alagev.org\"],\"url\":\"https:\/\/blog.panrotas.com.br\/espaco-alagev\/author\/gustavoalagev\/\"}]}<\/script>\n<!-- \/ Yoast SEO plugin. -->","yoast_head_json":{"title":"Tecnologia e o Brasil fora do radar dos eventos: insights da ALAGEV no IMEX Frankfurt - Espa\u00e7o Alagev","robots":{"index":"index","follow":"follow","max-snippet":"max-snippet:-1","max-image-preview":"max-image-preview:large","max-video-preview":"max-video-preview:-1"},"canonical":"https:\/\/blog.panrotas.com.br\/espaco-alagev\/2024\/07\/19\/tecnologia-e-o-brasil-fora-do-radar-dos-eventos-insights-da-alagev-no-imex-frankfurt\/","og_locale":"pt_BR","og_type":"article","og_title":"Tecnologia e o Brasil fora do radar dos eventos: insights da ALAGEV no IMEX Frankfurt - Espa\u00e7o Alagev","og_description":"Nos \u00faltimos meses, a ALAGEV marcou presen\u00e7a nos principais eventos de neg\u00f3cios, incluindo o IMEX Frankfurt, que aconteceu em maio na Alemanha. O nosso destaque foi os conversas sobre o uso da Intelig\u00eancia Artificial (IA) para apresentar solu\u00e7\u00f5es inovadoras e pr\u00e1ticas avan\u00e7adas no setor brasileiro.\u00a0 Intelig\u00eancia Artificial em eventosDurante o encontro, mostramos como a IA&hellip; Continue reading &rarr;","og_url":"https:\/\/blog.panrotas.com.br\/espaco-alagev\/2024\/07\/19\/tecnologia-e-o-brasil-fora-do-radar-dos-eventos-insights-da-alagev-no-imex-frankfurt\/","og_site_name":"Espa\u00e7o Alagev","article_published_time":"2024-07-19T14:45:44+00:00","article_modified_time":"2024-07-19T14:45:46+00:00","twitter_card":"summary_large_image","twitter_misc":{"Escrito por":"ALAGEV","Est. tempo de leitura":"4 minutos"},"schema":{"@context":"https:\/\/schema.org","@graph":[{"@type":"WebSite","@id":"https:\/\/blog.panrotas.com.br\/espaco-alagev\/#website","url":"https:\/\/blog.panrotas.com.br\/espaco-alagev\/","name":"Espa\u00e7o Alagev","description":"","potentialAction":[{"@type":"SearchAction","target":{"@type":"EntryPoint","urlTemplate":"https:\/\/blog.panrotas.com.br\/espaco-alagev\/?s={search_term_string}"},"query-input":"required name=search_term_string"}],"inLanguage":"pt-BR"},{"@type":"WebPage","@id":"https:\/\/blog.panrotas.com.br\/espaco-alagev\/2024\/07\/19\/tecnologia-e-o-brasil-fora-do-radar-dos-eventos-insights-da-alagev-no-imex-frankfurt\/#webpage","url":"https:\/\/blog.panrotas.com.br\/espaco-alagev\/2024\/07\/19\/tecnologia-e-o-brasil-fora-do-radar-dos-eventos-insights-da-alagev-no-imex-frankfurt\/","name":"Tecnologia e o Brasil fora do radar dos eventos: insights da ALAGEV no IMEX Frankfurt - Espa\u00e7o Alagev","isPartOf":{"@id":"https:\/\/blog.panrotas.com.br\/espaco-alagev\/#website"},"datePublished":"2024-07-19T14:45:44+00:00","dateModified":"2024-07-19T14:45:46+00:00","author":{"@id":"https:\/\/blog.panrotas.com.br\/espaco-alagev\/#\/schema\/person\/f6435745ab947a8034c5258d3a131459"},"breadcrumb":{"@id":"https:\/\/blog.panrotas.com.br\/espaco-alagev\/2024\/07\/19\/tecnologia-e-o-brasil-fora-do-radar-dos-eventos-insights-da-alagev-no-imex-frankfurt\/#breadcrumb"},"inLanguage":"pt-BR","potentialAction":[{"@type":"ReadAction","target":["https:\/\/blog.panrotas.com.br\/espaco-alagev\/2024\/07\/19\/tecnologia-e-o-brasil-fora-do-radar-dos-eventos-insights-da-alagev-no-imex-frankfurt\/"]}]},{"@type":"BreadcrumbList","@id":"https:\/\/blog.panrotas.com.br\/espaco-alagev\/2024\/07\/19\/tecnologia-e-o-brasil-fora-do-radar-dos-eventos-insights-da-alagev-no-imex-frankfurt\/#breadcrumb","itemListElement":[{"@type":"ListItem","position":1,"name":"In\u00edcio","item":"https:\/\/blog.panrotas.com.br\/espaco-alagev\/"},{"@type":"ListItem","position":2,"name":"Tecnologia e o Brasil fora do radar dos eventos: insights da ALAGEV no IMEX Frankfurt"}]},{"@type":"Person","@id":"https:\/\/blog.panrotas.com.br\/espaco-alagev\/#\/schema\/person\/f6435745ab947a8034c5258d3a131459","name":"ALAGEV","image":{"@type":"ImageObject","@id":"https:\/\/blog.panrotas.com.br\/espaco-alagev\/#personlogo","inLanguage":"pt-BR","url":"https:\/\/secure.gravatar.com\/avatar\/aecafa8de667ce8cf6c47c6052cfe716?s=96&d=mm&r=g","contentUrl":"https:\/\/secure.gravatar.com\/avatar\/aecafa8de667ce8cf6c47c6052cfe716?s=96&d=mm&r=g","caption":"ALAGEV"},"description":"Juliana Patti - Graduada pela Universidade Paulista e p\u00f3s-graduada em Marketing e Turismo Mercadol\u00f3gico pela Universidade de S\u00e3o Paulo (USP), a nova diretora presidente da ALAGEV possui mais de 10 anos de experi\u00eancia na \u00e1rea de viagens e eventos, liderando diversos projetos corporativos e de marketing.","sameAs":["http:\/\/www.alagev.org"],"url":"https:\/\/blog.panrotas.com.br\/espaco-alagev\/author\/gustavoalagev\/"}]}},"jetpack_featured_media_url":"","_links":{"self":[{"href":"https:\/\/blog.panrotas.com.br\/espaco-alagev\/wp-json\/wp\/v2\/posts\/210"}],"collection":[{"href":"https:\/\/blog.panrotas.com.br\/espaco-alagev\/wp-json\/wp\/v2\/posts"}],"about":[{"href":"https:\/\/blog.panrotas.com.br\/espaco-alagev\/wp-json\/wp\/v2\/types\/post"}],"author":[{"embeddable":true,"href":"https:\/\/blog.panrotas.com.br\/espaco-alagev\/wp-json\/wp\/v2\/users\/29"}],"replies":[{"embeddable":true,"href":"https:\/\/blog.panrotas.com.br\/espaco-alagev\/wp-json\/wp\/v2\/comments?post=210"}],"version-history":[{"count":1,"href":"https:\/\/blog.panrotas.com.br\/espaco-alagev\/wp-json\/wp\/v2\/posts\/210\/revisions"}],"predecessor-version":[{"id":211,"href":"https:\/\/blog.panrotas.com.br\/espaco-alagev\/wp-json\/wp\/v2\/posts\/210\/revisions\/211"}],"wp:attachment":[{"href":"https:\/\/blog.panrotas.com.br\/espaco-alagev\/wp-json\/wp\/v2\/media?parent=210"}],"wp:term":[{"taxonomy":"category","embeddable":true,"href":"https:\/\/blog.panrotas.com.br\/espaco-alagev\/wp-json\/wp\/v2\/categories?post=210"},{"taxonomy":"post_tag","embeddable":true,"href":"https:\/\/blog.panrotas.com.br\/espaco-alagev\/wp-json\/wp\/v2\/tags?post=210"}],"curies":[{"name":"wp","href":"https:\/\/api.w.org\/{rel}","templated":true}]}}