{"id":212,"date":"2024-08-05T12:19:24","date_gmt":"2024-08-05T15:19:24","guid":{"rendered":"https:\/\/blog.panrotas.com.br\/espaco-alagev\/?p=212"},"modified":"2024-08-05T12:19:27","modified_gmt":"2024-08-05T15:19:27","slug":"inovacoes-em-gestao-de-viagens-destaques-das-palestras-da-gbta","status":"publish","type":"post","link":"https:\/\/blog.panrotas.com.br\/espaco-alagev\/2024\/08\/05\/inovacoes-em-gestao-de-viagens-destaques-das-palestras-da-gbta\/","title":{"rendered":"Inova\u00e7\u00f5es em gest\u00e3o de viagens: destaques das palestras da GBTA"},"content":{"rendered":"\n<p>N\u00f3s, da ALAGEV, tivemos a oportunidade de participar do GBTA (Global Business Travel Association) Convention, principal evento global da ind\u00fastria de viagens de neg\u00f3cios, que aconteceu entre os dias 22 e 24 de julho, em Atlanta (EUA). O evento trouxe insights sobre como transformar a experi\u00eancia de viagem corporativa, abordando desde a melhoria na gest\u00e3o de viagens at\u00e9 a otimiza\u00e7\u00e3o de contratos e ado\u00e7\u00e3o de novas tecnologias. Abaixo, destaquei os principais pontos discutidos durante as sess\u00f5es.<\/p>\n\n\n\n<p><strong><em>Crescimento econ\u00f4mico nas viagens corporativas em 2024<br><\/em><\/strong>Na abertura, Suzanne Neufang, CEO do GBTA, apresentou os resultados do 2024 Business Travel Index Outlook. A pesquisa anual, realizada com 4,1 mil viajantes corporativos, trouxe insights de cinco regi\u00f5es globais, em 72 pa\u00edses e 44 setores. Segundo Neufang, os gastos com viagens corporativas devem atingir US$ 1,48 trilh\u00e3o este ano, com previs\u00e3o de crescimento para US$ 2 trilh\u00f5es em quatro anos, demonstrando a estabilidade econ\u00f4mica p\u00f3s-pandemia.<\/p>\n\n\n\n<p>Considerando o total de 2024, a Am\u00e9rica Latina responde por 3,6%, atingindo US$ 53,3 bilh\u00f5es, enquanto a \u00c1sia-Pac\u00edfico representa 41,3% (US$ 612,6 bilh\u00f5es), a Am\u00e9rica do Norte 26,7% (US$ 396,8 bilh\u00f5es), a Europa 26,4% (US$ 391,1 bilh\u00f5es) e o Oriente M\u00e9dio e \u00c1frica, 2% (US$ 30 bilh\u00f5es). De acordo com os dados, o Brasil \u00e9 o 10\u00ba pa\u00eds no ranking dos que mais gastam com viagens corporativas, com previs\u00e3o de US$ 30,3 bilh\u00f5es neste ano, e crescimento de 6%. Ficamos atr\u00e1s da China, Estados Unidos, Alemanha, Jap\u00e3o, Reino Unido, Fran\u00e7a, Coreia do Sul, \u00cdndia e It\u00e1lia. Vale destacar que o TOP 15 soma 84% do total, ou seja, US$ 1,25 trilh\u00e3o.<\/p>\n\n\n\n<p>O estudo tamb\u00e9m aponta vantagens potenciais para o per\u00edodo, como a estabilidade econ\u00f4mica vigente, os avan\u00e7os tecnol\u00f3gicos e o crescimento de alguns mercados-chave. No entanto, os desafios incluem a persist\u00eancia da infla\u00e7\u00e3o, a recupera\u00e7\u00e3o mais lenta da China, a geopol\u00edtica, os problemas com for\u00e7a de trabalho, os desastres naturais e a necessidade de solu\u00e7\u00f5es para acelerar a sustentabilidade.<\/p>\n\n\n\n<p>Dados adicionais da pesquisa revelam que:<br>:: 64% dos entrevistados gastaram mais com viagens a neg\u00f3cios em 2024 do que em 2023;<br>:: 76% viajaram tanto quanto ou mais do que em 2019;<br>:: O gasto estimado na \u00faltima viagem foi de US$ 834;<br>:: O objetivo principal de 23% dos viajantes \u00e9 de participa\u00e7\u00e3o em semin\u00e1rios e treinamentos, enquanto 13% viajam para conven\u00e7\u00f5es e confer\u00eancias;<br>:: 43% valorizam conforto e 41% valorizam custos;<br>:: 58% combinam viagens profissionais e pessoais.<\/p>\n\n\n\n<p>O estudo completo, com mais de 70 p\u00e1ginas de conte\u00fado, est\u00e1 dispon\u00edvel gratuitamente para membros do GBTA.<\/p>\n\n\n\n<p><em><strong>Building trust and refining your leadership branding<br><\/strong><\/em>Carla Harris, consultora no Morgan Stanley, palestrante motivacional internacional e autora, falou sobre a transforma\u00e7\u00e3o em pontos de conex\u00e3o entre a lideran\u00e7a e a inova\u00e7\u00e3o. Ela destacou 3 passos que cada l\u00edder precisa seguir, sendo eles: autenticidade, voc\u00ea ser quem voc\u00ea \u00e9; gerar confian\u00e7a, porque \u00e9 a base principal de todas as rela\u00e7\u00f5es; e transpar\u00eancia e clareza nas comunica\u00e7\u00f5es.<\/p>\n\n\n\n<p>A palestrante tamb\u00e9m apresentou duas dicas de ouro: atuar exatamente dentro do escopo que voc\u00ea precisa fazer, ou seja, as atitudes e as atividades que s\u00e3o relevantes para voc\u00ea, e a segunda regra \u00e9 que mesmo que voc\u00ea possa, n\u00e3o significa que muitas vezes voc\u00ea deva fazer. Ou seja, \u00e9 preciso analisar com calma cada situa\u00e7\u00e3o.<\/p>\n\n\n\n<p><em><strong>Design a simpler future: the connected travel experience<br><\/strong><\/em>Na palestra &#8220;Design a simpler future: the connected travel experience\u201d foram apresentados os desafios que os travel managers enfrentam como atrasos, despesas e cancelamentos. Para mostrar uma proposta para melhorar a experi\u00eancia dos viajantes, o debate, comandado pelo Andrew Menkes, CEO da Partnership Travel Consulting, ressaltou que \u00e9 necess\u00e1rio retornar \u00e0s pr\u00e1ticas antigas, onde ouvir os turistas se torna crucial. Al\u00e9m disso, as pesquisas desempenham um papel fundamental nesse processo, ajudando a identificar oportunidades e expectativas.<\/p>\n\n\n\n<p>A ideia \u00e9 criar uma experi\u00eancia de viagem t\u00e3o conectada quanto a que temos em casa, com TVs inteligentes e compras on-line. Para isso, \u00e9 preciso evoluir no setor de viagens corporativas, garantindo que os viajantes tenham uma experi\u00eancia integrada e fluida.<\/p>\n\n\n\n<p><em><strong>TMC RFP sourcing: 5 steps to ensure a successful process<br><\/strong><\/em>Selecionar uma ag\u00eancia de viagens parceira \u00e9 um dos maiores desafios para compradores e gestores de viagens. A palestra &#8220;TMC RFP Sourcing: 5 Steps to Ensure a Successful Process&#8221; mostrou cinco passos essenciais para garantir um processo bem-sucedido:<\/p>\n\n\n\n<p>Formar uma equipe de stakeholders engajados e contar com o apoio de um patrocinador de n\u00edvel C;<br>Identificar necessidades reais para criar um scorecard eficiente;<br>Estabelecer um cronograma realista desde o in\u00edcio do processo at\u00e9 a implementa\u00e7\u00e3o e p\u00f3s go-live;<br>Garantir a posse de dados de viagem, como volumetria, relat\u00f3rios e perfil dos viajantes;<br>Escolher TMCs que tenham capacidade operacional para atender ao volume e processo da empresa.<\/p>\n\n\n\n<p><em><strong>Project travel optimizing extend stay needs for savings &amp; experience<br><\/strong><\/em>Equilibrar seguran\u00e7a, qualidade, conforto, or\u00e7amento e necessidades da empresa \u00e9 importante para uma pol\u00edtica de viagem eficaz. A palestra &#8220;Project Travel Optimizing Extend Stay Needs for Savings &amp; Experience&#8221;, ministrada por Greeley Koch, diretor das Am\u00e9ricas; Daniel Moretta, presidente de gest\u00e3o de viagens Globespan; David Menezes, diretor, Sourcing Estrat\u00e9gico do Grupo Aecon, Inc.; destacou a valoriza\u00e7\u00e3o de uma a\u00e7\u00e3o viva, que se ajusta \u00e0s prioridades de cada projeto.<\/p>\n\n\n\n<p><strong><em>NDC in Action: Adding NDC to Your Mix<br><\/em><\/strong>A ado\u00e7\u00e3o do New Distribution Capability (NDC) tem acelerado, mas o modelo exige alinhamento e comunica\u00e7\u00e3o constante entre os parceiros da cadeia de distribui\u00e7\u00e3o. A palestra &#8220;NDC in Action: Adding NDC to Your Mix&#8221;, ministrada por Kathy Morgan, vice-presidente da gest\u00e3o de produtos da Sabre; Tom Wilkinson, diretor de distribui\u00e7\u00e3o da SAP Concur; Dorian Stonie, diretor s\u00eanior de viagens globais de for\u00e7a de vendas; Alex Stutz, vice-presidente de viagens de neg\u00f3cios globais; enfatizou a import\u00e2ncia de focar na qualidade dos produtos, em vez da quantidade de ofertas.<\/p>\n\n\n\n<p>O grande desafio \u00e9 encontrar o melhor equil\u00edbrio entre reduzir custos e a complexidade, utilizando parceiros de neg\u00f3cios bem preparados. \u00c9 essencial entender perfeitamente as urg\u00eancias da organiza\u00e7\u00e3o para implementar solu\u00e7\u00f5es personalizadas e eficazes dentro do programa de viagens.<\/p>\n\n\n\n<p><strong><em>Elementos-chave na negocia\u00e7\u00e3o de contratos de eventos<br><\/em><\/strong>A sess\u00e3o sobre negocia\u00e7\u00e3o de contratos de eventos abordou a import\u00e2ncia dos Acordos de Servi\u00e7os Mestre (MSAs) para simplifica\u00e7\u00e3o e efici\u00eancia. Os participantes destacaram a evolu\u00e7\u00e3o dos contratos de hot\u00e9is e as prioridades de termos legais espec\u00edficos para diferentes regi\u00f5es.<\/p>\n\n\n\n<p>A discuss\u00e3o tamb\u00e9m incluiu os desafios na consolida\u00e7\u00e3o de termos comerciais, a import\u00e2ncia de dados e transpar\u00eancia, e a necessidade de comunica\u00e7\u00e3o objetiva e cont\u00ednua. Os MSAs foram apontados como ferramentas essenciais para reduzir riscos financeiros e legais, al\u00e9m de facilitar a obten\u00e7\u00e3o de contratos e reduzir o tempo de sourcing.<\/p>\n\n\n\n<p>Por fim, as palestras do GBTA deste ano ofereceram uma vis\u00e3o abrangente e detalhada dos desafios e solu\u00e7\u00f5es para o setor de viagens corporativas, englobando desde a melhoria na experi\u00eancia dos viajantes at\u00e9 a otimiza\u00e7\u00e3o de processos e inova\u00e7\u00e3o. Implementar essas pr\u00e1ticas pode transformar significativamente a gest\u00e3o, tornando-a mais eficiente e alinhada com as expectativas dos clientes.<\/p>\n\n\n\n<p><em><strong>*Luana Nogueira, diretora executiva da ALAGEV<\/strong><\/em><\/p>\n","protected":false},"excerpt":{"rendered":"<p>N\u00f3s, da ALAGEV, tivemos a oportunidade de participar do GBTA (Global Business Travel Association) Convention, principal evento global da ind\u00fastria de viagens de neg\u00f3cios, que aconteceu entre os dias 22 e 24 de julho, em Atlanta (EUA). O evento trouxe insights sobre como transformar a experi\u00eancia de viagem corporativa, abordando desde a melhoria na gest\u00e3o&hellip; <a class=\"more-link\" href=\"https:\/\/blog.panrotas.com.br\/espaco-alagev\/2024\/08\/05\/inovacoes-em-gestao-de-viagens-destaques-das-palestras-da-gbta\/\">Continue reading &rarr;<\/a><\/p>\n","protected":false},"author":29,"featured_media":0,"comment_status":"open","ping_status":"open","sticky":false,"template":"","format":"standard","meta":{"spay_email":""},"categories":[2],"tags":[],"yoast_head":"<!-- This site is optimized with the Yoast SEO plugin v17.3 - https:\/\/yoast.com\/wordpress\/plugins\/seo\/ -->\n<title>Inova\u00e7\u00f5es em gest\u00e3o de viagens: destaques das palestras da GBTA - Espa\u00e7o Alagev<\/title>\n<meta name=\"robots\" content=\"index, follow, max-snippet:-1, max-image-preview:large, max-video-preview:-1\" \/>\n<link rel=\"canonical\" href=\"https:\/\/blog.panrotas.com.br\/espaco-alagev\/2024\/08\/05\/inovacoes-em-gestao-de-viagens-destaques-das-palestras-da-gbta\/\" \/>\n<meta property=\"og:locale\" content=\"pt_BR\" \/>\n<meta property=\"og:type\" content=\"article\" \/>\n<meta property=\"og:title\" content=\"Inova\u00e7\u00f5es em gest\u00e3o de viagens: destaques das palestras da GBTA - Espa\u00e7o Alagev\" \/>\n<meta property=\"og:description\" content=\"N\u00f3s, da ALAGEV, tivemos a oportunidade de participar do GBTA (Global Business Travel Association) Convention, principal evento global da ind\u00fastria de viagens de neg\u00f3cios, que aconteceu entre os dias 22 e 24 de julho, em Atlanta (EUA). O evento trouxe insights sobre como transformar a experi\u00eancia de viagem corporativa, abordando desde a melhoria na gest\u00e3o&hellip; Continue reading &rarr;\" \/>\n<meta property=\"og:url\" content=\"https:\/\/blog.panrotas.com.br\/espaco-alagev\/2024\/08\/05\/inovacoes-em-gestao-de-viagens-destaques-das-palestras-da-gbta\/\" \/>\n<meta property=\"og:site_name\" content=\"Espa\u00e7o Alagev\" \/>\n<meta property=\"article:published_time\" content=\"2024-08-05T15:19:24+00:00\" \/>\n<meta property=\"article:modified_time\" content=\"2024-08-05T15:19:27+00:00\" \/>\n<meta name=\"twitter:card\" content=\"summary_large_image\" \/>\n<meta name=\"twitter:label1\" content=\"Escrito por\" \/>\n\t<meta name=\"twitter:data1\" content=\"ALAGEV\" \/>\n\t<meta name=\"twitter:label2\" content=\"Est. tempo de leitura\" \/>\n\t<meta name=\"twitter:data2\" content=\"6 minutos\" \/>\n<script type=\"application\/ld+json\" class=\"yoast-schema-graph\">{\"@context\":\"https:\/\/schema.org\",\"@graph\":[{\"@type\":\"WebSite\",\"@id\":\"https:\/\/blog.panrotas.com.br\/espaco-alagev\/#website\",\"url\":\"https:\/\/blog.panrotas.com.br\/espaco-alagev\/\",\"name\":\"Espa\\u00e7o Alagev\",\"description\":\"\",\"potentialAction\":[{\"@type\":\"SearchAction\",\"target\":{\"@type\":\"EntryPoint\",\"urlTemplate\":\"https:\/\/blog.panrotas.com.br\/espaco-alagev\/?s={search_term_string}\"},\"query-input\":\"required name=search_term_string\"}],\"inLanguage\":\"pt-BR\"},{\"@type\":\"WebPage\",\"@id\":\"https:\/\/blog.panrotas.com.br\/espaco-alagev\/2024\/08\/05\/inovacoes-em-gestao-de-viagens-destaques-das-palestras-da-gbta\/#webpage\",\"url\":\"https:\/\/blog.panrotas.com.br\/espaco-alagev\/2024\/08\/05\/inovacoes-em-gestao-de-viagens-destaques-das-palestras-da-gbta\/\",\"name\":\"Inova\\u00e7\\u00f5es em gest\\u00e3o de viagens: destaques das palestras da GBTA - Espa\\u00e7o Alagev\",\"isPartOf\":{\"@id\":\"https:\/\/blog.panrotas.com.br\/espaco-alagev\/#website\"},\"datePublished\":\"2024-08-05T15:19:24+00:00\",\"dateModified\":\"2024-08-05T15:19:27+00:00\",\"author\":{\"@id\":\"https:\/\/blog.panrotas.com.br\/espaco-alagev\/#\/schema\/person\/f6435745ab947a8034c5258d3a131459\"},\"breadcrumb\":{\"@id\":\"https:\/\/blog.panrotas.com.br\/espaco-alagev\/2024\/08\/05\/inovacoes-em-gestao-de-viagens-destaques-das-palestras-da-gbta\/#breadcrumb\"},\"inLanguage\":\"pt-BR\",\"potentialAction\":[{\"@type\":\"ReadAction\",\"target\":[\"https:\/\/blog.panrotas.com.br\/espaco-alagev\/2024\/08\/05\/inovacoes-em-gestao-de-viagens-destaques-das-palestras-da-gbta\/\"]}]},{\"@type\":\"BreadcrumbList\",\"@id\":\"https:\/\/blog.panrotas.com.br\/espaco-alagev\/2024\/08\/05\/inovacoes-em-gestao-de-viagens-destaques-das-palestras-da-gbta\/#breadcrumb\",\"itemListElement\":[{\"@type\":\"ListItem\",\"position\":1,\"name\":\"In\\u00edcio\",\"item\":\"https:\/\/blog.panrotas.com.br\/espaco-alagev\/\"},{\"@type\":\"ListItem\",\"position\":2,\"name\":\"Inova\\u00e7\\u00f5es em gest\\u00e3o de viagens: destaques das palestras da GBTA\"}]},{\"@type\":\"Person\",\"@id\":\"https:\/\/blog.panrotas.com.br\/espaco-alagev\/#\/schema\/person\/f6435745ab947a8034c5258d3a131459\",\"name\":\"ALAGEV\",\"image\":{\"@type\":\"ImageObject\",\"@id\":\"https:\/\/blog.panrotas.com.br\/espaco-alagev\/#personlogo\",\"inLanguage\":\"pt-BR\",\"url\":\"https:\/\/secure.gravatar.com\/avatar\/aecafa8de667ce8cf6c47c6052cfe716?s=96&d=mm&r=g\",\"contentUrl\":\"https:\/\/secure.gravatar.com\/avatar\/aecafa8de667ce8cf6c47c6052cfe716?s=96&d=mm&r=g\",\"caption\":\"ALAGEV\"},\"description\":\"Juliana Patti - Graduada pela Universidade Paulista e p\\u00f3s-graduada em Marketing e Turismo Mercadol\\u00f3gico pela Universidade de S\\u00e3o Paulo (USP), a nova diretora presidente da ALAGEV possui mais de 10 anos de experi\\u00eancia na \\u00e1rea de viagens e eventos, liderando diversos projetos corporativos e de marketing.\",\"sameAs\":[\"http:\/\/www.alagev.org\"],\"url\":\"https:\/\/blog.panrotas.com.br\/espaco-alagev\/author\/gustavoalagev\/\"}]}<\/script>\n<!-- \/ Yoast SEO plugin. -->","yoast_head_json":{"title":"Inova\u00e7\u00f5es em gest\u00e3o de viagens: destaques das palestras da GBTA - Espa\u00e7o Alagev","robots":{"index":"index","follow":"follow","max-snippet":"max-snippet:-1","max-image-preview":"max-image-preview:large","max-video-preview":"max-video-preview:-1"},"canonical":"https:\/\/blog.panrotas.com.br\/espaco-alagev\/2024\/08\/05\/inovacoes-em-gestao-de-viagens-destaques-das-palestras-da-gbta\/","og_locale":"pt_BR","og_type":"article","og_title":"Inova\u00e7\u00f5es em gest\u00e3o de viagens: destaques das palestras da GBTA - Espa\u00e7o Alagev","og_description":"N\u00f3s, da ALAGEV, tivemos a oportunidade de participar do GBTA (Global Business Travel Association) Convention, principal evento global da ind\u00fastria de viagens de neg\u00f3cios, que aconteceu entre os dias 22 e 24 de julho, em Atlanta (EUA). O evento trouxe insights sobre como transformar a experi\u00eancia de viagem corporativa, abordando desde a melhoria na gest\u00e3o&hellip; Continue reading &rarr;","og_url":"https:\/\/blog.panrotas.com.br\/espaco-alagev\/2024\/08\/05\/inovacoes-em-gestao-de-viagens-destaques-das-palestras-da-gbta\/","og_site_name":"Espa\u00e7o Alagev","article_published_time":"2024-08-05T15:19:24+00:00","article_modified_time":"2024-08-05T15:19:27+00:00","twitter_card":"summary_large_image","twitter_misc":{"Escrito por":"ALAGEV","Est. tempo de leitura":"6 minutos"},"schema":{"@context":"https:\/\/schema.org","@graph":[{"@type":"WebSite","@id":"https:\/\/blog.panrotas.com.br\/espaco-alagev\/#website","url":"https:\/\/blog.panrotas.com.br\/espaco-alagev\/","name":"Espa\u00e7o Alagev","description":"","potentialAction":[{"@type":"SearchAction","target":{"@type":"EntryPoint","urlTemplate":"https:\/\/blog.panrotas.com.br\/espaco-alagev\/?s={search_term_string}"},"query-input":"required name=search_term_string"}],"inLanguage":"pt-BR"},{"@type":"WebPage","@id":"https:\/\/blog.panrotas.com.br\/espaco-alagev\/2024\/08\/05\/inovacoes-em-gestao-de-viagens-destaques-das-palestras-da-gbta\/#webpage","url":"https:\/\/blog.panrotas.com.br\/espaco-alagev\/2024\/08\/05\/inovacoes-em-gestao-de-viagens-destaques-das-palestras-da-gbta\/","name":"Inova\u00e7\u00f5es em gest\u00e3o de viagens: destaques das palestras da GBTA - Espa\u00e7o Alagev","isPartOf":{"@id":"https:\/\/blog.panrotas.com.br\/espaco-alagev\/#website"},"datePublished":"2024-08-05T15:19:24+00:00","dateModified":"2024-08-05T15:19:27+00:00","author":{"@id":"https:\/\/blog.panrotas.com.br\/espaco-alagev\/#\/schema\/person\/f6435745ab947a8034c5258d3a131459"},"breadcrumb":{"@id":"https:\/\/blog.panrotas.com.br\/espaco-alagev\/2024\/08\/05\/inovacoes-em-gestao-de-viagens-destaques-das-palestras-da-gbta\/#breadcrumb"},"inLanguage":"pt-BR","potentialAction":[{"@type":"ReadAction","target":["https:\/\/blog.panrotas.com.br\/espaco-alagev\/2024\/08\/05\/inovacoes-em-gestao-de-viagens-destaques-das-palestras-da-gbta\/"]}]},{"@type":"BreadcrumbList","@id":"https:\/\/blog.panrotas.com.br\/espaco-alagev\/2024\/08\/05\/inovacoes-em-gestao-de-viagens-destaques-das-palestras-da-gbta\/#breadcrumb","itemListElement":[{"@type":"ListItem","position":1,"name":"In\u00edcio","item":"https:\/\/blog.panrotas.com.br\/espaco-alagev\/"},{"@type":"ListItem","position":2,"name":"Inova\u00e7\u00f5es em gest\u00e3o de viagens: destaques das palestras da GBTA"}]},{"@type":"Person","@id":"https:\/\/blog.panrotas.com.br\/espaco-alagev\/#\/schema\/person\/f6435745ab947a8034c5258d3a131459","name":"ALAGEV","image":{"@type":"ImageObject","@id":"https:\/\/blog.panrotas.com.br\/espaco-alagev\/#personlogo","inLanguage":"pt-BR","url":"https:\/\/secure.gravatar.com\/avatar\/aecafa8de667ce8cf6c47c6052cfe716?s=96&d=mm&r=g","contentUrl":"https:\/\/secure.gravatar.com\/avatar\/aecafa8de667ce8cf6c47c6052cfe716?s=96&d=mm&r=g","caption":"ALAGEV"},"description":"Juliana Patti - Graduada pela Universidade Paulista e p\u00f3s-graduada em Marketing e Turismo Mercadol\u00f3gico pela Universidade de S\u00e3o Paulo (USP), a nova diretora presidente da ALAGEV possui mais de 10 anos de experi\u00eancia na \u00e1rea de viagens e eventos, liderando diversos projetos corporativos e de marketing.","sameAs":["http:\/\/www.alagev.org"],"url":"https:\/\/blog.panrotas.com.br\/espaco-alagev\/author\/gustavoalagev\/"}]}},"jetpack_featured_media_url":"","_links":{"self":[{"href":"https:\/\/blog.panrotas.com.br\/espaco-alagev\/wp-json\/wp\/v2\/posts\/212"}],"collection":[{"href":"https:\/\/blog.panrotas.com.br\/espaco-alagev\/wp-json\/wp\/v2\/posts"}],"about":[{"href":"https:\/\/blog.panrotas.com.br\/espaco-alagev\/wp-json\/wp\/v2\/types\/post"}],"author":[{"embeddable":true,"href":"https:\/\/blog.panrotas.com.br\/espaco-alagev\/wp-json\/wp\/v2\/users\/29"}],"replies":[{"embeddable":true,"href":"https:\/\/blog.panrotas.com.br\/espaco-alagev\/wp-json\/wp\/v2\/comments?post=212"}],"version-history":[{"count":1,"href":"https:\/\/blog.panrotas.com.br\/espaco-alagev\/wp-json\/wp\/v2\/posts\/212\/revisions"}],"predecessor-version":[{"id":213,"href":"https:\/\/blog.panrotas.com.br\/espaco-alagev\/wp-json\/wp\/v2\/posts\/212\/revisions\/213"}],"wp:attachment":[{"href":"https:\/\/blog.panrotas.com.br\/espaco-alagev\/wp-json\/wp\/v2\/media?parent=212"}],"wp:term":[{"taxonomy":"category","embeddable":true,"href":"https:\/\/blog.panrotas.com.br\/espaco-alagev\/wp-json\/wp\/v2\/categories?post=212"},{"taxonomy":"post_tag","embeddable":true,"href":"https:\/\/blog.panrotas.com.br\/espaco-alagev\/wp-json\/wp\/v2\/tags?post=212"}],"curies":[{"name":"wp","href":"https:\/\/api.w.org\/{rel}","templated":true}]}}