{"id":215,"date":"2024-10-25T18:32:42","date_gmt":"2024-10-25T21:32:42","guid":{"rendered":"https:\/\/blog.panrotas.com.br\/espaco-alagev\/?p=215"},"modified":"2024-10-25T18:32:44","modified_gmt":"2024-10-25T21:32:44","slug":"cop30-no-brasil-estamos-prontos-para-esse-desafio-global","status":"publish","type":"post","link":"https:\/\/blog.panrotas.com.br\/espaco-alagev\/2024\/10\/25\/cop30-no-brasil-estamos-prontos-para-esse-desafio-global\/","title":{"rendered":"COP30 no Brasil: estamos prontos para esse desafio global?"},"content":{"rendered":"\n<p>A 30\u00aa Confer\u00eancia das Na\u00e7\u00f5es Unidas sobre Mudan\u00e7as Clim\u00e1ticas (COP30) ser\u00e1 um marco importante para o estado do Par\u00e1 e, em especial, para a cidade de Bel\u00e9m, que sediar\u00e1 o evento em novembro de 2025. Trata-se de uma oportunidade \u00fanica para o Brasil, especialmente por ocorrer no cora\u00e7\u00e3o da Amaz\u00f4nia. Al\u00e9m das discuss\u00f5es globais sobre preserva\u00e7\u00e3o ambiental, a COP30 permitir\u00e1 uma conex\u00e3o direta com as realidades locais, desde as comunidades ind\u00edgenas at\u00e9 os povos ribeirinhos. O encontro reunir\u00e1 cerca de 40 mil visitantes, dos quais 7 mil fazem parte da &#8220;fam\u00edlia COP&#8221; \u2013 delega\u00e7\u00f5es e equipes da ONU \u2013 o que garantir\u00e1 uma visibilidade internacional sem precedentes.<\/p>\n\n\n\n<p>A COP30 \u00e9 uma oportunidade \u00fanica para o Brasil, especialmente por ser realizada no cora\u00e7\u00e3o da Amaz\u00f4nia. A confer\u00eancia vai al\u00e9m de simples discuss\u00f5es sobre preserva\u00e7\u00e3o ambiental. Ser\u00e1 a chance de vivenciar e entender, em profundidade, as realidades locais. N\u00e3o se trata mais de um debate distante sobre a maior floresta tropical do mundo, como ocorreu nas edi\u00e7\u00f5es anteriores em lugares como o Egito ou a Alemanha. Agora, l\u00edderes mundiais, cientistas e ambientalistas v\u00e3o estar fisicamente na Amaz\u00f4nia, observando e interagindo diretamente com as pessoas que ali vivem, e isso far\u00e1 toda a diferen\u00e7a. Poderemos abordar a quest\u00e3o dos povos ind\u00edgenas, suas tradi\u00e7\u00f5es e sua rela\u00e7\u00e3o com a floresta, assim como a vida dos ribeirinhos, tudo com uma proximidade sem precedentes.<\/p>\n\n\n\n<p>O governo federal j\u00e1 sinalizou um investimento significativo de cerca de R$ 3,7 bilh\u00f5es para a COP30, com verbas provenientes do Novo PAC, BNDES e Itaipu. Esse montante \u00e9 fundamental para a prepara\u00e7\u00e3o da cidade e da regi\u00e3o para receber um evento dessa magnitude, mas \u00e9 apenas uma parte do que precisa ser feito. H\u00e1 urg\u00eancia para que o estado do Par\u00e1 e o governo federal foquem na infraestrutura, especialmente na rede hoteleira de Bel\u00e9m, que hoje est\u00e1 longe de atender \u00e0 demanda estimada.<\/p>\n\n\n\n<p>Segundo a Associa\u00e7\u00e3o Brasileira da Ind\u00fastria de Hot\u00e9is do Par\u00e1 (ABIH-PA), a cidade conta com apenas 5.712 quartos de hotel, o que totaliza 12.115 leitos dispon\u00edveis, se somarmos tamb\u00e9m os espa\u00e7os em hostels e \u00e1reas distantes do centro da capital. O d\u00e9ficit \u00e9 gritante. A cidade precisaria, ao menos, quadruplicar sua capacidade hoteleira para receber os visitantes esperados na confer\u00eancia, e o prazo para viabilizar essas mudan\u00e7as est\u00e1 cada vez mais curto.<\/p>\n\n\n\n<p>Entre as alternativas j\u00e1 discutidas pelo governador Helder Barbalho e a vice-governadora Hana Ghassan est\u00e3o a constru\u00e7\u00e3o de tr\u00eas novos hot\u00e9is de alto padr\u00e3o, a adapta\u00e7\u00e3o de escolas em hostels tempor\u00e1rios, o uso de cruzeiros de luxo para hospedagem e a constru\u00e7\u00e3o de habita\u00e7\u00f5es modulares provis\u00f3rias perto do centro de conven\u00e7\u00f5es. Tamb\u00e9m est\u00e3o sendo consideradas solu\u00e7\u00f5es como o aluguel de temporada, utilizando plataformas como Airbnb e Booking. S\u00e3o medidas importantes, mas a implementa\u00e7\u00e3o dessas propostas precisa ser r\u00e1pida e eficiente. N\u00e3o podemos mais perder tempo!<\/p>\n\n\n\n<p>Na COP30, o Brasil tem a oportunidade de liderar pelo exemplo. O mundo estar\u00e1 observando, e a confer\u00eancia pode ser uma vitrine para mostrar nosso comprometimento com a sustentabilidade, o desenvolvimento econ\u00f4mico e a prote\u00e7\u00e3o da Amaz\u00f4nia. Contudo, se n\u00e3o houver um esfor\u00e7o c\u00e9lere, s\u00e9rio e imediato dos governantes, essa oportunidade pode se transformar em um resultado extremamente negativo. A prepara\u00e7\u00e3o deveria ter come\u00e7ado muito antes de ontem. Precisamos agir com seriedade e vis\u00e3o de futuro para garantir que Bel\u00e9m esteja \u00e0 altura do desafio e que a COP30 deixe um legado duradouro para o estado, para o Brasil e para o mundo.<\/p>\n\n\n\n<p>Se conseguirmos aproveitar essa oportunidade, poderemos n\u00e3o apenas atender ao p\u00fablico da COP, mas tamb\u00e9m transformar a regi\u00e3o em um destino exemplar de turismo sustent\u00e1vel, gerando receitas que ser\u00e3o revertidas em mais conserva\u00e7\u00e3o e desenvolvimento para a Amaz\u00f4nia. Agora, \u00e9 a hora de agir!&nbsp;<\/p>\n\n\n\n<p><em>Luana Nogueira \u00e9 diretora executiva da Associa\u00e7\u00e3o Latino Americana de Gest\u00e3o de Eventos e Viagens Corporativas (ALAGEV)<\/em><\/p>\n","protected":false},"excerpt":{"rendered":"<p>A 30\u00aa Confer\u00eancia das Na\u00e7\u00f5es Unidas sobre Mudan\u00e7as Clim\u00e1ticas (COP30) ser\u00e1 um marco importante para o estado do Par\u00e1 e, em especial, para a cidade de Bel\u00e9m, que sediar\u00e1 o evento em novembro de 2025. Trata-se de uma oportunidade \u00fanica para o Brasil, especialmente por ocorrer no cora\u00e7\u00e3o da Amaz\u00f4nia. Al\u00e9m das discuss\u00f5es globais sobre&hellip; <a class=\"more-link\" href=\"https:\/\/blog.panrotas.com.br\/espaco-alagev\/2024\/10\/25\/cop30-no-brasil-estamos-prontos-para-esse-desafio-global\/\">Continue reading &rarr;<\/a><\/p>\n","protected":false},"author":29,"featured_media":0,"comment_status":"open","ping_status":"open","sticky":false,"template":"","format":"standard","meta":{"spay_email":""},"categories":[2],"tags":[],"yoast_head":"<!-- This site is optimized with the Yoast SEO plugin v17.3 - https:\/\/yoast.com\/wordpress\/plugins\/seo\/ -->\n<title>COP30 no Brasil: estamos prontos para esse desafio global? - Espa\u00e7o Alagev<\/title>\n<meta name=\"robots\" content=\"index, follow, max-snippet:-1, max-image-preview:large, max-video-preview:-1\" \/>\n<link rel=\"canonical\" href=\"https:\/\/blog.panrotas.com.br\/espaco-alagev\/2024\/10\/25\/cop30-no-brasil-estamos-prontos-para-esse-desafio-global\/\" \/>\n<meta property=\"og:locale\" content=\"pt_BR\" \/>\n<meta property=\"og:type\" content=\"article\" \/>\n<meta property=\"og:title\" content=\"COP30 no Brasil: estamos prontos para esse desafio global? - Espa\u00e7o Alagev\" \/>\n<meta property=\"og:description\" content=\"A 30\u00aa Confer\u00eancia das Na\u00e7\u00f5es Unidas sobre Mudan\u00e7as Clim\u00e1ticas (COP30) ser\u00e1 um marco importante para o estado do Par\u00e1 e, em especial, para a cidade de Bel\u00e9m, que sediar\u00e1 o evento em novembro de 2025. Trata-se de uma oportunidade \u00fanica para o Brasil, especialmente por ocorrer no cora\u00e7\u00e3o da Amaz\u00f4nia. Al\u00e9m das discuss\u00f5es globais sobre&hellip; Continue reading &rarr;\" \/>\n<meta property=\"og:url\" content=\"https:\/\/blog.panrotas.com.br\/espaco-alagev\/2024\/10\/25\/cop30-no-brasil-estamos-prontos-para-esse-desafio-global\/\" \/>\n<meta property=\"og:site_name\" content=\"Espa\u00e7o Alagev\" \/>\n<meta property=\"article:published_time\" content=\"2024-10-25T21:32:42+00:00\" \/>\n<meta property=\"article:modified_time\" content=\"2024-10-25T21:32:44+00:00\" \/>\n<meta name=\"twitter:card\" content=\"summary_large_image\" \/>\n<meta name=\"twitter:label1\" content=\"Escrito por\" \/>\n\t<meta name=\"twitter:data1\" content=\"ALAGEV\" \/>\n\t<meta name=\"twitter:label2\" content=\"Est. tempo de leitura\" \/>\n\t<meta name=\"twitter:data2\" content=\"3 minutos\" \/>\n<script type=\"application\/ld+json\" class=\"yoast-schema-graph\">{\"@context\":\"https:\/\/schema.org\",\"@graph\":[{\"@type\":\"WebSite\",\"@id\":\"https:\/\/blog.panrotas.com.br\/espaco-alagev\/#website\",\"url\":\"https:\/\/blog.panrotas.com.br\/espaco-alagev\/\",\"name\":\"Espa\\u00e7o Alagev\",\"description\":\"\",\"potentialAction\":[{\"@type\":\"SearchAction\",\"target\":{\"@type\":\"EntryPoint\",\"urlTemplate\":\"https:\/\/blog.panrotas.com.br\/espaco-alagev\/?s={search_term_string}\"},\"query-input\":\"required name=search_term_string\"}],\"inLanguage\":\"pt-BR\"},{\"@type\":\"WebPage\",\"@id\":\"https:\/\/blog.panrotas.com.br\/espaco-alagev\/2024\/10\/25\/cop30-no-brasil-estamos-prontos-para-esse-desafio-global\/#webpage\",\"url\":\"https:\/\/blog.panrotas.com.br\/espaco-alagev\/2024\/10\/25\/cop30-no-brasil-estamos-prontos-para-esse-desafio-global\/\",\"name\":\"COP30 no Brasil: estamos prontos para esse desafio global? - Espa\\u00e7o Alagev\",\"isPartOf\":{\"@id\":\"https:\/\/blog.panrotas.com.br\/espaco-alagev\/#website\"},\"datePublished\":\"2024-10-25T21:32:42+00:00\",\"dateModified\":\"2024-10-25T21:32:44+00:00\",\"author\":{\"@id\":\"https:\/\/blog.panrotas.com.br\/espaco-alagev\/#\/schema\/person\/f6435745ab947a8034c5258d3a131459\"},\"breadcrumb\":{\"@id\":\"https:\/\/blog.panrotas.com.br\/espaco-alagev\/2024\/10\/25\/cop30-no-brasil-estamos-prontos-para-esse-desafio-global\/#breadcrumb\"},\"inLanguage\":\"pt-BR\",\"potentialAction\":[{\"@type\":\"ReadAction\",\"target\":[\"https:\/\/blog.panrotas.com.br\/espaco-alagev\/2024\/10\/25\/cop30-no-brasil-estamos-prontos-para-esse-desafio-global\/\"]}]},{\"@type\":\"BreadcrumbList\",\"@id\":\"https:\/\/blog.panrotas.com.br\/espaco-alagev\/2024\/10\/25\/cop30-no-brasil-estamos-prontos-para-esse-desafio-global\/#breadcrumb\",\"itemListElement\":[{\"@type\":\"ListItem\",\"position\":1,\"name\":\"In\\u00edcio\",\"item\":\"https:\/\/blog.panrotas.com.br\/espaco-alagev\/\"},{\"@type\":\"ListItem\",\"position\":2,\"name\":\"COP30 no Brasil: estamos prontos para esse desafio global?\"}]},{\"@type\":\"Person\",\"@id\":\"https:\/\/blog.panrotas.com.br\/espaco-alagev\/#\/schema\/person\/f6435745ab947a8034c5258d3a131459\",\"name\":\"ALAGEV\",\"image\":{\"@type\":\"ImageObject\",\"@id\":\"https:\/\/blog.panrotas.com.br\/espaco-alagev\/#personlogo\",\"inLanguage\":\"pt-BR\",\"url\":\"https:\/\/secure.gravatar.com\/avatar\/aecafa8de667ce8cf6c47c6052cfe716?s=96&d=mm&r=g\",\"contentUrl\":\"https:\/\/secure.gravatar.com\/avatar\/aecafa8de667ce8cf6c47c6052cfe716?s=96&d=mm&r=g\",\"caption\":\"ALAGEV\"},\"description\":\"Juliana Patti - Graduada pela Universidade Paulista e p\\u00f3s-graduada em Marketing e Turismo Mercadol\\u00f3gico pela Universidade de S\\u00e3o Paulo (USP), a nova diretora presidente da ALAGEV possui mais de 10 anos de experi\\u00eancia na \\u00e1rea de viagens e eventos, liderando diversos projetos corporativos e de marketing.\",\"sameAs\":[\"http:\/\/www.alagev.org\"],\"url\":\"https:\/\/blog.panrotas.com.br\/espaco-alagev\/author\/gustavoalagev\/\"}]}<\/script>\n<!-- \/ Yoast SEO plugin. -->","yoast_head_json":{"title":"COP30 no Brasil: estamos prontos para esse desafio global? - Espa\u00e7o Alagev","robots":{"index":"index","follow":"follow","max-snippet":"max-snippet:-1","max-image-preview":"max-image-preview:large","max-video-preview":"max-video-preview:-1"},"canonical":"https:\/\/blog.panrotas.com.br\/espaco-alagev\/2024\/10\/25\/cop30-no-brasil-estamos-prontos-para-esse-desafio-global\/","og_locale":"pt_BR","og_type":"article","og_title":"COP30 no Brasil: estamos prontos para esse desafio global? - Espa\u00e7o Alagev","og_description":"A 30\u00aa Confer\u00eancia das Na\u00e7\u00f5es Unidas sobre Mudan\u00e7as Clim\u00e1ticas (COP30) ser\u00e1 um marco importante para o estado do Par\u00e1 e, em especial, para a cidade de Bel\u00e9m, que sediar\u00e1 o evento em novembro de 2025. Trata-se de uma oportunidade \u00fanica para o Brasil, especialmente por ocorrer no cora\u00e7\u00e3o da Amaz\u00f4nia. Al\u00e9m das discuss\u00f5es globais sobre&hellip; Continue reading &rarr;","og_url":"https:\/\/blog.panrotas.com.br\/espaco-alagev\/2024\/10\/25\/cop30-no-brasil-estamos-prontos-para-esse-desafio-global\/","og_site_name":"Espa\u00e7o Alagev","article_published_time":"2024-10-25T21:32:42+00:00","article_modified_time":"2024-10-25T21:32:44+00:00","twitter_card":"summary_large_image","twitter_misc":{"Escrito por":"ALAGEV","Est. tempo de leitura":"3 minutos"},"schema":{"@context":"https:\/\/schema.org","@graph":[{"@type":"WebSite","@id":"https:\/\/blog.panrotas.com.br\/espaco-alagev\/#website","url":"https:\/\/blog.panrotas.com.br\/espaco-alagev\/","name":"Espa\u00e7o Alagev","description":"","potentialAction":[{"@type":"SearchAction","target":{"@type":"EntryPoint","urlTemplate":"https:\/\/blog.panrotas.com.br\/espaco-alagev\/?s={search_term_string}"},"query-input":"required name=search_term_string"}],"inLanguage":"pt-BR"},{"@type":"WebPage","@id":"https:\/\/blog.panrotas.com.br\/espaco-alagev\/2024\/10\/25\/cop30-no-brasil-estamos-prontos-para-esse-desafio-global\/#webpage","url":"https:\/\/blog.panrotas.com.br\/espaco-alagev\/2024\/10\/25\/cop30-no-brasil-estamos-prontos-para-esse-desafio-global\/","name":"COP30 no Brasil: estamos prontos para esse desafio global? - Espa\u00e7o Alagev","isPartOf":{"@id":"https:\/\/blog.panrotas.com.br\/espaco-alagev\/#website"},"datePublished":"2024-10-25T21:32:42+00:00","dateModified":"2024-10-25T21:32:44+00:00","author":{"@id":"https:\/\/blog.panrotas.com.br\/espaco-alagev\/#\/schema\/person\/f6435745ab947a8034c5258d3a131459"},"breadcrumb":{"@id":"https:\/\/blog.panrotas.com.br\/espaco-alagev\/2024\/10\/25\/cop30-no-brasil-estamos-prontos-para-esse-desafio-global\/#breadcrumb"},"inLanguage":"pt-BR","potentialAction":[{"@type":"ReadAction","target":["https:\/\/blog.panrotas.com.br\/espaco-alagev\/2024\/10\/25\/cop30-no-brasil-estamos-prontos-para-esse-desafio-global\/"]}]},{"@type":"BreadcrumbList","@id":"https:\/\/blog.panrotas.com.br\/espaco-alagev\/2024\/10\/25\/cop30-no-brasil-estamos-prontos-para-esse-desafio-global\/#breadcrumb","itemListElement":[{"@type":"ListItem","position":1,"name":"In\u00edcio","item":"https:\/\/blog.panrotas.com.br\/espaco-alagev\/"},{"@type":"ListItem","position":2,"name":"COP30 no Brasil: estamos prontos para esse desafio global?"}]},{"@type":"Person","@id":"https:\/\/blog.panrotas.com.br\/espaco-alagev\/#\/schema\/person\/f6435745ab947a8034c5258d3a131459","name":"ALAGEV","image":{"@type":"ImageObject","@id":"https:\/\/blog.panrotas.com.br\/espaco-alagev\/#personlogo","inLanguage":"pt-BR","url":"https:\/\/secure.gravatar.com\/avatar\/aecafa8de667ce8cf6c47c6052cfe716?s=96&d=mm&r=g","contentUrl":"https:\/\/secure.gravatar.com\/avatar\/aecafa8de667ce8cf6c47c6052cfe716?s=96&d=mm&r=g","caption":"ALAGEV"},"description":"Juliana Patti - Graduada pela Universidade Paulista e p\u00f3s-graduada em Marketing e Turismo Mercadol\u00f3gico pela Universidade de S\u00e3o Paulo (USP), a nova diretora presidente da ALAGEV possui mais de 10 anos de experi\u00eancia na \u00e1rea de viagens e eventos, liderando diversos projetos corporativos e de marketing.","sameAs":["http:\/\/www.alagev.org"],"url":"https:\/\/blog.panrotas.com.br\/espaco-alagev\/author\/gustavoalagev\/"}]}},"jetpack_featured_media_url":"","_links":{"self":[{"href":"https:\/\/blog.panrotas.com.br\/espaco-alagev\/wp-json\/wp\/v2\/posts\/215"}],"collection":[{"href":"https:\/\/blog.panrotas.com.br\/espaco-alagev\/wp-json\/wp\/v2\/posts"}],"about":[{"href":"https:\/\/blog.panrotas.com.br\/espaco-alagev\/wp-json\/wp\/v2\/types\/post"}],"author":[{"embeddable":true,"href":"https:\/\/blog.panrotas.com.br\/espaco-alagev\/wp-json\/wp\/v2\/users\/29"}],"replies":[{"embeddable":true,"href":"https:\/\/blog.panrotas.com.br\/espaco-alagev\/wp-json\/wp\/v2\/comments?post=215"}],"version-history":[{"count":1,"href":"https:\/\/blog.panrotas.com.br\/espaco-alagev\/wp-json\/wp\/v2\/posts\/215\/revisions"}],"predecessor-version":[{"id":216,"href":"https:\/\/blog.panrotas.com.br\/espaco-alagev\/wp-json\/wp\/v2\/posts\/215\/revisions\/216"}],"wp:attachment":[{"href":"https:\/\/blog.panrotas.com.br\/espaco-alagev\/wp-json\/wp\/v2\/media?parent=215"}],"wp:term":[{"taxonomy":"category","embeddable":true,"href":"https:\/\/blog.panrotas.com.br\/espaco-alagev\/wp-json\/wp\/v2\/categories?post=215"},{"taxonomy":"post_tag","embeddable":true,"href":"https:\/\/blog.panrotas.com.br\/espaco-alagev\/wp-json\/wp\/v2\/tags?post=215"}],"curies":[{"name":"wp","href":"https:\/\/api.w.org\/{rel}","templated":true}]}}