{"id":219,"date":"2024-12-23T11:03:12","date_gmt":"2024-12-23T13:03:12","guid":{"rendered":"https:\/\/blog.panrotas.com.br\/espaco-alagev\/?p=219"},"modified":"2024-12-23T11:03:14","modified_gmt":"2024-12-23T13:03:14","slug":"turismo-corporativo-crescimento-em-meio-aos-desafios-economicos","status":"publish","type":"post","link":"https:\/\/blog.panrotas.com.br\/espaco-alagev\/2024\/12\/23\/turismo-corporativo-crescimento-em-meio-aos-desafios-economicos\/","title":{"rendered":"Turismo corporativo: crescimento em meio aos desafios econ\u00f4micos"},"content":{"rendered":"\n<p>Faltam poucos dias para encerrar 2024. O turismo corporativo no Brasil conquistou resultados expressivos, mesmo em meio a um cen\u00e1rio econ\u00f4mico desafiador. De acordo com o Levantamento de Viagens Corporativas (LVC), feito pela FecomercioSP em parceria com a Associa\u00e7\u00e3o Latino Americana de Gest\u00e3o de Eventos e Viagens Corporativas (Alagev), o setor dever\u00e1 registrar um crescimento de 5,5%, com faturamento total de R$ 130 bilh\u00f5es, o maior da s\u00e9rie hist\u00f3rica iniciada em 2011. Esse desempenho positivo reflete o aumento da demanda por servi\u00e7os como transporte a\u00e9reo, hospedagem, loca\u00e7\u00e3o de ve\u00edculos e transporte rodovi\u00e1rio.<\/p>\n\n\n\n<p>Durante o \u201cCaf\u00e9 com mantenedores\u201d, da Alagev, Guilherme Dietze, da FecomercioSP, compartilhou importantes esclarecimentos sobre o panorama econ\u00f4mico nacional e as perspectivas para o setor. Ele destacou que o turismo brasileiro alcan\u00e7ou R$ 203 bilh\u00f5es em faturamento, superando o recorde de 2014. O mercado corporativo representa 64% desse resultado, ou seja, R$ 130 bilh\u00f5es<\/p>\n\n\n\n<p>Apesar do otimismo, Dietze alertou sobre os desafios previstos para 2025. Entre os principais entraves, est\u00e3o a alta carga tribut\u00e1ria, a baixa produtividade e a escassez de m\u00e3o de obra qualificada, al\u00e9m da press\u00e3o sobre os pre\u00e7os e a volatilidade cambial. Por isso, acreditamos que a economia brasileira deva crescer apenas 2%, evidenciando uma recupera\u00e7\u00e3o lenta.<\/p>\n\n\n\n<p>Os ambientes pol\u00edtico e econ\u00f4mico tamb\u00e9m trar\u00e3o incertezas, especialmente em um ano pr\u00e9-eleitoral. A atua\u00e7\u00e3o do novo presidente do Banco Central e as tens\u00f5es geopol\u00edticas globais, como a reelei\u00e7\u00e3o de Trump nos Estados Unidos, podem impactar o Brasil, seja nas rela\u00e7\u00f5es comerciais ou nos mercados financeiros. As discuss\u00f5es da 30\u00aa Confer\u00eancia das Na\u00e7\u00f5es Unidas sobre Mudan\u00e7as Clim\u00e1ticas (COP30), que acontecer\u00e1 em novembro, em Bel\u00e9m (PA), podem tamb\u00e9m afetar os discursos e decis\u00f5es nacionais.&nbsp;<\/p>\n\n\n\n<p>O setor de viagens corporativas encerra 2024 com um recorde de faturamento. O mais recente dado que temos \u00e9 de outubro,&nbsp; quando&nbsp; os gastos das empresas com esse tipo de servi\u00e7os alcan\u00e7aram R$ 12,7 bilh\u00f5es, representando um aumento de 6,9% em compara\u00e7\u00e3o ao mesmo m\u00eas do ano anterior. O valor supera o recorde anterior, de R$ 12,4 bilh\u00f5es, registrado em 2013 (ajustado pela infla\u00e7\u00e3o). No acumulado do ano, o setor apontou um faturamento de R$ 108,4 bilh\u00f5es, um crescimento de 5,3% em rela\u00e7\u00e3o ao mesmo per\u00edodo de 2023 (veja tabela abaixo).<\/p>\n\n\n\n<p>Esse desenvolvimento se deve, em parte, \u00e0 eleva\u00e7\u00e3o nos pre\u00e7os dos servi\u00e7os, fator que limita um aumento mais expressivo da produtividade. Apesar disso, a tend\u00eancia de crescimento do segmento se manter\u00e1 em 2025, com previs\u00e3o de eleva\u00e7\u00e3o de 4% e faturamento de R$ 135 bilh\u00f5es. O avan\u00e7o consistente \u00e9 motivo de celebra\u00e7\u00e3o, mesmo diante dos desafios.&nbsp;<\/p>\n\n\n\n<p><strong>Expectativas para o futuro<\/strong>Com o desempenho positivo da economia brasileira, que acumula um crescimento de 3,1% nos \u00faltimos 12 meses, h\u00e1 otimismo moderado em rela\u00e7\u00e3o ao futuro do setor. O consumo das fam\u00edlias e os investimentos s\u00e3o indicativos de resili\u00eancia econ\u00f4mica. Ainda que a alta dos juros e outros obst\u00e1culos possam reduzir o ritmo da evolu\u00e7\u00e3o financeira, o setor de turismo corporativo deve continuar a desempenhar um papel fundamental no cen\u00e1rio econ\u00f4mico nacional.<\/p>\n\n\n\n<p>Nosso compromisso \u00e9 continuar inovando e fortalecendo o mercado de turismo corporativo por meio de eventos marcantes, como o LACTE, al\u00e9m de intensificar treinamentos, parcerias estrat\u00e9gicas e pesquisas que agreguem valor ao setor. A cada ano, buscamos superar desafios e inspirar o crescimento do turismo no Brasil, consolidando nossa posi\u00e7\u00e3o como refer\u00eancia e promovendo avan\u00e7os que beneficiem toda a cadeia produtiva.<\/p>\n\n\n\n<p><strong><em>*Luana Nogueira, diretora-executiva da Alagev<\/em><\/strong><\/p>\n","protected":false},"excerpt":{"rendered":"<p>Faltam poucos dias para encerrar 2024. O turismo corporativo no Brasil conquistou resultados expressivos, mesmo em meio a um cen\u00e1rio econ\u00f4mico desafiador. De acordo com o Levantamento de Viagens Corporativas (LVC), feito pela FecomercioSP em parceria com a Associa\u00e7\u00e3o Latino Americana de Gest\u00e3o de Eventos e Viagens Corporativas (Alagev), o setor dever\u00e1 registrar um crescimento&hellip; <a class=\"more-link\" href=\"https:\/\/blog.panrotas.com.br\/espaco-alagev\/2024\/12\/23\/turismo-corporativo-crescimento-em-meio-aos-desafios-economicos\/\">Continue reading &rarr;<\/a><\/p>\n","protected":false},"author":29,"featured_media":0,"comment_status":"open","ping_status":"open","sticky":false,"template":"","format":"standard","meta":{"spay_email":""},"categories":[2],"tags":[],"yoast_head":"<!-- This site is optimized with the Yoast SEO plugin v17.3 - https:\/\/yoast.com\/wordpress\/plugins\/seo\/ -->\n<title>Turismo corporativo: crescimento em meio aos desafios econ\u00f4micos - Espa\u00e7o Alagev<\/title>\n<meta name=\"robots\" content=\"index, follow, max-snippet:-1, max-image-preview:large, max-video-preview:-1\" \/>\n<link rel=\"canonical\" href=\"https:\/\/blog.panrotas.com.br\/espaco-alagev\/2024\/12\/23\/turismo-corporativo-crescimento-em-meio-aos-desafios-economicos\/\" \/>\n<meta property=\"og:locale\" content=\"pt_BR\" \/>\n<meta property=\"og:type\" content=\"article\" \/>\n<meta property=\"og:title\" content=\"Turismo corporativo: crescimento em meio aos desafios econ\u00f4micos - Espa\u00e7o Alagev\" \/>\n<meta property=\"og:description\" content=\"Faltam poucos dias para encerrar 2024. O turismo corporativo no Brasil conquistou resultados expressivos, mesmo em meio a um cen\u00e1rio econ\u00f4mico desafiador. De acordo com o Levantamento de Viagens Corporativas (LVC), feito pela FecomercioSP em parceria com a Associa\u00e7\u00e3o Latino Americana de Gest\u00e3o de Eventos e Viagens Corporativas (Alagev), o setor dever\u00e1 registrar um crescimento&hellip; Continue reading &rarr;\" \/>\n<meta property=\"og:url\" content=\"https:\/\/blog.panrotas.com.br\/espaco-alagev\/2024\/12\/23\/turismo-corporativo-crescimento-em-meio-aos-desafios-economicos\/\" \/>\n<meta property=\"og:site_name\" content=\"Espa\u00e7o Alagev\" \/>\n<meta property=\"article:published_time\" content=\"2024-12-23T13:03:12+00:00\" \/>\n<meta property=\"article:modified_time\" content=\"2024-12-23T13:03:14+00:00\" \/>\n<meta name=\"twitter:card\" content=\"summary_large_image\" \/>\n<meta name=\"twitter:label1\" content=\"Escrito por\" \/>\n\t<meta name=\"twitter:data1\" content=\"ALAGEV\" \/>\n\t<meta name=\"twitter:label2\" content=\"Est. tempo de leitura\" \/>\n\t<meta name=\"twitter:data2\" content=\"3 minutos\" \/>\n<script type=\"application\/ld+json\" class=\"yoast-schema-graph\">{\"@context\":\"https:\/\/schema.org\",\"@graph\":[{\"@type\":\"WebSite\",\"@id\":\"https:\/\/blog.panrotas.com.br\/espaco-alagev\/#website\",\"url\":\"https:\/\/blog.panrotas.com.br\/espaco-alagev\/\",\"name\":\"Espa\\u00e7o Alagev\",\"description\":\"\",\"potentialAction\":[{\"@type\":\"SearchAction\",\"target\":{\"@type\":\"EntryPoint\",\"urlTemplate\":\"https:\/\/blog.panrotas.com.br\/espaco-alagev\/?s={search_term_string}\"},\"query-input\":\"required name=search_term_string\"}],\"inLanguage\":\"pt-BR\"},{\"@type\":\"WebPage\",\"@id\":\"https:\/\/blog.panrotas.com.br\/espaco-alagev\/2024\/12\/23\/turismo-corporativo-crescimento-em-meio-aos-desafios-economicos\/#webpage\",\"url\":\"https:\/\/blog.panrotas.com.br\/espaco-alagev\/2024\/12\/23\/turismo-corporativo-crescimento-em-meio-aos-desafios-economicos\/\",\"name\":\"Turismo corporativo: crescimento em meio aos desafios econ\\u00f4micos - Espa\\u00e7o Alagev\",\"isPartOf\":{\"@id\":\"https:\/\/blog.panrotas.com.br\/espaco-alagev\/#website\"},\"datePublished\":\"2024-12-23T13:03:12+00:00\",\"dateModified\":\"2024-12-23T13:03:14+00:00\",\"author\":{\"@id\":\"https:\/\/blog.panrotas.com.br\/espaco-alagev\/#\/schema\/person\/f6435745ab947a8034c5258d3a131459\"},\"breadcrumb\":{\"@id\":\"https:\/\/blog.panrotas.com.br\/espaco-alagev\/2024\/12\/23\/turismo-corporativo-crescimento-em-meio-aos-desafios-economicos\/#breadcrumb\"},\"inLanguage\":\"pt-BR\",\"potentialAction\":[{\"@type\":\"ReadAction\",\"target\":[\"https:\/\/blog.panrotas.com.br\/espaco-alagev\/2024\/12\/23\/turismo-corporativo-crescimento-em-meio-aos-desafios-economicos\/\"]}]},{\"@type\":\"BreadcrumbList\",\"@id\":\"https:\/\/blog.panrotas.com.br\/espaco-alagev\/2024\/12\/23\/turismo-corporativo-crescimento-em-meio-aos-desafios-economicos\/#breadcrumb\",\"itemListElement\":[{\"@type\":\"ListItem\",\"position\":1,\"name\":\"In\\u00edcio\",\"item\":\"https:\/\/blog.panrotas.com.br\/espaco-alagev\/\"},{\"@type\":\"ListItem\",\"position\":2,\"name\":\"Turismo corporativo: crescimento em meio aos desafios econ\\u00f4micos\"}]},{\"@type\":\"Person\",\"@id\":\"https:\/\/blog.panrotas.com.br\/espaco-alagev\/#\/schema\/person\/f6435745ab947a8034c5258d3a131459\",\"name\":\"ALAGEV\",\"image\":{\"@type\":\"ImageObject\",\"@id\":\"https:\/\/blog.panrotas.com.br\/espaco-alagev\/#personlogo\",\"inLanguage\":\"pt-BR\",\"url\":\"https:\/\/secure.gravatar.com\/avatar\/aecafa8de667ce8cf6c47c6052cfe716?s=96&d=mm&r=g\",\"contentUrl\":\"https:\/\/secure.gravatar.com\/avatar\/aecafa8de667ce8cf6c47c6052cfe716?s=96&d=mm&r=g\",\"caption\":\"ALAGEV\"},\"description\":\"Juliana Patti - Graduada pela Universidade Paulista e p\\u00f3s-graduada em Marketing e Turismo Mercadol\\u00f3gico pela Universidade de S\\u00e3o Paulo (USP), a nova diretora presidente da ALAGEV possui mais de 10 anos de experi\\u00eancia na \\u00e1rea de viagens e eventos, liderando diversos projetos corporativos e de marketing.\",\"sameAs\":[\"http:\/\/www.alagev.org\"],\"url\":\"https:\/\/blog.panrotas.com.br\/espaco-alagev\/author\/gustavoalagev\/\"}]}<\/script>\n<!-- \/ Yoast SEO plugin. -->","yoast_head_json":{"title":"Turismo corporativo: crescimento em meio aos desafios econ\u00f4micos - Espa\u00e7o Alagev","robots":{"index":"index","follow":"follow","max-snippet":"max-snippet:-1","max-image-preview":"max-image-preview:large","max-video-preview":"max-video-preview:-1"},"canonical":"https:\/\/blog.panrotas.com.br\/espaco-alagev\/2024\/12\/23\/turismo-corporativo-crescimento-em-meio-aos-desafios-economicos\/","og_locale":"pt_BR","og_type":"article","og_title":"Turismo corporativo: crescimento em meio aos desafios econ\u00f4micos - Espa\u00e7o Alagev","og_description":"Faltam poucos dias para encerrar 2024. O turismo corporativo no Brasil conquistou resultados expressivos, mesmo em meio a um cen\u00e1rio econ\u00f4mico desafiador. De acordo com o Levantamento de Viagens Corporativas (LVC), feito pela FecomercioSP em parceria com a Associa\u00e7\u00e3o Latino Americana de Gest\u00e3o de Eventos e Viagens Corporativas (Alagev), o setor dever\u00e1 registrar um crescimento&hellip; Continue reading &rarr;","og_url":"https:\/\/blog.panrotas.com.br\/espaco-alagev\/2024\/12\/23\/turismo-corporativo-crescimento-em-meio-aos-desafios-economicos\/","og_site_name":"Espa\u00e7o Alagev","article_published_time":"2024-12-23T13:03:12+00:00","article_modified_time":"2024-12-23T13:03:14+00:00","twitter_card":"summary_large_image","twitter_misc":{"Escrito por":"ALAGEV","Est. tempo de leitura":"3 minutos"},"schema":{"@context":"https:\/\/schema.org","@graph":[{"@type":"WebSite","@id":"https:\/\/blog.panrotas.com.br\/espaco-alagev\/#website","url":"https:\/\/blog.panrotas.com.br\/espaco-alagev\/","name":"Espa\u00e7o Alagev","description":"","potentialAction":[{"@type":"SearchAction","target":{"@type":"EntryPoint","urlTemplate":"https:\/\/blog.panrotas.com.br\/espaco-alagev\/?s={search_term_string}"},"query-input":"required name=search_term_string"}],"inLanguage":"pt-BR"},{"@type":"WebPage","@id":"https:\/\/blog.panrotas.com.br\/espaco-alagev\/2024\/12\/23\/turismo-corporativo-crescimento-em-meio-aos-desafios-economicos\/#webpage","url":"https:\/\/blog.panrotas.com.br\/espaco-alagev\/2024\/12\/23\/turismo-corporativo-crescimento-em-meio-aos-desafios-economicos\/","name":"Turismo corporativo: crescimento em meio aos desafios econ\u00f4micos - Espa\u00e7o Alagev","isPartOf":{"@id":"https:\/\/blog.panrotas.com.br\/espaco-alagev\/#website"},"datePublished":"2024-12-23T13:03:12+00:00","dateModified":"2024-12-23T13:03:14+00:00","author":{"@id":"https:\/\/blog.panrotas.com.br\/espaco-alagev\/#\/schema\/person\/f6435745ab947a8034c5258d3a131459"},"breadcrumb":{"@id":"https:\/\/blog.panrotas.com.br\/espaco-alagev\/2024\/12\/23\/turismo-corporativo-crescimento-em-meio-aos-desafios-economicos\/#breadcrumb"},"inLanguage":"pt-BR","potentialAction":[{"@type":"ReadAction","target":["https:\/\/blog.panrotas.com.br\/espaco-alagev\/2024\/12\/23\/turismo-corporativo-crescimento-em-meio-aos-desafios-economicos\/"]}]},{"@type":"BreadcrumbList","@id":"https:\/\/blog.panrotas.com.br\/espaco-alagev\/2024\/12\/23\/turismo-corporativo-crescimento-em-meio-aos-desafios-economicos\/#breadcrumb","itemListElement":[{"@type":"ListItem","position":1,"name":"In\u00edcio","item":"https:\/\/blog.panrotas.com.br\/espaco-alagev\/"},{"@type":"ListItem","position":2,"name":"Turismo corporativo: crescimento em meio aos desafios econ\u00f4micos"}]},{"@type":"Person","@id":"https:\/\/blog.panrotas.com.br\/espaco-alagev\/#\/schema\/person\/f6435745ab947a8034c5258d3a131459","name":"ALAGEV","image":{"@type":"ImageObject","@id":"https:\/\/blog.panrotas.com.br\/espaco-alagev\/#personlogo","inLanguage":"pt-BR","url":"https:\/\/secure.gravatar.com\/avatar\/aecafa8de667ce8cf6c47c6052cfe716?s=96&d=mm&r=g","contentUrl":"https:\/\/secure.gravatar.com\/avatar\/aecafa8de667ce8cf6c47c6052cfe716?s=96&d=mm&r=g","caption":"ALAGEV"},"description":"Juliana Patti - Graduada pela Universidade Paulista e p\u00f3s-graduada em Marketing e Turismo Mercadol\u00f3gico pela Universidade de S\u00e3o Paulo (USP), a nova diretora presidente da ALAGEV possui mais de 10 anos de experi\u00eancia na \u00e1rea de viagens e eventos, liderando diversos projetos corporativos e de marketing.","sameAs":["http:\/\/www.alagev.org"],"url":"https:\/\/blog.panrotas.com.br\/espaco-alagev\/author\/gustavoalagev\/"}]}},"jetpack_featured_media_url":"","_links":{"self":[{"href":"https:\/\/blog.panrotas.com.br\/espaco-alagev\/wp-json\/wp\/v2\/posts\/219"}],"collection":[{"href":"https:\/\/blog.panrotas.com.br\/espaco-alagev\/wp-json\/wp\/v2\/posts"}],"about":[{"href":"https:\/\/blog.panrotas.com.br\/espaco-alagev\/wp-json\/wp\/v2\/types\/post"}],"author":[{"embeddable":true,"href":"https:\/\/blog.panrotas.com.br\/espaco-alagev\/wp-json\/wp\/v2\/users\/29"}],"replies":[{"embeddable":true,"href":"https:\/\/blog.panrotas.com.br\/espaco-alagev\/wp-json\/wp\/v2\/comments?post=219"}],"version-history":[{"count":1,"href":"https:\/\/blog.panrotas.com.br\/espaco-alagev\/wp-json\/wp\/v2\/posts\/219\/revisions"}],"predecessor-version":[{"id":220,"href":"https:\/\/blog.panrotas.com.br\/espaco-alagev\/wp-json\/wp\/v2\/posts\/219\/revisions\/220"}],"wp:attachment":[{"href":"https:\/\/blog.panrotas.com.br\/espaco-alagev\/wp-json\/wp\/v2\/media?parent=219"}],"wp:term":[{"taxonomy":"category","embeddable":true,"href":"https:\/\/blog.panrotas.com.br\/espaco-alagev\/wp-json\/wp\/v2\/categories?post=219"},{"taxonomy":"post_tag","embeddable":true,"href":"https:\/\/blog.panrotas.com.br\/espaco-alagev\/wp-json\/wp\/v2\/tags?post=219"}],"curies":[{"name":"wp","href":"https:\/\/api.w.org\/{rel}","templated":true}]}}