{"id":221,"date":"2025-02-12T12:19:45","date_gmt":"2025-02-12T14:19:45","guid":{"rendered":"https:\/\/blog.panrotas.com.br\/espaco-alagev\/?p=221"},"modified":"2025-02-12T12:19:48","modified_gmt":"2025-02-12T14:19:48","slug":"mercado-de-viagens-e-eventos-corporativos-em-2025-desafios-oportunidades-e-tendencias","status":"publish","type":"post","link":"https:\/\/blog.panrotas.com.br\/espaco-alagev\/2025\/02\/12\/mercado-de-viagens-e-eventos-corporativos-em-2025-desafios-oportunidades-e-tendencias\/","title":{"rendered":"Mercado de viagens e eventos corporativos em 2025: desafios, oportunidades e tend\u00eancias"},"content":{"rendered":"\n<p>O ano de 2024 n\u00e3o foi f\u00e1cil para o setor de viagens e eventos corporativos, mas trouxe muitos benef\u00edcios e aprendizados. Em 2025, seguimos impulsionados principalmente pela varia\u00e7\u00e3o cambial e pelas transforma\u00e7\u00f5es nas estrat\u00e9gias. As empresas t\u00eam buscado otimizar seus or\u00e7amentos e repensar a frequ\u00eancia e a dura\u00e7\u00e3o de suas viagens. Vejo que as corpora\u00e7\u00f5es est\u00e3o cada vez mais seletivas, priorizando deslocamentos essenciais e explorando novas solu\u00e7\u00f5es para equilibrar custos e benef\u00edcios.<\/p>\n\n\n\n<p>O Brasil tamb\u00e9m se prepara para eventos globais relevantes, como a COP30, encontro que debater\u00e1 as mudan\u00e7as clim\u00e1ticas marcado para novembro em Bel\u00e9m (PA). A expectativa \u00e9 que eventos como a COP movimentem a infraestrutura, a hotelaria e o turismo corporativo no pa\u00eds, al\u00e9m de refor\u00e7arem a necessidade de planejamento estrat\u00e9gico para lidar com a alta demanda e garantir experi\u00eancias eficientes para os participantes. Mostram ainda que podemos receber grandes eventos al\u00e9m daqueles esportivos, para os quais j\u00e1 somos conhecidos.<\/p>\n\n\n\n<p><strong>Impacto do c\u00e2mbio<\/strong><strong><br><\/strong>O c\u00e2mbio desfavor\u00e1vel tem impactado diretamente as viagens internacionais, aumentando os custos e levando as empresas a ajustarem suas estrat\u00e9gias. Em muitos casos, os or\u00e7amentos se mant\u00eam est\u00e1veis, mas o volume de deslocamentos \u00e9 reduzido para compensar o aumento do ticket m\u00e9dio. Esse cen\u00e1rio estimula o mercado brasileiro a desenvolver novas op\u00e7\u00f5es de eventos e incentivos locais, favorecendo a movimenta\u00e7\u00e3o interna e reduzindo a exposi\u00e7\u00e3o \u00e0s oscila\u00e7\u00f5es cambiais.<\/p>\n\n\n\n<p>Por outro lado, o c\u00e2mbio favor\u00e1vel para estrangeiros torna o Brasil um destino atrativo para eventos internacionais. Empresas estrangeiras podem enxergar o pa\u00eds como uma alternativa interessante a mercados tradicionais, como Paris, impulsionando a capta\u00e7\u00e3o de eventos e fortalecendo o setor nacionalmente. No entanto, a infraestrutura e a malha a\u00e9rea ainda representam desafios a serem superados. Desde a pandemia, a oferta de assentos n\u00e3o voltou aos n\u00edveis anteriores, e a fus\u00e3o entre grandes companhias a\u00e9reas pode ou n\u00e3o resultar em um aumento significativo da disponibilidade de voos. Neste caso, vamos aguardar as cenas dos pr\u00f3ximos cap\u00edtulos.\u00a0<\/p>\n\n\n\n<p><strong>Crescimento do setor e a press\u00e3o sobre pre\u00e7os<\/strong><br>Os dados do Levantamento de Viagens Corporativas (LVC), realizado pela FecomercioSP em parceria com a Alagev, apontam que novembro de 2024 registrou um recorde, com um gasto de R$ 13 bilh\u00f5es em servi\u00e7os de turismo corporativo, um aumento de 5,8% em rela\u00e7\u00e3o ao mesmo per\u00edodo de 2023. No acumulado do ano, o volume total chegou a R$ 122 bilh\u00f5es, um crescimento de 5,4%.<\/p>\n\n\n\n<p>Esse crescimento acontece em um cen\u00e1rio de press\u00e3o sobre pre\u00e7os. A recupera\u00e7\u00e3o tarif\u00e1ria na hotelaria e o aumento da di\u00e1ria m\u00e9dia impactam diretamente os custos das viagens corporativas e eventos. Em S\u00e3o Paulo, por exemplo, as tarifas de hot\u00e9is econ\u00f4micos superam R$ 900 em dias de maior demanda. Al\u00e9m disso, o pre\u00e7o m\u00e9dio do aluguel de ve\u00edculos subiu mais de 22% em 12 meses, segundo o Instituto Brasileiro de Geografia e Estat\u00edstica (IBGE), enquanto a alimenta\u00e7\u00e3o tamb\u00e9m sofreu alta significativa, elevando os gastos com deslocamentos corporativos.<\/p>\n\n\n\n<p><strong>Estrat\u00e9gias para 2025: automa\u00e7\u00e3o, parcerias e intelig\u00eancia artificial<\/strong><br>Apesar dos desafios, as empresas continuam investindo em viagens e eventos, sem perspectiva de redu\u00e7\u00e3o no volume total. No entanto, a maneira como esses deslocamentos s\u00e3o planejados e executados est\u00e1 mudando. A automa\u00e7\u00e3o e a intelig\u00eancia artificial (IA) ter\u00e3o papel fundamental na gest\u00e3o de viagens, permitindo que gestores foquem em estrat\u00e9gias de longo prazo em vez de apenas otimizar custos de curto per\u00edodo.<\/p>\n\n\n\n<p>A sustentabilidade tamb\u00e9m entra em pauta, com uma nova abordagem para negocia\u00e7\u00f5es e contratos. O foco agora deve ser em parcerias mais long\u00ednquas, ao inv\u00e9s de trocas frequentes de fornecedores. Essa altera\u00e7\u00e3o de mentalidade contribui para maior previsibilidade e melhores condi\u00e7\u00f5es de negocia\u00e7\u00e3o, beneficiando tanto empresas quanto prestadores de servi\u00e7o.<\/p>\n\n\n\n<p><strong>Perspectivas e investimentos no setor<br><\/strong>A Pesquisa Anual de Viagens Corporativas (PAVC), tamb\u00e9m realizada pela Alagev, apresenta um panorama detalhado do mercado e suas tend\u00eancias. O estudo revela que 27% dos gestores indicaram que suas empresas investiram mais de R$ 20 milh\u00f5es em viagens corporativas em 2024. Para voos nacionais, 22% gastaram entre R$ 1 milh\u00e3o e R$ 2 milh\u00f5es, enquanto 22% dos investimentos em hospedagem no Brasil variaram entre R$ 500 mil e R$ 1 milh\u00e3o. No cen\u00e1rio internacional, 44% das empresas investiram menos de R$ 500 mil em viagens ao exterior.<\/p>\n\n\n\n<p>A proje\u00e7\u00e3o para 2025 \u00e9 de crescimento, com 74% dos respondentes esperando um aumento no volume total de viagens entre 10% e 20%. Diante desse cen\u00e1rio, a expectativa para esse ano \u00e9 de um mercado din\u00e2mico, que precisar\u00e1 equilibrar inova\u00e7\u00e3o, gest\u00e3o eficiente, planejamento, tecnologia, intelig\u00eancia e adapta\u00e7\u00e3o a novos desafios econ\u00f4micos e operacionais para manter seu crescimento sustent\u00e1vel.<\/p>\n\n\n\n<p><strong><em>*Luana Nogueira, diretora-executiva da Alagev<\/em><\/strong><\/p>\n","protected":false},"excerpt":{"rendered":"<p>O ano de 2024 n\u00e3o foi f\u00e1cil para o setor de viagens e eventos corporativos, mas trouxe muitos benef\u00edcios e aprendizados. Em 2025, seguimos impulsionados principalmente pela varia\u00e7\u00e3o cambial e pelas transforma\u00e7\u00f5es nas estrat\u00e9gias. As empresas t\u00eam buscado otimizar seus or\u00e7amentos e repensar a frequ\u00eancia e a dura\u00e7\u00e3o de suas viagens. Vejo que as corpora\u00e7\u00f5es&hellip; <a class=\"more-link\" href=\"https:\/\/blog.panrotas.com.br\/espaco-alagev\/2025\/02\/12\/mercado-de-viagens-e-eventos-corporativos-em-2025-desafios-oportunidades-e-tendencias\/\">Continue reading &rarr;<\/a><\/p>\n","protected":false},"author":29,"featured_media":0,"comment_status":"open","ping_status":"open","sticky":false,"template":"","format":"standard","meta":{"spay_email":""},"categories":[2],"tags":[],"yoast_head":"<!-- This site is optimized with the Yoast SEO plugin v17.3 - https:\/\/yoast.com\/wordpress\/plugins\/seo\/ -->\n<title>Mercado de viagens e eventos corporativos em 2025: desafios, oportunidades e tend\u00eancias - Espa\u00e7o Alagev<\/title>\n<meta name=\"robots\" content=\"index, follow, max-snippet:-1, max-image-preview:large, max-video-preview:-1\" \/>\n<link rel=\"canonical\" href=\"https:\/\/blog.panrotas.com.br\/espaco-alagev\/2025\/02\/12\/mercado-de-viagens-e-eventos-corporativos-em-2025-desafios-oportunidades-e-tendencias\/\" \/>\n<meta property=\"og:locale\" content=\"pt_BR\" \/>\n<meta property=\"og:type\" content=\"article\" \/>\n<meta property=\"og:title\" content=\"Mercado de viagens e eventos corporativos em 2025: desafios, oportunidades e tend\u00eancias - Espa\u00e7o Alagev\" \/>\n<meta property=\"og:description\" content=\"O ano de 2024 n\u00e3o foi f\u00e1cil para o setor de viagens e eventos corporativos, mas trouxe muitos benef\u00edcios e aprendizados. Em 2025, seguimos impulsionados principalmente pela varia\u00e7\u00e3o cambial e pelas transforma\u00e7\u00f5es nas estrat\u00e9gias. As empresas t\u00eam buscado otimizar seus or\u00e7amentos e repensar a frequ\u00eancia e a dura\u00e7\u00e3o de suas viagens. Vejo que as corpora\u00e7\u00f5es&hellip; Continue reading &rarr;\" \/>\n<meta property=\"og:url\" content=\"https:\/\/blog.panrotas.com.br\/espaco-alagev\/2025\/02\/12\/mercado-de-viagens-e-eventos-corporativos-em-2025-desafios-oportunidades-e-tendencias\/\" \/>\n<meta property=\"og:site_name\" content=\"Espa\u00e7o Alagev\" \/>\n<meta property=\"article:published_time\" content=\"2025-02-12T14:19:45+00:00\" \/>\n<meta property=\"article:modified_time\" content=\"2025-02-12T14:19:48+00:00\" \/>\n<meta name=\"twitter:card\" content=\"summary_large_image\" \/>\n<meta name=\"twitter:label1\" content=\"Escrito por\" \/>\n\t<meta name=\"twitter:data1\" content=\"ALAGEV\" \/>\n\t<meta name=\"twitter:label2\" content=\"Est. tempo de leitura\" \/>\n\t<meta name=\"twitter:data2\" content=\"4 minutos\" \/>\n<script type=\"application\/ld+json\" class=\"yoast-schema-graph\">{\"@context\":\"https:\/\/schema.org\",\"@graph\":[{\"@type\":\"WebSite\",\"@id\":\"https:\/\/blog.panrotas.com.br\/espaco-alagev\/#website\",\"url\":\"https:\/\/blog.panrotas.com.br\/espaco-alagev\/\",\"name\":\"Espa\\u00e7o Alagev\",\"description\":\"\",\"potentialAction\":[{\"@type\":\"SearchAction\",\"target\":{\"@type\":\"EntryPoint\",\"urlTemplate\":\"https:\/\/blog.panrotas.com.br\/espaco-alagev\/?s={search_term_string}\"},\"query-input\":\"required name=search_term_string\"}],\"inLanguage\":\"pt-BR\"},{\"@type\":\"WebPage\",\"@id\":\"https:\/\/blog.panrotas.com.br\/espaco-alagev\/2025\/02\/12\/mercado-de-viagens-e-eventos-corporativos-em-2025-desafios-oportunidades-e-tendencias\/#webpage\",\"url\":\"https:\/\/blog.panrotas.com.br\/espaco-alagev\/2025\/02\/12\/mercado-de-viagens-e-eventos-corporativos-em-2025-desafios-oportunidades-e-tendencias\/\",\"name\":\"Mercado de viagens e eventos corporativos em 2025: desafios, oportunidades e tend\\u00eancias - Espa\\u00e7o Alagev\",\"isPartOf\":{\"@id\":\"https:\/\/blog.panrotas.com.br\/espaco-alagev\/#website\"},\"datePublished\":\"2025-02-12T14:19:45+00:00\",\"dateModified\":\"2025-02-12T14:19:48+00:00\",\"author\":{\"@id\":\"https:\/\/blog.panrotas.com.br\/espaco-alagev\/#\/schema\/person\/f6435745ab947a8034c5258d3a131459\"},\"breadcrumb\":{\"@id\":\"https:\/\/blog.panrotas.com.br\/espaco-alagev\/2025\/02\/12\/mercado-de-viagens-e-eventos-corporativos-em-2025-desafios-oportunidades-e-tendencias\/#breadcrumb\"},\"inLanguage\":\"pt-BR\",\"potentialAction\":[{\"@type\":\"ReadAction\",\"target\":[\"https:\/\/blog.panrotas.com.br\/espaco-alagev\/2025\/02\/12\/mercado-de-viagens-e-eventos-corporativos-em-2025-desafios-oportunidades-e-tendencias\/\"]}]},{\"@type\":\"BreadcrumbList\",\"@id\":\"https:\/\/blog.panrotas.com.br\/espaco-alagev\/2025\/02\/12\/mercado-de-viagens-e-eventos-corporativos-em-2025-desafios-oportunidades-e-tendencias\/#breadcrumb\",\"itemListElement\":[{\"@type\":\"ListItem\",\"position\":1,\"name\":\"In\\u00edcio\",\"item\":\"https:\/\/blog.panrotas.com.br\/espaco-alagev\/\"},{\"@type\":\"ListItem\",\"position\":2,\"name\":\"Mercado de viagens e eventos corporativos em 2025: desafios, oportunidades e tend\\u00eancias\"}]},{\"@type\":\"Person\",\"@id\":\"https:\/\/blog.panrotas.com.br\/espaco-alagev\/#\/schema\/person\/f6435745ab947a8034c5258d3a131459\",\"name\":\"ALAGEV\",\"image\":{\"@type\":\"ImageObject\",\"@id\":\"https:\/\/blog.panrotas.com.br\/espaco-alagev\/#personlogo\",\"inLanguage\":\"pt-BR\",\"url\":\"https:\/\/secure.gravatar.com\/avatar\/aecafa8de667ce8cf6c47c6052cfe716?s=96&d=mm&r=g\",\"contentUrl\":\"https:\/\/secure.gravatar.com\/avatar\/aecafa8de667ce8cf6c47c6052cfe716?s=96&d=mm&r=g\",\"caption\":\"ALAGEV\"},\"description\":\"Juliana Patti - Graduada pela Universidade Paulista e p\\u00f3s-graduada em Marketing e Turismo Mercadol\\u00f3gico pela Universidade de S\\u00e3o Paulo (USP), a nova diretora presidente da ALAGEV possui mais de 10 anos de experi\\u00eancia na \\u00e1rea de viagens e eventos, liderando diversos projetos corporativos e de marketing.\",\"sameAs\":[\"http:\/\/www.alagev.org\"],\"url\":\"https:\/\/blog.panrotas.com.br\/espaco-alagev\/author\/gustavoalagev\/\"}]}<\/script>\n<!-- \/ Yoast SEO plugin. -->","yoast_head_json":{"title":"Mercado de viagens e eventos corporativos em 2025: desafios, oportunidades e tend\u00eancias - Espa\u00e7o Alagev","robots":{"index":"index","follow":"follow","max-snippet":"max-snippet:-1","max-image-preview":"max-image-preview:large","max-video-preview":"max-video-preview:-1"},"canonical":"https:\/\/blog.panrotas.com.br\/espaco-alagev\/2025\/02\/12\/mercado-de-viagens-e-eventos-corporativos-em-2025-desafios-oportunidades-e-tendencias\/","og_locale":"pt_BR","og_type":"article","og_title":"Mercado de viagens e eventos corporativos em 2025: desafios, oportunidades e tend\u00eancias - Espa\u00e7o Alagev","og_description":"O ano de 2024 n\u00e3o foi f\u00e1cil para o setor de viagens e eventos corporativos, mas trouxe muitos benef\u00edcios e aprendizados. Em 2025, seguimos impulsionados principalmente pela varia\u00e7\u00e3o cambial e pelas transforma\u00e7\u00f5es nas estrat\u00e9gias. As empresas t\u00eam buscado otimizar seus or\u00e7amentos e repensar a frequ\u00eancia e a dura\u00e7\u00e3o de suas viagens. Vejo que as corpora\u00e7\u00f5es&hellip; Continue reading &rarr;","og_url":"https:\/\/blog.panrotas.com.br\/espaco-alagev\/2025\/02\/12\/mercado-de-viagens-e-eventos-corporativos-em-2025-desafios-oportunidades-e-tendencias\/","og_site_name":"Espa\u00e7o Alagev","article_published_time":"2025-02-12T14:19:45+00:00","article_modified_time":"2025-02-12T14:19:48+00:00","twitter_card":"summary_large_image","twitter_misc":{"Escrito por":"ALAGEV","Est. tempo de leitura":"4 minutos"},"schema":{"@context":"https:\/\/schema.org","@graph":[{"@type":"WebSite","@id":"https:\/\/blog.panrotas.com.br\/espaco-alagev\/#website","url":"https:\/\/blog.panrotas.com.br\/espaco-alagev\/","name":"Espa\u00e7o Alagev","description":"","potentialAction":[{"@type":"SearchAction","target":{"@type":"EntryPoint","urlTemplate":"https:\/\/blog.panrotas.com.br\/espaco-alagev\/?s={search_term_string}"},"query-input":"required name=search_term_string"}],"inLanguage":"pt-BR"},{"@type":"WebPage","@id":"https:\/\/blog.panrotas.com.br\/espaco-alagev\/2025\/02\/12\/mercado-de-viagens-e-eventos-corporativos-em-2025-desafios-oportunidades-e-tendencias\/#webpage","url":"https:\/\/blog.panrotas.com.br\/espaco-alagev\/2025\/02\/12\/mercado-de-viagens-e-eventos-corporativos-em-2025-desafios-oportunidades-e-tendencias\/","name":"Mercado de viagens e eventos corporativos em 2025: desafios, oportunidades e tend\u00eancias - Espa\u00e7o Alagev","isPartOf":{"@id":"https:\/\/blog.panrotas.com.br\/espaco-alagev\/#website"},"datePublished":"2025-02-12T14:19:45+00:00","dateModified":"2025-02-12T14:19:48+00:00","author":{"@id":"https:\/\/blog.panrotas.com.br\/espaco-alagev\/#\/schema\/person\/f6435745ab947a8034c5258d3a131459"},"breadcrumb":{"@id":"https:\/\/blog.panrotas.com.br\/espaco-alagev\/2025\/02\/12\/mercado-de-viagens-e-eventos-corporativos-em-2025-desafios-oportunidades-e-tendencias\/#breadcrumb"},"inLanguage":"pt-BR","potentialAction":[{"@type":"ReadAction","target":["https:\/\/blog.panrotas.com.br\/espaco-alagev\/2025\/02\/12\/mercado-de-viagens-e-eventos-corporativos-em-2025-desafios-oportunidades-e-tendencias\/"]}]},{"@type":"BreadcrumbList","@id":"https:\/\/blog.panrotas.com.br\/espaco-alagev\/2025\/02\/12\/mercado-de-viagens-e-eventos-corporativos-em-2025-desafios-oportunidades-e-tendencias\/#breadcrumb","itemListElement":[{"@type":"ListItem","position":1,"name":"In\u00edcio","item":"https:\/\/blog.panrotas.com.br\/espaco-alagev\/"},{"@type":"ListItem","position":2,"name":"Mercado de viagens e eventos corporativos em 2025: desafios, oportunidades e tend\u00eancias"}]},{"@type":"Person","@id":"https:\/\/blog.panrotas.com.br\/espaco-alagev\/#\/schema\/person\/f6435745ab947a8034c5258d3a131459","name":"ALAGEV","image":{"@type":"ImageObject","@id":"https:\/\/blog.panrotas.com.br\/espaco-alagev\/#personlogo","inLanguage":"pt-BR","url":"https:\/\/secure.gravatar.com\/avatar\/aecafa8de667ce8cf6c47c6052cfe716?s=96&d=mm&r=g","contentUrl":"https:\/\/secure.gravatar.com\/avatar\/aecafa8de667ce8cf6c47c6052cfe716?s=96&d=mm&r=g","caption":"ALAGEV"},"description":"Juliana Patti - Graduada pela Universidade Paulista e p\u00f3s-graduada em Marketing e Turismo Mercadol\u00f3gico pela Universidade de S\u00e3o Paulo (USP), a nova diretora presidente da ALAGEV possui mais de 10 anos de experi\u00eancia na \u00e1rea de viagens e eventos, liderando diversos projetos corporativos e de marketing.","sameAs":["http:\/\/www.alagev.org"],"url":"https:\/\/blog.panrotas.com.br\/espaco-alagev\/author\/gustavoalagev\/"}]}},"jetpack_featured_media_url":"","_links":{"self":[{"href":"https:\/\/blog.panrotas.com.br\/espaco-alagev\/wp-json\/wp\/v2\/posts\/221"}],"collection":[{"href":"https:\/\/blog.panrotas.com.br\/espaco-alagev\/wp-json\/wp\/v2\/posts"}],"about":[{"href":"https:\/\/blog.panrotas.com.br\/espaco-alagev\/wp-json\/wp\/v2\/types\/post"}],"author":[{"embeddable":true,"href":"https:\/\/blog.panrotas.com.br\/espaco-alagev\/wp-json\/wp\/v2\/users\/29"}],"replies":[{"embeddable":true,"href":"https:\/\/blog.panrotas.com.br\/espaco-alagev\/wp-json\/wp\/v2\/comments?post=221"}],"version-history":[{"count":1,"href":"https:\/\/blog.panrotas.com.br\/espaco-alagev\/wp-json\/wp\/v2\/posts\/221\/revisions"}],"predecessor-version":[{"id":222,"href":"https:\/\/blog.panrotas.com.br\/espaco-alagev\/wp-json\/wp\/v2\/posts\/221\/revisions\/222"}],"wp:attachment":[{"href":"https:\/\/blog.panrotas.com.br\/espaco-alagev\/wp-json\/wp\/v2\/media?parent=221"}],"wp:term":[{"taxonomy":"category","embeddable":true,"href":"https:\/\/blog.panrotas.com.br\/espaco-alagev\/wp-json\/wp\/v2\/categories?post=221"},{"taxonomy":"post_tag","embeddable":true,"href":"https:\/\/blog.panrotas.com.br\/espaco-alagev\/wp-json\/wp\/v2\/tags?post=221"}],"curies":[{"name":"wp","href":"https:\/\/api.w.org\/{rel}","templated":true}]}}