{"id":230,"date":"2025-04-23T12:26:58","date_gmt":"2025-04-23T15:26:58","guid":{"rendered":"https:\/\/blog.panrotas.com.br\/espaco-alagev\/?p=230"},"modified":"2025-04-23T12:27:01","modified_gmt":"2025-04-23T15:27:01","slug":"o-lixo-e-de-cada-um-e-a-responsabilidade-tambem","status":"publish","type":"post","link":"https:\/\/blog.panrotas.com.br\/espaco-alagev\/2025\/04\/23\/o-lixo-e-de-cada-um-e-a-responsabilidade-tambem\/","title":{"rendered":"O lixo \u00e9 de cada um \u2013 e a responsabilidade tamb\u00e9m"},"content":{"rendered":"\n<p>Na \u00faltima semana, participei do evento de celebra\u00e7\u00e3o dos 130 anos da assinatura do Tratado de Amizade, Com\u00e9rcio e Navega\u00e7\u00e3o entre Brasil e Jap\u00e3o, realizado no Blue Tree Premium Faria Lima. Entre falas emocionantes e encontros significativos, uma frase dita logo na abertura da palestra da jornalista Taiga Gomes ficou em meus pensamentos at\u00e9 agora: <em>\u201cO lixo \u00e9 de cada um.\u201d<\/em><\/p>\n\n\n\n<div class=\"wp-block-image\"><figure class=\"aligncenter size-large is-resized\"><img loading=\"lazy\" src=\"http:\/\/blog.panrotas.com.br\/espaco-alagev\/wp-content\/uploads\/sites\/17\/2025\/04\/3.png\" alt=\"\" class=\"wp-image-233\" width=\"516\" height=\"291\" srcset=\"https:\/\/blog.panrotas.com.br\/espaco-alagev\/wp-content\/uploads\/sites\/17\/2025\/04\/3.png 1000w, https:\/\/blog.panrotas.com.br\/espaco-alagev\/wp-content\/uploads\/sites\/17\/2025\/04\/3-300x169.png 300w, https:\/\/blog.panrotas.com.br\/espaco-alagev\/wp-content\/uploads\/sites\/17\/2025\/04\/3-768x432.png 768w, https:\/\/blog.panrotas.com.br\/espaco-alagev\/wp-content\/uploads\/sites\/17\/2025\/04\/3-740x417.png 740w\" sizes=\"(max-width: 516px) 100vw, 516px\" \/><figcaption>Luana Nogueira, diretora-executiva da Alagev, no Blue Tree Premium Faria Lima<\/figcaption><\/figure><\/div>\n\n\n\n<p>Pode parecer algo simples e at\u00e9 \u00f3bvio, mas o significado dessa m\u00e1xima japonesa vai muito al\u00e9m do que est\u00e1 \u00e0 vista. Ela representa um pilar profundo da cultura nip\u00f4nica: a consci\u00eancia coletiva. L\u00e1, o lixo \u00e9 realmente responsabilidade de quem o gera. N\u00e3o h\u00e1 lixeiras p\u00fablicas em cada esquina, e ainda assim as ruas s\u00e3o impecavelmente limpas. Por qu\u00ea? Porque h\u00e1 uma consci\u00eancia real de que aquilo que eu fa\u00e7o, mesmo que seja pequeno ou pessoal, reverbera no coletivo.<\/p>\n\n\n\n<p>E foi inevit\u00e1vel fazer o contraponto com o nosso ambiente corporativo. O quanto somos, de fato, respons\u00e1veis pelo que deixamos no \u201ccaminho\u201d considerando ideias, palavras e comportamentos? O quanto cuidamos para que nossas atitudes n\u00e3o invadam ou prejudiquem o espa\u00e7o do outro? Vivemos um tempo em que opini\u00f5es s\u00e3o, muitas vezes, \u201cjogadas\u201d sem filtro, sem escuta, sem perceber o outro. Uma superficialidade que, infelizmente, tem tomado conta de muitas rela\u00e7\u00f5es no ambiente de trabalho.<\/p>\n\n\n\n<p>O Jap\u00e3o nos convida, com sua maturidade milenar, a repensar essa l\u00f3gica. A coletividade l\u00e1 n\u00e3o anula o indiv\u00edduo, mas fortalece uma conviv\u00eancia harmoniosa. Ser parte de uma comunidade \u2014 seja de uma rua, uma empresa, uma equipe \u2014 significa agir com respeito, olhar ao redor e, sobretudo, pensar antes de agir. \u00c9 um \u201cser indiv\u00edduo\u201d que n\u00e3o atravessa ou extravasa o outro.<\/p>\n\n\n\n<div class=\"wp-block-image\"><figure class=\"aligncenter size-large is-resized\"><img loading=\"lazy\" src=\"http:\/\/blog.panrotas.com.br\/espaco-alagev\/wp-content\/uploads\/sites\/17\/2025\/04\/1.png\" alt=\"\" class=\"wp-image-231\" width=\"561\" height=\"311\" srcset=\"https:\/\/blog.panrotas.com.br\/espaco-alagev\/wp-content\/uploads\/sites\/17\/2025\/04\/1.png 1000w, https:\/\/blog.panrotas.com.br\/espaco-alagev\/wp-content\/uploads\/sites\/17\/2025\/04\/1-300x167.png 300w, https:\/\/blog.panrotas.com.br\/espaco-alagev\/wp-content\/uploads\/sites\/17\/2025\/04\/1-768x427.png 768w, https:\/\/blog.panrotas.com.br\/espaco-alagev\/wp-content\/uploads\/sites\/17\/2025\/04\/1-740x411.png 740w\" sizes=\"(max-width: 561px) 100vw, 561px\" \/><figcaption>Taiga Corr\u00eaa Gomes, jornalista<\/figcaption><\/figure><\/div>\n\n\n\n<p>Enquanto cultura ainda jovem que somos, talvez nos falte esse freio. Temos \u00edmpeto, criatividade, agilidade \u2014 e isso \u00e9 incr\u00edvel. Mas a maturidade e sensibilidade tamb\u00e9m se constroem com pausa, escuta e consci\u00eancia. E o turismo corporativo, setor no qual atuamos diariamente, \u00e9 um terreno f\u00e9rtil para esse aprendizado e equil\u00edbrio. \u00c9 nas viagens, nos encontros, nos eventos, que temos a chance de nos conectar com diferentes culturas, ampliar nossa vis\u00e3o e refletir sobre o tipo de sociedade e de empresas que queremos construir.<\/p>\n\n\n\n<p>O encontro trouxe isso de maneira muito sutil e profunda. Por meio das experi\u00eancias compartilhadas por Taiga e Chieko Aoki, presidente da Blue Tree Hotels, sa\u00edmos todos tocados por uma cultura que entende o coletivo como extens\u00e3o do eu e que cuida do ambiente, do outro, do tempo e das palavras. Que sabe que o lixo \u00e9 de cada um e que a responsabilidade tamb\u00e9m \u00e9.<\/p>\n\n\n\n<div class=\"wp-block-image\"><figure class=\"aligncenter size-large is-resized\"><img loading=\"lazy\" src=\"http:\/\/blog.panrotas.com.br\/espaco-alagev\/wp-content\/uploads\/sites\/17\/2025\/04\/2.png\" alt=\"\" class=\"wp-image-232\" width=\"-86\" height=\"-54\" srcset=\"https:\/\/blog.panrotas.com.br\/espaco-alagev\/wp-content\/uploads\/sites\/17\/2025\/04\/2.png 675w, https:\/\/blog.panrotas.com.br\/espaco-alagev\/wp-content\/uploads\/sites\/17\/2025\/04\/2-300x189.png 300w\" sizes=\"(max-width: 675px) 100vw, 675px\" \/><figcaption>Luana Nogueira, diretora-executiva da Alagev, e Chieko Aoki, presidente da Blue Tree Hotels<\/figcaption><\/figure><\/div>\n\n\n\n<p>Quando analiso o senso de grupo, n\u00e3o posso deixar de fazer um paralelo com o que vivemos na Alagev. J\u00e1 somos centenas de participantes atuando em 17 comunidades que discutem temas relevantes, compartilham boas pr\u00e1ticas e refletem sobre novos comportamentos para o nosso mercado. Cada comunidade \u2014 como Avia\u00e7\u00e3o (CA), Ag\u00eancias de Viagens (CAC), Hotelaria (CH), Mobilidade (CMOB), Tecnologia (CTIE, CTIV) e tantas outras \u2014 \u00e9 uma oportunidade valiosa de conex\u00e3o com quem vive realidades semelhantes, enfrenta os mesmos desafios e busca caminhos para solu\u00e7\u00f5es, evolu\u00e7\u00e3o empresarial e, acima de tudo, desenvolvimento.<\/p>\n\n\n\n<p>Esses espa\u00e7os nos mostram, na pr\u00e1tica, que crescer junto \u00e9 sempre mais potente do que sozinho. E que a consci\u00eancia de contribuir com o coletivo \u2014 seja com ideias, iniciativas ou a\u00e7\u00f5es concretas \u2014 \u00e9 parte fundamental da constru\u00e7\u00e3o de um mercado mais \u00e9tico, eficiente e humano.<\/p>\n\n\n\n<p>Fica ent\u00e3o o convite: o que voc\u00ea tem deixado pelo caminho no seu ambiente de trabalho? O que voc\u00ea pode recolher? Como sua individualidade pode somar e n\u00e3o sobrepor ao coletivo?<\/p>\n\n\n\n<p>Essas s\u00e3o perguntas que, mais do que respostas prontas, merecem ser carregadas conosco, como forma de amadurecimento pessoal e profissional. Porque, no fim, a mudan\u00e7a come\u00e7a dentro. E, sim: o lixo tamb\u00e9m.<\/p>\n\n\n\n<p><strong><em>*Luana Nogueira, diretora-executiva da Alagev<\/em><\/strong><\/p>\n","protected":false},"excerpt":{"rendered":"<p>Na \u00faltima semana, participei do evento de celebra\u00e7\u00e3o dos 130 anos da assinatura do Tratado de Amizade, Com\u00e9rcio e Navega\u00e7\u00e3o entre Brasil e Jap\u00e3o, realizado no Blue Tree Premium Faria Lima. Entre falas emocionantes e encontros significativos, uma frase dita logo na abertura da palestra da jornalista Taiga Gomes ficou em meus pensamentos at\u00e9 agora:&hellip; <a class=\"more-link\" href=\"https:\/\/blog.panrotas.com.br\/espaco-alagev\/2025\/04\/23\/o-lixo-e-de-cada-um-e-a-responsabilidade-tambem\/\">Continue reading &rarr;<\/a><\/p>\n","protected":false},"author":29,"featured_media":0,"comment_status":"open","ping_status":"open","sticky":false,"template":"","format":"standard","meta":{"spay_email":""},"categories":[2],"tags":[],"yoast_head":"<!-- This site is optimized with the Yoast SEO plugin v17.3 - https:\/\/yoast.com\/wordpress\/plugins\/seo\/ -->\n<title>O lixo \u00e9 de cada um \u2013 e a responsabilidade tamb\u00e9m - Espa\u00e7o Alagev<\/title>\n<meta name=\"robots\" content=\"index, follow, max-snippet:-1, max-image-preview:large, max-video-preview:-1\" \/>\n<link rel=\"canonical\" href=\"https:\/\/blog.panrotas.com.br\/espaco-alagev\/2025\/04\/23\/o-lixo-e-de-cada-um-e-a-responsabilidade-tambem\/\" \/>\n<meta property=\"og:locale\" content=\"pt_BR\" \/>\n<meta property=\"og:type\" content=\"article\" \/>\n<meta property=\"og:title\" content=\"O lixo \u00e9 de cada um \u2013 e a responsabilidade tamb\u00e9m - Espa\u00e7o Alagev\" \/>\n<meta property=\"og:description\" content=\"Na \u00faltima semana, participei do evento de celebra\u00e7\u00e3o dos 130 anos da assinatura do Tratado de Amizade, Com\u00e9rcio e Navega\u00e7\u00e3o entre Brasil e Jap\u00e3o, realizado no Blue Tree Premium Faria Lima. Entre falas emocionantes e encontros significativos, uma frase dita logo na abertura da palestra da jornalista Taiga Gomes ficou em meus pensamentos at\u00e9 agora:&hellip; Continue reading &rarr;\" \/>\n<meta property=\"og:url\" content=\"https:\/\/blog.panrotas.com.br\/espaco-alagev\/2025\/04\/23\/o-lixo-e-de-cada-um-e-a-responsabilidade-tambem\/\" \/>\n<meta property=\"og:site_name\" content=\"Espa\u00e7o Alagev\" \/>\n<meta property=\"article:published_time\" content=\"2025-04-23T15:26:58+00:00\" \/>\n<meta property=\"article:modified_time\" content=\"2025-04-23T15:27:01+00:00\" \/>\n<meta property=\"og:image\" content=\"http:\/\/blog.panrotas.com.br\/espaco-alagev\/wp-content\/uploads\/sites\/17\/2025\/04\/3.png\" \/>\n<meta name=\"twitter:card\" content=\"summary_large_image\" \/>\n<meta name=\"twitter:label1\" content=\"Escrito por\" \/>\n\t<meta name=\"twitter:data1\" content=\"ALAGEV\" \/>\n\t<meta name=\"twitter:label2\" content=\"Est. tempo de leitura\" \/>\n\t<meta name=\"twitter:data2\" content=\"4 minutos\" \/>\n<script type=\"application\/ld+json\" class=\"yoast-schema-graph\">{\"@context\":\"https:\/\/schema.org\",\"@graph\":[{\"@type\":\"WebSite\",\"@id\":\"https:\/\/blog.panrotas.com.br\/espaco-alagev\/#website\",\"url\":\"https:\/\/blog.panrotas.com.br\/espaco-alagev\/\",\"name\":\"Espa\\u00e7o Alagev\",\"description\":\"\",\"potentialAction\":[{\"@type\":\"SearchAction\",\"target\":{\"@type\":\"EntryPoint\",\"urlTemplate\":\"https:\/\/blog.panrotas.com.br\/espaco-alagev\/?s={search_term_string}\"},\"query-input\":\"required name=search_term_string\"}],\"inLanguage\":\"pt-BR\"},{\"@type\":\"ImageObject\",\"@id\":\"https:\/\/blog.panrotas.com.br\/espaco-alagev\/2025\/04\/23\/o-lixo-e-de-cada-um-e-a-responsabilidade-tambem\/#primaryimage\",\"inLanguage\":\"pt-BR\",\"url\":\"http:\/\/blog.panrotas.com.br\/espaco-alagev\/wp-content\/uploads\/sites\/17\/2025\/04\/3.png\",\"contentUrl\":\"http:\/\/blog.panrotas.com.br\/espaco-alagev\/wp-content\/uploads\/sites\/17\/2025\/04\/3.png\"},{\"@type\":\"WebPage\",\"@id\":\"https:\/\/blog.panrotas.com.br\/espaco-alagev\/2025\/04\/23\/o-lixo-e-de-cada-um-e-a-responsabilidade-tambem\/#webpage\",\"url\":\"https:\/\/blog.panrotas.com.br\/espaco-alagev\/2025\/04\/23\/o-lixo-e-de-cada-um-e-a-responsabilidade-tambem\/\",\"name\":\"O lixo \\u00e9 de cada um \\u2013 e a responsabilidade tamb\\u00e9m - Espa\\u00e7o Alagev\",\"isPartOf\":{\"@id\":\"https:\/\/blog.panrotas.com.br\/espaco-alagev\/#website\"},\"primaryImageOfPage\":{\"@id\":\"https:\/\/blog.panrotas.com.br\/espaco-alagev\/2025\/04\/23\/o-lixo-e-de-cada-um-e-a-responsabilidade-tambem\/#primaryimage\"},\"datePublished\":\"2025-04-23T15:26:58+00:00\",\"dateModified\":\"2025-04-23T15:27:01+00:00\",\"author\":{\"@id\":\"https:\/\/blog.panrotas.com.br\/espaco-alagev\/#\/schema\/person\/f6435745ab947a8034c5258d3a131459\"},\"breadcrumb\":{\"@id\":\"https:\/\/blog.panrotas.com.br\/espaco-alagev\/2025\/04\/23\/o-lixo-e-de-cada-um-e-a-responsabilidade-tambem\/#breadcrumb\"},\"inLanguage\":\"pt-BR\",\"potentialAction\":[{\"@type\":\"ReadAction\",\"target\":[\"https:\/\/blog.panrotas.com.br\/espaco-alagev\/2025\/04\/23\/o-lixo-e-de-cada-um-e-a-responsabilidade-tambem\/\"]}]},{\"@type\":\"BreadcrumbList\",\"@id\":\"https:\/\/blog.panrotas.com.br\/espaco-alagev\/2025\/04\/23\/o-lixo-e-de-cada-um-e-a-responsabilidade-tambem\/#breadcrumb\",\"itemListElement\":[{\"@type\":\"ListItem\",\"position\":1,\"name\":\"In\\u00edcio\",\"item\":\"https:\/\/blog.panrotas.com.br\/espaco-alagev\/\"},{\"@type\":\"ListItem\",\"position\":2,\"name\":\"O lixo \\u00e9 de cada um \\u2013 e a responsabilidade tamb\\u00e9m\"}]},{\"@type\":\"Person\",\"@id\":\"https:\/\/blog.panrotas.com.br\/espaco-alagev\/#\/schema\/person\/f6435745ab947a8034c5258d3a131459\",\"name\":\"ALAGEV\",\"image\":{\"@type\":\"ImageObject\",\"@id\":\"https:\/\/blog.panrotas.com.br\/espaco-alagev\/#personlogo\",\"inLanguage\":\"pt-BR\",\"url\":\"https:\/\/secure.gravatar.com\/avatar\/aecafa8de667ce8cf6c47c6052cfe716?s=96&d=mm&r=g\",\"contentUrl\":\"https:\/\/secure.gravatar.com\/avatar\/aecafa8de667ce8cf6c47c6052cfe716?s=96&d=mm&r=g\",\"caption\":\"ALAGEV\"},\"description\":\"Juliana Patti - Graduada pela Universidade Paulista e p\\u00f3s-graduada em Marketing e Turismo Mercadol\\u00f3gico pela Universidade de S\\u00e3o Paulo (USP), a nova diretora presidente da ALAGEV possui mais de 10 anos de experi\\u00eancia na \\u00e1rea de viagens e eventos, liderando diversos projetos corporativos e de marketing.\",\"sameAs\":[\"http:\/\/www.alagev.org\"],\"url\":\"https:\/\/blog.panrotas.com.br\/espaco-alagev\/author\/gustavoalagev\/\"}]}<\/script>\n<!-- \/ Yoast SEO plugin. -->","yoast_head_json":{"title":"O lixo \u00e9 de cada um \u2013 e a responsabilidade tamb\u00e9m - Espa\u00e7o Alagev","robots":{"index":"index","follow":"follow","max-snippet":"max-snippet:-1","max-image-preview":"max-image-preview:large","max-video-preview":"max-video-preview:-1"},"canonical":"https:\/\/blog.panrotas.com.br\/espaco-alagev\/2025\/04\/23\/o-lixo-e-de-cada-um-e-a-responsabilidade-tambem\/","og_locale":"pt_BR","og_type":"article","og_title":"O lixo \u00e9 de cada um \u2013 e a responsabilidade tamb\u00e9m - Espa\u00e7o Alagev","og_description":"Na \u00faltima semana, participei do evento de celebra\u00e7\u00e3o dos 130 anos da assinatura do Tratado de Amizade, Com\u00e9rcio e Navega\u00e7\u00e3o entre Brasil e Jap\u00e3o, realizado no Blue Tree Premium Faria Lima. Entre falas emocionantes e encontros significativos, uma frase dita logo na abertura da palestra da jornalista Taiga Gomes ficou em meus pensamentos at\u00e9 agora:&hellip; Continue reading &rarr;","og_url":"https:\/\/blog.panrotas.com.br\/espaco-alagev\/2025\/04\/23\/o-lixo-e-de-cada-um-e-a-responsabilidade-tambem\/","og_site_name":"Espa\u00e7o Alagev","article_published_time":"2025-04-23T15:26:58+00:00","article_modified_time":"2025-04-23T15:27:01+00:00","og_image":[{"url":"http:\/\/blog.panrotas.com.br\/espaco-alagev\/wp-content\/uploads\/sites\/17\/2025\/04\/3.png"}],"twitter_card":"summary_large_image","twitter_misc":{"Escrito por":"ALAGEV","Est. tempo de leitura":"4 minutos"},"schema":{"@context":"https:\/\/schema.org","@graph":[{"@type":"WebSite","@id":"https:\/\/blog.panrotas.com.br\/espaco-alagev\/#website","url":"https:\/\/blog.panrotas.com.br\/espaco-alagev\/","name":"Espa\u00e7o Alagev","description":"","potentialAction":[{"@type":"SearchAction","target":{"@type":"EntryPoint","urlTemplate":"https:\/\/blog.panrotas.com.br\/espaco-alagev\/?s={search_term_string}"},"query-input":"required name=search_term_string"}],"inLanguage":"pt-BR"},{"@type":"ImageObject","@id":"https:\/\/blog.panrotas.com.br\/espaco-alagev\/2025\/04\/23\/o-lixo-e-de-cada-um-e-a-responsabilidade-tambem\/#primaryimage","inLanguage":"pt-BR","url":"http:\/\/blog.panrotas.com.br\/espaco-alagev\/wp-content\/uploads\/sites\/17\/2025\/04\/3.png","contentUrl":"http:\/\/blog.panrotas.com.br\/espaco-alagev\/wp-content\/uploads\/sites\/17\/2025\/04\/3.png"},{"@type":"WebPage","@id":"https:\/\/blog.panrotas.com.br\/espaco-alagev\/2025\/04\/23\/o-lixo-e-de-cada-um-e-a-responsabilidade-tambem\/#webpage","url":"https:\/\/blog.panrotas.com.br\/espaco-alagev\/2025\/04\/23\/o-lixo-e-de-cada-um-e-a-responsabilidade-tambem\/","name":"O lixo \u00e9 de cada um \u2013 e a responsabilidade tamb\u00e9m - Espa\u00e7o Alagev","isPartOf":{"@id":"https:\/\/blog.panrotas.com.br\/espaco-alagev\/#website"},"primaryImageOfPage":{"@id":"https:\/\/blog.panrotas.com.br\/espaco-alagev\/2025\/04\/23\/o-lixo-e-de-cada-um-e-a-responsabilidade-tambem\/#primaryimage"},"datePublished":"2025-04-23T15:26:58+00:00","dateModified":"2025-04-23T15:27:01+00:00","author":{"@id":"https:\/\/blog.panrotas.com.br\/espaco-alagev\/#\/schema\/person\/f6435745ab947a8034c5258d3a131459"},"breadcrumb":{"@id":"https:\/\/blog.panrotas.com.br\/espaco-alagev\/2025\/04\/23\/o-lixo-e-de-cada-um-e-a-responsabilidade-tambem\/#breadcrumb"},"inLanguage":"pt-BR","potentialAction":[{"@type":"ReadAction","target":["https:\/\/blog.panrotas.com.br\/espaco-alagev\/2025\/04\/23\/o-lixo-e-de-cada-um-e-a-responsabilidade-tambem\/"]}]},{"@type":"BreadcrumbList","@id":"https:\/\/blog.panrotas.com.br\/espaco-alagev\/2025\/04\/23\/o-lixo-e-de-cada-um-e-a-responsabilidade-tambem\/#breadcrumb","itemListElement":[{"@type":"ListItem","position":1,"name":"In\u00edcio","item":"https:\/\/blog.panrotas.com.br\/espaco-alagev\/"},{"@type":"ListItem","position":2,"name":"O lixo \u00e9 de cada um \u2013 e a responsabilidade tamb\u00e9m"}]},{"@type":"Person","@id":"https:\/\/blog.panrotas.com.br\/espaco-alagev\/#\/schema\/person\/f6435745ab947a8034c5258d3a131459","name":"ALAGEV","image":{"@type":"ImageObject","@id":"https:\/\/blog.panrotas.com.br\/espaco-alagev\/#personlogo","inLanguage":"pt-BR","url":"https:\/\/secure.gravatar.com\/avatar\/aecafa8de667ce8cf6c47c6052cfe716?s=96&d=mm&r=g","contentUrl":"https:\/\/secure.gravatar.com\/avatar\/aecafa8de667ce8cf6c47c6052cfe716?s=96&d=mm&r=g","caption":"ALAGEV"},"description":"Juliana Patti - Graduada pela Universidade Paulista e p\u00f3s-graduada em Marketing e Turismo Mercadol\u00f3gico pela Universidade de S\u00e3o Paulo (USP), a nova diretora presidente da ALAGEV possui mais de 10 anos de experi\u00eancia na \u00e1rea de viagens e eventos, liderando diversos projetos corporativos e de marketing.","sameAs":["http:\/\/www.alagev.org"],"url":"https:\/\/blog.panrotas.com.br\/espaco-alagev\/author\/gustavoalagev\/"}]}},"jetpack_featured_media_url":"","_links":{"self":[{"href":"https:\/\/blog.panrotas.com.br\/espaco-alagev\/wp-json\/wp\/v2\/posts\/230"}],"collection":[{"href":"https:\/\/blog.panrotas.com.br\/espaco-alagev\/wp-json\/wp\/v2\/posts"}],"about":[{"href":"https:\/\/blog.panrotas.com.br\/espaco-alagev\/wp-json\/wp\/v2\/types\/post"}],"author":[{"embeddable":true,"href":"https:\/\/blog.panrotas.com.br\/espaco-alagev\/wp-json\/wp\/v2\/users\/29"}],"replies":[{"embeddable":true,"href":"https:\/\/blog.panrotas.com.br\/espaco-alagev\/wp-json\/wp\/v2\/comments?post=230"}],"version-history":[{"count":2,"href":"https:\/\/blog.panrotas.com.br\/espaco-alagev\/wp-json\/wp\/v2\/posts\/230\/revisions"}],"predecessor-version":[{"id":235,"href":"https:\/\/blog.panrotas.com.br\/espaco-alagev\/wp-json\/wp\/v2\/posts\/230\/revisions\/235"}],"wp:attachment":[{"href":"https:\/\/blog.panrotas.com.br\/espaco-alagev\/wp-json\/wp\/v2\/media?parent=230"}],"wp:term":[{"taxonomy":"category","embeddable":true,"href":"https:\/\/blog.panrotas.com.br\/espaco-alagev\/wp-json\/wp\/v2\/categories?post=230"},{"taxonomy":"post_tag","embeddable":true,"href":"https:\/\/blog.panrotas.com.br\/espaco-alagev\/wp-json\/wp\/v2\/tags?post=230"}],"curies":[{"name":"wp","href":"https:\/\/api.w.org\/{rel}","templated":true}]}}