{"id":236,"date":"2025-04-29T11:25:27","date_gmt":"2025-04-29T14:25:27","guid":{"rendered":"https:\/\/blog.panrotas.com.br\/espaco-alagev\/?p=236"},"modified":"2025-04-29T11:25:29","modified_gmt":"2025-04-29T14:25:29","slug":"entre-esg-ia-e-reforma-tributaria-o-que-vem-pela-frente-para-as-viagens-de-negocios","status":"publish","type":"post","link":"https:\/\/blog.panrotas.com.br\/espaco-alagev\/2025\/04\/29\/entre-esg-ia-e-reforma-tributaria-o-que-vem-pela-frente-para-as-viagens-de-negocios\/","title":{"rendered":"Entre ESG, IA e Reforma Tribut\u00e1ria: o que vem pela frente para as viagens de neg\u00f3cios"},"content":{"rendered":"\n<p>O ano de 2024 marcou um ponto de inflex\u00e3o para o mercado de viagens corporativas no Brasil e na Am\u00e9rica Latina. Depois de anos de incertezas, adapta\u00e7\u00e3o tecnol\u00f3gica e restri\u00e7\u00f5es impostas pela pandemia, o segmento finalmente reencontrou seu ritmo e o LACTE 20, promovido pela Alagev, foi o palco ideal para refletir sobre essa retomada e olhar com maturidade para o que vem pela frente.<\/p>\n\n\n\n<p>Durante o painel \u201cVis\u00e3o dos CEOs: perspectivas e tend\u00eancias para a Am\u00e9rica Latina no setor de eventos e viagens corporativas\u201d, que alcan\u00e7ou 9,97 de aprova\u00e7\u00e3o entre os participantes do evento, lideran\u00e7as de mobilidade, hospitalidade, transporte a\u00e9reo, tecnologia e gest\u00e3o de viagens compartilharam suas vis\u00f5es sobre os fatores que moldam o presente e futuro do nosso ecossistema.<\/p>\n\n\n\n<p>O debate contou com a participa\u00e7\u00e3o de Alexandre Castro, CEO da Kontik Business Travel e Inovents; Igor Tobias, managing director da MCI Am\u00e9rica Latina; Jerome Cadier, CEO Latam Brasil; Marcelo Linhares, CEO e cofundador da Onfly; Renan Alves, country manager da Uber para empresas; e Vanessa Martins, diretora da \u00e1rea Brasil do Marriott International; com media\u00e7\u00e3o da jornalista Natuza Nery.<\/p>\n\n\n\n<p><strong>As empresas est\u00e3o viajando mais e crescendo com isso<\/strong><strong><br><\/strong>Um dos pontos mais relevantes discutidos foi a clara correla\u00e7\u00e3o entre o crescimento das viagens corporativas e o desempenho financeiro das empresas. A an\u00e1lise de organiza\u00e7\u00f5es listadas em bolsa de valores revelou que aquelas que ampliaram o volume de viagens tamb\u00e9m apresentaram aumento na receita (top-line).<\/p>\n\n\n\n<p>No contexto das viagens corporativas, isso n\u00e3o \u00e9 coincid\u00eancia. A mobilidade de colaboradores tem prop\u00f3sitos estrat\u00e9gicos: aumentar receita, reter clientes e abrir novos neg\u00f3cios. Como foi bem colocado em pauta, uma viagem de trabalho tem um objetivo: trazer dinheiro ou evitar que ele v\u00e1 embora.<\/p>\n\n\n\n<p>Esse dado ganha ainda mais relev\u00e2ncia quando cruzamos com os n\u00fameros do Levantamento de Viagens Corporativas (LVC), feito pela FecomercioSP em parceria com a Alagev. A pesquisa revelou que o segmento atingiu um recorde de R$ 131 bilh\u00f5es em despesas em 2024, um aumento de 5,5% em rela\u00e7\u00e3o ao ano anterior.&nbsp;&nbsp;<\/p>\n\n\n\n<p>O estudo tamb\u00e9m mostrou um pico de R$ 11,6 bilh\u00f5es em fevereiro de 2025, alta de 7% em rela\u00e7\u00e3o ao mesmo per\u00edodo do ano anterior. Isso mostra que, mesmo diante de um cen\u00e1rio econ\u00f4mico desafiador, as marcas seguem apostando nas conex\u00f5es presenciais para gerar resultados consistentes.<\/p>\n\n\n\n<p><strong>Tecnologia, ESG e Reforma Tribut\u00e1ria: prioridades para os pr\u00f3ximos passos<\/strong><strong><br><\/strong>As empresas est\u00e3o cada vez mais pressionadas a lidar com tr\u00eas grandes frentes ao mesmo tempo: efici\u00eancia operacional, responsabilidade socioambiental (ESG) e transforma\u00e7\u00e3o digital.<\/p>\n\n\n\n<p>A Intelig\u00eancia Artificial (IA) \u00e9 hoje uma aliada indispens\u00e1vel para os gestores de viagens. A necessidade de customiza\u00e7\u00e3o, controle de custos e agilidade operacional est\u00e1 levando o mercado a investir em tecnologias preditivas e plataformas mais inteligentes. No entanto, ainda \u00e9 o profissional quem est\u00e1 \u201cna ponta\u201d, lidando com expectativas crescentes e or\u00e7amentos muitas vezes apertados. A IA precisa estar a servi\u00e7o das pessoas e n\u00e3o o contr\u00e1rio.<\/p>\n\n\n\n<p>Como foi abordado no evento, a Reforma Tribut\u00e1ria, por sua vez, surge como uma grande inc\u00f3gnita. O novo modelo de tributa\u00e7\u00e3o pode afetar diretamente a previsibilidade de custos no setor. A transpar\u00eancia nas regras, a simplicidade na aplica\u00e7\u00e3o e a seguran\u00e7a jur\u00eddica ser\u00e3o fundamentais para que as organiza\u00e7\u00f5es mantenham seus planos de expans\u00e3o.<\/p>\n\n\n\n<p>No campo do ESG, vai al\u00e9m dos compromissos ambientais. A sustentabilidade hoje tamb\u00e9m \u00e9 sobre acessibilidade, diversidade, inclus\u00e3o e o impacto positivo das empresas nos territ\u00f3rios onde atuam.&nbsp;<\/p>\n\n\n\n<p>E, claro, a 30\u00aa Confer\u00eancia das Na\u00e7\u00f5es Unidas sobre Mudan\u00e7a do Clima (COP30), que ser\u00e1 realizada em Bel\u00e9m, ser\u00e1 catalisador de investimentos em conectividade a\u00e9rea e visibilidade internacional para o Brasil. Por\u00e9m, com um grande desafio de infraestrutura regional.&nbsp;<\/p>\n\n\n\n<p>Outro destaque que observei no painel foi o papel do segmento corporativo como motor de rentabilidade das companhias a\u00e9reas. O viajante a lazer escolhe pre\u00e7o; o corporativo escolhe urg\u00eancia e resultado. Isso refor\u00e7a por que \u00e9 estrat\u00e9gico manter o olhar atento sobre pol\u00edticas e negocia\u00e7\u00e3o com fornecedores.<\/p>\n\n\n\n<p><strong>O Brasil ainda precisa remover barreiras<\/strong><strong><br><\/strong>Como bem colocaram os painelistas, o turismo \u2014 corporativo ou n\u00e3o \u2014 ainda enfrenta barreiras significativas no nosso Pa\u00eds como, por exemplo, custo elevado de passagens a\u00e9reas, infraestrutura hoteleira desigual, desafios log\u00edsticos e entraves burocr\u00e1ticos como vistos e autoriza\u00e7\u00f5es. Para uma na\u00e7\u00e3o com tanto potencial, isso limita o crescimento.<\/p>\n\n\n\n<p>Se quisermos estar preparados para 2025 e os eventos globais que se aproximam (como a pr\u00f3pria COP30), precisamos trabalhar de forma integrada, envolvendo governo, setor privado, fornecedores e viajantes. O Brasil precisa estar mais conectado internamente e com o mundo.<\/p>\n\n\n\n<p><strong>Movimento \u00e9 mais do que log\u00edstica \u2014 \u00e9 estrat\u00e9gia<\/strong><strong><br><\/strong>Acredito que o LACTE 20 nos mostrou que o movimento \u00e9 uma palavra-chave para os neg\u00f3cios. Ele gera encontros, oportunidades, inova\u00e7\u00e3o e resultados. O nosso mercado n\u00e3o \u00e9 mais apenas um custo a ser gerenciado, mas uma alavanca de crescimento, reputa\u00e7\u00e3o e competitividade.<\/p>\n\n\n\n<p>A Alagev segue comprometida em fomentar esse di\u00e1logo, conectar os elos do ecossistema e impulsionar uma gest\u00e3o de viagens mais estrat\u00e9gica, inclusiva, eficiente e sustent\u00e1vel.<\/p>\n\n\n\n<p><strong><em>*Luana Nogueira, diretora-executiva da Alagev<\/em><\/strong><\/p>\n","protected":false},"excerpt":{"rendered":"<p>O ano de 2024 marcou um ponto de inflex\u00e3o para o mercado de viagens corporativas no Brasil e na Am\u00e9rica Latina. Depois de anos de incertezas, adapta\u00e7\u00e3o tecnol\u00f3gica e restri\u00e7\u00f5es impostas pela pandemia, o segmento finalmente reencontrou seu ritmo e o LACTE 20, promovido pela Alagev, foi o palco ideal para refletir sobre essa retomada&hellip; <a class=\"more-link\" href=\"https:\/\/blog.panrotas.com.br\/espaco-alagev\/2025\/04\/29\/entre-esg-ia-e-reforma-tributaria-o-que-vem-pela-frente-para-as-viagens-de-negocios\/\">Continue reading &rarr;<\/a><\/p>\n","protected":false},"author":29,"featured_media":0,"comment_status":"open","ping_status":"open","sticky":false,"template":"","format":"standard","meta":{"spay_email":""},"categories":[2],"tags":[],"yoast_head":"<!-- This site is optimized with the Yoast SEO plugin v17.3 - https:\/\/yoast.com\/wordpress\/plugins\/seo\/ -->\n<title>Entre ESG, IA e Reforma Tribut\u00e1ria: o que vem pela frente para as viagens de neg\u00f3cios - Espa\u00e7o Alagev<\/title>\n<meta name=\"robots\" content=\"index, follow, max-snippet:-1, max-image-preview:large, max-video-preview:-1\" \/>\n<link rel=\"canonical\" href=\"https:\/\/blog.panrotas.com.br\/espaco-alagev\/2025\/04\/29\/entre-esg-ia-e-reforma-tributaria-o-que-vem-pela-frente-para-as-viagens-de-negocios\/\" \/>\n<meta property=\"og:locale\" content=\"pt_BR\" \/>\n<meta property=\"og:type\" content=\"article\" \/>\n<meta property=\"og:title\" content=\"Entre ESG, IA e Reforma Tribut\u00e1ria: o que vem pela frente para as viagens de neg\u00f3cios - Espa\u00e7o Alagev\" \/>\n<meta property=\"og:description\" content=\"O ano de 2024 marcou um ponto de inflex\u00e3o para o mercado de viagens corporativas no Brasil e na Am\u00e9rica Latina. Depois de anos de incertezas, adapta\u00e7\u00e3o tecnol\u00f3gica e restri\u00e7\u00f5es impostas pela pandemia, o segmento finalmente reencontrou seu ritmo e o LACTE 20, promovido pela Alagev, foi o palco ideal para refletir sobre essa retomada&hellip; Continue reading &rarr;\" \/>\n<meta property=\"og:url\" content=\"https:\/\/blog.panrotas.com.br\/espaco-alagev\/2025\/04\/29\/entre-esg-ia-e-reforma-tributaria-o-que-vem-pela-frente-para-as-viagens-de-negocios\/\" \/>\n<meta property=\"og:site_name\" content=\"Espa\u00e7o Alagev\" \/>\n<meta property=\"article:published_time\" content=\"2025-04-29T14:25:27+00:00\" \/>\n<meta property=\"article:modified_time\" content=\"2025-04-29T14:25:29+00:00\" \/>\n<meta name=\"twitter:card\" content=\"summary_large_image\" \/>\n<meta name=\"twitter:label1\" content=\"Escrito por\" \/>\n\t<meta name=\"twitter:data1\" content=\"ALAGEV\" \/>\n\t<meta name=\"twitter:label2\" content=\"Est. tempo de leitura\" \/>\n\t<meta name=\"twitter:data2\" content=\"4 minutos\" \/>\n<script type=\"application\/ld+json\" class=\"yoast-schema-graph\">{\"@context\":\"https:\/\/schema.org\",\"@graph\":[{\"@type\":\"WebSite\",\"@id\":\"https:\/\/blog.panrotas.com.br\/espaco-alagev\/#website\",\"url\":\"https:\/\/blog.panrotas.com.br\/espaco-alagev\/\",\"name\":\"Espa\\u00e7o Alagev\",\"description\":\"\",\"potentialAction\":[{\"@type\":\"SearchAction\",\"target\":{\"@type\":\"EntryPoint\",\"urlTemplate\":\"https:\/\/blog.panrotas.com.br\/espaco-alagev\/?s={search_term_string}\"},\"query-input\":\"required name=search_term_string\"}],\"inLanguage\":\"pt-BR\"},{\"@type\":\"WebPage\",\"@id\":\"https:\/\/blog.panrotas.com.br\/espaco-alagev\/2025\/04\/29\/entre-esg-ia-e-reforma-tributaria-o-que-vem-pela-frente-para-as-viagens-de-negocios\/#webpage\",\"url\":\"https:\/\/blog.panrotas.com.br\/espaco-alagev\/2025\/04\/29\/entre-esg-ia-e-reforma-tributaria-o-que-vem-pela-frente-para-as-viagens-de-negocios\/\",\"name\":\"Entre ESG, IA e Reforma Tribut\\u00e1ria: o que vem pela frente para as viagens de neg\\u00f3cios - Espa\\u00e7o Alagev\",\"isPartOf\":{\"@id\":\"https:\/\/blog.panrotas.com.br\/espaco-alagev\/#website\"},\"datePublished\":\"2025-04-29T14:25:27+00:00\",\"dateModified\":\"2025-04-29T14:25:29+00:00\",\"author\":{\"@id\":\"https:\/\/blog.panrotas.com.br\/espaco-alagev\/#\/schema\/person\/f6435745ab947a8034c5258d3a131459\"},\"breadcrumb\":{\"@id\":\"https:\/\/blog.panrotas.com.br\/espaco-alagev\/2025\/04\/29\/entre-esg-ia-e-reforma-tributaria-o-que-vem-pela-frente-para-as-viagens-de-negocios\/#breadcrumb\"},\"inLanguage\":\"pt-BR\",\"potentialAction\":[{\"@type\":\"ReadAction\",\"target\":[\"https:\/\/blog.panrotas.com.br\/espaco-alagev\/2025\/04\/29\/entre-esg-ia-e-reforma-tributaria-o-que-vem-pela-frente-para-as-viagens-de-negocios\/\"]}]},{\"@type\":\"BreadcrumbList\",\"@id\":\"https:\/\/blog.panrotas.com.br\/espaco-alagev\/2025\/04\/29\/entre-esg-ia-e-reforma-tributaria-o-que-vem-pela-frente-para-as-viagens-de-negocios\/#breadcrumb\",\"itemListElement\":[{\"@type\":\"ListItem\",\"position\":1,\"name\":\"In\\u00edcio\",\"item\":\"https:\/\/blog.panrotas.com.br\/espaco-alagev\/\"},{\"@type\":\"ListItem\",\"position\":2,\"name\":\"Entre ESG, IA e Reforma Tribut\\u00e1ria: o que vem pela frente para as viagens de neg\\u00f3cios\"}]},{\"@type\":\"Person\",\"@id\":\"https:\/\/blog.panrotas.com.br\/espaco-alagev\/#\/schema\/person\/f6435745ab947a8034c5258d3a131459\",\"name\":\"ALAGEV\",\"image\":{\"@type\":\"ImageObject\",\"@id\":\"https:\/\/blog.panrotas.com.br\/espaco-alagev\/#personlogo\",\"inLanguage\":\"pt-BR\",\"url\":\"https:\/\/secure.gravatar.com\/avatar\/aecafa8de667ce8cf6c47c6052cfe716?s=96&d=mm&r=g\",\"contentUrl\":\"https:\/\/secure.gravatar.com\/avatar\/aecafa8de667ce8cf6c47c6052cfe716?s=96&d=mm&r=g\",\"caption\":\"ALAGEV\"},\"description\":\"Juliana Patti - Graduada pela Universidade Paulista e p\\u00f3s-graduada em Marketing e Turismo Mercadol\\u00f3gico pela Universidade de S\\u00e3o Paulo (USP), a nova diretora presidente da ALAGEV possui mais de 10 anos de experi\\u00eancia na \\u00e1rea de viagens e eventos, liderando diversos projetos corporativos e de marketing.\",\"sameAs\":[\"http:\/\/www.alagev.org\"],\"url\":\"https:\/\/blog.panrotas.com.br\/espaco-alagev\/author\/gustavoalagev\/\"}]}<\/script>\n<!-- \/ Yoast SEO plugin. -->","yoast_head_json":{"title":"Entre ESG, IA e Reforma Tribut\u00e1ria: o que vem pela frente para as viagens de neg\u00f3cios - Espa\u00e7o Alagev","robots":{"index":"index","follow":"follow","max-snippet":"max-snippet:-1","max-image-preview":"max-image-preview:large","max-video-preview":"max-video-preview:-1"},"canonical":"https:\/\/blog.panrotas.com.br\/espaco-alagev\/2025\/04\/29\/entre-esg-ia-e-reforma-tributaria-o-que-vem-pela-frente-para-as-viagens-de-negocios\/","og_locale":"pt_BR","og_type":"article","og_title":"Entre ESG, IA e Reforma Tribut\u00e1ria: o que vem pela frente para as viagens de neg\u00f3cios - Espa\u00e7o Alagev","og_description":"O ano de 2024 marcou um ponto de inflex\u00e3o para o mercado de viagens corporativas no Brasil e na Am\u00e9rica Latina. Depois de anos de incertezas, adapta\u00e7\u00e3o tecnol\u00f3gica e restri\u00e7\u00f5es impostas pela pandemia, o segmento finalmente reencontrou seu ritmo e o LACTE 20, promovido pela Alagev, foi o palco ideal para refletir sobre essa retomada&hellip; Continue reading &rarr;","og_url":"https:\/\/blog.panrotas.com.br\/espaco-alagev\/2025\/04\/29\/entre-esg-ia-e-reforma-tributaria-o-que-vem-pela-frente-para-as-viagens-de-negocios\/","og_site_name":"Espa\u00e7o Alagev","article_published_time":"2025-04-29T14:25:27+00:00","article_modified_time":"2025-04-29T14:25:29+00:00","twitter_card":"summary_large_image","twitter_misc":{"Escrito por":"ALAGEV","Est. tempo de leitura":"4 minutos"},"schema":{"@context":"https:\/\/schema.org","@graph":[{"@type":"WebSite","@id":"https:\/\/blog.panrotas.com.br\/espaco-alagev\/#website","url":"https:\/\/blog.panrotas.com.br\/espaco-alagev\/","name":"Espa\u00e7o Alagev","description":"","potentialAction":[{"@type":"SearchAction","target":{"@type":"EntryPoint","urlTemplate":"https:\/\/blog.panrotas.com.br\/espaco-alagev\/?s={search_term_string}"},"query-input":"required name=search_term_string"}],"inLanguage":"pt-BR"},{"@type":"WebPage","@id":"https:\/\/blog.panrotas.com.br\/espaco-alagev\/2025\/04\/29\/entre-esg-ia-e-reforma-tributaria-o-que-vem-pela-frente-para-as-viagens-de-negocios\/#webpage","url":"https:\/\/blog.panrotas.com.br\/espaco-alagev\/2025\/04\/29\/entre-esg-ia-e-reforma-tributaria-o-que-vem-pela-frente-para-as-viagens-de-negocios\/","name":"Entre ESG, IA e Reforma Tribut\u00e1ria: o que vem pela frente para as viagens de neg\u00f3cios - Espa\u00e7o Alagev","isPartOf":{"@id":"https:\/\/blog.panrotas.com.br\/espaco-alagev\/#website"},"datePublished":"2025-04-29T14:25:27+00:00","dateModified":"2025-04-29T14:25:29+00:00","author":{"@id":"https:\/\/blog.panrotas.com.br\/espaco-alagev\/#\/schema\/person\/f6435745ab947a8034c5258d3a131459"},"breadcrumb":{"@id":"https:\/\/blog.panrotas.com.br\/espaco-alagev\/2025\/04\/29\/entre-esg-ia-e-reforma-tributaria-o-que-vem-pela-frente-para-as-viagens-de-negocios\/#breadcrumb"},"inLanguage":"pt-BR","potentialAction":[{"@type":"ReadAction","target":["https:\/\/blog.panrotas.com.br\/espaco-alagev\/2025\/04\/29\/entre-esg-ia-e-reforma-tributaria-o-que-vem-pela-frente-para-as-viagens-de-negocios\/"]}]},{"@type":"BreadcrumbList","@id":"https:\/\/blog.panrotas.com.br\/espaco-alagev\/2025\/04\/29\/entre-esg-ia-e-reforma-tributaria-o-que-vem-pela-frente-para-as-viagens-de-negocios\/#breadcrumb","itemListElement":[{"@type":"ListItem","position":1,"name":"In\u00edcio","item":"https:\/\/blog.panrotas.com.br\/espaco-alagev\/"},{"@type":"ListItem","position":2,"name":"Entre ESG, IA e Reforma Tribut\u00e1ria: o que vem pela frente para as viagens de neg\u00f3cios"}]},{"@type":"Person","@id":"https:\/\/blog.panrotas.com.br\/espaco-alagev\/#\/schema\/person\/f6435745ab947a8034c5258d3a131459","name":"ALAGEV","image":{"@type":"ImageObject","@id":"https:\/\/blog.panrotas.com.br\/espaco-alagev\/#personlogo","inLanguage":"pt-BR","url":"https:\/\/secure.gravatar.com\/avatar\/aecafa8de667ce8cf6c47c6052cfe716?s=96&d=mm&r=g","contentUrl":"https:\/\/secure.gravatar.com\/avatar\/aecafa8de667ce8cf6c47c6052cfe716?s=96&d=mm&r=g","caption":"ALAGEV"},"description":"Juliana Patti - Graduada pela Universidade Paulista e p\u00f3s-graduada em Marketing e Turismo Mercadol\u00f3gico pela Universidade de S\u00e3o Paulo (USP), a nova diretora presidente da ALAGEV possui mais de 10 anos de experi\u00eancia na \u00e1rea de viagens e eventos, liderando diversos projetos corporativos e de marketing.","sameAs":["http:\/\/www.alagev.org"],"url":"https:\/\/blog.panrotas.com.br\/espaco-alagev\/author\/gustavoalagev\/"}]}},"jetpack_featured_media_url":"","_links":{"self":[{"href":"https:\/\/blog.panrotas.com.br\/espaco-alagev\/wp-json\/wp\/v2\/posts\/236"}],"collection":[{"href":"https:\/\/blog.panrotas.com.br\/espaco-alagev\/wp-json\/wp\/v2\/posts"}],"about":[{"href":"https:\/\/blog.panrotas.com.br\/espaco-alagev\/wp-json\/wp\/v2\/types\/post"}],"author":[{"embeddable":true,"href":"https:\/\/blog.panrotas.com.br\/espaco-alagev\/wp-json\/wp\/v2\/users\/29"}],"replies":[{"embeddable":true,"href":"https:\/\/blog.panrotas.com.br\/espaco-alagev\/wp-json\/wp\/v2\/comments?post=236"}],"version-history":[{"count":1,"href":"https:\/\/blog.panrotas.com.br\/espaco-alagev\/wp-json\/wp\/v2\/posts\/236\/revisions"}],"predecessor-version":[{"id":237,"href":"https:\/\/blog.panrotas.com.br\/espaco-alagev\/wp-json\/wp\/v2\/posts\/236\/revisions\/237"}],"wp:attachment":[{"href":"https:\/\/blog.panrotas.com.br\/espaco-alagev\/wp-json\/wp\/v2\/media?parent=236"}],"wp:term":[{"taxonomy":"category","embeddable":true,"href":"https:\/\/blog.panrotas.com.br\/espaco-alagev\/wp-json\/wp\/v2\/categories?post=236"},{"taxonomy":"post_tag","embeddable":true,"href":"https:\/\/blog.panrotas.com.br\/espaco-alagev\/wp-json\/wp\/v2\/tags?post=236"}],"curies":[{"name":"wp","href":"https:\/\/api.w.org\/{rel}","templated":true}]}}