{"id":238,"date":"2025-05-08T11:12:59","date_gmt":"2025-05-08T14:12:59","guid":{"rendered":"https:\/\/blog.panrotas.com.br\/espaco-alagev\/?p=238"},"modified":"2025-05-08T11:13:01","modified_gmt":"2025-05-08T14:13:01","slug":"dia-nacional-do-turismo-reforca-o-potencial-do-segmento-corporativo-e-a-importancia-de-politicas-publicas-para-o-setor","status":"publish","type":"post","link":"https:\/\/blog.panrotas.com.br\/espaco-alagev\/2025\/05\/08\/dia-nacional-do-turismo-reforca-o-potencial-do-segmento-corporativo-e-a-importancia-de-politicas-publicas-para-o-setor\/","title":{"rendered":"Dia Nacional do Turismo refor\u00e7a o potencial do segmento corporativo e a import\u00e2ncia de pol\u00edticas p\u00fablicas para o setor"},"content":{"rendered":"\n<p>Neste dia 8 de maio celebramos o Dia Nacional do Turismo, uma data que convida \u00e0 reflex\u00e3o sobre a relev\u00e2ncia e os caminhos futuros de um mercado essencial para a economia brasileira. De acordo com a Embratur (Ag\u00eancia Brasileira de Promo\u00e7\u00e3o Internacional do Turismo), o setor representa 8% do Produto Interno Bruto (PIB) do Pa\u00eds, demonstrando sua import\u00e2ncia estrat\u00e9gica para o desenvolvimento nacional.<\/p>\n\n\n\n<p>Neste contexto, \u00e9 fundamental destacar o protagonismo das viagens corporativas, que se consolidam como um dos principais pilares de sustenta\u00e7\u00e3o da cadeia produtiva no Brasil. Mais do que deslocamentos, elas s\u00e3o oportunidades concretas de expans\u00e3o de neg\u00f3cios, fortalecimento de relacionamentos e constru\u00e7\u00e3o de reputa\u00e7\u00e3o institucional.<\/p>\n\n\n\n<p>Os n\u00fameros falam por si. Segundo o Levantamento de Viagens Corporativas (LVC), realizado pela FecomercioSP em parceria com a Alagev, o setor atingiu um recorde de R$ 131 bilh\u00f5es em despesas em 2024, um aumento de 5,5% em rela\u00e7\u00e3o ao ano anterior. Em fevereiro de 2025, foi registrado um pico de R$ 11,6 bilh\u00f5es, alta de 7% na compara\u00e7\u00e3o do mesmo m\u00eas do ano anterior. No acumulado do primeiro bimestre, o segmento j\u00e1 movimentou R$ 19,7 bilh\u00f5es, superando os R$ 18,5 bilh\u00f5es registrados no mesmo per\u00edodo de 2024. Isso demonstra que, mesmo diante de um cen\u00e1rio econ\u00f4mico desafiador, as organiza\u00e7\u00f5es seguem apostando nas conex\u00f5es presenciais para gerar resultados consistentes.<\/p>\n\n\n\n<p>Esse movimento \u00e9 impulsionado pelo reconhecimento do valor intang\u00edvel das viagens: a troca de conhecimento, o fortalecimento de v\u00ednculos e a experi\u00eancia adquirida em eventos e reuni\u00f5es presenciais agregam muito mais do que relat\u00f3rios e planilhas podem mensurar. Os dados da Pesquisa Anual de Viagens Corporativas (PAVC), estudo da Alagev,&nbsp; mostram que 74% dos gestores esperam aumento entre 10% e 20% no volume de viagens em 2025. Estamos diante de um mercado em plena expans\u00e3o.<\/p>\n\n\n\n<p>Por isso, nesta data, \u00e9 urgente ampliar o debate sobre a necessidade de pol\u00edticas p\u00fablicas mais estruturadas. A malha a\u00e9rea, por exemplo, ainda apresenta gargalos que impactam diretamente a mobilidade entre cidades e regi\u00f5es estrat\u00e9gicas para os neg\u00f3cios. Investir em conectividade, infraestrutura e regula\u00e7\u00e3o mais eficiente n\u00e3o \u00e9 apenas uma demanda do turismo de lazer, mas tamb\u00e9m uma condi\u00e7\u00e3o essencial para manter a for\u00e7a e o crescimento das viagens corporativas.<\/p>\n\n\n\n<p>O cen\u00e1rio de 2025 exige adapta\u00e7\u00e3o r\u00e1pida. O aumento de custos operacionais e a redu\u00e7\u00e3o de rotas a\u00e9reas imp\u00f5em mais intelig\u00eancia na gest\u00e3o de viagens. As corpora\u00e7\u00f5es est\u00e3o cada vez mais seletivas e apostam em automa\u00e7\u00e3o, Intelig\u00eancia Artificial (IA) e parcerias duradouras para reduzir custos e ampliar o retorno.<\/p>\n\n\n\n<p>Outro ponto interessante de ressaltar \u00e9 que o Brasil se destaca como destino promissor para eventos internacionais. O c\u00e2mbio favor\u00e1vel e a expectativa em torno da COP30, que ser\u00e1 realizada em Bel\u00e9m, em novembro, colocam o pa\u00eds no radar global. Para aproveitar esse potencial, \u00e9 preciso investir em infraestrutura, conectividade e sustentabilidade.<\/p>\n\n\n\n<p>Tamb\u00e9m \u00e9 necess\u00e1rio valorizar o papel do gestor de viagens, que deve atuar de forma estrat\u00e9gica, transformando dados em <em>insights<\/em>, propondo solu\u00e7\u00f5es e contribuindo com a tomada de decis\u00f5es mais assertivas. Esse profissional \u00e9 chave para a sustentabilidade e crescimento do mercado.&nbsp;<\/p>\n\n\n\n<p>N\u00e3o h\u00e1 sinais de arrefecimento nas viagens corporativas no pa\u00eds. Ao contr\u00e1rio: a tend\u00eancia \u00e9 de manuten\u00e7\u00e3o do ritmo acelerado nos pr\u00f3ximos meses. Seguiremos, como sempre, comprometidos em impulsionar esse segmento com intelig\u00eancia de mercado, capacita\u00e7\u00e3o de profissionais e di\u00e1logo com todos os elos da cadeia de turismo e eventos corporativos.<\/p>\n\n\n\n<p>Mais do que n\u00fameros e estrat\u00e9gias, o turismo \u2014 inclusive o corporativo \u2014 move sonhos, conecta pessoas e transforma vidas. Cada viagem representa uma oportunidade de crescimento, de abrir novos caminhos e de construir pontes entre culturas, ideias e prop\u00f3sitos. No ambiente de neg\u00f3cios, essas experi\u00eancias ampliam horizontes, fortalecem rela\u00e7\u00f5es e geram impactos duradouros, inclusive financeiramente. Por isso, neste Dia Nacional do Turismo, que possamos refletir sobre o papel humano por tr\u00e1s dos deslocamentos profissionais e lembrar que, mesmo em viagens a trabalho, h\u00e1 hist\u00f3rias sendo escritas, possibilidades sendo criadas e trajet\u00f3rias sendo impulsionadas rumo a novos destinos.<\/p>\n","protected":false},"excerpt":{"rendered":"<p>Neste dia 8 de maio celebramos o Dia Nacional do Turismo, uma data que convida \u00e0 reflex\u00e3o sobre a relev\u00e2ncia e os caminhos futuros de um mercado essencial para a economia brasileira. De acordo com a Embratur (Ag\u00eancia Brasileira de Promo\u00e7\u00e3o Internacional do Turismo), o setor representa 8% do Produto Interno Bruto (PIB) do Pa\u00eds,&hellip; <a class=\"more-link\" href=\"https:\/\/blog.panrotas.com.br\/espaco-alagev\/2025\/05\/08\/dia-nacional-do-turismo-reforca-o-potencial-do-segmento-corporativo-e-a-importancia-de-politicas-publicas-para-o-setor\/\">Continue reading &rarr;<\/a><\/p>\n","protected":false},"author":29,"featured_media":0,"comment_status":"open","ping_status":"open","sticky":false,"template":"","format":"standard","meta":{"spay_email":""},"categories":[2],"tags":[],"yoast_head":"<!-- This site is optimized with the Yoast SEO plugin v17.3 - https:\/\/yoast.com\/wordpress\/plugins\/seo\/ -->\n<title>Dia Nacional do Turismo refor\u00e7a o potencial do segmento corporativo e a import\u00e2ncia de pol\u00edticas p\u00fablicas para o setor - Espa\u00e7o Alagev<\/title>\n<meta name=\"robots\" content=\"index, follow, max-snippet:-1, max-image-preview:large, max-video-preview:-1\" \/>\n<link rel=\"canonical\" href=\"https:\/\/blog.panrotas.com.br\/espaco-alagev\/2025\/05\/08\/dia-nacional-do-turismo-reforca-o-potencial-do-segmento-corporativo-e-a-importancia-de-politicas-publicas-para-o-setor\/\" \/>\n<meta property=\"og:locale\" content=\"pt_BR\" \/>\n<meta property=\"og:type\" content=\"article\" \/>\n<meta property=\"og:title\" content=\"Dia Nacional do Turismo refor\u00e7a o potencial do segmento corporativo e a import\u00e2ncia de pol\u00edticas p\u00fablicas para o setor - Espa\u00e7o Alagev\" \/>\n<meta property=\"og:description\" content=\"Neste dia 8 de maio celebramos o Dia Nacional do Turismo, uma data que convida \u00e0 reflex\u00e3o sobre a relev\u00e2ncia e os caminhos futuros de um mercado essencial para a economia brasileira. De acordo com a Embratur (Ag\u00eancia Brasileira de Promo\u00e7\u00e3o Internacional do Turismo), o setor representa 8% do Produto Interno Bruto (PIB) do Pa\u00eds,&hellip; Continue reading &rarr;\" \/>\n<meta property=\"og:url\" content=\"https:\/\/blog.panrotas.com.br\/espaco-alagev\/2025\/05\/08\/dia-nacional-do-turismo-reforca-o-potencial-do-segmento-corporativo-e-a-importancia-de-politicas-publicas-para-o-setor\/\" \/>\n<meta property=\"og:site_name\" content=\"Espa\u00e7o Alagev\" \/>\n<meta property=\"article:published_time\" content=\"2025-05-08T14:12:59+00:00\" \/>\n<meta property=\"article:modified_time\" content=\"2025-05-08T14:13:01+00:00\" \/>\n<meta name=\"twitter:card\" content=\"summary_large_image\" \/>\n<meta name=\"twitter:label1\" content=\"Escrito por\" \/>\n\t<meta name=\"twitter:data1\" content=\"ALAGEV\" \/>\n\t<meta name=\"twitter:label2\" content=\"Est. tempo de leitura\" \/>\n\t<meta name=\"twitter:data2\" content=\"3 minutos\" \/>\n<script type=\"application\/ld+json\" class=\"yoast-schema-graph\">{\"@context\":\"https:\/\/schema.org\",\"@graph\":[{\"@type\":\"WebSite\",\"@id\":\"https:\/\/blog.panrotas.com.br\/espaco-alagev\/#website\",\"url\":\"https:\/\/blog.panrotas.com.br\/espaco-alagev\/\",\"name\":\"Espa\\u00e7o Alagev\",\"description\":\"\",\"potentialAction\":[{\"@type\":\"SearchAction\",\"target\":{\"@type\":\"EntryPoint\",\"urlTemplate\":\"https:\/\/blog.panrotas.com.br\/espaco-alagev\/?s={search_term_string}\"},\"query-input\":\"required name=search_term_string\"}],\"inLanguage\":\"pt-BR\"},{\"@type\":\"WebPage\",\"@id\":\"https:\/\/blog.panrotas.com.br\/espaco-alagev\/2025\/05\/08\/dia-nacional-do-turismo-reforca-o-potencial-do-segmento-corporativo-e-a-importancia-de-politicas-publicas-para-o-setor\/#webpage\",\"url\":\"https:\/\/blog.panrotas.com.br\/espaco-alagev\/2025\/05\/08\/dia-nacional-do-turismo-reforca-o-potencial-do-segmento-corporativo-e-a-importancia-de-politicas-publicas-para-o-setor\/\",\"name\":\"Dia Nacional do Turismo refor\\u00e7a o potencial do segmento corporativo e a import\\u00e2ncia de pol\\u00edticas p\\u00fablicas para o setor - Espa\\u00e7o Alagev\",\"isPartOf\":{\"@id\":\"https:\/\/blog.panrotas.com.br\/espaco-alagev\/#website\"},\"datePublished\":\"2025-05-08T14:12:59+00:00\",\"dateModified\":\"2025-05-08T14:13:01+00:00\",\"author\":{\"@id\":\"https:\/\/blog.panrotas.com.br\/espaco-alagev\/#\/schema\/person\/f6435745ab947a8034c5258d3a131459\"},\"breadcrumb\":{\"@id\":\"https:\/\/blog.panrotas.com.br\/espaco-alagev\/2025\/05\/08\/dia-nacional-do-turismo-reforca-o-potencial-do-segmento-corporativo-e-a-importancia-de-politicas-publicas-para-o-setor\/#breadcrumb\"},\"inLanguage\":\"pt-BR\",\"potentialAction\":[{\"@type\":\"ReadAction\",\"target\":[\"https:\/\/blog.panrotas.com.br\/espaco-alagev\/2025\/05\/08\/dia-nacional-do-turismo-reforca-o-potencial-do-segmento-corporativo-e-a-importancia-de-politicas-publicas-para-o-setor\/\"]}]},{\"@type\":\"BreadcrumbList\",\"@id\":\"https:\/\/blog.panrotas.com.br\/espaco-alagev\/2025\/05\/08\/dia-nacional-do-turismo-reforca-o-potencial-do-segmento-corporativo-e-a-importancia-de-politicas-publicas-para-o-setor\/#breadcrumb\",\"itemListElement\":[{\"@type\":\"ListItem\",\"position\":1,\"name\":\"In\\u00edcio\",\"item\":\"https:\/\/blog.panrotas.com.br\/espaco-alagev\/\"},{\"@type\":\"ListItem\",\"position\":2,\"name\":\"Dia Nacional do Turismo refor\\u00e7a o potencial do segmento corporativo e a import\\u00e2ncia de pol\\u00edticas p\\u00fablicas para o setor\"}]},{\"@type\":\"Person\",\"@id\":\"https:\/\/blog.panrotas.com.br\/espaco-alagev\/#\/schema\/person\/f6435745ab947a8034c5258d3a131459\",\"name\":\"ALAGEV\",\"image\":{\"@type\":\"ImageObject\",\"@id\":\"https:\/\/blog.panrotas.com.br\/espaco-alagev\/#personlogo\",\"inLanguage\":\"pt-BR\",\"url\":\"https:\/\/secure.gravatar.com\/avatar\/aecafa8de667ce8cf6c47c6052cfe716?s=96&d=mm&r=g\",\"contentUrl\":\"https:\/\/secure.gravatar.com\/avatar\/aecafa8de667ce8cf6c47c6052cfe716?s=96&d=mm&r=g\",\"caption\":\"ALAGEV\"},\"description\":\"Juliana Patti - Graduada pela Universidade Paulista e p\\u00f3s-graduada em Marketing e Turismo Mercadol\\u00f3gico pela Universidade de S\\u00e3o Paulo (USP), a nova diretora presidente da ALAGEV possui mais de 10 anos de experi\\u00eancia na \\u00e1rea de viagens e eventos, liderando diversos projetos corporativos e de marketing.\",\"sameAs\":[\"http:\/\/www.alagev.org\"],\"url\":\"https:\/\/blog.panrotas.com.br\/espaco-alagev\/author\/gustavoalagev\/\"}]}<\/script>\n<!-- \/ Yoast SEO plugin. -->","yoast_head_json":{"title":"Dia Nacional do Turismo refor\u00e7a o potencial do segmento corporativo e a import\u00e2ncia de pol\u00edticas p\u00fablicas para o setor - Espa\u00e7o Alagev","robots":{"index":"index","follow":"follow","max-snippet":"max-snippet:-1","max-image-preview":"max-image-preview:large","max-video-preview":"max-video-preview:-1"},"canonical":"https:\/\/blog.panrotas.com.br\/espaco-alagev\/2025\/05\/08\/dia-nacional-do-turismo-reforca-o-potencial-do-segmento-corporativo-e-a-importancia-de-politicas-publicas-para-o-setor\/","og_locale":"pt_BR","og_type":"article","og_title":"Dia Nacional do Turismo refor\u00e7a o potencial do segmento corporativo e a import\u00e2ncia de pol\u00edticas p\u00fablicas para o setor - Espa\u00e7o Alagev","og_description":"Neste dia 8 de maio celebramos o Dia Nacional do Turismo, uma data que convida \u00e0 reflex\u00e3o sobre a relev\u00e2ncia e os caminhos futuros de um mercado essencial para a economia brasileira. De acordo com a Embratur (Ag\u00eancia Brasileira de Promo\u00e7\u00e3o Internacional do Turismo), o setor representa 8% do Produto Interno Bruto (PIB) do Pa\u00eds,&hellip; Continue reading &rarr;","og_url":"https:\/\/blog.panrotas.com.br\/espaco-alagev\/2025\/05\/08\/dia-nacional-do-turismo-reforca-o-potencial-do-segmento-corporativo-e-a-importancia-de-politicas-publicas-para-o-setor\/","og_site_name":"Espa\u00e7o Alagev","article_published_time":"2025-05-08T14:12:59+00:00","article_modified_time":"2025-05-08T14:13:01+00:00","twitter_card":"summary_large_image","twitter_misc":{"Escrito por":"ALAGEV","Est. tempo de leitura":"3 minutos"},"schema":{"@context":"https:\/\/schema.org","@graph":[{"@type":"WebSite","@id":"https:\/\/blog.panrotas.com.br\/espaco-alagev\/#website","url":"https:\/\/blog.panrotas.com.br\/espaco-alagev\/","name":"Espa\u00e7o Alagev","description":"","potentialAction":[{"@type":"SearchAction","target":{"@type":"EntryPoint","urlTemplate":"https:\/\/blog.panrotas.com.br\/espaco-alagev\/?s={search_term_string}"},"query-input":"required name=search_term_string"}],"inLanguage":"pt-BR"},{"@type":"WebPage","@id":"https:\/\/blog.panrotas.com.br\/espaco-alagev\/2025\/05\/08\/dia-nacional-do-turismo-reforca-o-potencial-do-segmento-corporativo-e-a-importancia-de-politicas-publicas-para-o-setor\/#webpage","url":"https:\/\/blog.panrotas.com.br\/espaco-alagev\/2025\/05\/08\/dia-nacional-do-turismo-reforca-o-potencial-do-segmento-corporativo-e-a-importancia-de-politicas-publicas-para-o-setor\/","name":"Dia Nacional do Turismo refor\u00e7a o potencial do segmento corporativo e a import\u00e2ncia de pol\u00edticas p\u00fablicas para o setor - Espa\u00e7o Alagev","isPartOf":{"@id":"https:\/\/blog.panrotas.com.br\/espaco-alagev\/#website"},"datePublished":"2025-05-08T14:12:59+00:00","dateModified":"2025-05-08T14:13:01+00:00","author":{"@id":"https:\/\/blog.panrotas.com.br\/espaco-alagev\/#\/schema\/person\/f6435745ab947a8034c5258d3a131459"},"breadcrumb":{"@id":"https:\/\/blog.panrotas.com.br\/espaco-alagev\/2025\/05\/08\/dia-nacional-do-turismo-reforca-o-potencial-do-segmento-corporativo-e-a-importancia-de-politicas-publicas-para-o-setor\/#breadcrumb"},"inLanguage":"pt-BR","potentialAction":[{"@type":"ReadAction","target":["https:\/\/blog.panrotas.com.br\/espaco-alagev\/2025\/05\/08\/dia-nacional-do-turismo-reforca-o-potencial-do-segmento-corporativo-e-a-importancia-de-politicas-publicas-para-o-setor\/"]}]},{"@type":"BreadcrumbList","@id":"https:\/\/blog.panrotas.com.br\/espaco-alagev\/2025\/05\/08\/dia-nacional-do-turismo-reforca-o-potencial-do-segmento-corporativo-e-a-importancia-de-politicas-publicas-para-o-setor\/#breadcrumb","itemListElement":[{"@type":"ListItem","position":1,"name":"In\u00edcio","item":"https:\/\/blog.panrotas.com.br\/espaco-alagev\/"},{"@type":"ListItem","position":2,"name":"Dia Nacional do Turismo refor\u00e7a o potencial do segmento corporativo e a import\u00e2ncia de pol\u00edticas p\u00fablicas para o setor"}]},{"@type":"Person","@id":"https:\/\/blog.panrotas.com.br\/espaco-alagev\/#\/schema\/person\/f6435745ab947a8034c5258d3a131459","name":"ALAGEV","image":{"@type":"ImageObject","@id":"https:\/\/blog.panrotas.com.br\/espaco-alagev\/#personlogo","inLanguage":"pt-BR","url":"https:\/\/secure.gravatar.com\/avatar\/aecafa8de667ce8cf6c47c6052cfe716?s=96&d=mm&r=g","contentUrl":"https:\/\/secure.gravatar.com\/avatar\/aecafa8de667ce8cf6c47c6052cfe716?s=96&d=mm&r=g","caption":"ALAGEV"},"description":"Juliana Patti - Graduada pela Universidade Paulista e p\u00f3s-graduada em Marketing e Turismo Mercadol\u00f3gico pela Universidade de S\u00e3o Paulo (USP), a nova diretora presidente da ALAGEV possui mais de 10 anos de experi\u00eancia na \u00e1rea de viagens e eventos, liderando diversos projetos corporativos e de marketing.","sameAs":["http:\/\/www.alagev.org"],"url":"https:\/\/blog.panrotas.com.br\/espaco-alagev\/author\/gustavoalagev\/"}]}},"jetpack_featured_media_url":"","_links":{"self":[{"href":"https:\/\/blog.panrotas.com.br\/espaco-alagev\/wp-json\/wp\/v2\/posts\/238"}],"collection":[{"href":"https:\/\/blog.panrotas.com.br\/espaco-alagev\/wp-json\/wp\/v2\/posts"}],"about":[{"href":"https:\/\/blog.panrotas.com.br\/espaco-alagev\/wp-json\/wp\/v2\/types\/post"}],"author":[{"embeddable":true,"href":"https:\/\/blog.panrotas.com.br\/espaco-alagev\/wp-json\/wp\/v2\/users\/29"}],"replies":[{"embeddable":true,"href":"https:\/\/blog.panrotas.com.br\/espaco-alagev\/wp-json\/wp\/v2\/comments?post=238"}],"version-history":[{"count":1,"href":"https:\/\/blog.panrotas.com.br\/espaco-alagev\/wp-json\/wp\/v2\/posts\/238\/revisions"}],"predecessor-version":[{"id":239,"href":"https:\/\/blog.panrotas.com.br\/espaco-alagev\/wp-json\/wp\/v2\/posts\/238\/revisions\/239"}],"wp:attachment":[{"href":"https:\/\/blog.panrotas.com.br\/espaco-alagev\/wp-json\/wp\/v2\/media?parent=238"}],"wp:term":[{"taxonomy":"category","embeddable":true,"href":"https:\/\/blog.panrotas.com.br\/espaco-alagev\/wp-json\/wp\/v2\/categories?post=238"},{"taxonomy":"post_tag","embeddable":true,"href":"https:\/\/blog.panrotas.com.br\/espaco-alagev\/wp-json\/wp\/v2\/tags?post=238"}],"curies":[{"name":"wp","href":"https:\/\/api.w.org\/{rel}","templated":true}]}}