{"id":262,"date":"2026-04-27T14:31:37","date_gmt":"2026-04-27T17:31:37","guid":{"rendered":"https:\/\/blog.panrotas.com.br\/espaco-alagev\/?p=262"},"modified":"2026-04-27T14:31:39","modified_gmt":"2026-04-27T17:31:39","slug":"valorizar-quem-faz-o-setor-de-viagens-e-eventos-acontecer","status":"publish","type":"post","link":"https:\/\/blog.panrotas.com.br\/espaco-alagev\/2026\/04\/27\/valorizar-quem-faz-o-setor-de-viagens-e-eventos-acontecer\/","title":{"rendered":"Valorizar quem faz o setor de viagens e eventos acontecer"},"content":{"rendered":"\n<p>Abril \u00e9 um m\u00eas simb\u00f3lico para o setor de viagens e eventos. Ao longo desse per\u00edodo, diferentes datas chamam aten\u00e7\u00e3o para profissionais que sustentam uma ind\u00fastria essencial para a economia: o Dia do Agente de Viagens (22 de abril), seguido pelo Dia do Gestor de Viagens (29) e do Profissional de Eventos (30). Mais do que celebra\u00e7\u00f5es isoladas, essas datas funcionam como um convite \u00e0 reflex\u00e3o sobre o papel estrat\u00e9gico dessas carreiras.<\/p>\n\n\n\n<p>S\u00e3o essas pessoas que transformam uma demanda em estrat\u00e9gia, um deslocamento em experi\u00eancia e uma agenda complexa em resultados concretos para empresas. Em um cen\u00e1rio que exige cada vez mais efici\u00eancia, negocia\u00e7\u00e3o e capacidade de adapta\u00e7\u00e3o, o papel desses profissionais deixou de ser operacional h\u00e1 muito tempo. Hoje, \u00e9 essencialmente estrat\u00e9gico.<\/p>\n\n\n\n<p>Os dados mais recentes ajudam a dimensionar essa import\u00e2ncia. As viagens corporativas no Brasil come\u00e7aram o ano de 2026 movimentando R$ 12 bilh\u00f5es em janeiro, segundo o Levantamento de Viagens Corporativas (LVC), realizado pela FecomercioSP em parceria com a Alagev. O n\u00famero representa um crescimento de 5,2% em rela\u00e7\u00e3o ao mesmo per\u00edodo do ano passado e chama aten\u00e7\u00e3o por um detalhe: janeiro, historicamente, \u00e9 um m\u00eas mais reduzido para eventos e deslocamentos corporativos.<\/p>\n\n\n\n<p>Ainda assim, o desempenho foi consistente, puxado pela continuidade da atividade econ\u00f4mica e pela retomada de encontros presenciais. Existe uma demanda que n\u00e3o se sustenta apenas no digital. O relacionamento, a constru\u00e7\u00e3o de confian\u00e7a e a gera\u00e7\u00e3o de neg\u00f3cios ainda passam, em grande medida, pelo contato direto e \u00e9 a partir disso que esses profissionais fazem toda a diferen\u00e7a.<\/p>\n\n\n\n<p>Outros indicadores refor\u00e7am esse cen\u00e1rio. O volume de passageiros transportados no Pa\u00eds chegou a 9,4 milh\u00f5es em janeiro, um crescimento de 9,1% e o maior da s\u00e9rie hist\u00f3rica. Na hotelaria, a ocupa\u00e7\u00e3o m\u00e9dia ficou em 55,26%, com alta de 2,1%, enquanto a di\u00e1ria m\u00e9dia subiu 8,3%. Ao mesmo tempo, as tarifas a\u00e9reas apresentaram queda, evidenciando um mercado din\u00e2mico, que exige decis\u00f5es cada vez mais qualificadas.<\/p>\n\n\n\n<p>\u00c9 nesse contexto que agentes de viagens, gestores e profissionais de eventos ganham ainda mais relev\u00e2ncia. S\u00e3o eles que equilibram or\u00e7amento, experi\u00eancia, pol\u00edtica de viagens e expectativas das empresas, muitas vezes lidando com cen\u00e1rios inst\u00e1veis, negocia\u00e7\u00f5es complexas e mudan\u00e7as de \u00faltima hora.<\/p>\n\n\n\n<p>Na Alagev, acompanhamos de perto essa evolu\u00e7\u00e3o. Mais do que isso, trabalhamos para apoiar quem est\u00e1 na linha de frente. Nossas iniciativas, sejam os comit\u00eas, os conte\u00fados, os encontros ou os grandes eventos, t\u00eam um objetivo claro: desenvolver o mercado a partir das pessoas.<\/p>\n\n\n\n<p>O engajamento da comunidade \u00e9 parte fundamental desse processo. Quando profissionais compartilham experi\u00eancias, discutem desafios e constroem solu\u00e7\u00f5es em conjunto, todo o setor avan\u00e7a. E isso n\u00e3o \u00e9 discurso. Em 2025, as viagens corporativas movimentaram R$ 147,8 bilh\u00f5es no Brasil, um crescimento de 6,3% em rela\u00e7\u00e3o ao ano anterior, consolidando a for\u00e7a desse mercado.<\/p>\n\n\n\n<p>Claro que o cen\u00e1rio externo exige aten\u00e7\u00e3o. A alta do petr\u00f3leo e tens\u00f5es internacionais podem pressionar custos e impactar decis\u00f5es nos pr\u00f3ximos meses. Mas, olhando para o hist\u00f3rico recente, o segmento tem apresentado uma capacidade importante de adapta\u00e7\u00e3o e isso passa diretamente pela atua\u00e7\u00e3o desses profissionais.<\/p>\n\n\n\n<p>Valorizar essas carreiras \u00e9 investir na qualidade, na efici\u00eancia e no futuro do turismo. No fim do dia, s\u00e3o as pessoas que fazem tudo acontecer. E reconhecer isso n\u00e3o deveria ser exce\u00e7\u00e3o, mas parte da rotina.<\/p>\n\n\n\n<p><em>* Luana Nogueira, diretora-executiva da Alagev<\/em><\/p>\n","protected":false},"excerpt":{"rendered":"<p>Abril \u00e9 um m\u00eas simb\u00f3lico para o setor de viagens e eventos. Ao longo desse per\u00edodo, diferentes datas chamam aten\u00e7\u00e3o para profissionais que sustentam uma ind\u00fastria essencial para a economia: o Dia do Agente de Viagens (22 de abril), seguido pelo Dia do Gestor de Viagens (29) e do Profissional de Eventos (30). Mais do&hellip; <a class=\"more-link\" href=\"https:\/\/blog.panrotas.com.br\/espaco-alagev\/2026\/04\/27\/valorizar-quem-faz-o-setor-de-viagens-e-eventos-acontecer\/\">Continue reading &rarr;<\/a><\/p>\n","protected":false},"author":29,"featured_media":0,"comment_status":"open","ping_status":"open","sticky":false,"template":"","format":"standard","meta":{"spay_email":""},"categories":[2],"tags":[],"yoast_head":"<!-- This site is optimized with the Yoast SEO plugin v17.3 - https:\/\/yoast.com\/wordpress\/plugins\/seo\/ -->\n<title>Valorizar quem faz o setor de viagens e eventos acontecer - Espa\u00e7o Alagev<\/title>\n<meta name=\"robots\" content=\"index, follow, max-snippet:-1, max-image-preview:large, max-video-preview:-1\" \/>\n<link rel=\"canonical\" href=\"https:\/\/blog.panrotas.com.br\/espaco-alagev\/2026\/04\/27\/valorizar-quem-faz-o-setor-de-viagens-e-eventos-acontecer\/\" \/>\n<meta property=\"og:locale\" content=\"pt_BR\" \/>\n<meta property=\"og:type\" content=\"article\" \/>\n<meta property=\"og:title\" content=\"Valorizar quem faz o setor de viagens e eventos acontecer - Espa\u00e7o Alagev\" \/>\n<meta property=\"og:description\" content=\"Abril \u00e9 um m\u00eas simb\u00f3lico para o setor de viagens e eventos. Ao longo desse per\u00edodo, diferentes datas chamam aten\u00e7\u00e3o para profissionais que sustentam uma ind\u00fastria essencial para a economia: o Dia do Agente de Viagens (22 de abril), seguido pelo Dia do Gestor de Viagens (29) e do Profissional de Eventos (30). Mais do&hellip; Continue reading &rarr;\" \/>\n<meta property=\"og:url\" content=\"https:\/\/blog.panrotas.com.br\/espaco-alagev\/2026\/04\/27\/valorizar-quem-faz-o-setor-de-viagens-e-eventos-acontecer\/\" \/>\n<meta property=\"og:site_name\" content=\"Espa\u00e7o Alagev\" \/>\n<meta property=\"article:published_time\" content=\"2026-04-27T17:31:37+00:00\" \/>\n<meta property=\"article:modified_time\" content=\"2026-04-27T17:31:39+00:00\" \/>\n<meta name=\"twitter:card\" content=\"summary_large_image\" \/>\n<meta name=\"twitter:label1\" content=\"Escrito por\" \/>\n\t<meta name=\"twitter:data1\" content=\"ALAGEV\" \/>\n\t<meta name=\"twitter:label2\" content=\"Est. tempo de leitura\" \/>\n\t<meta name=\"twitter:data2\" content=\"3 minutos\" \/>\n<script type=\"application\/ld+json\" class=\"yoast-schema-graph\">{\"@context\":\"https:\/\/schema.org\",\"@graph\":[{\"@type\":\"WebSite\",\"@id\":\"https:\/\/blog.panrotas.com.br\/espaco-alagev\/#website\",\"url\":\"https:\/\/blog.panrotas.com.br\/espaco-alagev\/\",\"name\":\"Espa\\u00e7o Alagev\",\"description\":\"\",\"potentialAction\":[{\"@type\":\"SearchAction\",\"target\":{\"@type\":\"EntryPoint\",\"urlTemplate\":\"https:\/\/blog.panrotas.com.br\/espaco-alagev\/?s={search_term_string}\"},\"query-input\":\"required name=search_term_string\"}],\"inLanguage\":\"pt-BR\"},{\"@type\":\"WebPage\",\"@id\":\"https:\/\/blog.panrotas.com.br\/espaco-alagev\/2026\/04\/27\/valorizar-quem-faz-o-setor-de-viagens-e-eventos-acontecer\/#webpage\",\"url\":\"https:\/\/blog.panrotas.com.br\/espaco-alagev\/2026\/04\/27\/valorizar-quem-faz-o-setor-de-viagens-e-eventos-acontecer\/\",\"name\":\"Valorizar quem faz o setor de viagens e eventos acontecer - Espa\\u00e7o Alagev\",\"isPartOf\":{\"@id\":\"https:\/\/blog.panrotas.com.br\/espaco-alagev\/#website\"},\"datePublished\":\"2026-04-27T17:31:37+00:00\",\"dateModified\":\"2026-04-27T17:31:39+00:00\",\"author\":{\"@id\":\"https:\/\/blog.panrotas.com.br\/espaco-alagev\/#\/schema\/person\/f6435745ab947a8034c5258d3a131459\"},\"breadcrumb\":{\"@id\":\"https:\/\/blog.panrotas.com.br\/espaco-alagev\/2026\/04\/27\/valorizar-quem-faz-o-setor-de-viagens-e-eventos-acontecer\/#breadcrumb\"},\"inLanguage\":\"pt-BR\",\"potentialAction\":[{\"@type\":\"ReadAction\",\"target\":[\"https:\/\/blog.panrotas.com.br\/espaco-alagev\/2026\/04\/27\/valorizar-quem-faz-o-setor-de-viagens-e-eventos-acontecer\/\"]}]},{\"@type\":\"BreadcrumbList\",\"@id\":\"https:\/\/blog.panrotas.com.br\/espaco-alagev\/2026\/04\/27\/valorizar-quem-faz-o-setor-de-viagens-e-eventos-acontecer\/#breadcrumb\",\"itemListElement\":[{\"@type\":\"ListItem\",\"position\":1,\"name\":\"In\\u00edcio\",\"item\":\"https:\/\/blog.panrotas.com.br\/espaco-alagev\/\"},{\"@type\":\"ListItem\",\"position\":2,\"name\":\"Valorizar quem faz o setor de viagens e eventos acontecer\"}]},{\"@type\":\"Person\",\"@id\":\"https:\/\/blog.panrotas.com.br\/espaco-alagev\/#\/schema\/person\/f6435745ab947a8034c5258d3a131459\",\"name\":\"ALAGEV\",\"image\":{\"@type\":\"ImageObject\",\"@id\":\"https:\/\/blog.panrotas.com.br\/espaco-alagev\/#personlogo\",\"inLanguage\":\"pt-BR\",\"url\":\"https:\/\/secure.gravatar.com\/avatar\/aecafa8de667ce8cf6c47c6052cfe716?s=96&d=mm&r=g\",\"contentUrl\":\"https:\/\/secure.gravatar.com\/avatar\/aecafa8de667ce8cf6c47c6052cfe716?s=96&d=mm&r=g\",\"caption\":\"ALAGEV\"},\"description\":\"Juliana Patti - Graduada pela Universidade Paulista e p\\u00f3s-graduada em Marketing e Turismo Mercadol\\u00f3gico pela Universidade de S\\u00e3o Paulo (USP), a nova diretora presidente da ALAGEV possui mais de 10 anos de experi\\u00eancia na \\u00e1rea de viagens e eventos, liderando diversos projetos corporativos e de marketing.\",\"sameAs\":[\"http:\/\/www.alagev.org\"],\"url\":\"https:\/\/blog.panrotas.com.br\/espaco-alagev\/author\/gustavoalagev\/\"}]}<\/script>\n<!-- \/ Yoast SEO plugin. -->","yoast_head_json":{"title":"Valorizar quem faz o setor de viagens e eventos acontecer - Espa\u00e7o Alagev","robots":{"index":"index","follow":"follow","max-snippet":"max-snippet:-1","max-image-preview":"max-image-preview:large","max-video-preview":"max-video-preview:-1"},"canonical":"https:\/\/blog.panrotas.com.br\/espaco-alagev\/2026\/04\/27\/valorizar-quem-faz-o-setor-de-viagens-e-eventos-acontecer\/","og_locale":"pt_BR","og_type":"article","og_title":"Valorizar quem faz o setor de viagens e eventos acontecer - Espa\u00e7o Alagev","og_description":"Abril \u00e9 um m\u00eas simb\u00f3lico para o setor de viagens e eventos. Ao longo desse per\u00edodo, diferentes datas chamam aten\u00e7\u00e3o para profissionais que sustentam uma ind\u00fastria essencial para a economia: o Dia do Agente de Viagens (22 de abril), seguido pelo Dia do Gestor de Viagens (29) e do Profissional de Eventos (30). Mais do&hellip; Continue reading &rarr;","og_url":"https:\/\/blog.panrotas.com.br\/espaco-alagev\/2026\/04\/27\/valorizar-quem-faz-o-setor-de-viagens-e-eventos-acontecer\/","og_site_name":"Espa\u00e7o Alagev","article_published_time":"2026-04-27T17:31:37+00:00","article_modified_time":"2026-04-27T17:31:39+00:00","twitter_card":"summary_large_image","twitter_misc":{"Escrito por":"ALAGEV","Est. tempo de leitura":"3 minutos"},"schema":{"@context":"https:\/\/schema.org","@graph":[{"@type":"WebSite","@id":"https:\/\/blog.panrotas.com.br\/espaco-alagev\/#website","url":"https:\/\/blog.panrotas.com.br\/espaco-alagev\/","name":"Espa\u00e7o Alagev","description":"","potentialAction":[{"@type":"SearchAction","target":{"@type":"EntryPoint","urlTemplate":"https:\/\/blog.panrotas.com.br\/espaco-alagev\/?s={search_term_string}"},"query-input":"required name=search_term_string"}],"inLanguage":"pt-BR"},{"@type":"WebPage","@id":"https:\/\/blog.panrotas.com.br\/espaco-alagev\/2026\/04\/27\/valorizar-quem-faz-o-setor-de-viagens-e-eventos-acontecer\/#webpage","url":"https:\/\/blog.panrotas.com.br\/espaco-alagev\/2026\/04\/27\/valorizar-quem-faz-o-setor-de-viagens-e-eventos-acontecer\/","name":"Valorizar quem faz o setor de viagens e eventos acontecer - Espa\u00e7o Alagev","isPartOf":{"@id":"https:\/\/blog.panrotas.com.br\/espaco-alagev\/#website"},"datePublished":"2026-04-27T17:31:37+00:00","dateModified":"2026-04-27T17:31:39+00:00","author":{"@id":"https:\/\/blog.panrotas.com.br\/espaco-alagev\/#\/schema\/person\/f6435745ab947a8034c5258d3a131459"},"breadcrumb":{"@id":"https:\/\/blog.panrotas.com.br\/espaco-alagev\/2026\/04\/27\/valorizar-quem-faz-o-setor-de-viagens-e-eventos-acontecer\/#breadcrumb"},"inLanguage":"pt-BR","potentialAction":[{"@type":"ReadAction","target":["https:\/\/blog.panrotas.com.br\/espaco-alagev\/2026\/04\/27\/valorizar-quem-faz-o-setor-de-viagens-e-eventos-acontecer\/"]}]},{"@type":"BreadcrumbList","@id":"https:\/\/blog.panrotas.com.br\/espaco-alagev\/2026\/04\/27\/valorizar-quem-faz-o-setor-de-viagens-e-eventos-acontecer\/#breadcrumb","itemListElement":[{"@type":"ListItem","position":1,"name":"In\u00edcio","item":"https:\/\/blog.panrotas.com.br\/espaco-alagev\/"},{"@type":"ListItem","position":2,"name":"Valorizar quem faz o setor de viagens e eventos acontecer"}]},{"@type":"Person","@id":"https:\/\/blog.panrotas.com.br\/espaco-alagev\/#\/schema\/person\/f6435745ab947a8034c5258d3a131459","name":"ALAGEV","image":{"@type":"ImageObject","@id":"https:\/\/blog.panrotas.com.br\/espaco-alagev\/#personlogo","inLanguage":"pt-BR","url":"https:\/\/secure.gravatar.com\/avatar\/aecafa8de667ce8cf6c47c6052cfe716?s=96&d=mm&r=g","contentUrl":"https:\/\/secure.gravatar.com\/avatar\/aecafa8de667ce8cf6c47c6052cfe716?s=96&d=mm&r=g","caption":"ALAGEV"},"description":"Juliana Patti - Graduada pela Universidade Paulista e p\u00f3s-graduada em Marketing e Turismo Mercadol\u00f3gico pela Universidade de S\u00e3o Paulo (USP), a nova diretora presidente da ALAGEV possui mais de 10 anos de experi\u00eancia na \u00e1rea de viagens e eventos, liderando diversos projetos corporativos e de marketing.","sameAs":["http:\/\/www.alagev.org"],"url":"https:\/\/blog.panrotas.com.br\/espaco-alagev\/author\/gustavoalagev\/"}]}},"jetpack_featured_media_url":"","_links":{"self":[{"href":"https:\/\/blog.panrotas.com.br\/espaco-alagev\/wp-json\/wp\/v2\/posts\/262"}],"collection":[{"href":"https:\/\/blog.panrotas.com.br\/espaco-alagev\/wp-json\/wp\/v2\/posts"}],"about":[{"href":"https:\/\/blog.panrotas.com.br\/espaco-alagev\/wp-json\/wp\/v2\/types\/post"}],"author":[{"embeddable":true,"href":"https:\/\/blog.panrotas.com.br\/espaco-alagev\/wp-json\/wp\/v2\/users\/29"}],"replies":[{"embeddable":true,"href":"https:\/\/blog.panrotas.com.br\/espaco-alagev\/wp-json\/wp\/v2\/comments?post=262"}],"version-history":[{"count":1,"href":"https:\/\/blog.panrotas.com.br\/espaco-alagev\/wp-json\/wp\/v2\/posts\/262\/revisions"}],"predecessor-version":[{"id":263,"href":"https:\/\/blog.panrotas.com.br\/espaco-alagev\/wp-json\/wp\/v2\/posts\/262\/revisions\/263"}],"wp:attachment":[{"href":"https:\/\/blog.panrotas.com.br\/espaco-alagev\/wp-json\/wp\/v2\/media?parent=262"}],"wp:term":[{"taxonomy":"category","embeddable":true,"href":"https:\/\/blog.panrotas.com.br\/espaco-alagev\/wp-json\/wp\/v2\/categories?post=262"},{"taxonomy":"post_tag","embeddable":true,"href":"https:\/\/blog.panrotas.com.br\/espaco-alagev\/wp-json\/wp\/v2\/tags?post=262"}],"curies":[{"name":"wp","href":"https:\/\/api.w.org\/{rel}","templated":true}]}}