{"id":50,"date":"2018-06-15T13:56:23","date_gmt":"2018-06-15T16:56:23","guid":{"rendered":"http:\/\/blog.panrotas.com.br\/espaco-braztoa\/?p=50"},"modified":"2018-06-15T13:56:23","modified_gmt":"2018-06-15T16:56:23","slug":"nova-lei-geral-do-turismo","status":"publish","type":"post","link":"https:\/\/blog.panrotas.com.br\/espaco-braztoa\/2018\/06\/15\/nova-lei-geral-do-turismo\/","title":{"rendered":"Nova Lei Geral do Turismo"},"content":{"rendered":"<p>Tomo a liberdade de usar este espa\u00e7o, para um conclame geral. Unirmos esfor\u00e7os em torno de um assunto de extrema relev\u00e2ncia e urg\u00eancia: o Projeto de Lei 2724\/2015, que trata da revis\u00e3o da Lei Geral do Turismo.<\/p>\n<p>A BRAZTOA, juntamente com a ABAV e CLIA, encaminhou proposta com altera\u00e7\u00f5es fundamentais para dar mais clareza ao papel e \u00e0 natureza dos servi\u00e7os prestados pelas ag\u00eancias de viagens e turismo.<\/p>\n<p>Como acompanharam, ele estava previsto para ser votado nesta semana, mas n\u00e3o houve acordo. Foi novamente adiado e agora est\u00e1 na pauta da C\u00e2mara dos Deputados para a pr\u00f3xima quarta (20).<\/p>\n<p>Seria de enorme valia que todos os empres\u00e1rios do segmento nos mobiliz\u00e1ssemos para refor\u00e7ar a import\u00e2ncia dessa vota\u00e7\u00e3o para o desenvolvimento do turismo brasileiro.<\/p>\n<p>Convido a todos a enviarem um e-mail ao presidente da C\u00e2mara dos Deputados, Rodrigo Maia (<a href=\"mailto:dep.rodrigomaia@camara.leg.br\">dep.rodrigomaia@camara.leg.br<\/a>) apoiando sua vota\u00e7\u00e3o.<\/p>\n<p>Esta foi mensagem que acabo de mandar ao deputado. Fiquem \u00e0 vontade em usa-la tamb\u00e9m:<\/p>\n<p><strong><em>Venho manifestar meu apoio \u00e0 vota\u00e7\u00e3o e aprova\u00e7\u00e3o do Projeto de Lei 2724\/2015 o mais breve poss\u00edvel.<\/em><\/strong><\/p>\n<p><strong><em>Entre os itens do PL, est\u00e1 a revis\u00e3o da Lei Geral do Turismo, que objetiva trazer mais clareza ao papel e \u00e0 natureza jur\u00eddica dos servi\u00e7os prestados pelas ag\u00eancias de viagens e turismo. Esta nova reda\u00e7\u00e3o da LGT propiciar\u00e1 maior competitividade para o Brasil, enquanto destino tur\u00edstico, e para as in\u00fameras empresas do segmento \u2013 uma imensa cadeia produtiva que movimenta dezenas de setores da economia, potencializando o desenvolvimento econ\u00f4mico do Brasil e proporcionando mais emprego e renda.<\/em><\/strong><strong><em>\u00a0<\/em><\/strong><\/p>\n<p><strong><em>Assim sendo, despe\u00e7o-nos respeitosamente, na expectativa de que o tema ser\u00e1 priorizado por esta casa.<\/em><\/strong><\/p>\n<p><strong><em>\u00a0<\/em><\/strong>Conto com seu apoio e mobiliza\u00e7\u00e3o!<\/p>\n","protected":false},"excerpt":{"rendered":"<p>Tomo a liberdade de usar este espa\u00e7o, para um conclame geral. Unirmos esfor\u00e7os em torno de um assunto de extrema relev\u00e2ncia e urg\u00eancia: o Projeto de Lei 2724\/2015, que trata da revis\u00e3o da Lei Geral do Turismo. A BRAZTOA, juntamente com a ABAV e CLIA, encaminhou proposta com altera\u00e7\u00f5es fundamentais para dar mais clareza ao&hellip; <a class=\"more-link\" href=\"https:\/\/blog.panrotas.com.br\/espaco-braztoa\/2018\/06\/15\/nova-lei-geral-do-turismo\/\">Continue reading &rarr;<\/a><\/p>\n","protected":false},"author":19,"featured_media":0,"comment_status":"open","ping_status":"open","sticky":false,"template":"","format":"standard","meta":{"spay_email":""},"categories":[2],"tags":[7,12,13,14,15,18,22],"yoast_head":"<!-- This site is optimized with the Yoast SEO plugin v17.3 - https:\/\/yoast.com\/wordpress\/plugins\/seo\/ -->\n<title>Nova Lei Geral do Turismo - Espa\u00e7o Braztoa<\/title>\n<meta name=\"robots\" content=\"index, follow, max-snippet:-1, max-image-preview:large, max-video-preview:-1\" \/>\n<link rel=\"canonical\" href=\"https:\/\/blog.panrotas.com.br\/espaco-braztoa\/2018\/06\/15\/nova-lei-geral-do-turismo\/\" \/>\n<meta property=\"og:locale\" content=\"pt_BR\" \/>\n<meta property=\"og:type\" content=\"article\" \/>\n<meta property=\"og:title\" content=\"Nova Lei Geral do Turismo - Espa\u00e7o Braztoa\" \/>\n<meta property=\"og:description\" content=\"Tomo a liberdade de usar este espa\u00e7o, para um conclame geral. Unirmos esfor\u00e7os em torno de um assunto de extrema relev\u00e2ncia e urg\u00eancia: o Projeto de Lei 2724\/2015, que trata da revis\u00e3o da Lei Geral do Turismo. A BRAZTOA, juntamente com a ABAV e CLIA, encaminhou proposta com altera\u00e7\u00f5es fundamentais para dar mais clareza ao&hellip; Continue reading &rarr;\" \/>\n<meta property=\"og:url\" content=\"https:\/\/blog.panrotas.com.br\/espaco-braztoa\/2018\/06\/15\/nova-lei-geral-do-turismo\/\" \/>\n<meta property=\"og:site_name\" content=\"Espa\u00e7o Braztoa\" \/>\n<meta property=\"article:published_time\" content=\"2018-06-15T16:56:23+00:00\" \/>\n<meta name=\"twitter:card\" content=\"summary_large_image\" \/>\n<meta name=\"twitter:label1\" content=\"Escrito por\" \/>\n\t<meta name=\"twitter:data1\" content=\"Magda Nassar\" \/>\n\t<meta name=\"twitter:label2\" content=\"Est. tempo de leitura\" \/>\n\t<meta name=\"twitter:data2\" content=\"2 minutos\" \/>\n<script type=\"application\/ld+json\" class=\"yoast-schema-graph\">{\"@context\":\"https:\/\/schema.org\",\"@graph\":[{\"@type\":\"WebSite\",\"@id\":\"https:\/\/blog.panrotas.com.br\/espaco-braztoa\/#website\",\"url\":\"https:\/\/blog.panrotas.com.br\/espaco-braztoa\/\",\"name\":\"Espa\\u00e7o Braztoa\",\"description\":\"Blogosfera PANROTAS\",\"potentialAction\":[{\"@type\":\"SearchAction\",\"target\":{\"@type\":\"EntryPoint\",\"urlTemplate\":\"https:\/\/blog.panrotas.com.br\/espaco-braztoa\/?s={search_term_string}\"},\"query-input\":\"required name=search_term_string\"}],\"inLanguage\":\"pt-BR\"},{\"@type\":\"WebPage\",\"@id\":\"https:\/\/blog.panrotas.com.br\/espaco-braztoa\/2018\/06\/15\/nova-lei-geral-do-turismo\/#webpage\",\"url\":\"https:\/\/blog.panrotas.com.br\/espaco-braztoa\/2018\/06\/15\/nova-lei-geral-do-turismo\/\",\"name\":\"Nova Lei Geral do Turismo - Espa\\u00e7o Braztoa\",\"isPartOf\":{\"@id\":\"https:\/\/blog.panrotas.com.br\/espaco-braztoa\/#website\"},\"datePublished\":\"2018-06-15T16:56:23+00:00\",\"dateModified\":\"2018-06-15T16:56:23+00:00\",\"author\":{\"@id\":\"https:\/\/blog.panrotas.com.br\/espaco-braztoa\/#\/schema\/person\/1310411d64f713935ec38651073409a5\"},\"breadcrumb\":{\"@id\":\"https:\/\/blog.panrotas.com.br\/espaco-braztoa\/2018\/06\/15\/nova-lei-geral-do-turismo\/#breadcrumb\"},\"inLanguage\":\"pt-BR\",\"potentialAction\":[{\"@type\":\"ReadAction\",\"target\":[\"https:\/\/blog.panrotas.com.br\/espaco-braztoa\/2018\/06\/15\/nova-lei-geral-do-turismo\/\"]}]},{\"@type\":\"BreadcrumbList\",\"@id\":\"https:\/\/blog.panrotas.com.br\/espaco-braztoa\/2018\/06\/15\/nova-lei-geral-do-turismo\/#breadcrumb\",\"itemListElement\":[{\"@type\":\"ListItem\",\"position\":1,\"name\":\"In\\u00edcio\",\"item\":\"https:\/\/blog.panrotas.com.br\/espaco-braztoa\/\"},{\"@type\":\"ListItem\",\"position\":2,\"name\":\"Nova Lei Geral do Turismo\"}]},{\"@type\":\"Person\",\"@id\":\"https:\/\/blog.panrotas.com.br\/espaco-braztoa\/#\/schema\/person\/1310411d64f713935ec38651073409a5\",\"name\":\"Magda Nassar\",\"image\":{\"@type\":\"ImageObject\",\"@id\":\"https:\/\/blog.panrotas.com.br\/espaco-braztoa\/#personlogo\",\"inLanguage\":\"pt-BR\",\"url\":\"https:\/\/secure.gravatar.com\/avatar\/2ca88acd235b28ac41995b1f99df6169?s=96&d=mm&r=g\",\"contentUrl\":\"https:\/\/secure.gravatar.com\/avatar\/2ca88acd235b28ac41995b1f99df6169?s=96&d=mm&r=g\",\"caption\":\"Magda Nassar\"},\"sameAs\":[\"http:\/\/blog.panrotas.com.br\/espaco-braztoa\"],\"url\":\"https:\/\/blog.panrotas.com.br\/espaco-braztoa\/author\/magda\/\"}]}<\/script>\n<!-- \/ Yoast SEO plugin. -->","yoast_head_json":{"title":"Nova Lei Geral do Turismo - Espa\u00e7o Braztoa","robots":{"index":"index","follow":"follow","max-snippet":"max-snippet:-1","max-image-preview":"max-image-preview:large","max-video-preview":"max-video-preview:-1"},"canonical":"https:\/\/blog.panrotas.com.br\/espaco-braztoa\/2018\/06\/15\/nova-lei-geral-do-turismo\/","og_locale":"pt_BR","og_type":"article","og_title":"Nova Lei Geral do Turismo - Espa\u00e7o Braztoa","og_description":"Tomo a liberdade de usar este espa\u00e7o, para um conclame geral. Unirmos esfor\u00e7os em torno de um assunto de extrema relev\u00e2ncia e urg\u00eancia: o Projeto de Lei 2724\/2015, que trata da revis\u00e3o da Lei Geral do Turismo. A BRAZTOA, juntamente com a ABAV e CLIA, encaminhou proposta com altera\u00e7\u00f5es fundamentais para dar mais clareza ao&hellip; Continue reading &rarr;","og_url":"https:\/\/blog.panrotas.com.br\/espaco-braztoa\/2018\/06\/15\/nova-lei-geral-do-turismo\/","og_site_name":"Espa\u00e7o Braztoa","article_published_time":"2018-06-15T16:56:23+00:00","twitter_card":"summary_large_image","twitter_misc":{"Escrito por":"Magda Nassar","Est. tempo de leitura":"2 minutos"},"schema":{"@context":"https:\/\/schema.org","@graph":[{"@type":"WebSite","@id":"https:\/\/blog.panrotas.com.br\/espaco-braztoa\/#website","url":"https:\/\/blog.panrotas.com.br\/espaco-braztoa\/","name":"Espa\u00e7o Braztoa","description":"Blogosfera PANROTAS","potentialAction":[{"@type":"SearchAction","target":{"@type":"EntryPoint","urlTemplate":"https:\/\/blog.panrotas.com.br\/espaco-braztoa\/?s={search_term_string}"},"query-input":"required name=search_term_string"}],"inLanguage":"pt-BR"},{"@type":"WebPage","@id":"https:\/\/blog.panrotas.com.br\/espaco-braztoa\/2018\/06\/15\/nova-lei-geral-do-turismo\/#webpage","url":"https:\/\/blog.panrotas.com.br\/espaco-braztoa\/2018\/06\/15\/nova-lei-geral-do-turismo\/","name":"Nova Lei Geral do Turismo - Espa\u00e7o Braztoa","isPartOf":{"@id":"https:\/\/blog.panrotas.com.br\/espaco-braztoa\/#website"},"datePublished":"2018-06-15T16:56:23+00:00","dateModified":"2018-06-15T16:56:23+00:00","author":{"@id":"https:\/\/blog.panrotas.com.br\/espaco-braztoa\/#\/schema\/person\/1310411d64f713935ec38651073409a5"},"breadcrumb":{"@id":"https:\/\/blog.panrotas.com.br\/espaco-braztoa\/2018\/06\/15\/nova-lei-geral-do-turismo\/#breadcrumb"},"inLanguage":"pt-BR","potentialAction":[{"@type":"ReadAction","target":["https:\/\/blog.panrotas.com.br\/espaco-braztoa\/2018\/06\/15\/nova-lei-geral-do-turismo\/"]}]},{"@type":"BreadcrumbList","@id":"https:\/\/blog.panrotas.com.br\/espaco-braztoa\/2018\/06\/15\/nova-lei-geral-do-turismo\/#breadcrumb","itemListElement":[{"@type":"ListItem","position":1,"name":"In\u00edcio","item":"https:\/\/blog.panrotas.com.br\/espaco-braztoa\/"},{"@type":"ListItem","position":2,"name":"Nova Lei Geral do Turismo"}]},{"@type":"Person","@id":"https:\/\/blog.panrotas.com.br\/espaco-braztoa\/#\/schema\/person\/1310411d64f713935ec38651073409a5","name":"Magda Nassar","image":{"@type":"ImageObject","@id":"https:\/\/blog.panrotas.com.br\/espaco-braztoa\/#personlogo","inLanguage":"pt-BR","url":"https:\/\/secure.gravatar.com\/avatar\/2ca88acd235b28ac41995b1f99df6169?s=96&d=mm&r=g","contentUrl":"https:\/\/secure.gravatar.com\/avatar\/2ca88acd235b28ac41995b1f99df6169?s=96&d=mm&r=g","caption":"Magda Nassar"},"sameAs":["http:\/\/blog.panrotas.com.br\/espaco-braztoa"],"url":"https:\/\/blog.panrotas.com.br\/espaco-braztoa\/author\/magda\/"}]}},"jetpack_featured_media_url":"","_links":{"self":[{"href":"https:\/\/blog.panrotas.com.br\/espaco-braztoa\/wp-json\/wp\/v2\/posts\/50"}],"collection":[{"href":"https:\/\/blog.panrotas.com.br\/espaco-braztoa\/wp-json\/wp\/v2\/posts"}],"about":[{"href":"https:\/\/blog.panrotas.com.br\/espaco-braztoa\/wp-json\/wp\/v2\/types\/post"}],"author":[{"embeddable":true,"href":"https:\/\/blog.panrotas.com.br\/espaco-braztoa\/wp-json\/wp\/v2\/users\/19"}],"replies":[{"embeddable":true,"href":"https:\/\/blog.panrotas.com.br\/espaco-braztoa\/wp-json\/wp\/v2\/comments?post=50"}],"version-history":[{"count":0,"href":"https:\/\/blog.panrotas.com.br\/espaco-braztoa\/wp-json\/wp\/v2\/posts\/50\/revisions"}],"wp:attachment":[{"href":"https:\/\/blog.panrotas.com.br\/espaco-braztoa\/wp-json\/wp\/v2\/media?parent=50"}],"wp:term":[{"taxonomy":"category","embeddable":true,"href":"https:\/\/blog.panrotas.com.br\/espaco-braztoa\/wp-json\/wp\/v2\/categories?post=50"},{"taxonomy":"post_tag","embeddable":true,"href":"https:\/\/blog.panrotas.com.br\/espaco-braztoa\/wp-json\/wp\/v2\/tags?post=50"}],"curies":[{"name":"wp","href":"https:\/\/api.w.org\/{rel}","templated":true}]}}