{"id":349,"date":"2017-04-06T16:04:06","date_gmt":"2017-04-06T19:04:06","guid":{"rendered":"http:\/\/blog.panrotas.com.br\/espacoabav\/?p=326"},"modified":"2017-04-06T16:04:06","modified_gmt":"2017-04-06T19:04:06","slug":"pelo-fim-da-bitributacao","status":"publish","type":"post","link":"https:\/\/blog.panrotas.com.br\/espacoabav\/2017\/04\/06\/pelo-fim-da-bitributacao\/","title":{"rendered":"Pelo fim da bitributa\u00e7\u00e3o"},"content":{"rendered":"<p>O Plen\u00e1rio do Senado aprovou ontem \u00a0a proibi\u00e7\u00e3o da cobran\u00e7a do Imposto Sobre Servi\u00e7os (ISS) incidindo sobre o valor total do pacote tur\u00edstico contratado em ag\u00eancias de viagens, o que nos deixa muito perto de mais uma suada conquista ap\u00f3s incont\u00e1veis idas e vindas a Bras\u00edlia.<\/p>\n<p>Inserido como um dos pleitos priorit\u00e1rios da agenda positiva que encaminhamos ao Governo Federal no ano passado, o ajuste\u00a0 na arrecada\u00e7\u00e3o do ISS determinar\u00e1 que a base de c\u00e1lculo do ISS para as ag\u00eancias de turismo seja exatamente o valor da receita, que se d\u00e1 por comiss\u00e3o paga pelo fornecedor , pelo valor agregado ao valor neto do fornecedor, ou ainda por taxas de servi\u00e7os cobradas pelos servi\u00e7os, em conformidade com a Lei do Turismo (art. 27, \u00a72.\u00ba da Lei n.\u00ba 11.771\/2008) e a Lei de Regulamenta\u00e7\u00e3o das Ag\u00eancias de Turismo (Lei n.\u00ba 12.974\/2014).<\/p>\n<p>Foram 64 votos favor\u00e1veis e nenhum contr\u00e1rio ao ajuste, que como ressaltou o senador Romero Juc\u00e1 (PMDB-RR) \u2013 com quem estive pessoalmente em Bras\u00edlia no \u00faltimo dia 20 de fevereiro &#8211; corrige injusti\u00e7as existentes na tributa\u00e7\u00e3o das empresas de turismo. Vale ressaltar aqui o seu pronunciamento a respeito: \u201cMuitas empresas fazem subcontrata\u00e7\u00e3o ou recontrata\u00e7\u00e3o de passagens, de hot\u00e9is e isso em tese estava entrando na base de c\u00e1lculo do pagamento do ISS, o que era injusto porque isso n\u00e3o \u00e9 receita para a ag\u00eancia. A ag\u00eancia fica apenas com a comiss\u00e3o, ent\u00e3o n\u00f3s estamos clarificando a legisla\u00e7\u00e3o exatamente para dar condi\u00e7\u00e3o que se cobre efetivamente o ISS sobre o ganho da ag\u00eancia\u201d.<\/p>\n<p>Vale ressaltar que o o\u00a0<a href=\"https:\/\/www25.senado.leg.br\/web\/atividade\/materias\/-\/materia\/101007\">PLS 388\/2011<\/a> que acaba de ser aprovado \u00e9 de autoria do ex-senador\u00a0 Rodrigo Rollemberg (PSB-DF). Na Comiss\u00e3o de Assuntos Econ\u00f4micos (CAE), o relator do projeto foi o senador <a href=\"http:\/\/www12.senado.leg.br\/noticias\/materias\/2017\/04\/05\/senado-aprova-novo-calculo-do-iss-para-agencias-de-turismo\">Ronaldo Caiado (DEM-GO)<\/a>, que tamb\u00e9m foi certeiro na argumenta\u00e7\u00e3o. \u201cEstavam penalizando todas as ag\u00eancias de viagem no Brasil. Estavam querendo cobrar o ISS sobre todo o valor das viagens, dos traslados, das di\u00e1rias, o que \u00e9 uma injusti\u00e7a enorme. Esse projeto resgata a incid\u00eancia do ISS exclusivamente sobre aquilo que \u00e9 o servi\u00e7o da ag\u00eancia\u201d.<\/p>\n<p>Agora \u00e9 esperar que tamb\u00e9m a C\u00e2mara dos Deputados atente para essa urgente corre\u00e7\u00e3o e, por fim, pela san\u00e7\u00e3o do presidente Michel Temer.<\/p>\n","protected":false},"excerpt":{"rendered":"<p>O Plen\u00e1rio do Senado aprovou ontem \u00a0a proibi\u00e7\u00e3o da cobran\u00e7a do Imposto Sobre Servi\u00e7os (ISS) incidindo sobre o valor total do pacote tur\u00edstico contratado em ag\u00eancias de viagens, o que nos deixa muito perto de mais uma suada conquista ap\u00f3s incont\u00e1veis idas e vindas a Bras\u00edlia. Inserido como um dos pleitos priorit\u00e1rios da agenda positiva&hellip; <a class=\"more-link\" href=\"https:\/\/blog.panrotas.com.br\/espacoabav\/2017\/04\/06\/pelo-fim-da-bitributacao\/\">Continue reading &rarr;<\/a><\/p>\n","protected":false},"author":18,"featured_media":333,"comment_status":"open","ping_status":"open","sticky":false,"template":"","format":"standard","meta":{"spay_email":""},"categories":[1],"tags":[],"yoast_head":"<!-- This site is optimized with the Yoast SEO plugin v17.3 - https:\/\/yoast.com\/wordpress\/plugins\/seo\/ -->\n<title>Pelo fim da bitributa\u00e7\u00e3o - Espa\u00e7o Abav<\/title>\n<meta name=\"robots\" content=\"index, follow, max-snippet:-1, max-image-preview:large, max-video-preview:-1\" \/>\n<link rel=\"canonical\" href=\"https:\/\/blog.panrotas.com.br\/espacoabav\/2017\/04\/06\/pelo-fim-da-bitributacao\/\" \/>\n<meta property=\"og:locale\" content=\"pt_BR\" \/>\n<meta property=\"og:type\" content=\"article\" \/>\n<meta property=\"og:title\" content=\"Pelo fim da bitributa\u00e7\u00e3o - Espa\u00e7o Abav\" \/>\n<meta property=\"og:description\" content=\"O Plen\u00e1rio do Senado aprovou ontem \u00a0a proibi\u00e7\u00e3o da cobran\u00e7a do Imposto Sobre Servi\u00e7os (ISS) incidindo sobre o valor total do pacote tur\u00edstico contratado em ag\u00eancias de viagens, o que nos deixa muito perto de mais uma suada conquista ap\u00f3s incont\u00e1veis idas e vindas a Bras\u00edlia. Inserido como um dos pleitos priorit\u00e1rios da agenda positiva&hellip; Continue reading &rarr;\" \/>\n<meta property=\"og:url\" content=\"https:\/\/blog.panrotas.com.br\/espacoabav\/2017\/04\/06\/pelo-fim-da-bitributacao\/\" \/>\n<meta property=\"og:site_name\" content=\"Espa\u00e7o Abav\" \/>\n<meta property=\"article:published_time\" content=\"2017-04-06T19:04:06+00:00\" \/>\n<meta property=\"og:image\" content=\"https:\/\/blog.panrotas.com.br\/espacoabav\/wp-content\/uploads\/sites\/15\/2017\/04\/imagem_materia.jpg\" \/>\n\t<meta property=\"og:image:width\" content=\"448\" \/>\n\t<meta property=\"og:image:height\" content=\"297\" \/>\n<meta name=\"twitter:card\" content=\"summary_large_image\" \/>\n<meta name=\"twitter:label1\" content=\"Escrito por\" \/>\n\t<meta name=\"twitter:data1\" content=\"Ana Carolina\" \/>\n\t<meta name=\"twitter:label2\" content=\"Est. tempo de leitura\" \/>\n\t<meta name=\"twitter:data2\" content=\"2 minutos\" \/>\n<script type=\"application\/ld+json\" class=\"yoast-schema-graph\">{\"@context\":\"https:\/\/schema.org\",\"@graph\":[{\"@type\":\"WebSite\",\"@id\":\"https:\/\/blog.panrotas.com.br\/espacoabav\/#website\",\"url\":\"https:\/\/blog.panrotas.com.br\/espacoabav\/\",\"name\":\"Espa\\u00e7o Abav\",\"description\":\"Blogosfera PANROTAS\",\"potentialAction\":[{\"@type\":\"SearchAction\",\"target\":{\"@type\":\"EntryPoint\",\"urlTemplate\":\"https:\/\/blog.panrotas.com.br\/espacoabav\/?s={search_term_string}\"},\"query-input\":\"required name=search_term_string\"}],\"inLanguage\":\"pt-BR\"},{\"@type\":\"ImageObject\",\"@id\":\"https:\/\/blog.panrotas.com.br\/espacoabav\/2017\/04\/06\/pelo-fim-da-bitributacao\/#primaryimage\",\"inLanguage\":\"pt-BR\",\"url\":\"https:\/\/blog.panrotas.com.br\/espacoabav\/wp-content\/uploads\/sites\/15\/2017\/04\/imagem_materia.jpg\",\"contentUrl\":\"https:\/\/blog.panrotas.com.br\/espacoabav\/wp-content\/uploads\/sites\/15\/2017\/04\/imagem_materia.jpg\",\"width\":448,\"height\":297,\"caption\":\"Senador Ronaldo Caiado, relator do projeto na Comiss\\u00e3o de Assuntos Econ\\u00f4micos Imagem: Jefferson Rudy\/Ag\\u00eancia Senado\"},{\"@type\":\"WebPage\",\"@id\":\"https:\/\/blog.panrotas.com.br\/espacoabav\/2017\/04\/06\/pelo-fim-da-bitributacao\/#webpage\",\"url\":\"https:\/\/blog.panrotas.com.br\/espacoabav\/2017\/04\/06\/pelo-fim-da-bitributacao\/\",\"name\":\"Pelo fim da bitributa\\u00e7\\u00e3o - Espa\\u00e7o Abav\",\"isPartOf\":{\"@id\":\"https:\/\/blog.panrotas.com.br\/espacoabav\/#website\"},\"primaryImageOfPage\":{\"@id\":\"https:\/\/blog.panrotas.com.br\/espacoabav\/2017\/04\/06\/pelo-fim-da-bitributacao\/#primaryimage\"},\"datePublished\":\"2017-04-06T19:04:06+00:00\",\"dateModified\":\"2017-04-06T19:04:06+00:00\",\"author\":{\"@id\":\"https:\/\/blog.panrotas.com.br\/espacoabav\/#\/schema\/person\/8be88e9c53dee2facf05ee854035c8f7\"},\"breadcrumb\":{\"@id\":\"https:\/\/blog.panrotas.com.br\/espacoabav\/2017\/04\/06\/pelo-fim-da-bitributacao\/#breadcrumb\"},\"inLanguage\":\"pt-BR\",\"potentialAction\":[{\"@type\":\"ReadAction\",\"target\":[\"https:\/\/blog.panrotas.com.br\/espacoabav\/2017\/04\/06\/pelo-fim-da-bitributacao\/\"]}]},{\"@type\":\"BreadcrumbList\",\"@id\":\"https:\/\/blog.panrotas.com.br\/espacoabav\/2017\/04\/06\/pelo-fim-da-bitributacao\/#breadcrumb\",\"itemListElement\":[{\"@type\":\"ListItem\",\"position\":1,\"name\":\"In\\u00edcio\",\"item\":\"https:\/\/blog.panrotas.com.br\/espacoabav\/\"},{\"@type\":\"ListItem\",\"position\":2,\"name\":\"Pelo fim da bitributa\\u00e7\\u00e3o\"}]},{\"@type\":\"Person\",\"@id\":\"https:\/\/blog.panrotas.com.br\/espacoabav\/#\/schema\/person\/8be88e9c53dee2facf05ee854035c8f7\",\"name\":\"Ana Carolina\",\"image\":{\"@type\":\"ImageObject\",\"@id\":\"https:\/\/blog.panrotas.com.br\/espacoabav\/#personlogo\",\"inLanguage\":\"pt-BR\",\"url\":\"https:\/\/secure.gravatar.com\/avatar\/aff2c8b7c1231ba9b94e0598335af0cc?s=96&d=mm&r=g\",\"contentUrl\":\"https:\/\/secure.gravatar.com\/avatar\/aff2c8b7c1231ba9b94e0598335af0cc?s=96&d=mm&r=g\",\"caption\":\"Ana Carolina\"},\"description\":\"Edmar Bull, diretor-presidente do Grupo Copastur, foi co-fundador do FAVECC, presidente do Conselho de Administra\\u00e7\\u00e3o da Abracorp e dirigente da ABAV-SP por 12 anos. Eleito por aclama\\u00e7\\u00e3o em dezembro de 2015, \\u00e9 o atual presidente da ABAV Nacional.\",\"sameAs\":[\"http:\/\/www.abav.com.br\"],\"url\":\"https:\/\/blog.panrotas.com.br\/espacoabav\/author\/edmar\/\"}]}<\/script>\n<!-- \/ Yoast SEO plugin. -->","yoast_head_json":{"title":"Pelo fim da bitributa\u00e7\u00e3o - Espa\u00e7o Abav","robots":{"index":"index","follow":"follow","max-snippet":"max-snippet:-1","max-image-preview":"max-image-preview:large","max-video-preview":"max-video-preview:-1"},"canonical":"https:\/\/blog.panrotas.com.br\/espacoabav\/2017\/04\/06\/pelo-fim-da-bitributacao\/","og_locale":"pt_BR","og_type":"article","og_title":"Pelo fim da bitributa\u00e7\u00e3o - Espa\u00e7o Abav","og_description":"O Plen\u00e1rio do Senado aprovou ontem \u00a0a proibi\u00e7\u00e3o da cobran\u00e7a do Imposto Sobre Servi\u00e7os (ISS) incidindo sobre o valor total do pacote tur\u00edstico contratado em ag\u00eancias de viagens, o que nos deixa muito perto de mais uma suada conquista ap\u00f3s incont\u00e1veis idas e vindas a Bras\u00edlia. Inserido como um dos pleitos priorit\u00e1rios da agenda positiva&hellip; Continue reading &rarr;","og_url":"https:\/\/blog.panrotas.com.br\/espacoabav\/2017\/04\/06\/pelo-fim-da-bitributacao\/","og_site_name":"Espa\u00e7o Abav","article_published_time":"2017-04-06T19:04:06+00:00","og_image":[{"width":448,"height":297,"url":"https:\/\/blog.panrotas.com.br\/espacoabav\/wp-content\/uploads\/sites\/15\/2017\/04\/imagem_materia.jpg","type":"image\/jpeg"}],"twitter_card":"summary_large_image","twitter_misc":{"Escrito por":"Ana Carolina","Est. tempo de leitura":"2 minutos"},"schema":{"@context":"https:\/\/schema.org","@graph":[{"@type":"WebSite","@id":"https:\/\/blog.panrotas.com.br\/espacoabav\/#website","url":"https:\/\/blog.panrotas.com.br\/espacoabav\/","name":"Espa\u00e7o Abav","description":"Blogosfera PANROTAS","potentialAction":[{"@type":"SearchAction","target":{"@type":"EntryPoint","urlTemplate":"https:\/\/blog.panrotas.com.br\/espacoabav\/?s={search_term_string}"},"query-input":"required name=search_term_string"}],"inLanguage":"pt-BR"},{"@type":"ImageObject","@id":"https:\/\/blog.panrotas.com.br\/espacoabav\/2017\/04\/06\/pelo-fim-da-bitributacao\/#primaryimage","inLanguage":"pt-BR","url":"https:\/\/blog.panrotas.com.br\/espacoabav\/wp-content\/uploads\/sites\/15\/2017\/04\/imagem_materia.jpg","contentUrl":"https:\/\/blog.panrotas.com.br\/espacoabav\/wp-content\/uploads\/sites\/15\/2017\/04\/imagem_materia.jpg","width":448,"height":297,"caption":"Senador Ronaldo Caiado, relator do projeto na Comiss\u00e3o de Assuntos Econ\u00f4micos Imagem: Jefferson Rudy\/Ag\u00eancia Senado"},{"@type":"WebPage","@id":"https:\/\/blog.panrotas.com.br\/espacoabav\/2017\/04\/06\/pelo-fim-da-bitributacao\/#webpage","url":"https:\/\/blog.panrotas.com.br\/espacoabav\/2017\/04\/06\/pelo-fim-da-bitributacao\/","name":"Pelo fim da bitributa\u00e7\u00e3o - Espa\u00e7o Abav","isPartOf":{"@id":"https:\/\/blog.panrotas.com.br\/espacoabav\/#website"},"primaryImageOfPage":{"@id":"https:\/\/blog.panrotas.com.br\/espacoabav\/2017\/04\/06\/pelo-fim-da-bitributacao\/#primaryimage"},"datePublished":"2017-04-06T19:04:06+00:00","dateModified":"2017-04-06T19:04:06+00:00","author":{"@id":"https:\/\/blog.panrotas.com.br\/espacoabav\/#\/schema\/person\/8be88e9c53dee2facf05ee854035c8f7"},"breadcrumb":{"@id":"https:\/\/blog.panrotas.com.br\/espacoabav\/2017\/04\/06\/pelo-fim-da-bitributacao\/#breadcrumb"},"inLanguage":"pt-BR","potentialAction":[{"@type":"ReadAction","target":["https:\/\/blog.panrotas.com.br\/espacoabav\/2017\/04\/06\/pelo-fim-da-bitributacao\/"]}]},{"@type":"BreadcrumbList","@id":"https:\/\/blog.panrotas.com.br\/espacoabav\/2017\/04\/06\/pelo-fim-da-bitributacao\/#breadcrumb","itemListElement":[{"@type":"ListItem","position":1,"name":"In\u00edcio","item":"https:\/\/blog.panrotas.com.br\/espacoabav\/"},{"@type":"ListItem","position":2,"name":"Pelo fim da bitributa\u00e7\u00e3o"}]},{"@type":"Person","@id":"https:\/\/blog.panrotas.com.br\/espacoabav\/#\/schema\/person\/8be88e9c53dee2facf05ee854035c8f7","name":"Ana Carolina","image":{"@type":"ImageObject","@id":"https:\/\/blog.panrotas.com.br\/espacoabav\/#personlogo","inLanguage":"pt-BR","url":"https:\/\/secure.gravatar.com\/avatar\/aff2c8b7c1231ba9b94e0598335af0cc?s=96&d=mm&r=g","contentUrl":"https:\/\/secure.gravatar.com\/avatar\/aff2c8b7c1231ba9b94e0598335af0cc?s=96&d=mm&r=g","caption":"Ana Carolina"},"description":"Edmar Bull, diretor-presidente do Grupo Copastur, foi co-fundador do FAVECC, presidente do Conselho de Administra\u00e7\u00e3o da Abracorp e dirigente da ABAV-SP por 12 anos. Eleito por aclama\u00e7\u00e3o em dezembro de 2015, \u00e9 o atual presidente da ABAV Nacional.","sameAs":["http:\/\/www.abav.com.br"],"url":"https:\/\/blog.panrotas.com.br\/espacoabav\/author\/edmar\/"}]}},"jetpack_featured_media_url":"https:\/\/blog.panrotas.com.br\/espacoabav\/wp-content\/uploads\/sites\/15\/2017\/04\/imagem_materia.jpg","_links":{"self":[{"href":"https:\/\/blog.panrotas.com.br\/espacoabav\/wp-json\/wp\/v2\/posts\/349"}],"collection":[{"href":"https:\/\/blog.panrotas.com.br\/espacoabav\/wp-json\/wp\/v2\/posts"}],"about":[{"href":"https:\/\/blog.panrotas.com.br\/espacoabav\/wp-json\/wp\/v2\/types\/post"}],"author":[{"embeddable":true,"href":"https:\/\/blog.panrotas.com.br\/espacoabav\/wp-json\/wp\/v2\/users\/18"}],"replies":[{"embeddable":true,"href":"https:\/\/blog.panrotas.com.br\/espacoabav\/wp-json\/wp\/v2\/comments?post=349"}],"version-history":[{"count":0,"href":"https:\/\/blog.panrotas.com.br\/espacoabav\/wp-json\/wp\/v2\/posts\/349\/revisions"}],"wp:featuredmedia":[{"embeddable":true,"href":"https:\/\/blog.panrotas.com.br\/espacoabav\/wp-json\/wp\/v2\/media\/333"}],"wp:attachment":[{"href":"https:\/\/blog.panrotas.com.br\/espacoabav\/wp-json\/wp\/v2\/media?parent=349"}],"wp:term":[{"taxonomy":"category","embeddable":true,"href":"https:\/\/blog.panrotas.com.br\/espacoabav\/wp-json\/wp\/v2\/categories?post=349"},{"taxonomy":"post_tag","embeddable":true,"href":"https:\/\/blog.panrotas.com.br\/espacoabav\/wp-json\/wp\/v2\/tags?post=349"}],"curies":[{"name":"wp","href":"https:\/\/api.w.org\/{rel}","templated":true}]}}