{"id":1011,"date":"2015-12-09T15:53:49","date_gmt":"2015-12-09T17:53:49","guid":{"rendered":"http:\/\/blog.panrotas.com.br\/espacoabracorp\/?p=1011"},"modified":"2015-12-09T15:53:49","modified_gmt":"2015-12-09T17:53:49","slug":"o-futuro-esta-em-nossas-maos","status":"publish","type":"post","link":"https:\/\/blog.panrotas.com.br\/espacoabracorp\/2015\/12\/09\/o-futuro-esta-em-nossas-maos\/","title":{"rendered":"O futuro est\u00e1 em nossas m\u00e3os"},"content":{"rendered":"<p class=\"western\">Na conven\u00e7\u00e3o de final do ano da Abracorp, realizada de 4 a 6 de dezembro, no Transam\u00e9rica Comandatuba, com apoio da Gol e da Localiza, pautamos a Revis\u00e3o das Estrat\u00e9gias e Planos para 2016.<\/p>\n<p class=\"western\">O debate contemplou, al\u00e9m da an\u00e1lise retrospectiva das principais realiza\u00e7\u00f5es da entidade, a avalia\u00e7\u00e3o de dados setoriais que, do mesmo modo, fundamentam a conclus\u00e3o de que a nossa uni\u00e3o de prop\u00f3sitos \u00e9 o que nos direciona rumo \u00e0 supera\u00e7\u00e3o de novos desafios.<\/p>\n<p class=\"western\">Ao investir em a\u00e7\u00f5es de coopera\u00e7\u00e3o e fortalecimento do associativismo, por meio do interc\u00e2mbio de informa\u00e7\u00f5es e com foco constante na miss\u00e3o da Abracorp, que \u00e9 ser refer\u00eancia na ind\u00fastria de viagens corporativas, promovendo seu desenvolvimento, avan\u00e7amos na conquista da crescente valoriza\u00e7\u00e3o dos servi\u00e7os que prestamos aos clientes, com a singularidade caracter\u00edstica de quem proporciona atendimento qualificado e relevante, em detrimento da concorr\u00eancia predat\u00f3ria e autodestrutiva.<\/p>\n<p class=\"western\">Diante das adversidades conjunturais e estruturais que prejudicam o desenvolvimento sustent\u00e1vel do nosso pa\u00eds, agravadas em raz\u00e3o do cen\u00e1rio de crise pol\u00edtica, est\u00e1 em nossas m\u00e3os a escolha das estrat\u00e9gias que resultem em ganhos de competitividade.<\/p>\n<p class=\"western\">Nos pr\u00f3ximos meses, daremos in\u00edcio a uma nova etapa, na qual o trabalho e o empenho de todos ser\u00e3o priorizados, visando a realiza\u00e7\u00e3o de novos projetos e a\u00e7\u00f5es de interesse coletivo.<\/p>\n<p class=\"western\"><strong>Edmar Bull<\/strong><\/p>\n<p class=\"western\"><strong>Presidente de Conselho de Administra\u00e7\u00e3o da Abracorp<\/strong><\/p>\n","protected":false},"excerpt":{"rendered":"<p>Na conven\u00e7\u00e3o de final do ano da Abracorp, realizada de 4 a 6 de dezembro, no Transam\u00e9rica Comandatuba, com apoio da Gol e da Localiza, pautamos a Revis\u00e3o das Estrat\u00e9gias e Planos para 2016. O debate contemplou, al\u00e9m da an\u00e1lise retrospectiva das principais realiza\u00e7\u00f5es da entidade, a avalia\u00e7\u00e3o de dados setoriais que, do mesmo modo,&hellip; <a class=\"more-link\" href=\"https:\/\/blog.panrotas.com.br\/espacoabracorp\/2015\/12\/09\/o-futuro-esta-em-nossas-maos\/\">Continue reading &rarr;<\/a><\/p>\n","protected":false},"author":27,"featured_media":0,"comment_status":"open","ping_status":"open","sticky":false,"template":"","format":"standard","meta":{"spay_email":""},"categories":[3],"tags":[],"yoast_head":"<!-- This site is optimized with the Yoast SEO plugin v17.3 - https:\/\/yoast.com\/wordpress\/plugins\/seo\/ -->\n<title>O futuro est\u00e1 em nossas m\u00e3os - Espa\u00e7o Abracorp<\/title>\n<meta name=\"robots\" content=\"index, follow, max-snippet:-1, max-image-preview:large, max-video-preview:-1\" \/>\n<link rel=\"canonical\" href=\"https:\/\/blog.panrotas.com.br\/espacoabracorp\/2015\/12\/09\/o-futuro-esta-em-nossas-maos\/\" \/>\n<meta property=\"og:locale\" content=\"pt_BR\" \/>\n<meta property=\"og:type\" content=\"article\" \/>\n<meta property=\"og:title\" content=\"O futuro est\u00e1 em nossas m\u00e3os - Espa\u00e7o Abracorp\" \/>\n<meta property=\"og:description\" content=\"Na conven\u00e7\u00e3o de final do ano da Abracorp, realizada de 4 a 6 de dezembro, no Transam\u00e9rica Comandatuba, com apoio da Gol e da Localiza, pautamos a Revis\u00e3o das Estrat\u00e9gias e Planos para 2016. O debate contemplou, al\u00e9m da an\u00e1lise retrospectiva das principais realiza\u00e7\u00f5es da entidade, a avalia\u00e7\u00e3o de dados setoriais que, do mesmo modo,&hellip; Continue reading &rarr;\" \/>\n<meta property=\"og:url\" content=\"https:\/\/blog.panrotas.com.br\/espacoabracorp\/2015\/12\/09\/o-futuro-esta-em-nossas-maos\/\" \/>\n<meta property=\"og:site_name\" content=\"Espa\u00e7o Abracorp\" \/>\n<meta property=\"article:published_time\" content=\"2015-12-09T17:53:49+00:00\" \/>\n<meta name=\"twitter:card\" content=\"summary_large_image\" \/>\n<meta name=\"twitter:label1\" content=\"Escrito por\" \/>\n\t<meta name=\"twitter:data1\" content=\"Abracorp\" \/>\n\t<meta name=\"twitter:label2\" content=\"Est. tempo de leitura\" \/>\n\t<meta name=\"twitter:data2\" content=\"1 minuto\" \/>\n<script type=\"application\/ld+json\" class=\"yoast-schema-graph\">{\"@context\":\"https:\/\/schema.org\",\"@graph\":[{\"@type\":\"WebSite\",\"@id\":\"https:\/\/blog.panrotas.com.br\/espacoabracorp\/#website\",\"url\":\"https:\/\/blog.panrotas.com.br\/espacoabracorp\/\",\"name\":\"Espa\\u00e7o Abracorp\",\"description\":\"Blogosfera PANROTAS\",\"potentialAction\":[{\"@type\":\"SearchAction\",\"target\":{\"@type\":\"EntryPoint\",\"urlTemplate\":\"https:\/\/blog.panrotas.com.br\/espacoabracorp\/?s={search_term_string}\"},\"query-input\":\"required name=search_term_string\"}],\"inLanguage\":\"pt-BR\"},{\"@type\":\"WebPage\",\"@id\":\"https:\/\/blog.panrotas.com.br\/espacoabracorp\/2015\/12\/09\/o-futuro-esta-em-nossas-maos\/#webpage\",\"url\":\"https:\/\/blog.panrotas.com.br\/espacoabracorp\/2015\/12\/09\/o-futuro-esta-em-nossas-maos\/\",\"name\":\"O futuro est\\u00e1 em nossas m\\u00e3os - Espa\\u00e7o Abracorp\",\"isPartOf\":{\"@id\":\"https:\/\/blog.panrotas.com.br\/espacoabracorp\/#website\"},\"datePublished\":\"2015-12-09T17:53:49+00:00\",\"dateModified\":\"2015-12-09T17:53:49+00:00\",\"author\":{\"@id\":\"https:\/\/blog.panrotas.com.br\/espacoabracorp\/#\/schema\/person\/c61095cb4ad58385b600360e86edcc70\"},\"breadcrumb\":{\"@id\":\"https:\/\/blog.panrotas.com.br\/espacoabracorp\/2015\/12\/09\/o-futuro-esta-em-nossas-maos\/#breadcrumb\"},\"inLanguage\":\"pt-BR\",\"potentialAction\":[{\"@type\":\"ReadAction\",\"target\":[\"https:\/\/blog.panrotas.com.br\/espacoabracorp\/2015\/12\/09\/o-futuro-esta-em-nossas-maos\/\"]}]},{\"@type\":\"BreadcrumbList\",\"@id\":\"https:\/\/blog.panrotas.com.br\/espacoabracorp\/2015\/12\/09\/o-futuro-esta-em-nossas-maos\/#breadcrumb\",\"itemListElement\":[{\"@type\":\"ListItem\",\"position\":1,\"name\":\"In\\u00edcio\",\"item\":\"https:\/\/blog.panrotas.com.br\/espacoabracorp\/\"},{\"@type\":\"ListItem\",\"position\":2,\"name\":\"O futuro est\\u00e1 em nossas m\\u00e3os\"}]},{\"@type\":\"Person\",\"@id\":\"https:\/\/blog.panrotas.com.br\/espacoabracorp\/#\/schema\/person\/c61095cb4ad58385b600360e86edcc70\",\"name\":\"Abracorp\",\"image\":{\"@type\":\"ImageObject\",\"@id\":\"https:\/\/blog.panrotas.com.br\/espacoabracorp\/#personlogo\",\"inLanguage\":\"pt-BR\",\"url\":\"https:\/\/secure.gravatar.com\/avatar\/7b0b250396075df2cb7378540ccff9ce?s=96&d=mm&r=g\",\"contentUrl\":\"https:\/\/secure.gravatar.com\/avatar\/7b0b250396075df2cb7378540ccff9ce?s=96&d=mm&r=g\",\"caption\":\"Abracorp\"},\"url\":\"https:\/\/blog.panrotas.com.br\/espacoabracorp\/author\/luiz\/\"}]}<\/script>\n<!-- \/ Yoast SEO plugin. -->","yoast_head_json":{"title":"O futuro est\u00e1 em nossas m\u00e3os - Espa\u00e7o Abracorp","robots":{"index":"index","follow":"follow","max-snippet":"max-snippet:-1","max-image-preview":"max-image-preview:large","max-video-preview":"max-video-preview:-1"},"canonical":"https:\/\/blog.panrotas.com.br\/espacoabracorp\/2015\/12\/09\/o-futuro-esta-em-nossas-maos\/","og_locale":"pt_BR","og_type":"article","og_title":"O futuro est\u00e1 em nossas m\u00e3os - Espa\u00e7o Abracorp","og_description":"Na conven\u00e7\u00e3o de final do ano da Abracorp, realizada de 4 a 6 de dezembro, no Transam\u00e9rica Comandatuba, com apoio da Gol e da Localiza, pautamos a Revis\u00e3o das Estrat\u00e9gias e Planos para 2016. O debate contemplou, al\u00e9m da an\u00e1lise retrospectiva das principais realiza\u00e7\u00f5es da entidade, a avalia\u00e7\u00e3o de dados setoriais que, do mesmo modo,&hellip; Continue reading &rarr;","og_url":"https:\/\/blog.panrotas.com.br\/espacoabracorp\/2015\/12\/09\/o-futuro-esta-em-nossas-maos\/","og_site_name":"Espa\u00e7o Abracorp","article_published_time":"2015-12-09T17:53:49+00:00","twitter_card":"summary_large_image","twitter_misc":{"Escrito por":"Abracorp","Est. tempo de leitura":"1 minuto"},"schema":{"@context":"https:\/\/schema.org","@graph":[{"@type":"WebSite","@id":"https:\/\/blog.panrotas.com.br\/espacoabracorp\/#website","url":"https:\/\/blog.panrotas.com.br\/espacoabracorp\/","name":"Espa\u00e7o Abracorp","description":"Blogosfera PANROTAS","potentialAction":[{"@type":"SearchAction","target":{"@type":"EntryPoint","urlTemplate":"https:\/\/blog.panrotas.com.br\/espacoabracorp\/?s={search_term_string}"},"query-input":"required name=search_term_string"}],"inLanguage":"pt-BR"},{"@type":"WebPage","@id":"https:\/\/blog.panrotas.com.br\/espacoabracorp\/2015\/12\/09\/o-futuro-esta-em-nossas-maos\/#webpage","url":"https:\/\/blog.panrotas.com.br\/espacoabracorp\/2015\/12\/09\/o-futuro-esta-em-nossas-maos\/","name":"O futuro est\u00e1 em nossas m\u00e3os - Espa\u00e7o Abracorp","isPartOf":{"@id":"https:\/\/blog.panrotas.com.br\/espacoabracorp\/#website"},"datePublished":"2015-12-09T17:53:49+00:00","dateModified":"2015-12-09T17:53:49+00:00","author":{"@id":"https:\/\/blog.panrotas.com.br\/espacoabracorp\/#\/schema\/person\/c61095cb4ad58385b600360e86edcc70"},"breadcrumb":{"@id":"https:\/\/blog.panrotas.com.br\/espacoabracorp\/2015\/12\/09\/o-futuro-esta-em-nossas-maos\/#breadcrumb"},"inLanguage":"pt-BR","potentialAction":[{"@type":"ReadAction","target":["https:\/\/blog.panrotas.com.br\/espacoabracorp\/2015\/12\/09\/o-futuro-esta-em-nossas-maos\/"]}]},{"@type":"BreadcrumbList","@id":"https:\/\/blog.panrotas.com.br\/espacoabracorp\/2015\/12\/09\/o-futuro-esta-em-nossas-maos\/#breadcrumb","itemListElement":[{"@type":"ListItem","position":1,"name":"In\u00edcio","item":"https:\/\/blog.panrotas.com.br\/espacoabracorp\/"},{"@type":"ListItem","position":2,"name":"O futuro est\u00e1 em nossas m\u00e3os"}]},{"@type":"Person","@id":"https:\/\/blog.panrotas.com.br\/espacoabracorp\/#\/schema\/person\/c61095cb4ad58385b600360e86edcc70","name":"Abracorp","image":{"@type":"ImageObject","@id":"https:\/\/blog.panrotas.com.br\/espacoabracorp\/#personlogo","inLanguage":"pt-BR","url":"https:\/\/secure.gravatar.com\/avatar\/7b0b250396075df2cb7378540ccff9ce?s=96&d=mm&r=g","contentUrl":"https:\/\/secure.gravatar.com\/avatar\/7b0b250396075df2cb7378540ccff9ce?s=96&d=mm&r=g","caption":"Abracorp"},"url":"https:\/\/blog.panrotas.com.br\/espacoabracorp\/author\/luiz\/"}]}},"jetpack_featured_media_url":"","_links":{"self":[{"href":"https:\/\/blog.panrotas.com.br\/espacoabracorp\/wp-json\/wp\/v2\/posts\/1011"}],"collection":[{"href":"https:\/\/blog.panrotas.com.br\/espacoabracorp\/wp-json\/wp\/v2\/posts"}],"about":[{"href":"https:\/\/blog.panrotas.com.br\/espacoabracorp\/wp-json\/wp\/v2\/types\/post"}],"author":[{"embeddable":true,"href":"https:\/\/blog.panrotas.com.br\/espacoabracorp\/wp-json\/wp\/v2\/users\/27"}],"replies":[{"embeddable":true,"href":"https:\/\/blog.panrotas.com.br\/espacoabracorp\/wp-json\/wp\/v2\/comments?post=1011"}],"version-history":[{"count":0,"href":"https:\/\/blog.panrotas.com.br\/espacoabracorp\/wp-json\/wp\/v2\/posts\/1011\/revisions"}],"wp:attachment":[{"href":"https:\/\/blog.panrotas.com.br\/espacoabracorp\/wp-json\/wp\/v2\/media?parent=1011"}],"wp:term":[{"taxonomy":"category","embeddable":true,"href":"https:\/\/blog.panrotas.com.br\/espacoabracorp\/wp-json\/wp\/v2\/categories?post=1011"},{"taxonomy":"post_tag","embeddable":true,"href":"https:\/\/blog.panrotas.com.br\/espacoabracorp\/wp-json\/wp\/v2\/tags?post=1011"}],"curies":[{"name":"wp","href":"https:\/\/api.w.org\/{rel}","templated":true}]}}