{"id":1016,"date":"2015-12-24T16:55:46","date_gmt":"2015-12-24T18:55:46","guid":{"rendered":"http:\/\/blog.panrotas.com.br\/espacoabracorp\/?p=1016"},"modified":"2015-12-24T16:55:46","modified_gmt":"2015-12-24T18:55:46","slug":"feliz-ano-novo","status":"publish","type":"post","link":"https:\/\/blog.panrotas.com.br\/espacoabracorp\/2015\/12\/24\/feliz-ano-novo\/","title":{"rendered":"Feliz Ano Novo"},"content":{"rendered":"<p style=\"text-align: justify\">\u00c9 com a certeza do dever cumprido que oficializo minha licen\u00e7a da presid\u00eancia do\u00a0Conselho\u00a0de Administra\u00e7\u00e3o da Abracorp, a partir do dia 1\u00ba de janeiro de 2016, que\u00a0passar\u00e1 a ser ocupada pelo nosso colega Rubens Schwartzmann, em raz\u00e3o da minha elei\u00e7\u00e3o \u00e0\u00a0presid\u00eancia\u00a0na ABAV Nacional.<\/p>\n<p style=\"text-align: justify\" align=\"JUSTIFY\">Aproveito a oportunidade para agradecer o apoio e as in\u00fameras contribui\u00e7\u00f5es de todos, destacando o desprendimento e a dedica\u00e7\u00e3o dos participantes dos Comit\u00eas da Abracorp, especialmente \u00e0queles que nos \u00faltimos doze meses desempenharam a\u00e7\u00f5es \u00e0 frente do Comit\u00ea de Produtos, Comit\u00ea MICE e Comit\u00ea de Desenvolvimento Humano.<\/p>\n<p style=\"text-align: justify\" align=\"JUSTIFY\">Por \u00faltimo, mas n\u00e3o menos importante, registro tamb\u00e9m a minha gratid\u00e3o \u00e0 equipe Abracorp e aos profissionais que colaboram cotidianamente, contribuindo com a nossa miss\u00e3o de disseminar, junto aos associados, as melhores pr\u00e1ticas de opera\u00e7\u00e3o e relacionamento com os clientes e com os demais integrantes da ind\u00fastria de viagens corporativas.<\/p>\n<p style=\"text-align: justify\" align=\"JUSTIFY\">A prop\u00f3sito, cabe ainda reiterar os m\u00e9ritos associativos alcan\u00e7ados por for\u00e7a da nossa uni\u00e3o, com o foco direcionado \u00e0s defini\u00e7\u00f5es estrat\u00e9gicas pautadas em parceria com a Deloitte, cuja mensagem de fim de ano sintetiza o esp\u00edrito de luta que me move a enfrentar e a vencer novos desafios: \u201c<em>Try and fail, but never fail to try<\/em>\u201d (Tentar e falhar, mas nunca deixar de tentar).<\/p>\n<p style=\"text-align: justify\" align=\"JUSTIFY\">A voc\u00ea, caro leitor, e aos seus familiares, boas festas e \u00e2nimo renovado em 2016!<\/p>\n<p style=\"text-align: justify\" align=\"JUSTIFY\"><strong>Edmar Bull<br \/>\nPresidente do Conselho de Administra\u00e7\u00e3o da Abracorp<\/strong><\/p>\n","protected":false},"excerpt":{"rendered":"<p>\u00c9 com a certeza do dever cumprido que oficializo minha licen\u00e7a da presid\u00eancia do\u00a0Conselho\u00a0de Administra\u00e7\u00e3o da Abracorp, a partir do dia 1\u00ba de janeiro de 2016, que\u00a0passar\u00e1 a ser ocupada pelo nosso colega Rubens Schwartzmann, em raz\u00e3o da minha elei\u00e7\u00e3o \u00e0\u00a0presid\u00eancia\u00a0na ABAV Nacional. Aproveito a oportunidade para agradecer o apoio e as in\u00fameras contribui\u00e7\u00f5es de&hellip; <a class=\"more-link\" href=\"https:\/\/blog.panrotas.com.br\/espacoabracorp\/2015\/12\/24\/feliz-ano-novo\/\">Continue reading &rarr;<\/a><\/p>\n","protected":false},"author":27,"featured_media":0,"comment_status":"open","ping_status":"open","sticky":false,"template":"","format":"standard","meta":{"spay_email":""},"categories":[3],"tags":[],"yoast_head":"<!-- This site is optimized with the Yoast SEO plugin v17.3 - https:\/\/yoast.com\/wordpress\/plugins\/seo\/ -->\n<title>Feliz Ano Novo - Espa\u00e7o Abracorp<\/title>\n<meta name=\"robots\" content=\"index, follow, max-snippet:-1, max-image-preview:large, max-video-preview:-1\" \/>\n<link rel=\"canonical\" href=\"https:\/\/blog.panrotas.com.br\/espacoabracorp\/2015\/12\/24\/feliz-ano-novo\/\" \/>\n<meta property=\"og:locale\" content=\"pt_BR\" \/>\n<meta property=\"og:type\" content=\"article\" \/>\n<meta property=\"og:title\" content=\"Feliz Ano Novo - Espa\u00e7o Abracorp\" \/>\n<meta property=\"og:description\" content=\"\u00c9 com a certeza do dever cumprido que oficializo minha licen\u00e7a da presid\u00eancia do\u00a0Conselho\u00a0de Administra\u00e7\u00e3o da Abracorp, a partir do dia 1\u00ba de janeiro de 2016, que\u00a0passar\u00e1 a ser ocupada pelo nosso colega Rubens Schwartzmann, em raz\u00e3o da minha elei\u00e7\u00e3o \u00e0\u00a0presid\u00eancia\u00a0na ABAV Nacional. Aproveito a oportunidade para agradecer o apoio e as in\u00fameras contribui\u00e7\u00f5es de&hellip; Continue reading &rarr;\" \/>\n<meta property=\"og:url\" content=\"https:\/\/blog.panrotas.com.br\/espacoabracorp\/2015\/12\/24\/feliz-ano-novo\/\" \/>\n<meta property=\"og:site_name\" content=\"Espa\u00e7o Abracorp\" \/>\n<meta property=\"article:published_time\" content=\"2015-12-24T18:55:46+00:00\" \/>\n<meta name=\"twitter:card\" content=\"summary_large_image\" \/>\n<meta name=\"twitter:label1\" content=\"Escrito por\" \/>\n\t<meta name=\"twitter:data1\" content=\"Abracorp\" \/>\n\t<meta name=\"twitter:label2\" content=\"Est. tempo de leitura\" \/>\n\t<meta name=\"twitter:data2\" content=\"1 minuto\" \/>\n<script type=\"application\/ld+json\" class=\"yoast-schema-graph\">{\"@context\":\"https:\/\/schema.org\",\"@graph\":[{\"@type\":\"WebSite\",\"@id\":\"https:\/\/blog.panrotas.com.br\/espacoabracorp\/#website\",\"url\":\"https:\/\/blog.panrotas.com.br\/espacoabracorp\/\",\"name\":\"Espa\\u00e7o Abracorp\",\"description\":\"Blogosfera PANROTAS\",\"potentialAction\":[{\"@type\":\"SearchAction\",\"target\":{\"@type\":\"EntryPoint\",\"urlTemplate\":\"https:\/\/blog.panrotas.com.br\/espacoabracorp\/?s={search_term_string}\"},\"query-input\":\"required name=search_term_string\"}],\"inLanguage\":\"pt-BR\"},{\"@type\":\"WebPage\",\"@id\":\"https:\/\/blog.panrotas.com.br\/espacoabracorp\/2015\/12\/24\/feliz-ano-novo\/#webpage\",\"url\":\"https:\/\/blog.panrotas.com.br\/espacoabracorp\/2015\/12\/24\/feliz-ano-novo\/\",\"name\":\"Feliz Ano Novo - Espa\\u00e7o Abracorp\",\"isPartOf\":{\"@id\":\"https:\/\/blog.panrotas.com.br\/espacoabracorp\/#website\"},\"datePublished\":\"2015-12-24T18:55:46+00:00\",\"dateModified\":\"2015-12-24T18:55:46+00:00\",\"author\":{\"@id\":\"https:\/\/blog.panrotas.com.br\/espacoabracorp\/#\/schema\/person\/c61095cb4ad58385b600360e86edcc70\"},\"breadcrumb\":{\"@id\":\"https:\/\/blog.panrotas.com.br\/espacoabracorp\/2015\/12\/24\/feliz-ano-novo\/#breadcrumb\"},\"inLanguage\":\"pt-BR\",\"potentialAction\":[{\"@type\":\"ReadAction\",\"target\":[\"https:\/\/blog.panrotas.com.br\/espacoabracorp\/2015\/12\/24\/feliz-ano-novo\/\"]}]},{\"@type\":\"BreadcrumbList\",\"@id\":\"https:\/\/blog.panrotas.com.br\/espacoabracorp\/2015\/12\/24\/feliz-ano-novo\/#breadcrumb\",\"itemListElement\":[{\"@type\":\"ListItem\",\"position\":1,\"name\":\"In\\u00edcio\",\"item\":\"https:\/\/blog.panrotas.com.br\/espacoabracorp\/\"},{\"@type\":\"ListItem\",\"position\":2,\"name\":\"Feliz Ano Novo\"}]},{\"@type\":\"Person\",\"@id\":\"https:\/\/blog.panrotas.com.br\/espacoabracorp\/#\/schema\/person\/c61095cb4ad58385b600360e86edcc70\",\"name\":\"Abracorp\",\"image\":{\"@type\":\"ImageObject\",\"@id\":\"https:\/\/blog.panrotas.com.br\/espacoabracorp\/#personlogo\",\"inLanguage\":\"pt-BR\",\"url\":\"https:\/\/secure.gravatar.com\/avatar\/7b0b250396075df2cb7378540ccff9ce?s=96&d=mm&r=g\",\"contentUrl\":\"https:\/\/secure.gravatar.com\/avatar\/7b0b250396075df2cb7378540ccff9ce?s=96&d=mm&r=g\",\"caption\":\"Abracorp\"},\"url\":\"https:\/\/blog.panrotas.com.br\/espacoabracorp\/author\/luiz\/\"}]}<\/script>\n<!-- \/ Yoast SEO plugin. -->","yoast_head_json":{"title":"Feliz Ano Novo - Espa\u00e7o Abracorp","robots":{"index":"index","follow":"follow","max-snippet":"max-snippet:-1","max-image-preview":"max-image-preview:large","max-video-preview":"max-video-preview:-1"},"canonical":"https:\/\/blog.panrotas.com.br\/espacoabracorp\/2015\/12\/24\/feliz-ano-novo\/","og_locale":"pt_BR","og_type":"article","og_title":"Feliz Ano Novo - Espa\u00e7o Abracorp","og_description":"\u00c9 com a certeza do dever cumprido que oficializo minha licen\u00e7a da presid\u00eancia do\u00a0Conselho\u00a0de Administra\u00e7\u00e3o da Abracorp, a partir do dia 1\u00ba de janeiro de 2016, que\u00a0passar\u00e1 a ser ocupada pelo nosso colega Rubens Schwartzmann, em raz\u00e3o da minha elei\u00e7\u00e3o \u00e0\u00a0presid\u00eancia\u00a0na ABAV Nacional. Aproveito a oportunidade para agradecer o apoio e as in\u00fameras contribui\u00e7\u00f5es de&hellip; Continue reading &rarr;","og_url":"https:\/\/blog.panrotas.com.br\/espacoabracorp\/2015\/12\/24\/feliz-ano-novo\/","og_site_name":"Espa\u00e7o Abracorp","article_published_time":"2015-12-24T18:55:46+00:00","twitter_card":"summary_large_image","twitter_misc":{"Escrito por":"Abracorp","Est. tempo de leitura":"1 minuto"},"schema":{"@context":"https:\/\/schema.org","@graph":[{"@type":"WebSite","@id":"https:\/\/blog.panrotas.com.br\/espacoabracorp\/#website","url":"https:\/\/blog.panrotas.com.br\/espacoabracorp\/","name":"Espa\u00e7o Abracorp","description":"Blogosfera PANROTAS","potentialAction":[{"@type":"SearchAction","target":{"@type":"EntryPoint","urlTemplate":"https:\/\/blog.panrotas.com.br\/espacoabracorp\/?s={search_term_string}"},"query-input":"required name=search_term_string"}],"inLanguage":"pt-BR"},{"@type":"WebPage","@id":"https:\/\/blog.panrotas.com.br\/espacoabracorp\/2015\/12\/24\/feliz-ano-novo\/#webpage","url":"https:\/\/blog.panrotas.com.br\/espacoabracorp\/2015\/12\/24\/feliz-ano-novo\/","name":"Feliz Ano Novo - Espa\u00e7o Abracorp","isPartOf":{"@id":"https:\/\/blog.panrotas.com.br\/espacoabracorp\/#website"},"datePublished":"2015-12-24T18:55:46+00:00","dateModified":"2015-12-24T18:55:46+00:00","author":{"@id":"https:\/\/blog.panrotas.com.br\/espacoabracorp\/#\/schema\/person\/c61095cb4ad58385b600360e86edcc70"},"breadcrumb":{"@id":"https:\/\/blog.panrotas.com.br\/espacoabracorp\/2015\/12\/24\/feliz-ano-novo\/#breadcrumb"},"inLanguage":"pt-BR","potentialAction":[{"@type":"ReadAction","target":["https:\/\/blog.panrotas.com.br\/espacoabracorp\/2015\/12\/24\/feliz-ano-novo\/"]}]},{"@type":"BreadcrumbList","@id":"https:\/\/blog.panrotas.com.br\/espacoabracorp\/2015\/12\/24\/feliz-ano-novo\/#breadcrumb","itemListElement":[{"@type":"ListItem","position":1,"name":"In\u00edcio","item":"https:\/\/blog.panrotas.com.br\/espacoabracorp\/"},{"@type":"ListItem","position":2,"name":"Feliz Ano Novo"}]},{"@type":"Person","@id":"https:\/\/blog.panrotas.com.br\/espacoabracorp\/#\/schema\/person\/c61095cb4ad58385b600360e86edcc70","name":"Abracorp","image":{"@type":"ImageObject","@id":"https:\/\/blog.panrotas.com.br\/espacoabracorp\/#personlogo","inLanguage":"pt-BR","url":"https:\/\/secure.gravatar.com\/avatar\/7b0b250396075df2cb7378540ccff9ce?s=96&d=mm&r=g","contentUrl":"https:\/\/secure.gravatar.com\/avatar\/7b0b250396075df2cb7378540ccff9ce?s=96&d=mm&r=g","caption":"Abracorp"},"url":"https:\/\/blog.panrotas.com.br\/espacoabracorp\/author\/luiz\/"}]}},"jetpack_featured_media_url":"","_links":{"self":[{"href":"https:\/\/blog.panrotas.com.br\/espacoabracorp\/wp-json\/wp\/v2\/posts\/1016"}],"collection":[{"href":"https:\/\/blog.panrotas.com.br\/espacoabracorp\/wp-json\/wp\/v2\/posts"}],"about":[{"href":"https:\/\/blog.panrotas.com.br\/espacoabracorp\/wp-json\/wp\/v2\/types\/post"}],"author":[{"embeddable":true,"href":"https:\/\/blog.panrotas.com.br\/espacoabracorp\/wp-json\/wp\/v2\/users\/27"}],"replies":[{"embeddable":true,"href":"https:\/\/blog.panrotas.com.br\/espacoabracorp\/wp-json\/wp\/v2\/comments?post=1016"}],"version-history":[{"count":0,"href":"https:\/\/blog.panrotas.com.br\/espacoabracorp\/wp-json\/wp\/v2\/posts\/1016\/revisions"}],"wp:attachment":[{"href":"https:\/\/blog.panrotas.com.br\/espacoabracorp\/wp-json\/wp\/v2\/media?parent=1016"}],"wp:term":[{"taxonomy":"category","embeddable":true,"href":"https:\/\/blog.panrotas.com.br\/espacoabracorp\/wp-json\/wp\/v2\/categories?post=1016"},{"taxonomy":"post_tag","embeddable":true,"href":"https:\/\/blog.panrotas.com.br\/espacoabracorp\/wp-json\/wp\/v2\/tags?post=1016"}],"curies":[{"name":"wp","href":"https:\/\/api.w.org\/{rel}","templated":true}]}}