{"id":1019,"date":"2015-12-30T10:42:29","date_gmt":"2015-12-30T12:42:29","guid":{"rendered":"http:\/\/blog.panrotas.com.br\/espacoabracorp\/?p=1019"},"modified":"2015-12-30T10:42:29","modified_gmt":"2015-12-30T12:42:29","slug":"mudancas-no-cenario","status":"publish","type":"post","link":"https:\/\/blog.panrotas.com.br\/espacoabracorp\/2015\/12\/30\/mudancas-no-cenario\/","title":{"rendered":"Mudan\u00e7as no cen\u00e1rio"},"content":{"rendered":"<p align=\"JUSTIFY\">As expectativas com rela\u00e7\u00e3o ao Ano Novo (2016) convergem, ao menos no que diz respeito ao fato de que mudan\u00e7as no cen\u00e1rio v\u00e3o ocorrer. Com os dados da pesquisa de vendas extraordin\u00e1ria focada nos meses de outubro e novembro de 2015, exclusivamente no segmento a\u00e9reo, que representa mais de 70% do volume de transa\u00e7\u00f5es e de faturamento das associadas Abracorp, compartilhamos uma fotografia mais clara das atuais tend\u00eancias que movimentam o segmento.<\/p>\n<p align=\"JUSTIFY\">A pesquisa apontou, de outubro para novembro, recuo de 7,3% nas transa\u00e7\u00f5es a\u00e9reas dom\u00e9sticas e uma queda ainda maior \u2013 10% \u2013 no volume faturado. No entanto, em novembro, tivemos um cen\u00e1rio in\u00e9dito. Mesmo com a redu\u00e7\u00e3o generalizada, com queda de 4,5% em transa\u00e7\u00f5es e 5,3% no faturamento, nesse m\u00eas a Gol atingiu a lideran\u00e7a no mercado dom\u00e9stico, tanto em bilhetes emitidos como em faturamento.<\/p>\n<p align=\"JUSTIFY\"><a href=\"http:\/\/panrotas.blog.br\/espacoabracorp\/wp-content\/uploads\/sites\/16\/2015\/12\/Gr\u00e1fico-Abracorp.png\"><img loading=\"lazy\" class=\"aligncenter  wp-image-1020\" src=\"http:\/\/panrotas.blog.br\/espacoabracorp\/wp-content\/uploads\/sites\/16\/2015\/12\/Gr\u00e1fico-Abracorp-300x168.png\" alt=\"Gr\u00e1fico Abracorp\" width=\"566\" height=\"317\" srcset=\"https:\/\/blog.panrotas.com.br\/espacoabracorp\/wp-content\/uploads\/sites\/16\/2015\/12\/Gr\u00e1fico-Abracorp-300x168.png 300w, https:\/\/blog.panrotas.com.br\/espacoabracorp\/wp-content\/uploads\/sites\/16\/2015\/12\/Gr\u00e1fico-Abracorp-768x429.png 768w, https:\/\/blog.panrotas.com.br\/espacoabracorp\/wp-content\/uploads\/sites\/16\/2015\/12\/Gr\u00e1fico-Abracorp.png 800w\" sizes=\"(max-width: 566px) 100vw, 566px\" \/><\/a><\/p>\n<p align=\"JUSTIFY\">No mercado internacional, tamb\u00e9m registramos queda de outubro para novembro, na casa dos 16,1%, na ind\u00fastria. Notou-se que as maiores quedas ocorreram nas viagens para a \u00c1rea 2 (Europa e Oriente M\u00e9dio), onde as companhias a\u00e9reas europeias apresentaram maior redu\u00e7\u00e3o. A TAM continua na lideran\u00e7a do mercado internacional, mas viu o faturamento encolher 19,5% de outubro para novembro &#8211; acima, portanto, da queda m\u00e9dia de mercado (16,1%). Enquanto isso, a American Airlines teve as vendas reduzidas em 12,2%.<\/p>\n<p align=\"JUSTIFY\">De todo modo, ainda em janeiro de 2016, quando a divulga\u00e7\u00e3o da pesquisa Abracorp consolidar o desempenho dos diferentes elos que comp\u00f5em o estudo da cadeia de valor em 2015, a exemplo da hotelaria e locadoras, certamente, teremos mais dados dispon\u00edveis para melhor embasar a an\u00e1lise preditiva.<\/p>\n<p align=\"JUSTIFY\">A todos, renovados votos de esperan\u00e7a, do verbo esperan\u00e7ar e n\u00e3o esperar.<\/p>\n<p align=\"JUSTIFY\"><strong>Edmar Bull<\/strong><br \/>\n<strong>Presidente do Conselho de Administra\u00e7\u00e3o da Abracorp<\/strong><\/p>\n","protected":false},"excerpt":{"rendered":"<p>As expectativas com rela\u00e7\u00e3o ao Ano Novo (2016) convergem, ao menos no que diz respeito ao fato de que mudan\u00e7as no cen\u00e1rio v\u00e3o ocorrer. Com os dados da pesquisa de vendas extraordin\u00e1ria focada nos meses de outubro e novembro de 2015, exclusivamente no segmento a\u00e9reo, que representa mais de 70% do volume de transa\u00e7\u00f5es e&hellip; <a class=\"more-link\" href=\"https:\/\/blog.panrotas.com.br\/espacoabracorp\/2015\/12\/30\/mudancas-no-cenario\/\">Continue reading &rarr;<\/a><\/p>\n","protected":false},"author":27,"featured_media":0,"comment_status":"open","ping_status":"open","sticky":false,"template":"","format":"standard","meta":{"spay_email":""},"categories":[3],"tags":[],"yoast_head":"<!-- This site is optimized with the Yoast SEO plugin v17.3 - https:\/\/yoast.com\/wordpress\/plugins\/seo\/ -->\n<title>Mudan\u00e7as no cen\u00e1rio - Espa\u00e7o Abracorp<\/title>\n<meta name=\"robots\" content=\"index, follow, max-snippet:-1, max-image-preview:large, max-video-preview:-1\" \/>\n<link rel=\"canonical\" href=\"https:\/\/blog.panrotas.com.br\/espacoabracorp\/2015\/12\/30\/mudancas-no-cenario\/\" \/>\n<meta property=\"og:locale\" content=\"pt_BR\" \/>\n<meta property=\"og:type\" content=\"article\" \/>\n<meta property=\"og:title\" content=\"Mudan\u00e7as no cen\u00e1rio - Espa\u00e7o Abracorp\" \/>\n<meta property=\"og:description\" content=\"As expectativas com rela\u00e7\u00e3o ao Ano Novo (2016) convergem, ao menos no que diz respeito ao fato de que mudan\u00e7as no cen\u00e1rio v\u00e3o ocorrer. Com os dados da pesquisa de vendas extraordin\u00e1ria focada nos meses de outubro e novembro de 2015, exclusivamente no segmento a\u00e9reo, que representa mais de 70% do volume de transa\u00e7\u00f5es e&hellip; Continue reading &rarr;\" \/>\n<meta property=\"og:url\" content=\"https:\/\/blog.panrotas.com.br\/espacoabracorp\/2015\/12\/30\/mudancas-no-cenario\/\" \/>\n<meta property=\"og:site_name\" content=\"Espa\u00e7o Abracorp\" \/>\n<meta property=\"article:published_time\" content=\"2015-12-30T12:42:29+00:00\" \/>\n<meta property=\"og:image\" content=\"http:\/\/panrotas.blog.br\/espacoabracorp\/wp-content\/uploads\/sites\/16\/2015\/12\/Gr\u00e1fico-Abracorp-300x168.png\" \/>\n<meta name=\"twitter:card\" content=\"summary_large_image\" \/>\n<meta name=\"twitter:label1\" content=\"Escrito por\" \/>\n\t<meta name=\"twitter:data1\" content=\"Abracorp\" \/>\n\t<meta name=\"twitter:label2\" content=\"Est. tempo de leitura\" \/>\n\t<meta name=\"twitter:data2\" content=\"2 minutos\" \/>\n<script type=\"application\/ld+json\" class=\"yoast-schema-graph\">{\"@context\":\"https:\/\/schema.org\",\"@graph\":[{\"@type\":\"WebSite\",\"@id\":\"https:\/\/blog.panrotas.com.br\/espacoabracorp\/#website\",\"url\":\"https:\/\/blog.panrotas.com.br\/espacoabracorp\/\",\"name\":\"Espa\\u00e7o Abracorp\",\"description\":\"Blogosfera PANROTAS\",\"potentialAction\":[{\"@type\":\"SearchAction\",\"target\":{\"@type\":\"EntryPoint\",\"urlTemplate\":\"https:\/\/blog.panrotas.com.br\/espacoabracorp\/?s={search_term_string}\"},\"query-input\":\"required name=search_term_string\"}],\"inLanguage\":\"pt-BR\"},{\"@type\":\"ImageObject\",\"@id\":\"https:\/\/blog.panrotas.com.br\/espacoabracorp\/2015\/12\/30\/mudancas-no-cenario\/#primaryimage\",\"inLanguage\":\"pt-BR\",\"url\":\"http:\/\/panrotas.blog.br\/espacoabracorp\/wp-content\/uploads\/sites\/16\/2015\/12\/Gr\\u00e1fico-Abracorp-300x168.png\",\"contentUrl\":\"http:\/\/panrotas.blog.br\/espacoabracorp\/wp-content\/uploads\/sites\/16\/2015\/12\/Gr\\u00e1fico-Abracorp-300x168.png\"},{\"@type\":\"WebPage\",\"@id\":\"https:\/\/blog.panrotas.com.br\/espacoabracorp\/2015\/12\/30\/mudancas-no-cenario\/#webpage\",\"url\":\"https:\/\/blog.panrotas.com.br\/espacoabracorp\/2015\/12\/30\/mudancas-no-cenario\/\",\"name\":\"Mudan\\u00e7as no cen\\u00e1rio - Espa\\u00e7o Abracorp\",\"isPartOf\":{\"@id\":\"https:\/\/blog.panrotas.com.br\/espacoabracorp\/#website\"},\"primaryImageOfPage\":{\"@id\":\"https:\/\/blog.panrotas.com.br\/espacoabracorp\/2015\/12\/30\/mudancas-no-cenario\/#primaryimage\"},\"datePublished\":\"2015-12-30T12:42:29+00:00\",\"dateModified\":\"2015-12-30T12:42:29+00:00\",\"author\":{\"@id\":\"https:\/\/blog.panrotas.com.br\/espacoabracorp\/#\/schema\/person\/c61095cb4ad58385b600360e86edcc70\"},\"breadcrumb\":{\"@id\":\"https:\/\/blog.panrotas.com.br\/espacoabracorp\/2015\/12\/30\/mudancas-no-cenario\/#breadcrumb\"},\"inLanguage\":\"pt-BR\",\"potentialAction\":[{\"@type\":\"ReadAction\",\"target\":[\"https:\/\/blog.panrotas.com.br\/espacoabracorp\/2015\/12\/30\/mudancas-no-cenario\/\"]}]},{\"@type\":\"BreadcrumbList\",\"@id\":\"https:\/\/blog.panrotas.com.br\/espacoabracorp\/2015\/12\/30\/mudancas-no-cenario\/#breadcrumb\",\"itemListElement\":[{\"@type\":\"ListItem\",\"position\":1,\"name\":\"In\\u00edcio\",\"item\":\"https:\/\/blog.panrotas.com.br\/espacoabracorp\/\"},{\"@type\":\"ListItem\",\"position\":2,\"name\":\"Mudan\\u00e7as no cen\\u00e1rio\"}]},{\"@type\":\"Person\",\"@id\":\"https:\/\/blog.panrotas.com.br\/espacoabracorp\/#\/schema\/person\/c61095cb4ad58385b600360e86edcc70\",\"name\":\"Abracorp\",\"image\":{\"@type\":\"ImageObject\",\"@id\":\"https:\/\/blog.panrotas.com.br\/espacoabracorp\/#personlogo\",\"inLanguage\":\"pt-BR\",\"url\":\"https:\/\/secure.gravatar.com\/avatar\/7b0b250396075df2cb7378540ccff9ce?s=96&d=mm&r=g\",\"contentUrl\":\"https:\/\/secure.gravatar.com\/avatar\/7b0b250396075df2cb7378540ccff9ce?s=96&d=mm&r=g\",\"caption\":\"Abracorp\"},\"url\":\"https:\/\/blog.panrotas.com.br\/espacoabracorp\/author\/luiz\/\"}]}<\/script>\n<!-- \/ Yoast SEO plugin. -->","yoast_head_json":{"title":"Mudan\u00e7as no cen\u00e1rio - Espa\u00e7o Abracorp","robots":{"index":"index","follow":"follow","max-snippet":"max-snippet:-1","max-image-preview":"max-image-preview:large","max-video-preview":"max-video-preview:-1"},"canonical":"https:\/\/blog.panrotas.com.br\/espacoabracorp\/2015\/12\/30\/mudancas-no-cenario\/","og_locale":"pt_BR","og_type":"article","og_title":"Mudan\u00e7as no cen\u00e1rio - Espa\u00e7o Abracorp","og_description":"As expectativas com rela\u00e7\u00e3o ao Ano Novo (2016) convergem, ao menos no que diz respeito ao fato de que mudan\u00e7as no cen\u00e1rio v\u00e3o ocorrer. Com os dados da pesquisa de vendas extraordin\u00e1ria focada nos meses de outubro e novembro de 2015, exclusivamente no segmento a\u00e9reo, que representa mais de 70% do volume de transa\u00e7\u00f5es e&hellip; Continue reading &rarr;","og_url":"https:\/\/blog.panrotas.com.br\/espacoabracorp\/2015\/12\/30\/mudancas-no-cenario\/","og_site_name":"Espa\u00e7o Abracorp","article_published_time":"2015-12-30T12:42:29+00:00","og_image":[{"url":"http:\/\/panrotas.blog.br\/espacoabracorp\/wp-content\/uploads\/sites\/16\/2015\/12\/Gr\u00e1fico-Abracorp-300x168.png"}],"twitter_card":"summary_large_image","twitter_misc":{"Escrito por":"Abracorp","Est. tempo de leitura":"2 minutos"},"schema":{"@context":"https:\/\/schema.org","@graph":[{"@type":"WebSite","@id":"https:\/\/blog.panrotas.com.br\/espacoabracorp\/#website","url":"https:\/\/blog.panrotas.com.br\/espacoabracorp\/","name":"Espa\u00e7o Abracorp","description":"Blogosfera PANROTAS","potentialAction":[{"@type":"SearchAction","target":{"@type":"EntryPoint","urlTemplate":"https:\/\/blog.panrotas.com.br\/espacoabracorp\/?s={search_term_string}"},"query-input":"required name=search_term_string"}],"inLanguage":"pt-BR"},{"@type":"ImageObject","@id":"https:\/\/blog.panrotas.com.br\/espacoabracorp\/2015\/12\/30\/mudancas-no-cenario\/#primaryimage","inLanguage":"pt-BR","url":"http:\/\/panrotas.blog.br\/espacoabracorp\/wp-content\/uploads\/sites\/16\/2015\/12\/Gr\u00e1fico-Abracorp-300x168.png","contentUrl":"http:\/\/panrotas.blog.br\/espacoabracorp\/wp-content\/uploads\/sites\/16\/2015\/12\/Gr\u00e1fico-Abracorp-300x168.png"},{"@type":"WebPage","@id":"https:\/\/blog.panrotas.com.br\/espacoabracorp\/2015\/12\/30\/mudancas-no-cenario\/#webpage","url":"https:\/\/blog.panrotas.com.br\/espacoabracorp\/2015\/12\/30\/mudancas-no-cenario\/","name":"Mudan\u00e7as no cen\u00e1rio - Espa\u00e7o Abracorp","isPartOf":{"@id":"https:\/\/blog.panrotas.com.br\/espacoabracorp\/#website"},"primaryImageOfPage":{"@id":"https:\/\/blog.panrotas.com.br\/espacoabracorp\/2015\/12\/30\/mudancas-no-cenario\/#primaryimage"},"datePublished":"2015-12-30T12:42:29+00:00","dateModified":"2015-12-30T12:42:29+00:00","author":{"@id":"https:\/\/blog.panrotas.com.br\/espacoabracorp\/#\/schema\/person\/c61095cb4ad58385b600360e86edcc70"},"breadcrumb":{"@id":"https:\/\/blog.panrotas.com.br\/espacoabracorp\/2015\/12\/30\/mudancas-no-cenario\/#breadcrumb"},"inLanguage":"pt-BR","potentialAction":[{"@type":"ReadAction","target":["https:\/\/blog.panrotas.com.br\/espacoabracorp\/2015\/12\/30\/mudancas-no-cenario\/"]}]},{"@type":"BreadcrumbList","@id":"https:\/\/blog.panrotas.com.br\/espacoabracorp\/2015\/12\/30\/mudancas-no-cenario\/#breadcrumb","itemListElement":[{"@type":"ListItem","position":1,"name":"In\u00edcio","item":"https:\/\/blog.panrotas.com.br\/espacoabracorp\/"},{"@type":"ListItem","position":2,"name":"Mudan\u00e7as no cen\u00e1rio"}]},{"@type":"Person","@id":"https:\/\/blog.panrotas.com.br\/espacoabracorp\/#\/schema\/person\/c61095cb4ad58385b600360e86edcc70","name":"Abracorp","image":{"@type":"ImageObject","@id":"https:\/\/blog.panrotas.com.br\/espacoabracorp\/#personlogo","inLanguage":"pt-BR","url":"https:\/\/secure.gravatar.com\/avatar\/7b0b250396075df2cb7378540ccff9ce?s=96&d=mm&r=g","contentUrl":"https:\/\/secure.gravatar.com\/avatar\/7b0b250396075df2cb7378540ccff9ce?s=96&d=mm&r=g","caption":"Abracorp"},"url":"https:\/\/blog.panrotas.com.br\/espacoabracorp\/author\/luiz\/"}]}},"jetpack_featured_media_url":"","_links":{"self":[{"href":"https:\/\/blog.panrotas.com.br\/espacoabracorp\/wp-json\/wp\/v2\/posts\/1019"}],"collection":[{"href":"https:\/\/blog.panrotas.com.br\/espacoabracorp\/wp-json\/wp\/v2\/posts"}],"about":[{"href":"https:\/\/blog.panrotas.com.br\/espacoabracorp\/wp-json\/wp\/v2\/types\/post"}],"author":[{"embeddable":true,"href":"https:\/\/blog.panrotas.com.br\/espacoabracorp\/wp-json\/wp\/v2\/users\/27"}],"replies":[{"embeddable":true,"href":"https:\/\/blog.panrotas.com.br\/espacoabracorp\/wp-json\/wp\/v2\/comments?post=1019"}],"version-history":[{"count":0,"href":"https:\/\/blog.panrotas.com.br\/espacoabracorp\/wp-json\/wp\/v2\/posts\/1019\/revisions"}],"wp:attachment":[{"href":"https:\/\/blog.panrotas.com.br\/espacoabracorp\/wp-json\/wp\/v2\/media?parent=1019"}],"wp:term":[{"taxonomy":"category","embeddable":true,"href":"https:\/\/blog.panrotas.com.br\/espacoabracorp\/wp-json\/wp\/v2\/categories?post=1019"},{"taxonomy":"post_tag","embeddable":true,"href":"https:\/\/blog.panrotas.com.br\/espacoabracorp\/wp-json\/wp\/v2\/tags?post=1019"}],"curies":[{"name":"wp","href":"https:\/\/api.w.org\/{rel}","templated":true}]}}