{"id":1027,"date":"2016-01-13T16:00:03","date_gmt":"2016-01-13T18:00:03","guid":{"rendered":"http:\/\/blog.panrotas.com.br\/espacoabracorp\/?p=1027"},"modified":"2016-01-13T16:00:03","modified_gmt":"2016-01-13T18:00:03","slug":"prazo-ou-carencia","status":"publish","type":"post","link":"https:\/\/blog.panrotas.com.br\/espacoabracorp\/2016\/01\/13\/prazo-ou-carencia\/","title":{"rendered":"Prazo ou Car\u00eancia?"},"content":{"rendered":"<div class=\"WordSection1\">\n<p class=\"western\" style=\"text-align: justify\">Por mais animados e otimistas que sejamos, n\u00e3o h\u00e1 como negar o cen\u00e1rio de estagna\u00e7\u00e3o econ\u00f4mica que recobre o Brasil de norte a sul, em todos os setores produtivos. Diante do aperto generalizado, \u00e9 preciso tomar muito cuidado com pr\u00e1ticas leoninas e at\u00e9 mesmo predat\u00f3rias no \u00e2mbito do mercado como um todo. E no nosso setor, o de viagens corporativas, despontam casos preocupantes no que tange, por exemplo, \u00e0 imposi\u00e7\u00e3o de prazos de pagamento.<\/p>\n<p class=\"western\" style=\"text-align: justify\">Hoje, as ag\u00eancias de viagens corporativas oferecem aos seus clientes prazos de pagamentos que seguem determina\u00e7\u00f5es dos pr\u00f3prios fornecedores, a exemplo da Iata\/BSP no segmento a\u00e9reo. Ou seja: 10 dias fora a semana, na forma de pagamento faturado.<\/p>\n<p class=\"western\" style=\"text-align: justify\">Qualquer tentativa ou a tenta\u00e7\u00e3o de ampliar os limites de prazo estabelecidos, como condi\u00e7\u00e3o para se fechar neg\u00f3cios, pode ser interpretada como um sinal de alerta, ou pior, de car\u00eancia. Isso porque n\u00e3o cabe \u00e0 ag\u00eancia de viagens atuar como ag\u00eancia financiadora do cliente, dispondo de um folego que nem os fornecedores possuem &#8211; ainda mais num ambiente econ\u00f4mico, onde a taxa de juros beira os 15%.<\/p>\n<p class=\"western\" style=\"text-align: justify\">Os n\u00fameros s\u00e3o claros e irrefut\u00e1veis. E servem como refer\u00eancia substantiva para a boa reflex\u00e3o e, tamb\u00e9m, para a ado\u00e7\u00e3o de pol\u00edticas consensuais de prazos. Dar as costas \u00e0 realidade \u00e9 passaporte para o caminho sem volta.<\/p>\n<p class=\"western\" style=\"text-align: justify\"><strong>Rubens Schwartzmann<\/strong><\/p>\n<p><em>PS: Com a licen\u00e7a do comando da Abracorp, para assumir a presid\u00eancia da ABAV Nacional, Edmar Bull transferiu para Rubens Schwartzmann, o vice-presidente do Conselho de Administra\u00e7\u00e3o da entidade, a atribui\u00e7\u00e3o de publicar os posts neste blog. A partir de mar\u00e7o de 2016, o Espa\u00e7o Abracorp continuar\u00e1 a compartilhar com os leitores, semanalmente, informa\u00e7\u00f5es e considera\u00e7\u00f5es sobre fatos relevantes para o setor, a exemplo do tema em pauta, sob a gest\u00e3o do pr\u00f3ximo presidente eleito.<\/em>\n<\/div>\n","protected":false},"excerpt":{"rendered":"<p>Por mais animados e otimistas que sejamos, n\u00e3o h\u00e1 como negar o cen\u00e1rio de estagna\u00e7\u00e3o econ\u00f4mica que recobre o Brasil de norte a sul, em todos os setores produtivos. Diante do aperto generalizado, \u00e9 preciso tomar muito cuidado com pr\u00e1ticas leoninas e at\u00e9 mesmo predat\u00f3rias no \u00e2mbito do mercado como um todo. E no nosso&hellip; <a class=\"more-link\" href=\"https:\/\/blog.panrotas.com.br\/espacoabracorp\/2016\/01\/13\/prazo-ou-carencia\/\">Continue reading &rarr;<\/a><\/p>\n","protected":false},"author":27,"featured_media":0,"comment_status":"open","ping_status":"open","sticky":false,"template":"","format":"standard","meta":{"spay_email":""},"categories":[3],"tags":[],"yoast_head":"<!-- This site is optimized with the Yoast SEO plugin v17.3 - https:\/\/yoast.com\/wordpress\/plugins\/seo\/ -->\n<title>Prazo ou Car\u00eancia? - Espa\u00e7o Abracorp<\/title>\n<meta name=\"robots\" content=\"index, follow, max-snippet:-1, max-image-preview:large, max-video-preview:-1\" \/>\n<link rel=\"canonical\" href=\"https:\/\/blog.panrotas.com.br\/espacoabracorp\/2016\/01\/13\/prazo-ou-carencia\/\" \/>\n<meta property=\"og:locale\" content=\"pt_BR\" \/>\n<meta property=\"og:type\" content=\"article\" \/>\n<meta property=\"og:title\" content=\"Prazo ou Car\u00eancia? - Espa\u00e7o Abracorp\" \/>\n<meta property=\"og:description\" content=\"Por mais animados e otimistas que sejamos, n\u00e3o h\u00e1 como negar o cen\u00e1rio de estagna\u00e7\u00e3o econ\u00f4mica que recobre o Brasil de norte a sul, em todos os setores produtivos. Diante do aperto generalizado, \u00e9 preciso tomar muito cuidado com pr\u00e1ticas leoninas e at\u00e9 mesmo predat\u00f3rias no \u00e2mbito do mercado como um todo. E no nosso&hellip; Continue reading &rarr;\" \/>\n<meta property=\"og:url\" content=\"https:\/\/blog.panrotas.com.br\/espacoabracorp\/2016\/01\/13\/prazo-ou-carencia\/\" \/>\n<meta property=\"og:site_name\" content=\"Espa\u00e7o Abracorp\" \/>\n<meta property=\"article:published_time\" content=\"2016-01-13T18:00:03+00:00\" \/>\n<meta name=\"twitter:card\" content=\"summary_large_image\" \/>\n<meta name=\"twitter:label1\" content=\"Escrito por\" \/>\n\t<meta name=\"twitter:data1\" content=\"Abracorp\" \/>\n\t<meta name=\"twitter:label2\" content=\"Est. tempo de leitura\" \/>\n\t<meta name=\"twitter:data2\" content=\"2 minutos\" \/>\n<script type=\"application\/ld+json\" class=\"yoast-schema-graph\">{\"@context\":\"https:\/\/schema.org\",\"@graph\":[{\"@type\":\"WebSite\",\"@id\":\"https:\/\/blog.panrotas.com.br\/espacoabracorp\/#website\",\"url\":\"https:\/\/blog.panrotas.com.br\/espacoabracorp\/\",\"name\":\"Espa\\u00e7o Abracorp\",\"description\":\"Blogosfera PANROTAS\",\"potentialAction\":[{\"@type\":\"SearchAction\",\"target\":{\"@type\":\"EntryPoint\",\"urlTemplate\":\"https:\/\/blog.panrotas.com.br\/espacoabracorp\/?s={search_term_string}\"},\"query-input\":\"required name=search_term_string\"}],\"inLanguage\":\"pt-BR\"},{\"@type\":\"WebPage\",\"@id\":\"https:\/\/blog.panrotas.com.br\/espacoabracorp\/2016\/01\/13\/prazo-ou-carencia\/#webpage\",\"url\":\"https:\/\/blog.panrotas.com.br\/espacoabracorp\/2016\/01\/13\/prazo-ou-carencia\/\",\"name\":\"Prazo ou Car\\u00eancia? - Espa\\u00e7o Abracorp\",\"isPartOf\":{\"@id\":\"https:\/\/blog.panrotas.com.br\/espacoabracorp\/#website\"},\"datePublished\":\"2016-01-13T18:00:03+00:00\",\"dateModified\":\"2016-01-13T18:00:03+00:00\",\"author\":{\"@id\":\"https:\/\/blog.panrotas.com.br\/espacoabracorp\/#\/schema\/person\/c61095cb4ad58385b600360e86edcc70\"},\"breadcrumb\":{\"@id\":\"https:\/\/blog.panrotas.com.br\/espacoabracorp\/2016\/01\/13\/prazo-ou-carencia\/#breadcrumb\"},\"inLanguage\":\"pt-BR\",\"potentialAction\":[{\"@type\":\"ReadAction\",\"target\":[\"https:\/\/blog.panrotas.com.br\/espacoabracorp\/2016\/01\/13\/prazo-ou-carencia\/\"]}]},{\"@type\":\"BreadcrumbList\",\"@id\":\"https:\/\/blog.panrotas.com.br\/espacoabracorp\/2016\/01\/13\/prazo-ou-carencia\/#breadcrumb\",\"itemListElement\":[{\"@type\":\"ListItem\",\"position\":1,\"name\":\"In\\u00edcio\",\"item\":\"https:\/\/blog.panrotas.com.br\/espacoabracorp\/\"},{\"@type\":\"ListItem\",\"position\":2,\"name\":\"Prazo ou Car\\u00eancia?\"}]},{\"@type\":\"Person\",\"@id\":\"https:\/\/blog.panrotas.com.br\/espacoabracorp\/#\/schema\/person\/c61095cb4ad58385b600360e86edcc70\",\"name\":\"Abracorp\",\"image\":{\"@type\":\"ImageObject\",\"@id\":\"https:\/\/blog.panrotas.com.br\/espacoabracorp\/#personlogo\",\"inLanguage\":\"pt-BR\",\"url\":\"https:\/\/secure.gravatar.com\/avatar\/7b0b250396075df2cb7378540ccff9ce?s=96&d=mm&r=g\",\"contentUrl\":\"https:\/\/secure.gravatar.com\/avatar\/7b0b250396075df2cb7378540ccff9ce?s=96&d=mm&r=g\",\"caption\":\"Abracorp\"},\"url\":\"https:\/\/blog.panrotas.com.br\/espacoabracorp\/author\/luiz\/\"}]}<\/script>\n<!-- \/ Yoast SEO plugin. -->","yoast_head_json":{"title":"Prazo ou Car\u00eancia? - Espa\u00e7o Abracorp","robots":{"index":"index","follow":"follow","max-snippet":"max-snippet:-1","max-image-preview":"max-image-preview:large","max-video-preview":"max-video-preview:-1"},"canonical":"https:\/\/blog.panrotas.com.br\/espacoabracorp\/2016\/01\/13\/prazo-ou-carencia\/","og_locale":"pt_BR","og_type":"article","og_title":"Prazo ou Car\u00eancia? - Espa\u00e7o Abracorp","og_description":"Por mais animados e otimistas que sejamos, n\u00e3o h\u00e1 como negar o cen\u00e1rio de estagna\u00e7\u00e3o econ\u00f4mica que recobre o Brasil de norte a sul, em todos os setores produtivos. Diante do aperto generalizado, \u00e9 preciso tomar muito cuidado com pr\u00e1ticas leoninas e at\u00e9 mesmo predat\u00f3rias no \u00e2mbito do mercado como um todo. E no nosso&hellip; Continue reading &rarr;","og_url":"https:\/\/blog.panrotas.com.br\/espacoabracorp\/2016\/01\/13\/prazo-ou-carencia\/","og_site_name":"Espa\u00e7o Abracorp","article_published_time":"2016-01-13T18:00:03+00:00","twitter_card":"summary_large_image","twitter_misc":{"Escrito por":"Abracorp","Est. tempo de leitura":"2 minutos"},"schema":{"@context":"https:\/\/schema.org","@graph":[{"@type":"WebSite","@id":"https:\/\/blog.panrotas.com.br\/espacoabracorp\/#website","url":"https:\/\/blog.panrotas.com.br\/espacoabracorp\/","name":"Espa\u00e7o Abracorp","description":"Blogosfera PANROTAS","potentialAction":[{"@type":"SearchAction","target":{"@type":"EntryPoint","urlTemplate":"https:\/\/blog.panrotas.com.br\/espacoabracorp\/?s={search_term_string}"},"query-input":"required name=search_term_string"}],"inLanguage":"pt-BR"},{"@type":"WebPage","@id":"https:\/\/blog.panrotas.com.br\/espacoabracorp\/2016\/01\/13\/prazo-ou-carencia\/#webpage","url":"https:\/\/blog.panrotas.com.br\/espacoabracorp\/2016\/01\/13\/prazo-ou-carencia\/","name":"Prazo ou Car\u00eancia? - Espa\u00e7o Abracorp","isPartOf":{"@id":"https:\/\/blog.panrotas.com.br\/espacoabracorp\/#website"},"datePublished":"2016-01-13T18:00:03+00:00","dateModified":"2016-01-13T18:00:03+00:00","author":{"@id":"https:\/\/blog.panrotas.com.br\/espacoabracorp\/#\/schema\/person\/c61095cb4ad58385b600360e86edcc70"},"breadcrumb":{"@id":"https:\/\/blog.panrotas.com.br\/espacoabracorp\/2016\/01\/13\/prazo-ou-carencia\/#breadcrumb"},"inLanguage":"pt-BR","potentialAction":[{"@type":"ReadAction","target":["https:\/\/blog.panrotas.com.br\/espacoabracorp\/2016\/01\/13\/prazo-ou-carencia\/"]}]},{"@type":"BreadcrumbList","@id":"https:\/\/blog.panrotas.com.br\/espacoabracorp\/2016\/01\/13\/prazo-ou-carencia\/#breadcrumb","itemListElement":[{"@type":"ListItem","position":1,"name":"In\u00edcio","item":"https:\/\/blog.panrotas.com.br\/espacoabracorp\/"},{"@type":"ListItem","position":2,"name":"Prazo ou Car\u00eancia?"}]},{"@type":"Person","@id":"https:\/\/blog.panrotas.com.br\/espacoabracorp\/#\/schema\/person\/c61095cb4ad58385b600360e86edcc70","name":"Abracorp","image":{"@type":"ImageObject","@id":"https:\/\/blog.panrotas.com.br\/espacoabracorp\/#personlogo","inLanguage":"pt-BR","url":"https:\/\/secure.gravatar.com\/avatar\/7b0b250396075df2cb7378540ccff9ce?s=96&d=mm&r=g","contentUrl":"https:\/\/secure.gravatar.com\/avatar\/7b0b250396075df2cb7378540ccff9ce?s=96&d=mm&r=g","caption":"Abracorp"},"url":"https:\/\/blog.panrotas.com.br\/espacoabracorp\/author\/luiz\/"}]}},"jetpack_featured_media_url":"","_links":{"self":[{"href":"https:\/\/blog.panrotas.com.br\/espacoabracorp\/wp-json\/wp\/v2\/posts\/1027"}],"collection":[{"href":"https:\/\/blog.panrotas.com.br\/espacoabracorp\/wp-json\/wp\/v2\/posts"}],"about":[{"href":"https:\/\/blog.panrotas.com.br\/espacoabracorp\/wp-json\/wp\/v2\/types\/post"}],"author":[{"embeddable":true,"href":"https:\/\/blog.panrotas.com.br\/espacoabracorp\/wp-json\/wp\/v2\/users\/27"}],"replies":[{"embeddable":true,"href":"https:\/\/blog.panrotas.com.br\/espacoabracorp\/wp-json\/wp\/v2\/comments?post=1027"}],"version-history":[{"count":0,"href":"https:\/\/blog.panrotas.com.br\/espacoabracorp\/wp-json\/wp\/v2\/posts\/1027\/revisions"}],"wp:attachment":[{"href":"https:\/\/blog.panrotas.com.br\/espacoabracorp\/wp-json\/wp\/v2\/media?parent=1027"}],"wp:term":[{"taxonomy":"category","embeddable":true,"href":"https:\/\/blog.panrotas.com.br\/espacoabracorp\/wp-json\/wp\/v2\/categories?post=1027"},{"taxonomy":"post_tag","embeddable":true,"href":"https:\/\/blog.panrotas.com.br\/espacoabracorp\/wp-json\/wp\/v2\/tags?post=1027"}],"curies":[{"name":"wp","href":"https:\/\/api.w.org\/{rel}","templated":true}]}}