{"id":1100,"date":"2016-05-24T17:57:37","date_gmt":"2016-05-24T20:57:37","guid":{"rendered":"http:\/\/blog.panrotas.com.br\/espacoabracorp\/?p=1100"},"modified":"2016-05-24T17:57:37","modified_gmt":"2016-05-24T20:57:37","slug":"nova-gestao-revigorada-pela-forca-da-uniao","status":"publish","type":"post","link":"https:\/\/blog.panrotas.com.br\/espacoabracorp\/2016\/05\/24\/nova-gestao-revigorada-pela-forca-da-uniao\/","title":{"rendered":"Nova gest\u00e3o revigorada pela for\u00e7a da uni\u00e3o"},"content":{"rendered":"<p><a href=\"http:\/\/panrotas.blog.br\/espacoabracorp\/wp-content\/uploads\/sites\/16\/2016\/05\/Foto_Rubens-conduz-reuni\u00e3o-Abracorp.jpg\" rel=\"attachment wp-att-1101\"><img loading=\"lazy\" class=\"alignnone size-medium wp-image-1101\" src=\"http:\/\/panrotas.blog.br\/espacoabracorp\/wp-content\/uploads\/sites\/16\/2016\/05\/Foto_Rubens-conduz-reuni\u00e3o-Abracorp-300x225.jpg\" alt=\"Foto_Rubens conduz reuni\u00e3o Abracorp\" width=\"300\" height=\"225\" srcset=\"https:\/\/blog.panrotas.com.br\/espacoabracorp\/wp-content\/uploads\/sites\/16\/2016\/05\/Foto_Rubens-conduz-reuni\u00e3o-Abracorp-300x225.jpg 300w, https:\/\/blog.panrotas.com.br\/espacoabracorp\/wp-content\/uploads\/sites\/16\/2016\/05\/Foto_Rubens-conduz-reuni\u00e3o-Abracorp.jpg 640w\" sizes=\"(max-width: 300px) 100vw, 300px\" \/><\/a><br \/>\nAo assumir o mandato de dois anos como presidente do Conselho de Administra\u00e7\u00e3o da Abracorp, no final de abril, projetamos uma s\u00e9rie de a\u00e7\u00f5es destinadas a fortalecer a entidade e aprimorar seu funcionamento no \u00e2mbito das TMCs associadas. Na pauta, elegemos como uma das prioridades a atualiza\u00e7\u00e3o do nosso planejamento estrat\u00e9gico, concebido h\u00e1 seis anos, quando da cria\u00e7\u00e3o da Abracorp em substitui\u00e7\u00e3o ao Favecc e TMC Brasil. Cen\u00e1rios mudam mas o DNA da harmonia se fortalece.<br \/>\nNada mais natural que a releitura do documento adotado at\u00e9 o presente \u00e0 luz das mudan\u00e7as ocorridas tanto no cen\u00e1rio econ\u00f4mico do pa\u00eds como nas tecnologias de gest\u00e3o e da din\u00e2mica evolutiva do funcionamento do mercado corporativo. Enquanto o planejamento estrat\u00e9gico vigente foi concebido pela Deloitte Brasil, estamos ultimando entendimentos, j\u00e1 aprovados pelo Conselho, de delegar a atualiza\u00e7\u00e3o a quem nos ofere\u00e7a as condi\u00e7\u00f5es mais compat\u00edveis e adequadas \u00e0s nossas atuais necessidades.<br \/>\nEnquanto isso, na \u00faltima reuni\u00e3o mensal com os representantes das nossas associadas, foi decidido que Edmar Bull, presidente da Abav Nacional e membro do Conselho Consultivo da Abracorp, ser\u00e1 o porta-voz da entidade para assuntos governamentais em todas as inst\u00e2ncias decis\u00f3rias.<\/p>\n","protected":false},"excerpt":{"rendered":"<p>Ao assumir o mandato de dois anos como presidente do Conselho de Administra\u00e7\u00e3o da Abracorp, no final de abril, projetamos uma s\u00e9rie de a\u00e7\u00f5es destinadas a fortalecer a entidade e aprimorar seu funcionamento no \u00e2mbito das TMCs associadas. Na pauta, elegemos como uma das prioridades a atualiza\u00e7\u00e3o do nosso planejamento estrat\u00e9gico, concebido h\u00e1 seis anos,&hellip; <a class=\"more-link\" href=\"https:\/\/blog.panrotas.com.br\/espacoabracorp\/2016\/05\/24\/nova-gestao-revigorada-pela-forca-da-uniao\/\">Continue reading &rarr;<\/a><\/p>\n","protected":false},"author":27,"featured_media":0,"comment_status":"open","ping_status":"open","sticky":false,"template":"","format":"standard","meta":{"spay_email":""},"categories":[3],"tags":[],"yoast_head":"<!-- This site is optimized with the Yoast SEO plugin v17.3 - https:\/\/yoast.com\/wordpress\/plugins\/seo\/ -->\n<title>Nova gest\u00e3o revigorada pela for\u00e7a da uni\u00e3o - Espa\u00e7o Abracorp<\/title>\n<meta name=\"robots\" content=\"index, follow, max-snippet:-1, max-image-preview:large, max-video-preview:-1\" \/>\n<link rel=\"canonical\" href=\"https:\/\/blog.panrotas.com.br\/espacoabracorp\/2016\/05\/24\/nova-gestao-revigorada-pela-forca-da-uniao\/\" \/>\n<meta property=\"og:locale\" content=\"pt_BR\" \/>\n<meta property=\"og:type\" content=\"article\" \/>\n<meta property=\"og:title\" content=\"Nova gest\u00e3o revigorada pela for\u00e7a da uni\u00e3o - Espa\u00e7o Abracorp\" \/>\n<meta property=\"og:description\" content=\"Ao assumir o mandato de dois anos como presidente do Conselho de Administra\u00e7\u00e3o da Abracorp, no final de abril, projetamos uma s\u00e9rie de a\u00e7\u00f5es destinadas a fortalecer a entidade e aprimorar seu funcionamento no \u00e2mbito das TMCs associadas. Na pauta, elegemos como uma das prioridades a atualiza\u00e7\u00e3o do nosso planejamento estrat\u00e9gico, concebido h\u00e1 seis anos,&hellip; Continue reading &rarr;\" \/>\n<meta property=\"og:url\" content=\"https:\/\/blog.panrotas.com.br\/espacoabracorp\/2016\/05\/24\/nova-gestao-revigorada-pela-forca-da-uniao\/\" \/>\n<meta property=\"og:site_name\" content=\"Espa\u00e7o Abracorp\" \/>\n<meta property=\"article:published_time\" content=\"2016-05-24T20:57:37+00:00\" \/>\n<meta property=\"og:image\" content=\"http:\/\/panrotas.blog.br\/espacoabracorp\/wp-content\/uploads\/sites\/16\/2016\/05\/Foto_Rubens-conduz-reuni\u00e3o-Abracorp-300x225.jpg\" \/>\n<meta name=\"twitter:card\" content=\"summary_large_image\" \/>\n<meta name=\"twitter:label1\" content=\"Escrito por\" \/>\n\t<meta name=\"twitter:data1\" content=\"Abracorp\" \/>\n\t<meta name=\"twitter:label2\" content=\"Est. tempo de leitura\" \/>\n\t<meta name=\"twitter:data2\" content=\"1 minuto\" \/>\n<script type=\"application\/ld+json\" class=\"yoast-schema-graph\">{\"@context\":\"https:\/\/schema.org\",\"@graph\":[{\"@type\":\"WebSite\",\"@id\":\"https:\/\/blog.panrotas.com.br\/espacoabracorp\/#website\",\"url\":\"https:\/\/blog.panrotas.com.br\/espacoabracorp\/\",\"name\":\"Espa\\u00e7o Abracorp\",\"description\":\"Blogosfera PANROTAS\",\"potentialAction\":[{\"@type\":\"SearchAction\",\"target\":{\"@type\":\"EntryPoint\",\"urlTemplate\":\"https:\/\/blog.panrotas.com.br\/espacoabracorp\/?s={search_term_string}\"},\"query-input\":\"required name=search_term_string\"}],\"inLanguage\":\"pt-BR\"},{\"@type\":\"ImageObject\",\"@id\":\"https:\/\/blog.panrotas.com.br\/espacoabracorp\/2016\/05\/24\/nova-gestao-revigorada-pela-forca-da-uniao\/#primaryimage\",\"inLanguage\":\"pt-BR\",\"url\":\"http:\/\/panrotas.blog.br\/espacoabracorp\/wp-content\/uploads\/sites\/16\/2016\/05\/Foto_Rubens-conduz-reuni\\u00e3o-Abracorp-300x225.jpg\",\"contentUrl\":\"http:\/\/panrotas.blog.br\/espacoabracorp\/wp-content\/uploads\/sites\/16\/2016\/05\/Foto_Rubens-conduz-reuni\\u00e3o-Abracorp-300x225.jpg\"},{\"@type\":\"WebPage\",\"@id\":\"https:\/\/blog.panrotas.com.br\/espacoabracorp\/2016\/05\/24\/nova-gestao-revigorada-pela-forca-da-uniao\/#webpage\",\"url\":\"https:\/\/blog.panrotas.com.br\/espacoabracorp\/2016\/05\/24\/nova-gestao-revigorada-pela-forca-da-uniao\/\",\"name\":\"Nova gest\\u00e3o revigorada pela for\\u00e7a da uni\\u00e3o - Espa\\u00e7o Abracorp\",\"isPartOf\":{\"@id\":\"https:\/\/blog.panrotas.com.br\/espacoabracorp\/#website\"},\"primaryImageOfPage\":{\"@id\":\"https:\/\/blog.panrotas.com.br\/espacoabracorp\/2016\/05\/24\/nova-gestao-revigorada-pela-forca-da-uniao\/#primaryimage\"},\"datePublished\":\"2016-05-24T20:57:37+00:00\",\"dateModified\":\"2016-05-24T20:57:37+00:00\",\"author\":{\"@id\":\"https:\/\/blog.panrotas.com.br\/espacoabracorp\/#\/schema\/person\/c61095cb4ad58385b600360e86edcc70\"},\"breadcrumb\":{\"@id\":\"https:\/\/blog.panrotas.com.br\/espacoabracorp\/2016\/05\/24\/nova-gestao-revigorada-pela-forca-da-uniao\/#breadcrumb\"},\"inLanguage\":\"pt-BR\",\"potentialAction\":[{\"@type\":\"ReadAction\",\"target\":[\"https:\/\/blog.panrotas.com.br\/espacoabracorp\/2016\/05\/24\/nova-gestao-revigorada-pela-forca-da-uniao\/\"]}]},{\"@type\":\"BreadcrumbList\",\"@id\":\"https:\/\/blog.panrotas.com.br\/espacoabracorp\/2016\/05\/24\/nova-gestao-revigorada-pela-forca-da-uniao\/#breadcrumb\",\"itemListElement\":[{\"@type\":\"ListItem\",\"position\":1,\"name\":\"In\\u00edcio\",\"item\":\"https:\/\/blog.panrotas.com.br\/espacoabracorp\/\"},{\"@type\":\"ListItem\",\"position\":2,\"name\":\"Nova gest\\u00e3o revigorada pela for\\u00e7a da uni\\u00e3o\"}]},{\"@type\":\"Person\",\"@id\":\"https:\/\/blog.panrotas.com.br\/espacoabracorp\/#\/schema\/person\/c61095cb4ad58385b600360e86edcc70\",\"name\":\"Abracorp\",\"image\":{\"@type\":\"ImageObject\",\"@id\":\"https:\/\/blog.panrotas.com.br\/espacoabracorp\/#personlogo\",\"inLanguage\":\"pt-BR\",\"url\":\"https:\/\/secure.gravatar.com\/avatar\/7b0b250396075df2cb7378540ccff9ce?s=96&d=mm&r=g\",\"contentUrl\":\"https:\/\/secure.gravatar.com\/avatar\/7b0b250396075df2cb7378540ccff9ce?s=96&d=mm&r=g\",\"caption\":\"Abracorp\"},\"url\":\"https:\/\/blog.panrotas.com.br\/espacoabracorp\/author\/luiz\/\"}]}<\/script>\n<!-- \/ Yoast SEO plugin. -->","yoast_head_json":{"title":"Nova gest\u00e3o revigorada pela for\u00e7a da uni\u00e3o - Espa\u00e7o Abracorp","robots":{"index":"index","follow":"follow","max-snippet":"max-snippet:-1","max-image-preview":"max-image-preview:large","max-video-preview":"max-video-preview:-1"},"canonical":"https:\/\/blog.panrotas.com.br\/espacoabracorp\/2016\/05\/24\/nova-gestao-revigorada-pela-forca-da-uniao\/","og_locale":"pt_BR","og_type":"article","og_title":"Nova gest\u00e3o revigorada pela for\u00e7a da uni\u00e3o - Espa\u00e7o Abracorp","og_description":"Ao assumir o mandato de dois anos como presidente do Conselho de Administra\u00e7\u00e3o da Abracorp, no final de abril, projetamos uma s\u00e9rie de a\u00e7\u00f5es destinadas a fortalecer a entidade e aprimorar seu funcionamento no \u00e2mbito das TMCs associadas. Na pauta, elegemos como uma das prioridades a atualiza\u00e7\u00e3o do nosso planejamento estrat\u00e9gico, concebido h\u00e1 seis anos,&hellip; Continue reading &rarr;","og_url":"https:\/\/blog.panrotas.com.br\/espacoabracorp\/2016\/05\/24\/nova-gestao-revigorada-pela-forca-da-uniao\/","og_site_name":"Espa\u00e7o Abracorp","article_published_time":"2016-05-24T20:57:37+00:00","og_image":[{"url":"http:\/\/panrotas.blog.br\/espacoabracorp\/wp-content\/uploads\/sites\/16\/2016\/05\/Foto_Rubens-conduz-reuni\u00e3o-Abracorp-300x225.jpg"}],"twitter_card":"summary_large_image","twitter_misc":{"Escrito por":"Abracorp","Est. tempo de leitura":"1 minuto"},"schema":{"@context":"https:\/\/schema.org","@graph":[{"@type":"WebSite","@id":"https:\/\/blog.panrotas.com.br\/espacoabracorp\/#website","url":"https:\/\/blog.panrotas.com.br\/espacoabracorp\/","name":"Espa\u00e7o Abracorp","description":"Blogosfera PANROTAS","potentialAction":[{"@type":"SearchAction","target":{"@type":"EntryPoint","urlTemplate":"https:\/\/blog.panrotas.com.br\/espacoabracorp\/?s={search_term_string}"},"query-input":"required name=search_term_string"}],"inLanguage":"pt-BR"},{"@type":"ImageObject","@id":"https:\/\/blog.panrotas.com.br\/espacoabracorp\/2016\/05\/24\/nova-gestao-revigorada-pela-forca-da-uniao\/#primaryimage","inLanguage":"pt-BR","url":"http:\/\/panrotas.blog.br\/espacoabracorp\/wp-content\/uploads\/sites\/16\/2016\/05\/Foto_Rubens-conduz-reuni\u00e3o-Abracorp-300x225.jpg","contentUrl":"http:\/\/panrotas.blog.br\/espacoabracorp\/wp-content\/uploads\/sites\/16\/2016\/05\/Foto_Rubens-conduz-reuni\u00e3o-Abracorp-300x225.jpg"},{"@type":"WebPage","@id":"https:\/\/blog.panrotas.com.br\/espacoabracorp\/2016\/05\/24\/nova-gestao-revigorada-pela-forca-da-uniao\/#webpage","url":"https:\/\/blog.panrotas.com.br\/espacoabracorp\/2016\/05\/24\/nova-gestao-revigorada-pela-forca-da-uniao\/","name":"Nova gest\u00e3o revigorada pela for\u00e7a da uni\u00e3o - Espa\u00e7o Abracorp","isPartOf":{"@id":"https:\/\/blog.panrotas.com.br\/espacoabracorp\/#website"},"primaryImageOfPage":{"@id":"https:\/\/blog.panrotas.com.br\/espacoabracorp\/2016\/05\/24\/nova-gestao-revigorada-pela-forca-da-uniao\/#primaryimage"},"datePublished":"2016-05-24T20:57:37+00:00","dateModified":"2016-05-24T20:57:37+00:00","author":{"@id":"https:\/\/blog.panrotas.com.br\/espacoabracorp\/#\/schema\/person\/c61095cb4ad58385b600360e86edcc70"},"breadcrumb":{"@id":"https:\/\/blog.panrotas.com.br\/espacoabracorp\/2016\/05\/24\/nova-gestao-revigorada-pela-forca-da-uniao\/#breadcrumb"},"inLanguage":"pt-BR","potentialAction":[{"@type":"ReadAction","target":["https:\/\/blog.panrotas.com.br\/espacoabracorp\/2016\/05\/24\/nova-gestao-revigorada-pela-forca-da-uniao\/"]}]},{"@type":"BreadcrumbList","@id":"https:\/\/blog.panrotas.com.br\/espacoabracorp\/2016\/05\/24\/nova-gestao-revigorada-pela-forca-da-uniao\/#breadcrumb","itemListElement":[{"@type":"ListItem","position":1,"name":"In\u00edcio","item":"https:\/\/blog.panrotas.com.br\/espacoabracorp\/"},{"@type":"ListItem","position":2,"name":"Nova gest\u00e3o revigorada pela for\u00e7a da uni\u00e3o"}]},{"@type":"Person","@id":"https:\/\/blog.panrotas.com.br\/espacoabracorp\/#\/schema\/person\/c61095cb4ad58385b600360e86edcc70","name":"Abracorp","image":{"@type":"ImageObject","@id":"https:\/\/blog.panrotas.com.br\/espacoabracorp\/#personlogo","inLanguage":"pt-BR","url":"https:\/\/secure.gravatar.com\/avatar\/7b0b250396075df2cb7378540ccff9ce?s=96&d=mm&r=g","contentUrl":"https:\/\/secure.gravatar.com\/avatar\/7b0b250396075df2cb7378540ccff9ce?s=96&d=mm&r=g","caption":"Abracorp"},"url":"https:\/\/blog.panrotas.com.br\/espacoabracorp\/author\/luiz\/"}]}},"jetpack_featured_media_url":"","_links":{"self":[{"href":"https:\/\/blog.panrotas.com.br\/espacoabracorp\/wp-json\/wp\/v2\/posts\/1100"}],"collection":[{"href":"https:\/\/blog.panrotas.com.br\/espacoabracorp\/wp-json\/wp\/v2\/posts"}],"about":[{"href":"https:\/\/blog.panrotas.com.br\/espacoabracorp\/wp-json\/wp\/v2\/types\/post"}],"author":[{"embeddable":true,"href":"https:\/\/blog.panrotas.com.br\/espacoabracorp\/wp-json\/wp\/v2\/users\/27"}],"replies":[{"embeddable":true,"href":"https:\/\/blog.panrotas.com.br\/espacoabracorp\/wp-json\/wp\/v2\/comments?post=1100"}],"version-history":[{"count":0,"href":"https:\/\/blog.panrotas.com.br\/espacoabracorp\/wp-json\/wp\/v2\/posts\/1100\/revisions"}],"wp:attachment":[{"href":"https:\/\/blog.panrotas.com.br\/espacoabracorp\/wp-json\/wp\/v2\/media?parent=1100"}],"wp:term":[{"taxonomy":"category","embeddable":true,"href":"https:\/\/blog.panrotas.com.br\/espacoabracorp\/wp-json\/wp\/v2\/categories?post=1100"},{"taxonomy":"post_tag","embeddable":true,"href":"https:\/\/blog.panrotas.com.br\/espacoabracorp\/wp-json\/wp\/v2\/tags?post=1100"}],"curies":[{"name":"wp","href":"https:\/\/api.w.org\/{rel}","templated":true}]}}