{"id":1105,"date":"2016-06-02T11:54:14","date_gmt":"2016-06-02T14:54:14","guid":{"rendered":"http:\/\/blog.panrotas.com.br\/espacoabracorp\/?p=1105"},"modified":"2016-06-02T11:54:14","modified_gmt":"2016-06-02T14:54:14","slug":"abracorp-vai-certificar-numeros-do-mercado-de-viagens-corporativas","status":"publish","type":"post","link":"https:\/\/blog.panrotas.com.br\/espacoabracorp\/2016\/06\/02\/abracorp-vai-certificar-numeros-do-mercado-de-viagens-corporativas\/","title":{"rendered":"Aprimorar e certificar n\u00fameros do  mercado de viagens corporativas"},"content":{"rendered":"<div>\n<p style=\"text-align: left\" align=\"center\">\n<p>&nbsp;<br \/>\n<em>Rubens Schwartzmann*<\/em><br \/>\nH\u00e1 alguns anos a Abracorp divulga, trimestralmente, os n\u00fameros que referenciam o mercado de viagens corporativas. Apurados de forma censit\u00e1ria, os valores e percentuais que a entidade divulga j\u00e1 contam com elevada representatividade \u2013 englobam um ter\u00e7o do PIB do mercado em que atuamos. Na \u00faltima reuni\u00e3o com as associadas, colocamos em pauta e aprovamos a ado\u00e7\u00e3o de meios para aprimorar e certificar a metodologia que vimos utilizando.<br \/>\nDecidimos pela contrata\u00e7\u00e3o de uma empresa de consultoria e auditoria para desenvolver um sistema de fornecimento de dados gerenciais e de vendas. Trata-se de um projeto de BI (Business Intelligence), destinado a fomentar ainda mais a credibilidade da Abracorp. Haver\u00e1 inova\u00e7\u00f5es no instrumental de coleta; inclus\u00e3o de novas vari\u00e1veis e recortes de an\u00e1lise (a exemplo das tarifas m\u00e9dias por pares de cidades e di\u00e1rias m\u00e9dias por destinos), que v\u00e3o favorecer a identifica\u00e7\u00e3o de tend\u00eancias.<br \/>\nDepois de um diagn\u00f3stico das ag\u00eancias e defini\u00e7\u00e3o dos indicadores para a associa\u00e7\u00e3o e para o mercado, ser\u00e1 formulado um sistema automatizado para permitir que n\u00e3o haja nenhum tipo de interven\u00e7\u00e3o manual e que as informa\u00e7\u00f5es sejam ainda mais confi\u00e1veis. Poderemos comparar cada indicador sem vari\u00e1veis &#8211; laranja com laranja e ma\u00e7\u00e3 com ma\u00e7\u00e3. Na sequ\u00eancia, ser\u00e1 criado um processo de certifica\u00e7\u00e3o e homologa\u00e7\u00e3o. Cada ag\u00eancia se tornar\u00e1 apta a enviar seus dados de acordo com o manual desenvolvido pela empresa de auditoria.<br \/>\nDesta forma, o produto final ser\u00e1 uma ferramenta de BI (Business Intelligence) da Abracorp, onde os donos, CEO\u00b4s e diretores ter\u00e3o indicadores de performance da sua empresa comparados com as demais. Naturalmente, n\u00e3o haver\u00e1 exposi\u00e7\u00e3o do nome de nenhuma ag\u00eancia associada. Ser\u00e3o apenas dados referenciais do mercado, a exemplo do valor do t\u00edquete m\u00e9dio, volume de transa\u00e7\u00f5es x colaboradores, n\u00famero de pessoas x faturamento, entre outros. Estamos certos de que o <em>dashboard<\/em> a ser criado ir\u00e1 ajudar, em muito, os donos a pilotarem melhor os seus neg\u00f3cios.<br \/>\n<em>*Rubens Schwartzmann \u00e9 Presidente do Conselho de Administra\u00e7\u00e3o da Abracorp.<\/em>\n<\/div>\n<p>&nbsp;<\/p>\n","protected":false},"excerpt":{"rendered":"<p>&nbsp; Rubens Schwartzmann* H\u00e1 alguns anos a Abracorp divulga, trimestralmente, os n\u00fameros que referenciam o mercado de viagens corporativas. Apurados de forma censit\u00e1ria, os valores e percentuais que a entidade divulga j\u00e1 contam com elevada representatividade \u2013 englobam um ter\u00e7o do PIB do mercado em que atuamos. Na \u00faltima reuni\u00e3o com as associadas, colocamos em&hellip; <a class=\"more-link\" href=\"https:\/\/blog.panrotas.com.br\/espacoabracorp\/2016\/06\/02\/abracorp-vai-certificar-numeros-do-mercado-de-viagens-corporativas\/\">Continue reading &rarr;<\/a><\/p>\n","protected":false},"author":27,"featured_media":1108,"comment_status":"open","ping_status":"open","sticky":false,"template":"","format":"standard","meta":{"spay_email":""},"categories":[3],"tags":[],"yoast_head":"<!-- This site is optimized with the Yoast SEO plugin v17.3 - https:\/\/yoast.com\/wordpress\/plugins\/seo\/ -->\n<title>Aprimorar e certificar n\u00fameros do mercado de viagens corporativas - Espa\u00e7o Abracorp<\/title>\n<meta name=\"robots\" content=\"index, follow, max-snippet:-1, max-image-preview:large, max-video-preview:-1\" \/>\n<link rel=\"canonical\" href=\"https:\/\/blog.panrotas.com.br\/espacoabracorp\/2016\/06\/02\/abracorp-vai-certificar-numeros-do-mercado-de-viagens-corporativas\/\" \/>\n<meta property=\"og:locale\" content=\"pt_BR\" \/>\n<meta property=\"og:type\" content=\"article\" \/>\n<meta property=\"og:title\" content=\"Aprimorar e certificar n\u00fameros do mercado de viagens corporativas - Espa\u00e7o Abracorp\" \/>\n<meta property=\"og:description\" content=\"&nbsp; Rubens Schwartzmann* H\u00e1 alguns anos a Abracorp divulga, trimestralmente, os n\u00fameros que referenciam o mercado de viagens corporativas. Apurados de forma censit\u00e1ria, os valores e percentuais que a entidade divulga j\u00e1 contam com elevada representatividade \u2013 englobam um ter\u00e7o do PIB do mercado em que atuamos. Na \u00faltima reuni\u00e3o com as associadas, colocamos em&hellip; Continue reading &rarr;\" \/>\n<meta property=\"og:url\" content=\"https:\/\/blog.panrotas.com.br\/espacoabracorp\/2016\/06\/02\/abracorp-vai-certificar-numeros-do-mercado-de-viagens-corporativas\/\" \/>\n<meta property=\"og:site_name\" content=\"Espa\u00e7o Abracorp\" \/>\n<meta property=\"article:published_time\" content=\"2016-06-02T14:54:14+00:00\" \/>\n<meta property=\"og:image\" content=\"https:\/\/blog.panrotas.com.br\/espacoabracorp\/wp-content\/uploads\/sites\/16\/2016\/06\/rubens.png\" \/>\n\t<meta property=\"og:image:width\" content=\"300\" \/>\n\t<meta property=\"og:image:height\" content=\"308\" \/>\n<meta name=\"twitter:card\" content=\"summary_large_image\" \/>\n<meta name=\"twitter:label1\" content=\"Escrito por\" \/>\n\t<meta name=\"twitter:data1\" content=\"Abracorp\" \/>\n\t<meta name=\"twitter:label2\" content=\"Est. tempo de leitura\" \/>\n\t<meta name=\"twitter:data2\" content=\"2 minutos\" \/>\n<script type=\"application\/ld+json\" class=\"yoast-schema-graph\">{\"@context\":\"https:\/\/schema.org\",\"@graph\":[{\"@type\":\"WebSite\",\"@id\":\"https:\/\/blog.panrotas.com.br\/espacoabracorp\/#website\",\"url\":\"https:\/\/blog.panrotas.com.br\/espacoabracorp\/\",\"name\":\"Espa\\u00e7o Abracorp\",\"description\":\"Blogosfera PANROTAS\",\"potentialAction\":[{\"@type\":\"SearchAction\",\"target\":{\"@type\":\"EntryPoint\",\"urlTemplate\":\"https:\/\/blog.panrotas.com.br\/espacoabracorp\/?s={search_term_string}\"},\"query-input\":\"required name=search_term_string\"}],\"inLanguage\":\"pt-BR\"},{\"@type\":\"ImageObject\",\"@id\":\"https:\/\/blog.panrotas.com.br\/espacoabracorp\/2016\/06\/02\/abracorp-vai-certificar-numeros-do-mercado-de-viagens-corporativas\/#primaryimage\",\"inLanguage\":\"pt-BR\",\"url\":\"https:\/\/blog.panrotas.com.br\/espacoabracorp\/wp-content\/uploads\/sites\/16\/2016\/06\/rubens.png\",\"contentUrl\":\"https:\/\/blog.panrotas.com.br\/espacoabracorp\/wp-content\/uploads\/sites\/16\/2016\/06\/rubens.png\",\"width\":300,\"height\":308},{\"@type\":\"WebPage\",\"@id\":\"https:\/\/blog.panrotas.com.br\/espacoabracorp\/2016\/06\/02\/abracorp-vai-certificar-numeros-do-mercado-de-viagens-corporativas\/#webpage\",\"url\":\"https:\/\/blog.panrotas.com.br\/espacoabracorp\/2016\/06\/02\/abracorp-vai-certificar-numeros-do-mercado-de-viagens-corporativas\/\",\"name\":\"Aprimorar e certificar n\\u00fameros do mercado de viagens corporativas - Espa\\u00e7o Abracorp\",\"isPartOf\":{\"@id\":\"https:\/\/blog.panrotas.com.br\/espacoabracorp\/#website\"},\"primaryImageOfPage\":{\"@id\":\"https:\/\/blog.panrotas.com.br\/espacoabracorp\/2016\/06\/02\/abracorp-vai-certificar-numeros-do-mercado-de-viagens-corporativas\/#primaryimage\"},\"datePublished\":\"2016-06-02T14:54:14+00:00\",\"dateModified\":\"2016-06-02T14:54:14+00:00\",\"author\":{\"@id\":\"https:\/\/blog.panrotas.com.br\/espacoabracorp\/#\/schema\/person\/c61095cb4ad58385b600360e86edcc70\"},\"breadcrumb\":{\"@id\":\"https:\/\/blog.panrotas.com.br\/espacoabracorp\/2016\/06\/02\/abracorp-vai-certificar-numeros-do-mercado-de-viagens-corporativas\/#breadcrumb\"},\"inLanguage\":\"pt-BR\",\"potentialAction\":[{\"@type\":\"ReadAction\",\"target\":[\"https:\/\/blog.panrotas.com.br\/espacoabracorp\/2016\/06\/02\/abracorp-vai-certificar-numeros-do-mercado-de-viagens-corporativas\/\"]}]},{\"@type\":\"BreadcrumbList\",\"@id\":\"https:\/\/blog.panrotas.com.br\/espacoabracorp\/2016\/06\/02\/abracorp-vai-certificar-numeros-do-mercado-de-viagens-corporativas\/#breadcrumb\",\"itemListElement\":[{\"@type\":\"ListItem\",\"position\":1,\"name\":\"In\\u00edcio\",\"item\":\"https:\/\/blog.panrotas.com.br\/espacoabracorp\/\"},{\"@type\":\"ListItem\",\"position\":2,\"name\":\"Aprimorar e certificar n\\u00fameros do mercado de viagens corporativas\"}]},{\"@type\":\"Person\",\"@id\":\"https:\/\/blog.panrotas.com.br\/espacoabracorp\/#\/schema\/person\/c61095cb4ad58385b600360e86edcc70\",\"name\":\"Abracorp\",\"image\":{\"@type\":\"ImageObject\",\"@id\":\"https:\/\/blog.panrotas.com.br\/espacoabracorp\/#personlogo\",\"inLanguage\":\"pt-BR\",\"url\":\"https:\/\/secure.gravatar.com\/avatar\/7b0b250396075df2cb7378540ccff9ce?s=96&d=mm&r=g\",\"contentUrl\":\"https:\/\/secure.gravatar.com\/avatar\/7b0b250396075df2cb7378540ccff9ce?s=96&d=mm&r=g\",\"caption\":\"Abracorp\"},\"url\":\"https:\/\/blog.panrotas.com.br\/espacoabracorp\/author\/luiz\/\"}]}<\/script>\n<!-- \/ Yoast SEO plugin. -->","yoast_head_json":{"title":"Aprimorar e certificar n\u00fameros do mercado de viagens corporativas - Espa\u00e7o Abracorp","robots":{"index":"index","follow":"follow","max-snippet":"max-snippet:-1","max-image-preview":"max-image-preview:large","max-video-preview":"max-video-preview:-1"},"canonical":"https:\/\/blog.panrotas.com.br\/espacoabracorp\/2016\/06\/02\/abracorp-vai-certificar-numeros-do-mercado-de-viagens-corporativas\/","og_locale":"pt_BR","og_type":"article","og_title":"Aprimorar e certificar n\u00fameros do mercado de viagens corporativas - Espa\u00e7o Abracorp","og_description":"&nbsp; Rubens Schwartzmann* H\u00e1 alguns anos a Abracorp divulga, trimestralmente, os n\u00fameros que referenciam o mercado de viagens corporativas. Apurados de forma censit\u00e1ria, os valores e percentuais que a entidade divulga j\u00e1 contam com elevada representatividade \u2013 englobam um ter\u00e7o do PIB do mercado em que atuamos. Na \u00faltima reuni\u00e3o com as associadas, colocamos em&hellip; Continue reading &rarr;","og_url":"https:\/\/blog.panrotas.com.br\/espacoabracorp\/2016\/06\/02\/abracorp-vai-certificar-numeros-do-mercado-de-viagens-corporativas\/","og_site_name":"Espa\u00e7o Abracorp","article_published_time":"2016-06-02T14:54:14+00:00","og_image":[{"width":300,"height":308,"url":"https:\/\/blog.panrotas.com.br\/espacoabracorp\/wp-content\/uploads\/sites\/16\/2016\/06\/rubens.png","type":"image\/png"}],"twitter_card":"summary_large_image","twitter_misc":{"Escrito por":"Abracorp","Est. tempo de leitura":"2 minutos"},"schema":{"@context":"https:\/\/schema.org","@graph":[{"@type":"WebSite","@id":"https:\/\/blog.panrotas.com.br\/espacoabracorp\/#website","url":"https:\/\/blog.panrotas.com.br\/espacoabracorp\/","name":"Espa\u00e7o Abracorp","description":"Blogosfera PANROTAS","potentialAction":[{"@type":"SearchAction","target":{"@type":"EntryPoint","urlTemplate":"https:\/\/blog.panrotas.com.br\/espacoabracorp\/?s={search_term_string}"},"query-input":"required name=search_term_string"}],"inLanguage":"pt-BR"},{"@type":"ImageObject","@id":"https:\/\/blog.panrotas.com.br\/espacoabracorp\/2016\/06\/02\/abracorp-vai-certificar-numeros-do-mercado-de-viagens-corporativas\/#primaryimage","inLanguage":"pt-BR","url":"https:\/\/blog.panrotas.com.br\/espacoabracorp\/wp-content\/uploads\/sites\/16\/2016\/06\/rubens.png","contentUrl":"https:\/\/blog.panrotas.com.br\/espacoabracorp\/wp-content\/uploads\/sites\/16\/2016\/06\/rubens.png","width":300,"height":308},{"@type":"WebPage","@id":"https:\/\/blog.panrotas.com.br\/espacoabracorp\/2016\/06\/02\/abracorp-vai-certificar-numeros-do-mercado-de-viagens-corporativas\/#webpage","url":"https:\/\/blog.panrotas.com.br\/espacoabracorp\/2016\/06\/02\/abracorp-vai-certificar-numeros-do-mercado-de-viagens-corporativas\/","name":"Aprimorar e certificar n\u00fameros do mercado de viagens corporativas - Espa\u00e7o Abracorp","isPartOf":{"@id":"https:\/\/blog.panrotas.com.br\/espacoabracorp\/#website"},"primaryImageOfPage":{"@id":"https:\/\/blog.panrotas.com.br\/espacoabracorp\/2016\/06\/02\/abracorp-vai-certificar-numeros-do-mercado-de-viagens-corporativas\/#primaryimage"},"datePublished":"2016-06-02T14:54:14+00:00","dateModified":"2016-06-02T14:54:14+00:00","author":{"@id":"https:\/\/blog.panrotas.com.br\/espacoabracorp\/#\/schema\/person\/c61095cb4ad58385b600360e86edcc70"},"breadcrumb":{"@id":"https:\/\/blog.panrotas.com.br\/espacoabracorp\/2016\/06\/02\/abracorp-vai-certificar-numeros-do-mercado-de-viagens-corporativas\/#breadcrumb"},"inLanguage":"pt-BR","potentialAction":[{"@type":"ReadAction","target":["https:\/\/blog.panrotas.com.br\/espacoabracorp\/2016\/06\/02\/abracorp-vai-certificar-numeros-do-mercado-de-viagens-corporativas\/"]}]},{"@type":"BreadcrumbList","@id":"https:\/\/blog.panrotas.com.br\/espacoabracorp\/2016\/06\/02\/abracorp-vai-certificar-numeros-do-mercado-de-viagens-corporativas\/#breadcrumb","itemListElement":[{"@type":"ListItem","position":1,"name":"In\u00edcio","item":"https:\/\/blog.panrotas.com.br\/espacoabracorp\/"},{"@type":"ListItem","position":2,"name":"Aprimorar e certificar n\u00fameros do mercado de viagens corporativas"}]},{"@type":"Person","@id":"https:\/\/blog.panrotas.com.br\/espacoabracorp\/#\/schema\/person\/c61095cb4ad58385b600360e86edcc70","name":"Abracorp","image":{"@type":"ImageObject","@id":"https:\/\/blog.panrotas.com.br\/espacoabracorp\/#personlogo","inLanguage":"pt-BR","url":"https:\/\/secure.gravatar.com\/avatar\/7b0b250396075df2cb7378540ccff9ce?s=96&d=mm&r=g","contentUrl":"https:\/\/secure.gravatar.com\/avatar\/7b0b250396075df2cb7378540ccff9ce?s=96&d=mm&r=g","caption":"Abracorp"},"url":"https:\/\/blog.panrotas.com.br\/espacoabracorp\/author\/luiz\/"}]}},"jetpack_featured_media_url":"https:\/\/blog.panrotas.com.br\/espacoabracorp\/wp-content\/uploads\/sites\/16\/2016\/06\/rubens.png","_links":{"self":[{"href":"https:\/\/blog.panrotas.com.br\/espacoabracorp\/wp-json\/wp\/v2\/posts\/1105"}],"collection":[{"href":"https:\/\/blog.panrotas.com.br\/espacoabracorp\/wp-json\/wp\/v2\/posts"}],"about":[{"href":"https:\/\/blog.panrotas.com.br\/espacoabracorp\/wp-json\/wp\/v2\/types\/post"}],"author":[{"embeddable":true,"href":"https:\/\/blog.panrotas.com.br\/espacoabracorp\/wp-json\/wp\/v2\/users\/27"}],"replies":[{"embeddable":true,"href":"https:\/\/blog.panrotas.com.br\/espacoabracorp\/wp-json\/wp\/v2\/comments?post=1105"}],"version-history":[{"count":0,"href":"https:\/\/blog.panrotas.com.br\/espacoabracorp\/wp-json\/wp\/v2\/posts\/1105\/revisions"}],"wp:featuredmedia":[{"embeddable":true,"href":"https:\/\/blog.panrotas.com.br\/espacoabracorp\/wp-json\/wp\/v2\/media\/1108"}],"wp:attachment":[{"href":"https:\/\/blog.panrotas.com.br\/espacoabracorp\/wp-json\/wp\/v2\/media?parent=1105"}],"wp:term":[{"taxonomy":"category","embeddable":true,"href":"https:\/\/blog.panrotas.com.br\/espacoabracorp\/wp-json\/wp\/v2\/categories?post=1105"},{"taxonomy":"post_tag","embeddable":true,"href":"https:\/\/blog.panrotas.com.br\/espacoabracorp\/wp-json\/wp\/v2\/tags?post=1105"}],"curies":[{"name":"wp","href":"https:\/\/api.w.org\/{rel}","templated":true}]}}