{"id":1111,"date":"2016-06-14T14:37:56","date_gmt":"2016-06-14T17:37:56","guid":{"rendered":"http:\/\/blog.panrotas.com.br\/espacoabracorp\/?p=1111"},"modified":"2016-06-14T14:37:56","modified_gmt":"2016-06-14T17:37:56","slug":"fortalecer-os-comites-e-fomentar-grupos-de-trabalho","status":"publish","type":"post","link":"https:\/\/blog.panrotas.com.br\/espacoabracorp\/2016\/06\/14\/fortalecer-os-comites-e-fomentar-grupos-de-trabalho\/","title":{"rendered":"Fortalecer os comit\u00eas e fomentar grupos de trabalho"},"content":{"rendered":"<p><em>Rubens Schwartzmann<\/em><br \/>\nA Abracorp leva muito a s\u00e9rio o prop\u00f3sito de criar diferentes instrumentos de gest\u00e3o para garantir, \u00e0s associadas, satisfa\u00e7\u00e3o e representatividade. A forma\u00e7\u00e3o dos comit\u00eas tem\u00e1ticos visa, exatamente, a capacita\u00e7\u00e3o profissional e a infraestrutura tecnol\u00f3gica, alinhadas com o que h\u00e1 de mais moderno e sustent\u00e1vel no mundo corporativo globalizado. Cria aproxima\u00e7\u00e3o saud\u00e1vel e necess\u00e1ria com as suas TMCs, numa perspectiva de aprimoramento continuo e a obten\u00e7\u00e3o de sinergia no mais alto grau.<u><\/u><u><\/u><br \/>\nA Abracorp mant\u00e9m ativos os comit\u00eas de Produtos e Novos Neg\u00f3cios; de Tecnologia e Inova\u00e7\u00e3o; de Desenvolvimento Humano; MICE e Finan\u00e7as. Para torn\u00e1-los mais e mais eficientes e dot\u00e1-los de maior envergadura institucional, estamos elaborando o regimento com as regras claras de funcionamento e compet\u00eancia. S\u00e3o medidas necess\u00e1rias para o enraizamento deste precioso instrumento de gest\u00e3o da Abracorp.<u><\/u><u><\/u><br \/>\nTamb\u00e9m decidimos investir na forma\u00e7\u00e3o de Grupos de Trabalho (Task Force), compostos de tr\u00eas membros, para a an\u00e1lise e busca de solu\u00e7\u00f5es para casos pontuais.\u00a0O levantamento de temas para os Grupos de Trabalho ter\u00e1 como fonte o que denominamos \u2018Voz do Associado\u2019 \u2013 espa\u00e7o para conversar sobre problemas e oportunidades. Ao mesmo tempo, vamos incrementar a participa\u00e7\u00e3o dos fornecedores das TMCs Abracorp, em formato mais participativo. Contamos, inclusive, com o envolvimentos de clientes para fortalecer o car\u00e1ter intercomplementar do trin\u00f4mio: Conhecimento-Compet\u00eancia-Networking.<u><\/u><u><\/u><br \/>\nTudo o que fazemos busca a sintonia com as melhores pr\u00e1ticas de mercado, que permitam a consolida\u00e7\u00e3o de uma rela\u00e7\u00e3o s\u00f3lida de longo prazo.<\/p>\n","protected":false},"excerpt":{"rendered":"<p>Rubens Schwartzmann A Abracorp leva muito a s\u00e9rio o prop\u00f3sito de criar diferentes instrumentos de gest\u00e3o para garantir, \u00e0s associadas, satisfa\u00e7\u00e3o e representatividade. A forma\u00e7\u00e3o dos comit\u00eas tem\u00e1ticos visa, exatamente, a capacita\u00e7\u00e3o profissional e a infraestrutura tecnol\u00f3gica, alinhadas com o que h\u00e1 de mais moderno e sustent\u00e1vel no mundo corporativo globalizado. Cria aproxima\u00e7\u00e3o saud\u00e1vel e&hellip; <a class=\"more-link\" href=\"https:\/\/blog.panrotas.com.br\/espacoabracorp\/2016\/06\/14\/fortalecer-os-comites-e-fomentar-grupos-de-trabalho\/\">Continue reading &rarr;<\/a><\/p>\n","protected":false},"author":27,"featured_media":1117,"comment_status":"open","ping_status":"open","sticky":false,"template":"","format":"standard","meta":{"spay_email":""},"categories":[3],"tags":[],"yoast_head":"<!-- This site is optimized with the Yoast SEO plugin v17.3 - https:\/\/yoast.com\/wordpress\/plugins\/seo\/ -->\n<title>Fortalecer os comit\u00eas e fomentar grupos de trabalho - Espa\u00e7o Abracorp<\/title>\n<meta name=\"robots\" content=\"index, follow, max-snippet:-1, max-image-preview:large, max-video-preview:-1\" \/>\n<link rel=\"canonical\" href=\"https:\/\/blog.panrotas.com.br\/espacoabracorp\/2016\/06\/14\/fortalecer-os-comites-e-fomentar-grupos-de-trabalho\/\" \/>\n<meta property=\"og:locale\" content=\"pt_BR\" \/>\n<meta property=\"og:type\" content=\"article\" \/>\n<meta property=\"og:title\" content=\"Fortalecer os comit\u00eas e fomentar grupos de trabalho - Espa\u00e7o Abracorp\" \/>\n<meta property=\"og:description\" content=\"Rubens Schwartzmann A Abracorp leva muito a s\u00e9rio o prop\u00f3sito de criar diferentes instrumentos de gest\u00e3o para garantir, \u00e0s associadas, satisfa\u00e7\u00e3o e representatividade. A forma\u00e7\u00e3o dos comit\u00eas tem\u00e1ticos visa, exatamente, a capacita\u00e7\u00e3o profissional e a infraestrutura tecnol\u00f3gica, alinhadas com o que h\u00e1 de mais moderno e sustent\u00e1vel no mundo corporativo globalizado. Cria aproxima\u00e7\u00e3o saud\u00e1vel e&hellip; Continue reading &rarr;\" \/>\n<meta property=\"og:url\" content=\"https:\/\/blog.panrotas.com.br\/espacoabracorp\/2016\/06\/14\/fortalecer-os-comites-e-fomentar-grupos-de-trabalho\/\" \/>\n<meta property=\"og:site_name\" content=\"Espa\u00e7o Abracorp\" \/>\n<meta property=\"article:published_time\" content=\"2016-06-14T17:37:56+00:00\" \/>\n<meta property=\"og:image\" content=\"https:\/\/blog.panrotas.com.br\/espacoabracorp\/wp-content\/uploads\/sites\/16\/2016\/06\/82CCA766-5A30-4B5B-A583-9FC51E186EE1.jpg\" \/>\n\t<meta property=\"og:image:width\" content=\"640\" \/>\n\t<meta property=\"og:image:height\" content=\"480\" \/>\n<meta name=\"twitter:card\" content=\"summary_large_image\" \/>\n<meta name=\"twitter:label1\" content=\"Escrito por\" \/>\n\t<meta name=\"twitter:data1\" content=\"Abracorp\" \/>\n\t<meta name=\"twitter:label2\" content=\"Est. tempo de leitura\" \/>\n\t<meta name=\"twitter:data2\" content=\"1 minuto\" \/>\n<script type=\"application\/ld+json\" class=\"yoast-schema-graph\">{\"@context\":\"https:\/\/schema.org\",\"@graph\":[{\"@type\":\"WebSite\",\"@id\":\"https:\/\/blog.panrotas.com.br\/espacoabracorp\/#website\",\"url\":\"https:\/\/blog.panrotas.com.br\/espacoabracorp\/\",\"name\":\"Espa\\u00e7o Abracorp\",\"description\":\"Blogosfera PANROTAS\",\"potentialAction\":[{\"@type\":\"SearchAction\",\"target\":{\"@type\":\"EntryPoint\",\"urlTemplate\":\"https:\/\/blog.panrotas.com.br\/espacoabracorp\/?s={search_term_string}\"},\"query-input\":\"required name=search_term_string\"}],\"inLanguage\":\"pt-BR\"},{\"@type\":\"ImageObject\",\"@id\":\"https:\/\/blog.panrotas.com.br\/espacoabracorp\/2016\/06\/14\/fortalecer-os-comites-e-fomentar-grupos-de-trabalho\/#primaryimage\",\"inLanguage\":\"pt-BR\",\"url\":\"https:\/\/blog.panrotas.com.br\/espacoabracorp\/wp-content\/uploads\/sites\/16\/2016\/06\/82CCA766-5A30-4B5B-A583-9FC51E186EE1.jpg\",\"contentUrl\":\"https:\/\/blog.panrotas.com.br\/espacoabracorp\/wp-content\/uploads\/sites\/16\/2016\/06\/82CCA766-5A30-4B5B-A583-9FC51E186EE1.jpg\",\"width\":640,\"height\":480},{\"@type\":\"WebPage\",\"@id\":\"https:\/\/blog.panrotas.com.br\/espacoabracorp\/2016\/06\/14\/fortalecer-os-comites-e-fomentar-grupos-de-trabalho\/#webpage\",\"url\":\"https:\/\/blog.panrotas.com.br\/espacoabracorp\/2016\/06\/14\/fortalecer-os-comites-e-fomentar-grupos-de-trabalho\/\",\"name\":\"Fortalecer os comit\\u00eas e fomentar grupos de trabalho - Espa\\u00e7o Abracorp\",\"isPartOf\":{\"@id\":\"https:\/\/blog.panrotas.com.br\/espacoabracorp\/#website\"},\"primaryImageOfPage\":{\"@id\":\"https:\/\/blog.panrotas.com.br\/espacoabracorp\/2016\/06\/14\/fortalecer-os-comites-e-fomentar-grupos-de-trabalho\/#primaryimage\"},\"datePublished\":\"2016-06-14T17:37:56+00:00\",\"dateModified\":\"2016-06-14T17:37:56+00:00\",\"author\":{\"@id\":\"https:\/\/blog.panrotas.com.br\/espacoabracorp\/#\/schema\/person\/c61095cb4ad58385b600360e86edcc70\"},\"breadcrumb\":{\"@id\":\"https:\/\/blog.panrotas.com.br\/espacoabracorp\/2016\/06\/14\/fortalecer-os-comites-e-fomentar-grupos-de-trabalho\/#breadcrumb\"},\"inLanguage\":\"pt-BR\",\"potentialAction\":[{\"@type\":\"ReadAction\",\"target\":[\"https:\/\/blog.panrotas.com.br\/espacoabracorp\/2016\/06\/14\/fortalecer-os-comites-e-fomentar-grupos-de-trabalho\/\"]}]},{\"@type\":\"BreadcrumbList\",\"@id\":\"https:\/\/blog.panrotas.com.br\/espacoabracorp\/2016\/06\/14\/fortalecer-os-comites-e-fomentar-grupos-de-trabalho\/#breadcrumb\",\"itemListElement\":[{\"@type\":\"ListItem\",\"position\":1,\"name\":\"In\\u00edcio\",\"item\":\"https:\/\/blog.panrotas.com.br\/espacoabracorp\/\"},{\"@type\":\"ListItem\",\"position\":2,\"name\":\"Fortalecer os comit\\u00eas e fomentar grupos de trabalho\"}]},{\"@type\":\"Person\",\"@id\":\"https:\/\/blog.panrotas.com.br\/espacoabracorp\/#\/schema\/person\/c61095cb4ad58385b600360e86edcc70\",\"name\":\"Abracorp\",\"image\":{\"@type\":\"ImageObject\",\"@id\":\"https:\/\/blog.panrotas.com.br\/espacoabracorp\/#personlogo\",\"inLanguage\":\"pt-BR\",\"url\":\"https:\/\/secure.gravatar.com\/avatar\/7b0b250396075df2cb7378540ccff9ce?s=96&d=mm&r=g\",\"contentUrl\":\"https:\/\/secure.gravatar.com\/avatar\/7b0b250396075df2cb7378540ccff9ce?s=96&d=mm&r=g\",\"caption\":\"Abracorp\"},\"url\":\"https:\/\/blog.panrotas.com.br\/espacoabracorp\/author\/luiz\/\"}]}<\/script>\n<!-- \/ Yoast SEO plugin. -->","yoast_head_json":{"title":"Fortalecer os comit\u00eas e fomentar grupos de trabalho - Espa\u00e7o Abracorp","robots":{"index":"index","follow":"follow","max-snippet":"max-snippet:-1","max-image-preview":"max-image-preview:large","max-video-preview":"max-video-preview:-1"},"canonical":"https:\/\/blog.panrotas.com.br\/espacoabracorp\/2016\/06\/14\/fortalecer-os-comites-e-fomentar-grupos-de-trabalho\/","og_locale":"pt_BR","og_type":"article","og_title":"Fortalecer os comit\u00eas e fomentar grupos de trabalho - Espa\u00e7o Abracorp","og_description":"Rubens Schwartzmann A Abracorp leva muito a s\u00e9rio o prop\u00f3sito de criar diferentes instrumentos de gest\u00e3o para garantir, \u00e0s associadas, satisfa\u00e7\u00e3o e representatividade. A forma\u00e7\u00e3o dos comit\u00eas tem\u00e1ticos visa, exatamente, a capacita\u00e7\u00e3o profissional e a infraestrutura tecnol\u00f3gica, alinhadas com o que h\u00e1 de mais moderno e sustent\u00e1vel no mundo corporativo globalizado. Cria aproxima\u00e7\u00e3o saud\u00e1vel e&hellip; Continue reading &rarr;","og_url":"https:\/\/blog.panrotas.com.br\/espacoabracorp\/2016\/06\/14\/fortalecer-os-comites-e-fomentar-grupos-de-trabalho\/","og_site_name":"Espa\u00e7o Abracorp","article_published_time":"2016-06-14T17:37:56+00:00","og_image":[{"width":640,"height":480,"url":"https:\/\/blog.panrotas.com.br\/espacoabracorp\/wp-content\/uploads\/sites\/16\/2016\/06\/82CCA766-5A30-4B5B-A583-9FC51E186EE1.jpg","type":"image\/jpeg"}],"twitter_card":"summary_large_image","twitter_misc":{"Escrito por":"Abracorp","Est. tempo de leitura":"1 minuto"},"schema":{"@context":"https:\/\/schema.org","@graph":[{"@type":"WebSite","@id":"https:\/\/blog.panrotas.com.br\/espacoabracorp\/#website","url":"https:\/\/blog.panrotas.com.br\/espacoabracorp\/","name":"Espa\u00e7o Abracorp","description":"Blogosfera PANROTAS","potentialAction":[{"@type":"SearchAction","target":{"@type":"EntryPoint","urlTemplate":"https:\/\/blog.panrotas.com.br\/espacoabracorp\/?s={search_term_string}"},"query-input":"required name=search_term_string"}],"inLanguage":"pt-BR"},{"@type":"ImageObject","@id":"https:\/\/blog.panrotas.com.br\/espacoabracorp\/2016\/06\/14\/fortalecer-os-comites-e-fomentar-grupos-de-trabalho\/#primaryimage","inLanguage":"pt-BR","url":"https:\/\/blog.panrotas.com.br\/espacoabracorp\/wp-content\/uploads\/sites\/16\/2016\/06\/82CCA766-5A30-4B5B-A583-9FC51E186EE1.jpg","contentUrl":"https:\/\/blog.panrotas.com.br\/espacoabracorp\/wp-content\/uploads\/sites\/16\/2016\/06\/82CCA766-5A30-4B5B-A583-9FC51E186EE1.jpg","width":640,"height":480},{"@type":"WebPage","@id":"https:\/\/blog.panrotas.com.br\/espacoabracorp\/2016\/06\/14\/fortalecer-os-comites-e-fomentar-grupos-de-trabalho\/#webpage","url":"https:\/\/blog.panrotas.com.br\/espacoabracorp\/2016\/06\/14\/fortalecer-os-comites-e-fomentar-grupos-de-trabalho\/","name":"Fortalecer os comit\u00eas e fomentar grupos de trabalho - Espa\u00e7o Abracorp","isPartOf":{"@id":"https:\/\/blog.panrotas.com.br\/espacoabracorp\/#website"},"primaryImageOfPage":{"@id":"https:\/\/blog.panrotas.com.br\/espacoabracorp\/2016\/06\/14\/fortalecer-os-comites-e-fomentar-grupos-de-trabalho\/#primaryimage"},"datePublished":"2016-06-14T17:37:56+00:00","dateModified":"2016-06-14T17:37:56+00:00","author":{"@id":"https:\/\/blog.panrotas.com.br\/espacoabracorp\/#\/schema\/person\/c61095cb4ad58385b600360e86edcc70"},"breadcrumb":{"@id":"https:\/\/blog.panrotas.com.br\/espacoabracorp\/2016\/06\/14\/fortalecer-os-comites-e-fomentar-grupos-de-trabalho\/#breadcrumb"},"inLanguage":"pt-BR","potentialAction":[{"@type":"ReadAction","target":["https:\/\/blog.panrotas.com.br\/espacoabracorp\/2016\/06\/14\/fortalecer-os-comites-e-fomentar-grupos-de-trabalho\/"]}]},{"@type":"BreadcrumbList","@id":"https:\/\/blog.panrotas.com.br\/espacoabracorp\/2016\/06\/14\/fortalecer-os-comites-e-fomentar-grupos-de-trabalho\/#breadcrumb","itemListElement":[{"@type":"ListItem","position":1,"name":"In\u00edcio","item":"https:\/\/blog.panrotas.com.br\/espacoabracorp\/"},{"@type":"ListItem","position":2,"name":"Fortalecer os comit\u00eas e fomentar grupos de trabalho"}]},{"@type":"Person","@id":"https:\/\/blog.panrotas.com.br\/espacoabracorp\/#\/schema\/person\/c61095cb4ad58385b600360e86edcc70","name":"Abracorp","image":{"@type":"ImageObject","@id":"https:\/\/blog.panrotas.com.br\/espacoabracorp\/#personlogo","inLanguage":"pt-BR","url":"https:\/\/secure.gravatar.com\/avatar\/7b0b250396075df2cb7378540ccff9ce?s=96&d=mm&r=g","contentUrl":"https:\/\/secure.gravatar.com\/avatar\/7b0b250396075df2cb7378540ccff9ce?s=96&d=mm&r=g","caption":"Abracorp"},"url":"https:\/\/blog.panrotas.com.br\/espacoabracorp\/author\/luiz\/"}]}},"jetpack_featured_media_url":"https:\/\/blog.panrotas.com.br\/espacoabracorp\/wp-content\/uploads\/sites\/16\/2016\/06\/82CCA766-5A30-4B5B-A583-9FC51E186EE1.jpg","_links":{"self":[{"href":"https:\/\/blog.panrotas.com.br\/espacoabracorp\/wp-json\/wp\/v2\/posts\/1111"}],"collection":[{"href":"https:\/\/blog.panrotas.com.br\/espacoabracorp\/wp-json\/wp\/v2\/posts"}],"about":[{"href":"https:\/\/blog.panrotas.com.br\/espacoabracorp\/wp-json\/wp\/v2\/types\/post"}],"author":[{"embeddable":true,"href":"https:\/\/blog.panrotas.com.br\/espacoabracorp\/wp-json\/wp\/v2\/users\/27"}],"replies":[{"embeddable":true,"href":"https:\/\/blog.panrotas.com.br\/espacoabracorp\/wp-json\/wp\/v2\/comments?post=1111"}],"version-history":[{"count":0,"href":"https:\/\/blog.panrotas.com.br\/espacoabracorp\/wp-json\/wp\/v2\/posts\/1111\/revisions"}],"wp:featuredmedia":[{"embeddable":true,"href":"https:\/\/blog.panrotas.com.br\/espacoabracorp\/wp-json\/wp\/v2\/media\/1117"}],"wp:attachment":[{"href":"https:\/\/blog.panrotas.com.br\/espacoabracorp\/wp-json\/wp\/v2\/media?parent=1111"}],"wp:term":[{"taxonomy":"category","embeddable":true,"href":"https:\/\/blog.panrotas.com.br\/espacoabracorp\/wp-json\/wp\/v2\/categories?post=1111"},{"taxonomy":"post_tag","embeddable":true,"href":"https:\/\/blog.panrotas.com.br\/espacoabracorp\/wp-json\/wp\/v2\/tags?post=1111"}],"curies":[{"name":"wp","href":"https:\/\/api.w.org\/{rel}","templated":true}]}}