{"id":1119,"date":"2016-07-04T12:40:46","date_gmt":"2016-07-04T15:40:46","guid":{"rendered":"http:\/\/blog.panrotas.com.br\/espacoabracorp\/?p=1119"},"modified":"2016-07-04T12:40:46","modified_gmt":"2016-07-04T15:40:46","slug":"guerreiro-esse-e-o-agente-de-viagens-corporativo","status":"publish","type":"post","link":"https:\/\/blog.panrotas.com.br\/espacoabracorp\/2016\/07\/04\/guerreiro-esse-e-o-agente-de-viagens-corporativo\/","title":{"rendered":"Guerreiro \u2013 esse \u00e9 o agente de viagens corporativo"},"content":{"rendered":"<p style=\"text-align: left\"><em>Rubens Schwartzmann<\/em><\/p>\n<p>Mais uma vez voltamos ao tema. As TMCs associadas \u00e0 Abracorp t\u00eam em comum o compromisso de oferecer aos clientes a melhor rela\u00e7\u00e3o custo-benef\u00edcio, numa vis\u00e3o integral da presta\u00e7\u00e3o de servi\u00e7os. Buscam, de forma criteriosa, encontrar os fornecedores que melhor atendam \u00e0s necessidades dos viajantes. Com isso, n\u00e3o se transige. Al\u00e9m de negociarem a equa\u00e7\u00e3o pre\u00e7o-qualidade, disp\u00f5em de instrumental tecnol\u00f3gico capaz de afunilar para a melhor solu\u00e7\u00e3o, em cada demanda pontual. Os profissionais das nossas TMCs conhecem os meandros do mercado e sabem separar, com expertise, o joio do trigo. S\u00e3o determinados e comprometidos. S\u00e3o guerreiros!<br \/>\nRatificada a ess\u00eancia da nossa pr\u00e1tica, cabe alertar para a ocorr\u00eancia de casos eventuais, em que o cliente se depara, por exemplo, com ofertas de passagens a\u00e9reas a pre\u00e7os abaixo daqueles obtidos pela TMC a quem confiou a gest\u00e3o das viagens corporativas da sua empresa. Num primeiro momento, um ru\u00eddo. Mas quando se avalia o porqu\u00ea desta passagem a\u00e9rea ter sido descartada, fatalmente aquela pechincha implica em riscos e inconveni\u00eancias que o pre\u00e7o de face da oferta n\u00e3o mostra. Por esta raz\u00e3o, a alternativa foi descartada.<br \/>\nNo entanto, ao se deparar com alguma promo\u00e7\u00e3o espec\u00edfica disponibilizada para algum canal de venda, mais do que nunca \u00e9 recomendado encaminhar a oferta encontrada para sua TMC avaliar. Primeiro, para ela verificar se a op\u00e7\u00e3o encontrada n\u00e3o pode implicar em riscos ao viajante ou \u00e0 empresa. Segundo, porque a sua TMC tem caminhos para negociar com os fornecedores parceiros e at\u00e9 \u201cbater\u201d aquele pre\u00e7o encontrado.<\/p>\n","protected":false},"excerpt":{"rendered":"<p>Rubens Schwartzmann Mais uma vez voltamos ao tema. As TMCs associadas \u00e0 Abracorp t\u00eam em comum o compromisso de oferecer aos clientes a melhor rela\u00e7\u00e3o custo-benef\u00edcio, numa vis\u00e3o integral da presta\u00e7\u00e3o de servi\u00e7os. Buscam, de forma criteriosa, encontrar os fornecedores que melhor atendam \u00e0s necessidades dos viajantes. Com isso, n\u00e3o se transige. Al\u00e9m de negociarem&hellip; <a class=\"more-link\" href=\"https:\/\/blog.panrotas.com.br\/espacoabracorp\/2016\/07\/04\/guerreiro-esse-e-o-agente-de-viagens-corporativo\/\">Continue reading &rarr;<\/a><\/p>\n","protected":false},"author":27,"featured_media":1120,"comment_status":"open","ping_status":"open","sticky":false,"template":"","format":"standard","meta":{"spay_email":""},"categories":[3],"tags":[],"yoast_head":"<!-- This site is optimized with the Yoast SEO plugin v17.3 - https:\/\/yoast.com\/wordpress\/plugins\/seo\/ -->\n<title>Guerreiro \u2013 esse \u00e9 o agente de viagens corporativo - Espa\u00e7o Abracorp<\/title>\n<meta name=\"robots\" content=\"index, follow, max-snippet:-1, max-image-preview:large, max-video-preview:-1\" \/>\n<link rel=\"canonical\" href=\"https:\/\/blog.panrotas.com.br\/espacoabracorp\/2016\/07\/04\/guerreiro-esse-e-o-agente-de-viagens-corporativo\/\" \/>\n<meta property=\"og:locale\" content=\"pt_BR\" \/>\n<meta property=\"og:type\" content=\"article\" \/>\n<meta property=\"og:title\" content=\"Guerreiro \u2013 esse \u00e9 o agente de viagens corporativo - Espa\u00e7o Abracorp\" \/>\n<meta property=\"og:description\" content=\"Rubens Schwartzmann Mais uma vez voltamos ao tema. As TMCs associadas \u00e0 Abracorp t\u00eam em comum o compromisso de oferecer aos clientes a melhor rela\u00e7\u00e3o custo-benef\u00edcio, numa vis\u00e3o integral da presta\u00e7\u00e3o de servi\u00e7os. Buscam, de forma criteriosa, encontrar os fornecedores que melhor atendam \u00e0s necessidades dos viajantes. Com isso, n\u00e3o se transige. Al\u00e9m de negociarem&hellip; Continue reading &rarr;\" \/>\n<meta property=\"og:url\" content=\"https:\/\/blog.panrotas.com.br\/espacoabracorp\/2016\/07\/04\/guerreiro-esse-e-o-agente-de-viagens-corporativo\/\" \/>\n<meta property=\"og:site_name\" content=\"Espa\u00e7o Abracorp\" \/>\n<meta property=\"article:published_time\" content=\"2016-07-04T15:40:46+00:00\" \/>\n<meta property=\"og:image\" content=\"https:\/\/blog.panrotas.com.br\/espacoabracorp\/wp-content\/uploads\/sites\/16\/2016\/07\/post_julho.jpg\" \/>\n\t<meta property=\"og:image:width\" content=\"690\" \/>\n\t<meta property=\"og:image:height\" content=\"300\" \/>\n<meta name=\"twitter:card\" content=\"summary_large_image\" \/>\n<meta name=\"twitter:label1\" content=\"Escrito por\" \/>\n\t<meta name=\"twitter:data1\" content=\"Abracorp\" \/>\n\t<meta name=\"twitter:label2\" content=\"Est. tempo de leitura\" \/>\n\t<meta name=\"twitter:data2\" content=\"1 minuto\" \/>\n<script type=\"application\/ld+json\" class=\"yoast-schema-graph\">{\"@context\":\"https:\/\/schema.org\",\"@graph\":[{\"@type\":\"WebSite\",\"@id\":\"https:\/\/blog.panrotas.com.br\/espacoabracorp\/#website\",\"url\":\"https:\/\/blog.panrotas.com.br\/espacoabracorp\/\",\"name\":\"Espa\\u00e7o Abracorp\",\"description\":\"Blogosfera PANROTAS\",\"potentialAction\":[{\"@type\":\"SearchAction\",\"target\":{\"@type\":\"EntryPoint\",\"urlTemplate\":\"https:\/\/blog.panrotas.com.br\/espacoabracorp\/?s={search_term_string}\"},\"query-input\":\"required name=search_term_string\"}],\"inLanguage\":\"pt-BR\"},{\"@type\":\"ImageObject\",\"@id\":\"https:\/\/blog.panrotas.com.br\/espacoabracorp\/2016\/07\/04\/guerreiro-esse-e-o-agente-de-viagens-corporativo\/#primaryimage\",\"inLanguage\":\"pt-BR\",\"url\":\"https:\/\/blog.panrotas.com.br\/espacoabracorp\/wp-content\/uploads\/sites\/16\/2016\/07\/post_julho.jpg\",\"contentUrl\":\"https:\/\/blog.panrotas.com.br\/espacoabracorp\/wp-content\/uploads\/sites\/16\/2016\/07\/post_julho.jpg\",\"width\":690,\"height\":300},{\"@type\":\"WebPage\",\"@id\":\"https:\/\/blog.panrotas.com.br\/espacoabracorp\/2016\/07\/04\/guerreiro-esse-e-o-agente-de-viagens-corporativo\/#webpage\",\"url\":\"https:\/\/blog.panrotas.com.br\/espacoabracorp\/2016\/07\/04\/guerreiro-esse-e-o-agente-de-viagens-corporativo\/\",\"name\":\"Guerreiro \\u2013 esse \\u00e9 o agente de viagens corporativo - Espa\\u00e7o Abracorp\",\"isPartOf\":{\"@id\":\"https:\/\/blog.panrotas.com.br\/espacoabracorp\/#website\"},\"primaryImageOfPage\":{\"@id\":\"https:\/\/blog.panrotas.com.br\/espacoabracorp\/2016\/07\/04\/guerreiro-esse-e-o-agente-de-viagens-corporativo\/#primaryimage\"},\"datePublished\":\"2016-07-04T15:40:46+00:00\",\"dateModified\":\"2016-07-04T15:40:46+00:00\",\"author\":{\"@id\":\"https:\/\/blog.panrotas.com.br\/espacoabracorp\/#\/schema\/person\/c61095cb4ad58385b600360e86edcc70\"},\"breadcrumb\":{\"@id\":\"https:\/\/blog.panrotas.com.br\/espacoabracorp\/2016\/07\/04\/guerreiro-esse-e-o-agente-de-viagens-corporativo\/#breadcrumb\"},\"inLanguage\":\"pt-BR\",\"potentialAction\":[{\"@type\":\"ReadAction\",\"target\":[\"https:\/\/blog.panrotas.com.br\/espacoabracorp\/2016\/07\/04\/guerreiro-esse-e-o-agente-de-viagens-corporativo\/\"]}]},{\"@type\":\"BreadcrumbList\",\"@id\":\"https:\/\/blog.panrotas.com.br\/espacoabracorp\/2016\/07\/04\/guerreiro-esse-e-o-agente-de-viagens-corporativo\/#breadcrumb\",\"itemListElement\":[{\"@type\":\"ListItem\",\"position\":1,\"name\":\"In\\u00edcio\",\"item\":\"https:\/\/blog.panrotas.com.br\/espacoabracorp\/\"},{\"@type\":\"ListItem\",\"position\":2,\"name\":\"Guerreiro \\u2013 esse \\u00e9 o agente de viagens corporativo\"}]},{\"@type\":\"Person\",\"@id\":\"https:\/\/blog.panrotas.com.br\/espacoabracorp\/#\/schema\/person\/c61095cb4ad58385b600360e86edcc70\",\"name\":\"Abracorp\",\"image\":{\"@type\":\"ImageObject\",\"@id\":\"https:\/\/blog.panrotas.com.br\/espacoabracorp\/#personlogo\",\"inLanguage\":\"pt-BR\",\"url\":\"https:\/\/secure.gravatar.com\/avatar\/7b0b250396075df2cb7378540ccff9ce?s=96&d=mm&r=g\",\"contentUrl\":\"https:\/\/secure.gravatar.com\/avatar\/7b0b250396075df2cb7378540ccff9ce?s=96&d=mm&r=g\",\"caption\":\"Abracorp\"},\"url\":\"https:\/\/blog.panrotas.com.br\/espacoabracorp\/author\/luiz\/\"}]}<\/script>\n<!-- \/ Yoast SEO plugin. -->","yoast_head_json":{"title":"Guerreiro \u2013 esse \u00e9 o agente de viagens corporativo - Espa\u00e7o Abracorp","robots":{"index":"index","follow":"follow","max-snippet":"max-snippet:-1","max-image-preview":"max-image-preview:large","max-video-preview":"max-video-preview:-1"},"canonical":"https:\/\/blog.panrotas.com.br\/espacoabracorp\/2016\/07\/04\/guerreiro-esse-e-o-agente-de-viagens-corporativo\/","og_locale":"pt_BR","og_type":"article","og_title":"Guerreiro \u2013 esse \u00e9 o agente de viagens corporativo - Espa\u00e7o Abracorp","og_description":"Rubens Schwartzmann Mais uma vez voltamos ao tema. As TMCs associadas \u00e0 Abracorp t\u00eam em comum o compromisso de oferecer aos clientes a melhor rela\u00e7\u00e3o custo-benef\u00edcio, numa vis\u00e3o integral da presta\u00e7\u00e3o de servi\u00e7os. Buscam, de forma criteriosa, encontrar os fornecedores que melhor atendam \u00e0s necessidades dos viajantes. Com isso, n\u00e3o se transige. Al\u00e9m de negociarem&hellip; Continue reading &rarr;","og_url":"https:\/\/blog.panrotas.com.br\/espacoabracorp\/2016\/07\/04\/guerreiro-esse-e-o-agente-de-viagens-corporativo\/","og_site_name":"Espa\u00e7o Abracorp","article_published_time":"2016-07-04T15:40:46+00:00","og_image":[{"width":690,"height":300,"url":"https:\/\/blog.panrotas.com.br\/espacoabracorp\/wp-content\/uploads\/sites\/16\/2016\/07\/post_julho.jpg","type":"image\/jpeg"}],"twitter_card":"summary_large_image","twitter_misc":{"Escrito por":"Abracorp","Est. tempo de leitura":"1 minuto"},"schema":{"@context":"https:\/\/schema.org","@graph":[{"@type":"WebSite","@id":"https:\/\/blog.panrotas.com.br\/espacoabracorp\/#website","url":"https:\/\/blog.panrotas.com.br\/espacoabracorp\/","name":"Espa\u00e7o Abracorp","description":"Blogosfera PANROTAS","potentialAction":[{"@type":"SearchAction","target":{"@type":"EntryPoint","urlTemplate":"https:\/\/blog.panrotas.com.br\/espacoabracorp\/?s={search_term_string}"},"query-input":"required name=search_term_string"}],"inLanguage":"pt-BR"},{"@type":"ImageObject","@id":"https:\/\/blog.panrotas.com.br\/espacoabracorp\/2016\/07\/04\/guerreiro-esse-e-o-agente-de-viagens-corporativo\/#primaryimage","inLanguage":"pt-BR","url":"https:\/\/blog.panrotas.com.br\/espacoabracorp\/wp-content\/uploads\/sites\/16\/2016\/07\/post_julho.jpg","contentUrl":"https:\/\/blog.panrotas.com.br\/espacoabracorp\/wp-content\/uploads\/sites\/16\/2016\/07\/post_julho.jpg","width":690,"height":300},{"@type":"WebPage","@id":"https:\/\/blog.panrotas.com.br\/espacoabracorp\/2016\/07\/04\/guerreiro-esse-e-o-agente-de-viagens-corporativo\/#webpage","url":"https:\/\/blog.panrotas.com.br\/espacoabracorp\/2016\/07\/04\/guerreiro-esse-e-o-agente-de-viagens-corporativo\/","name":"Guerreiro \u2013 esse \u00e9 o agente de viagens corporativo - Espa\u00e7o Abracorp","isPartOf":{"@id":"https:\/\/blog.panrotas.com.br\/espacoabracorp\/#website"},"primaryImageOfPage":{"@id":"https:\/\/blog.panrotas.com.br\/espacoabracorp\/2016\/07\/04\/guerreiro-esse-e-o-agente-de-viagens-corporativo\/#primaryimage"},"datePublished":"2016-07-04T15:40:46+00:00","dateModified":"2016-07-04T15:40:46+00:00","author":{"@id":"https:\/\/blog.panrotas.com.br\/espacoabracorp\/#\/schema\/person\/c61095cb4ad58385b600360e86edcc70"},"breadcrumb":{"@id":"https:\/\/blog.panrotas.com.br\/espacoabracorp\/2016\/07\/04\/guerreiro-esse-e-o-agente-de-viagens-corporativo\/#breadcrumb"},"inLanguage":"pt-BR","potentialAction":[{"@type":"ReadAction","target":["https:\/\/blog.panrotas.com.br\/espacoabracorp\/2016\/07\/04\/guerreiro-esse-e-o-agente-de-viagens-corporativo\/"]}]},{"@type":"BreadcrumbList","@id":"https:\/\/blog.panrotas.com.br\/espacoabracorp\/2016\/07\/04\/guerreiro-esse-e-o-agente-de-viagens-corporativo\/#breadcrumb","itemListElement":[{"@type":"ListItem","position":1,"name":"In\u00edcio","item":"https:\/\/blog.panrotas.com.br\/espacoabracorp\/"},{"@type":"ListItem","position":2,"name":"Guerreiro \u2013 esse \u00e9 o agente de viagens corporativo"}]},{"@type":"Person","@id":"https:\/\/blog.panrotas.com.br\/espacoabracorp\/#\/schema\/person\/c61095cb4ad58385b600360e86edcc70","name":"Abracorp","image":{"@type":"ImageObject","@id":"https:\/\/blog.panrotas.com.br\/espacoabracorp\/#personlogo","inLanguage":"pt-BR","url":"https:\/\/secure.gravatar.com\/avatar\/7b0b250396075df2cb7378540ccff9ce?s=96&d=mm&r=g","contentUrl":"https:\/\/secure.gravatar.com\/avatar\/7b0b250396075df2cb7378540ccff9ce?s=96&d=mm&r=g","caption":"Abracorp"},"url":"https:\/\/blog.panrotas.com.br\/espacoabracorp\/author\/luiz\/"}]}},"jetpack_featured_media_url":"https:\/\/blog.panrotas.com.br\/espacoabracorp\/wp-content\/uploads\/sites\/16\/2016\/07\/post_julho.jpg","_links":{"self":[{"href":"https:\/\/blog.panrotas.com.br\/espacoabracorp\/wp-json\/wp\/v2\/posts\/1119"}],"collection":[{"href":"https:\/\/blog.panrotas.com.br\/espacoabracorp\/wp-json\/wp\/v2\/posts"}],"about":[{"href":"https:\/\/blog.panrotas.com.br\/espacoabracorp\/wp-json\/wp\/v2\/types\/post"}],"author":[{"embeddable":true,"href":"https:\/\/blog.panrotas.com.br\/espacoabracorp\/wp-json\/wp\/v2\/users\/27"}],"replies":[{"embeddable":true,"href":"https:\/\/blog.panrotas.com.br\/espacoabracorp\/wp-json\/wp\/v2\/comments?post=1119"}],"version-history":[{"count":0,"href":"https:\/\/blog.panrotas.com.br\/espacoabracorp\/wp-json\/wp\/v2\/posts\/1119\/revisions"}],"wp:featuredmedia":[{"embeddable":true,"href":"https:\/\/blog.panrotas.com.br\/espacoabracorp\/wp-json\/wp\/v2\/media\/1120"}],"wp:attachment":[{"href":"https:\/\/blog.panrotas.com.br\/espacoabracorp\/wp-json\/wp\/v2\/media?parent=1119"}],"wp:term":[{"taxonomy":"category","embeddable":true,"href":"https:\/\/blog.panrotas.com.br\/espacoabracorp\/wp-json\/wp\/v2\/categories?post=1119"},{"taxonomy":"post_tag","embeddable":true,"href":"https:\/\/blog.panrotas.com.br\/espacoabracorp\/wp-json\/wp\/v2\/tags?post=1119"}],"curies":[{"name":"wp","href":"https:\/\/api.w.org\/{rel}","templated":true}]}}