{"id":1129,"date":"2016-07-14T17:28:59","date_gmt":"2016-07-14T20:28:59","guid":{"rendered":"http:\/\/blog.panrotas.com.br\/espacoabracorp\/?p=1129"},"modified":"2016-07-14T17:28:59","modified_gmt":"2016-07-14T20:28:59","slug":"consideracoes-sobre-a-paridade-tarifaria","status":"publish","type":"post","link":"https:\/\/blog.panrotas.com.br\/espacoabracorp\/2016\/07\/14\/consideracoes-sobre-a-paridade-tarifaria\/","title":{"rendered":"Considera\u00e7\u00f5es sobre a Paridade Tarif\u00e1ria"},"content":{"rendered":"<p><em>Rubens Schwartzmann<\/em><br \/>\n\u201cParidade significa qualidade ou caracter\u00edstica do que \u00e9 par, igualdade\u201d<br \/>\nTodos sabemos que, hoje, no setor de viagens, o ambiente de distribui\u00e7\u00e3o \u00e9 caracterizado pelo acesso aos mais variados conte\u00fados, notadamente nos segmentos a\u00e9reo e de hotelaria. Em v\u00e1rios eventos de que j\u00e1 participamos, quando surgem questionamentos sobre o termo \u201cparidade tarif\u00e1ria\u201d, os fornecedores de toda a cadeia afirmam que eles a praticam, independentemente dos canais. O foco \u00e9 o perfil do cliente. Nesse contexto, cabe lembrar que a defini\u00e7\u00e3o do perfil do cliente envolve algumas vari\u00e1veis como, por exemplo, seus h\u00e1bitos de compra ou fontes pagadoras. A comoditiza\u00e7\u00e3o dos servi\u00e7os e a volatilidade de oferta x demanda levam o mercado a pr\u00e1ticas que confundem, muitas vezes, a precifica\u00e7\u00e3o ao cliente.<br \/>\nA paridade tarif\u00e1ria deveria levar em conta a qualidade do que est\u00e1 sendo entregue para, assim, estabelecerem-se os patamares de diferencia\u00e7\u00e3o e n\u00e3o o canal, diante do fato de que o consumidor navega em todos os canais, antes de sua escolha decisiva. Mas n\u00e3o \u00e9 assim que tem ocorrido, ultimamente. Os fornecedores que utilizam canais de distribui\u00e7\u00e3o indireta deveriam aplicar o conceito de paridade tarif\u00e1ria, tomando como base a conceitua\u00e7\u00e3o acima acerca do cliente. Afinal, a paridade tarif\u00e1ria pressup\u00f5e similaridade ou igualdade, n\u00e3o importando, no caso, o canal utilizado pelo cliente.<br \/>\nMais uma vez, vejo aqui a question\u00e1vel pol\u00edtica de vender mais barato em um canal, em detrimento de outros. Pior \u00e9 que vemos \u00a0apenas dois efeitos nefastos, o comprometimento \u00e0 credibilidade da ag\u00eancia de viagens e a migra\u00e7\u00e3o do cliente do canal A para B, alterando apenas o tamanho da fatia &#8211; e n\u00e3o da pizza.<\/p>\n","protected":false},"excerpt":{"rendered":"<p>Rubens Schwartzmann \u201cParidade significa qualidade ou caracter\u00edstica do que \u00e9 par, igualdade\u201d Todos sabemos que, hoje, no setor de viagens, o ambiente de distribui\u00e7\u00e3o \u00e9 caracterizado pelo acesso aos mais variados conte\u00fados, notadamente nos segmentos a\u00e9reo e de hotelaria. Em v\u00e1rios eventos de que j\u00e1 participamos, quando surgem questionamentos sobre o termo \u201cparidade tarif\u00e1ria\u201d, os&hellip; <a class=\"more-link\" href=\"https:\/\/blog.panrotas.com.br\/espacoabracorp\/2016\/07\/14\/consideracoes-sobre-a-paridade-tarifaria\/\">Continue reading &rarr;<\/a><\/p>\n","protected":false},"author":27,"featured_media":1108,"comment_status":"open","ping_status":"open","sticky":false,"template":"","format":"standard","meta":{"spay_email":""},"categories":[3],"tags":[],"yoast_head":"<!-- This site is optimized with the Yoast SEO plugin v17.3 - https:\/\/yoast.com\/wordpress\/plugins\/seo\/ -->\n<title>Considera\u00e7\u00f5es sobre a Paridade Tarif\u00e1ria - Espa\u00e7o Abracorp<\/title>\n<meta name=\"robots\" content=\"index, follow, max-snippet:-1, max-image-preview:large, max-video-preview:-1\" \/>\n<link rel=\"canonical\" href=\"https:\/\/blog.panrotas.com.br\/espacoabracorp\/2016\/07\/14\/consideracoes-sobre-a-paridade-tarifaria\/\" \/>\n<meta property=\"og:locale\" content=\"pt_BR\" \/>\n<meta property=\"og:type\" content=\"article\" \/>\n<meta property=\"og:title\" content=\"Considera\u00e7\u00f5es sobre a Paridade Tarif\u00e1ria - Espa\u00e7o Abracorp\" \/>\n<meta property=\"og:description\" content=\"Rubens Schwartzmann \u201cParidade significa qualidade ou caracter\u00edstica do que \u00e9 par, igualdade\u201d Todos sabemos que, hoje, no setor de viagens, o ambiente de distribui\u00e7\u00e3o \u00e9 caracterizado pelo acesso aos mais variados conte\u00fados, notadamente nos segmentos a\u00e9reo e de hotelaria. Em v\u00e1rios eventos de que j\u00e1 participamos, quando surgem questionamentos sobre o termo \u201cparidade tarif\u00e1ria\u201d, os&hellip; Continue reading &rarr;\" \/>\n<meta property=\"og:url\" content=\"https:\/\/blog.panrotas.com.br\/espacoabracorp\/2016\/07\/14\/consideracoes-sobre-a-paridade-tarifaria\/\" \/>\n<meta property=\"og:site_name\" content=\"Espa\u00e7o Abracorp\" \/>\n<meta property=\"article:published_time\" content=\"2016-07-14T20:28:59+00:00\" \/>\n<meta property=\"og:image\" content=\"https:\/\/blog.panrotas.com.br\/espacoabracorp\/wp-content\/uploads\/sites\/16\/2016\/06\/rubens.png\" \/>\n\t<meta property=\"og:image:width\" content=\"300\" \/>\n\t<meta property=\"og:image:height\" content=\"308\" \/>\n<meta name=\"twitter:card\" content=\"summary_large_image\" \/>\n<meta name=\"twitter:label1\" content=\"Escrito por\" \/>\n\t<meta name=\"twitter:data1\" content=\"Abracorp\" \/>\n\t<meta name=\"twitter:label2\" content=\"Est. tempo de leitura\" \/>\n\t<meta name=\"twitter:data2\" content=\"1 minuto\" \/>\n<script type=\"application\/ld+json\" class=\"yoast-schema-graph\">{\"@context\":\"https:\/\/schema.org\",\"@graph\":[{\"@type\":\"WebSite\",\"@id\":\"https:\/\/blog.panrotas.com.br\/espacoabracorp\/#website\",\"url\":\"https:\/\/blog.panrotas.com.br\/espacoabracorp\/\",\"name\":\"Espa\\u00e7o Abracorp\",\"description\":\"Blogosfera PANROTAS\",\"potentialAction\":[{\"@type\":\"SearchAction\",\"target\":{\"@type\":\"EntryPoint\",\"urlTemplate\":\"https:\/\/blog.panrotas.com.br\/espacoabracorp\/?s={search_term_string}\"},\"query-input\":\"required name=search_term_string\"}],\"inLanguage\":\"pt-BR\"},{\"@type\":\"ImageObject\",\"@id\":\"https:\/\/blog.panrotas.com.br\/espacoabracorp\/2016\/07\/14\/consideracoes-sobre-a-paridade-tarifaria\/#primaryimage\",\"inLanguage\":\"pt-BR\",\"url\":\"https:\/\/blog.panrotas.com.br\/espacoabracorp\/wp-content\/uploads\/sites\/16\/2016\/06\/rubens.png\",\"contentUrl\":\"https:\/\/blog.panrotas.com.br\/espacoabracorp\/wp-content\/uploads\/sites\/16\/2016\/06\/rubens.png\",\"width\":300,\"height\":308},{\"@type\":\"WebPage\",\"@id\":\"https:\/\/blog.panrotas.com.br\/espacoabracorp\/2016\/07\/14\/consideracoes-sobre-a-paridade-tarifaria\/#webpage\",\"url\":\"https:\/\/blog.panrotas.com.br\/espacoabracorp\/2016\/07\/14\/consideracoes-sobre-a-paridade-tarifaria\/\",\"name\":\"Considera\\u00e7\\u00f5es sobre a Paridade Tarif\\u00e1ria - Espa\\u00e7o Abracorp\",\"isPartOf\":{\"@id\":\"https:\/\/blog.panrotas.com.br\/espacoabracorp\/#website\"},\"primaryImageOfPage\":{\"@id\":\"https:\/\/blog.panrotas.com.br\/espacoabracorp\/2016\/07\/14\/consideracoes-sobre-a-paridade-tarifaria\/#primaryimage\"},\"datePublished\":\"2016-07-14T20:28:59+00:00\",\"dateModified\":\"2016-07-14T20:28:59+00:00\",\"author\":{\"@id\":\"https:\/\/blog.panrotas.com.br\/espacoabracorp\/#\/schema\/person\/c61095cb4ad58385b600360e86edcc70\"},\"breadcrumb\":{\"@id\":\"https:\/\/blog.panrotas.com.br\/espacoabracorp\/2016\/07\/14\/consideracoes-sobre-a-paridade-tarifaria\/#breadcrumb\"},\"inLanguage\":\"pt-BR\",\"potentialAction\":[{\"@type\":\"ReadAction\",\"target\":[\"https:\/\/blog.panrotas.com.br\/espacoabracorp\/2016\/07\/14\/consideracoes-sobre-a-paridade-tarifaria\/\"]}]},{\"@type\":\"BreadcrumbList\",\"@id\":\"https:\/\/blog.panrotas.com.br\/espacoabracorp\/2016\/07\/14\/consideracoes-sobre-a-paridade-tarifaria\/#breadcrumb\",\"itemListElement\":[{\"@type\":\"ListItem\",\"position\":1,\"name\":\"In\\u00edcio\",\"item\":\"https:\/\/blog.panrotas.com.br\/espacoabracorp\/\"},{\"@type\":\"ListItem\",\"position\":2,\"name\":\"Considera\\u00e7\\u00f5es sobre a Paridade Tarif\\u00e1ria\"}]},{\"@type\":\"Person\",\"@id\":\"https:\/\/blog.panrotas.com.br\/espacoabracorp\/#\/schema\/person\/c61095cb4ad58385b600360e86edcc70\",\"name\":\"Abracorp\",\"image\":{\"@type\":\"ImageObject\",\"@id\":\"https:\/\/blog.panrotas.com.br\/espacoabracorp\/#personlogo\",\"inLanguage\":\"pt-BR\",\"url\":\"https:\/\/secure.gravatar.com\/avatar\/7b0b250396075df2cb7378540ccff9ce?s=96&d=mm&r=g\",\"contentUrl\":\"https:\/\/secure.gravatar.com\/avatar\/7b0b250396075df2cb7378540ccff9ce?s=96&d=mm&r=g\",\"caption\":\"Abracorp\"},\"url\":\"https:\/\/blog.panrotas.com.br\/espacoabracorp\/author\/luiz\/\"}]}<\/script>\n<!-- \/ Yoast SEO plugin. -->","yoast_head_json":{"title":"Considera\u00e7\u00f5es sobre a Paridade Tarif\u00e1ria - Espa\u00e7o Abracorp","robots":{"index":"index","follow":"follow","max-snippet":"max-snippet:-1","max-image-preview":"max-image-preview:large","max-video-preview":"max-video-preview:-1"},"canonical":"https:\/\/blog.panrotas.com.br\/espacoabracorp\/2016\/07\/14\/consideracoes-sobre-a-paridade-tarifaria\/","og_locale":"pt_BR","og_type":"article","og_title":"Considera\u00e7\u00f5es sobre a Paridade Tarif\u00e1ria - Espa\u00e7o Abracorp","og_description":"Rubens Schwartzmann \u201cParidade significa qualidade ou caracter\u00edstica do que \u00e9 par, igualdade\u201d Todos sabemos que, hoje, no setor de viagens, o ambiente de distribui\u00e7\u00e3o \u00e9 caracterizado pelo acesso aos mais variados conte\u00fados, notadamente nos segmentos a\u00e9reo e de hotelaria. Em v\u00e1rios eventos de que j\u00e1 participamos, quando surgem questionamentos sobre o termo \u201cparidade tarif\u00e1ria\u201d, os&hellip; Continue reading &rarr;","og_url":"https:\/\/blog.panrotas.com.br\/espacoabracorp\/2016\/07\/14\/consideracoes-sobre-a-paridade-tarifaria\/","og_site_name":"Espa\u00e7o Abracorp","article_published_time":"2016-07-14T20:28:59+00:00","og_image":[{"width":300,"height":308,"url":"https:\/\/blog.panrotas.com.br\/espacoabracorp\/wp-content\/uploads\/sites\/16\/2016\/06\/rubens.png","type":"image\/png"}],"twitter_card":"summary_large_image","twitter_misc":{"Escrito por":"Abracorp","Est. tempo de leitura":"1 minuto"},"schema":{"@context":"https:\/\/schema.org","@graph":[{"@type":"WebSite","@id":"https:\/\/blog.panrotas.com.br\/espacoabracorp\/#website","url":"https:\/\/blog.panrotas.com.br\/espacoabracorp\/","name":"Espa\u00e7o Abracorp","description":"Blogosfera PANROTAS","potentialAction":[{"@type":"SearchAction","target":{"@type":"EntryPoint","urlTemplate":"https:\/\/blog.panrotas.com.br\/espacoabracorp\/?s={search_term_string}"},"query-input":"required name=search_term_string"}],"inLanguage":"pt-BR"},{"@type":"ImageObject","@id":"https:\/\/blog.panrotas.com.br\/espacoabracorp\/2016\/07\/14\/consideracoes-sobre-a-paridade-tarifaria\/#primaryimage","inLanguage":"pt-BR","url":"https:\/\/blog.panrotas.com.br\/espacoabracorp\/wp-content\/uploads\/sites\/16\/2016\/06\/rubens.png","contentUrl":"https:\/\/blog.panrotas.com.br\/espacoabracorp\/wp-content\/uploads\/sites\/16\/2016\/06\/rubens.png","width":300,"height":308},{"@type":"WebPage","@id":"https:\/\/blog.panrotas.com.br\/espacoabracorp\/2016\/07\/14\/consideracoes-sobre-a-paridade-tarifaria\/#webpage","url":"https:\/\/blog.panrotas.com.br\/espacoabracorp\/2016\/07\/14\/consideracoes-sobre-a-paridade-tarifaria\/","name":"Considera\u00e7\u00f5es sobre a Paridade Tarif\u00e1ria - Espa\u00e7o Abracorp","isPartOf":{"@id":"https:\/\/blog.panrotas.com.br\/espacoabracorp\/#website"},"primaryImageOfPage":{"@id":"https:\/\/blog.panrotas.com.br\/espacoabracorp\/2016\/07\/14\/consideracoes-sobre-a-paridade-tarifaria\/#primaryimage"},"datePublished":"2016-07-14T20:28:59+00:00","dateModified":"2016-07-14T20:28:59+00:00","author":{"@id":"https:\/\/blog.panrotas.com.br\/espacoabracorp\/#\/schema\/person\/c61095cb4ad58385b600360e86edcc70"},"breadcrumb":{"@id":"https:\/\/blog.panrotas.com.br\/espacoabracorp\/2016\/07\/14\/consideracoes-sobre-a-paridade-tarifaria\/#breadcrumb"},"inLanguage":"pt-BR","potentialAction":[{"@type":"ReadAction","target":["https:\/\/blog.panrotas.com.br\/espacoabracorp\/2016\/07\/14\/consideracoes-sobre-a-paridade-tarifaria\/"]}]},{"@type":"BreadcrumbList","@id":"https:\/\/blog.panrotas.com.br\/espacoabracorp\/2016\/07\/14\/consideracoes-sobre-a-paridade-tarifaria\/#breadcrumb","itemListElement":[{"@type":"ListItem","position":1,"name":"In\u00edcio","item":"https:\/\/blog.panrotas.com.br\/espacoabracorp\/"},{"@type":"ListItem","position":2,"name":"Considera\u00e7\u00f5es sobre a Paridade Tarif\u00e1ria"}]},{"@type":"Person","@id":"https:\/\/blog.panrotas.com.br\/espacoabracorp\/#\/schema\/person\/c61095cb4ad58385b600360e86edcc70","name":"Abracorp","image":{"@type":"ImageObject","@id":"https:\/\/blog.panrotas.com.br\/espacoabracorp\/#personlogo","inLanguage":"pt-BR","url":"https:\/\/secure.gravatar.com\/avatar\/7b0b250396075df2cb7378540ccff9ce?s=96&d=mm&r=g","contentUrl":"https:\/\/secure.gravatar.com\/avatar\/7b0b250396075df2cb7378540ccff9ce?s=96&d=mm&r=g","caption":"Abracorp"},"url":"https:\/\/blog.panrotas.com.br\/espacoabracorp\/author\/luiz\/"}]}},"jetpack_featured_media_url":"https:\/\/blog.panrotas.com.br\/espacoabracorp\/wp-content\/uploads\/sites\/16\/2016\/06\/rubens.png","_links":{"self":[{"href":"https:\/\/blog.panrotas.com.br\/espacoabracorp\/wp-json\/wp\/v2\/posts\/1129"}],"collection":[{"href":"https:\/\/blog.panrotas.com.br\/espacoabracorp\/wp-json\/wp\/v2\/posts"}],"about":[{"href":"https:\/\/blog.panrotas.com.br\/espacoabracorp\/wp-json\/wp\/v2\/types\/post"}],"author":[{"embeddable":true,"href":"https:\/\/blog.panrotas.com.br\/espacoabracorp\/wp-json\/wp\/v2\/users\/27"}],"replies":[{"embeddable":true,"href":"https:\/\/blog.panrotas.com.br\/espacoabracorp\/wp-json\/wp\/v2\/comments?post=1129"}],"version-history":[{"count":0,"href":"https:\/\/blog.panrotas.com.br\/espacoabracorp\/wp-json\/wp\/v2\/posts\/1129\/revisions"}],"wp:featuredmedia":[{"embeddable":true,"href":"https:\/\/blog.panrotas.com.br\/espacoabracorp\/wp-json\/wp\/v2\/media\/1108"}],"wp:attachment":[{"href":"https:\/\/blog.panrotas.com.br\/espacoabracorp\/wp-json\/wp\/v2\/media?parent=1129"}],"wp:term":[{"taxonomy":"category","embeddable":true,"href":"https:\/\/blog.panrotas.com.br\/espacoabracorp\/wp-json\/wp\/v2\/categories?post=1129"},{"taxonomy":"post_tag","embeddable":true,"href":"https:\/\/blog.panrotas.com.br\/espacoabracorp\/wp-json\/wp\/v2\/tags?post=1129"}],"curies":[{"name":"wp","href":"https:\/\/api.w.org\/{rel}","templated":true}]}}