{"id":1144,"date":"2016-09-26T10:33:05","date_gmt":"2016-09-26T13:33:05","guid":{"rendered":"http:\/\/blog.panrotas.com.br\/espacoabracorp\/?p=1144"},"modified":"2016-09-26T10:33:05","modified_gmt":"2016-09-26T13:33:05","slug":"ilha-corporativa-abracorp-na-44a-abav-expo-tudo-pronto","status":"publish","type":"post","link":"https:\/\/blog.panrotas.com.br\/espacoabracorp\/2016\/09\/26\/ilha-corporativa-abracorp-na-44a-abav-expo-tudo-pronto\/","title":{"rendered":"Ilha Corporativa Abracorp na 44\u00aa ABAV Expo &#8211; tudo pronto!"},"content":{"rendered":"<p>Mais uma vez, a Associa\u00e7\u00e3o Brasileira de Ag\u00eancias de Viagens Corporativas \u2013 Abracorp \u2013 participa, com destaque, na ABAV Expo Internacional de Turismo &amp; Encontro Comercial Braztoa. Nesta edi\u00e7\u00e3o, reiteramos a expectativa de que o evento vai promover o congra\u00e7amento setorial e, tamb\u00e9m, proporcionar a realiza\u00e7\u00e3o de neg\u00f3cios, indica\u00e7\u00e3o de tend\u00eancias para 2017 e alcan\u00e7ar ampla repercuss\u00e3o na m\u00eddia.<br \/>\nNossa Ilha Corporativa, que conta com a valiosa parceria da Gol Linhas A\u00e9reas, foi desenhada e dimensionada para proporcionar um ambiente facilitador dos encontros de neg\u00f3cios. Queremos que expositores e visitantes maximizem as oportunidades da feira como um todo.<br \/>\nPara o business lounge da Ilha Corporativa programamos tr\u00eas dias de \u00a0\u00a0palestras, das 14h00 \u00e0s 15h00, com temas de interesse do mercado. No dia 28, teremos um painel focalizando \u201cA mobilidade e a conectividade no mundo corporativo\u201d \u2013 discuss\u00e3o que envolve os diferentes aspectos da tecnologia. No dia 29, trataremos do tema \u201cMercado corporativo e meios de pagamento\u201d \u2013 que inclui as mudan\u00e7as na vida das empresas e de seus gestores. E no dia 30, vamos abordar \u201cO Mundo MICE Abracorp\u201d, direcionado aos Convention Visitors Bureau do Brasil e do exterior.<br \/>\nS\u00e3o encontros destinados a traduzir, ao menos em parte, os esfor\u00e7os que vimos fazendo, no dia a dia da entidade, no sentido de aprimorar o desempenho das nossas 30 associadas na rela\u00e7\u00e3o com o mercado. Cabe acrescentar que durante o evento, em parceria com a Gol, Rede Windsor e Atl\u00e2ntica, a Abracorp vai realizar sorteios aos gestores corporativos e colaboradores das associadas que visitarem a Ilha. As premia\u00e7\u00f5es (pacotes de viagens) ser\u00e3o anunciadas no dia 30\/09, \u00e0s 17h30.<br \/>\nA poucas horas do in\u00edcio da 44\u00aa ABAV Expo Internacional de Turismo &amp; 46\u00ba Encontro Comercial Braztoa, desejamos a todos os players do mercado participantes do evento a realiza\u00e7\u00e3o de bons neg\u00f3cios e o aproveitamento das oportunidades de aquisi\u00e7\u00e3o de novos conhecimentos. Em um cen\u00e1rio cada vez mais complexo, temos de apostar na simplifica\u00e7\u00e3o ou descomplica\u00e7\u00e3o dos processos, para melhorar o desempenho em compras e gest\u00e3o de viagens.<\/p>\n","protected":false},"excerpt":{"rendered":"<p>Mais uma vez, a Associa\u00e7\u00e3o Brasileira de Ag\u00eancias de Viagens Corporativas \u2013 Abracorp \u2013 participa, com destaque, na ABAV Expo Internacional de Turismo &amp; Encontro Comercial Braztoa. Nesta edi\u00e7\u00e3o, reiteramos a expectativa de que o evento vai promover o congra\u00e7amento setorial e, tamb\u00e9m, proporcionar a realiza\u00e7\u00e3o de neg\u00f3cios, indica\u00e7\u00e3o de tend\u00eancias para 2017 e alcan\u00e7ar&hellip; <a class=\"more-link\" href=\"https:\/\/blog.panrotas.com.br\/espacoabracorp\/2016\/09\/26\/ilha-corporativa-abracorp-na-44a-abav-expo-tudo-pronto\/\">Continue reading &rarr;<\/a><\/p>\n","protected":false},"author":27,"featured_media":1145,"comment_status":"open","ping_status":"open","sticky":false,"template":"","format":"standard","meta":{"spay_email":""},"categories":[3],"tags":[],"yoast_head":"<!-- This site is optimized with the Yoast SEO plugin v17.3 - https:\/\/yoast.com\/wordpress\/plugins\/seo\/ -->\n<title>Ilha Corporativa Abracorp na 44\u00aa ABAV Expo - tudo pronto! - Espa\u00e7o Abracorp<\/title>\n<meta name=\"robots\" content=\"index, follow, max-snippet:-1, max-image-preview:large, max-video-preview:-1\" \/>\n<link rel=\"canonical\" href=\"https:\/\/blog.panrotas.com.br\/espacoabracorp\/2016\/09\/26\/ilha-corporativa-abracorp-na-44a-abav-expo-tudo-pronto\/\" \/>\n<meta property=\"og:locale\" content=\"pt_BR\" \/>\n<meta property=\"og:type\" content=\"article\" \/>\n<meta property=\"og:title\" content=\"Ilha Corporativa Abracorp na 44\u00aa ABAV Expo - tudo pronto! - Espa\u00e7o Abracorp\" \/>\n<meta property=\"og:description\" content=\"Mais uma vez, a Associa\u00e7\u00e3o Brasileira de Ag\u00eancias de Viagens Corporativas \u2013 Abracorp \u2013 participa, com destaque, na ABAV Expo Internacional de Turismo &amp; Encontro Comercial Braztoa. Nesta edi\u00e7\u00e3o, reiteramos a expectativa de que o evento vai promover o congra\u00e7amento setorial e, tamb\u00e9m, proporcionar a realiza\u00e7\u00e3o de neg\u00f3cios, indica\u00e7\u00e3o de tend\u00eancias para 2017 e alcan\u00e7ar&hellip; Continue reading &rarr;\" \/>\n<meta property=\"og:url\" content=\"https:\/\/blog.panrotas.com.br\/espacoabracorp\/2016\/09\/26\/ilha-corporativa-abracorp-na-44a-abav-expo-tudo-pronto\/\" \/>\n<meta property=\"og:site_name\" content=\"Espa\u00e7o Abracorp\" \/>\n<meta property=\"article:published_time\" content=\"2016-09-26T13:33:05+00:00\" \/>\n<meta property=\"og:image\" content=\"https:\/\/blog.panrotas.com.br\/espacoabracorp\/wp-content\/uploads\/sites\/16\/2016\/09\/abav_sp.jpg\" \/>\n\t<meta property=\"og:image:width\" content=\"764\" \/>\n\t<meta property=\"og:image:height\" content=\"514\" \/>\n<meta name=\"twitter:card\" content=\"summary_large_image\" \/>\n<meta name=\"twitter:label1\" content=\"Escrito por\" \/>\n\t<meta name=\"twitter:data1\" content=\"Abracorp\" \/>\n\t<meta name=\"twitter:label2\" content=\"Est. tempo de leitura\" \/>\n\t<meta name=\"twitter:data2\" content=\"2 minutos\" \/>\n<script type=\"application\/ld+json\" class=\"yoast-schema-graph\">{\"@context\":\"https:\/\/schema.org\",\"@graph\":[{\"@type\":\"WebSite\",\"@id\":\"https:\/\/blog.panrotas.com.br\/espacoabracorp\/#website\",\"url\":\"https:\/\/blog.panrotas.com.br\/espacoabracorp\/\",\"name\":\"Espa\\u00e7o Abracorp\",\"description\":\"Blogosfera PANROTAS\",\"potentialAction\":[{\"@type\":\"SearchAction\",\"target\":{\"@type\":\"EntryPoint\",\"urlTemplate\":\"https:\/\/blog.panrotas.com.br\/espacoabracorp\/?s={search_term_string}\"},\"query-input\":\"required name=search_term_string\"}],\"inLanguage\":\"pt-BR\"},{\"@type\":\"ImageObject\",\"@id\":\"https:\/\/blog.panrotas.com.br\/espacoabracorp\/2016\/09\/26\/ilha-corporativa-abracorp-na-44a-abav-expo-tudo-pronto\/#primaryimage\",\"inLanguage\":\"pt-BR\",\"url\":\"https:\/\/blog.panrotas.com.br\/espacoabracorp\/wp-content\/uploads\/sites\/16\/2016\/09\/abav_sp.jpg\",\"contentUrl\":\"https:\/\/blog.panrotas.com.br\/espacoabracorp\/wp-content\/uploads\/sites\/16\/2016\/09\/abav_sp.jpg\",\"width\":764,\"height\":514},{\"@type\":\"WebPage\",\"@id\":\"https:\/\/blog.panrotas.com.br\/espacoabracorp\/2016\/09\/26\/ilha-corporativa-abracorp-na-44a-abav-expo-tudo-pronto\/#webpage\",\"url\":\"https:\/\/blog.panrotas.com.br\/espacoabracorp\/2016\/09\/26\/ilha-corporativa-abracorp-na-44a-abav-expo-tudo-pronto\/\",\"name\":\"Ilha Corporativa Abracorp na 44\\u00aa ABAV Expo - tudo pronto! - Espa\\u00e7o Abracorp\",\"isPartOf\":{\"@id\":\"https:\/\/blog.panrotas.com.br\/espacoabracorp\/#website\"},\"primaryImageOfPage\":{\"@id\":\"https:\/\/blog.panrotas.com.br\/espacoabracorp\/2016\/09\/26\/ilha-corporativa-abracorp-na-44a-abav-expo-tudo-pronto\/#primaryimage\"},\"datePublished\":\"2016-09-26T13:33:05+00:00\",\"dateModified\":\"2016-09-26T13:33:05+00:00\",\"author\":{\"@id\":\"https:\/\/blog.panrotas.com.br\/espacoabracorp\/#\/schema\/person\/c61095cb4ad58385b600360e86edcc70\"},\"breadcrumb\":{\"@id\":\"https:\/\/blog.panrotas.com.br\/espacoabracorp\/2016\/09\/26\/ilha-corporativa-abracorp-na-44a-abav-expo-tudo-pronto\/#breadcrumb\"},\"inLanguage\":\"pt-BR\",\"potentialAction\":[{\"@type\":\"ReadAction\",\"target\":[\"https:\/\/blog.panrotas.com.br\/espacoabracorp\/2016\/09\/26\/ilha-corporativa-abracorp-na-44a-abav-expo-tudo-pronto\/\"]}]},{\"@type\":\"BreadcrumbList\",\"@id\":\"https:\/\/blog.panrotas.com.br\/espacoabracorp\/2016\/09\/26\/ilha-corporativa-abracorp-na-44a-abav-expo-tudo-pronto\/#breadcrumb\",\"itemListElement\":[{\"@type\":\"ListItem\",\"position\":1,\"name\":\"In\\u00edcio\",\"item\":\"https:\/\/blog.panrotas.com.br\/espacoabracorp\/\"},{\"@type\":\"ListItem\",\"position\":2,\"name\":\"Ilha Corporativa Abracorp na 44\\u00aa ABAV Expo &#8211; tudo pronto!\"}]},{\"@type\":\"Person\",\"@id\":\"https:\/\/blog.panrotas.com.br\/espacoabracorp\/#\/schema\/person\/c61095cb4ad58385b600360e86edcc70\",\"name\":\"Abracorp\",\"image\":{\"@type\":\"ImageObject\",\"@id\":\"https:\/\/blog.panrotas.com.br\/espacoabracorp\/#personlogo\",\"inLanguage\":\"pt-BR\",\"url\":\"https:\/\/secure.gravatar.com\/avatar\/7b0b250396075df2cb7378540ccff9ce?s=96&d=mm&r=g\",\"contentUrl\":\"https:\/\/secure.gravatar.com\/avatar\/7b0b250396075df2cb7378540ccff9ce?s=96&d=mm&r=g\",\"caption\":\"Abracorp\"},\"url\":\"https:\/\/blog.panrotas.com.br\/espacoabracorp\/author\/luiz\/\"}]}<\/script>\n<!-- \/ Yoast SEO plugin. -->","yoast_head_json":{"title":"Ilha Corporativa Abracorp na 44\u00aa ABAV Expo - tudo pronto! - Espa\u00e7o Abracorp","robots":{"index":"index","follow":"follow","max-snippet":"max-snippet:-1","max-image-preview":"max-image-preview:large","max-video-preview":"max-video-preview:-1"},"canonical":"https:\/\/blog.panrotas.com.br\/espacoabracorp\/2016\/09\/26\/ilha-corporativa-abracorp-na-44a-abav-expo-tudo-pronto\/","og_locale":"pt_BR","og_type":"article","og_title":"Ilha Corporativa Abracorp na 44\u00aa ABAV Expo - tudo pronto! - Espa\u00e7o Abracorp","og_description":"Mais uma vez, a Associa\u00e7\u00e3o Brasileira de Ag\u00eancias de Viagens Corporativas \u2013 Abracorp \u2013 participa, com destaque, na ABAV Expo Internacional de Turismo &amp; Encontro Comercial Braztoa. Nesta edi\u00e7\u00e3o, reiteramos a expectativa de que o evento vai promover o congra\u00e7amento setorial e, tamb\u00e9m, proporcionar a realiza\u00e7\u00e3o de neg\u00f3cios, indica\u00e7\u00e3o de tend\u00eancias para 2017 e alcan\u00e7ar&hellip; Continue reading &rarr;","og_url":"https:\/\/blog.panrotas.com.br\/espacoabracorp\/2016\/09\/26\/ilha-corporativa-abracorp-na-44a-abav-expo-tudo-pronto\/","og_site_name":"Espa\u00e7o Abracorp","article_published_time":"2016-09-26T13:33:05+00:00","og_image":[{"width":764,"height":514,"url":"https:\/\/blog.panrotas.com.br\/espacoabracorp\/wp-content\/uploads\/sites\/16\/2016\/09\/abav_sp.jpg","type":"image\/jpeg"}],"twitter_card":"summary_large_image","twitter_misc":{"Escrito por":"Abracorp","Est. tempo de leitura":"2 minutos"},"schema":{"@context":"https:\/\/schema.org","@graph":[{"@type":"WebSite","@id":"https:\/\/blog.panrotas.com.br\/espacoabracorp\/#website","url":"https:\/\/blog.panrotas.com.br\/espacoabracorp\/","name":"Espa\u00e7o Abracorp","description":"Blogosfera PANROTAS","potentialAction":[{"@type":"SearchAction","target":{"@type":"EntryPoint","urlTemplate":"https:\/\/blog.panrotas.com.br\/espacoabracorp\/?s={search_term_string}"},"query-input":"required name=search_term_string"}],"inLanguage":"pt-BR"},{"@type":"ImageObject","@id":"https:\/\/blog.panrotas.com.br\/espacoabracorp\/2016\/09\/26\/ilha-corporativa-abracorp-na-44a-abav-expo-tudo-pronto\/#primaryimage","inLanguage":"pt-BR","url":"https:\/\/blog.panrotas.com.br\/espacoabracorp\/wp-content\/uploads\/sites\/16\/2016\/09\/abav_sp.jpg","contentUrl":"https:\/\/blog.panrotas.com.br\/espacoabracorp\/wp-content\/uploads\/sites\/16\/2016\/09\/abav_sp.jpg","width":764,"height":514},{"@type":"WebPage","@id":"https:\/\/blog.panrotas.com.br\/espacoabracorp\/2016\/09\/26\/ilha-corporativa-abracorp-na-44a-abav-expo-tudo-pronto\/#webpage","url":"https:\/\/blog.panrotas.com.br\/espacoabracorp\/2016\/09\/26\/ilha-corporativa-abracorp-na-44a-abav-expo-tudo-pronto\/","name":"Ilha Corporativa Abracorp na 44\u00aa ABAV Expo - tudo pronto! - Espa\u00e7o Abracorp","isPartOf":{"@id":"https:\/\/blog.panrotas.com.br\/espacoabracorp\/#website"},"primaryImageOfPage":{"@id":"https:\/\/blog.panrotas.com.br\/espacoabracorp\/2016\/09\/26\/ilha-corporativa-abracorp-na-44a-abav-expo-tudo-pronto\/#primaryimage"},"datePublished":"2016-09-26T13:33:05+00:00","dateModified":"2016-09-26T13:33:05+00:00","author":{"@id":"https:\/\/blog.panrotas.com.br\/espacoabracorp\/#\/schema\/person\/c61095cb4ad58385b600360e86edcc70"},"breadcrumb":{"@id":"https:\/\/blog.panrotas.com.br\/espacoabracorp\/2016\/09\/26\/ilha-corporativa-abracorp-na-44a-abav-expo-tudo-pronto\/#breadcrumb"},"inLanguage":"pt-BR","potentialAction":[{"@type":"ReadAction","target":["https:\/\/blog.panrotas.com.br\/espacoabracorp\/2016\/09\/26\/ilha-corporativa-abracorp-na-44a-abav-expo-tudo-pronto\/"]}]},{"@type":"BreadcrumbList","@id":"https:\/\/blog.panrotas.com.br\/espacoabracorp\/2016\/09\/26\/ilha-corporativa-abracorp-na-44a-abav-expo-tudo-pronto\/#breadcrumb","itemListElement":[{"@type":"ListItem","position":1,"name":"In\u00edcio","item":"https:\/\/blog.panrotas.com.br\/espacoabracorp\/"},{"@type":"ListItem","position":2,"name":"Ilha Corporativa Abracorp na 44\u00aa ABAV Expo &#8211; tudo pronto!"}]},{"@type":"Person","@id":"https:\/\/blog.panrotas.com.br\/espacoabracorp\/#\/schema\/person\/c61095cb4ad58385b600360e86edcc70","name":"Abracorp","image":{"@type":"ImageObject","@id":"https:\/\/blog.panrotas.com.br\/espacoabracorp\/#personlogo","inLanguage":"pt-BR","url":"https:\/\/secure.gravatar.com\/avatar\/7b0b250396075df2cb7378540ccff9ce?s=96&d=mm&r=g","contentUrl":"https:\/\/secure.gravatar.com\/avatar\/7b0b250396075df2cb7378540ccff9ce?s=96&d=mm&r=g","caption":"Abracorp"},"url":"https:\/\/blog.panrotas.com.br\/espacoabracorp\/author\/luiz\/"}]}},"jetpack_featured_media_url":"https:\/\/blog.panrotas.com.br\/espacoabracorp\/wp-content\/uploads\/sites\/16\/2016\/09\/abav_sp.jpg","_links":{"self":[{"href":"https:\/\/blog.panrotas.com.br\/espacoabracorp\/wp-json\/wp\/v2\/posts\/1144"}],"collection":[{"href":"https:\/\/blog.panrotas.com.br\/espacoabracorp\/wp-json\/wp\/v2\/posts"}],"about":[{"href":"https:\/\/blog.panrotas.com.br\/espacoabracorp\/wp-json\/wp\/v2\/types\/post"}],"author":[{"embeddable":true,"href":"https:\/\/blog.panrotas.com.br\/espacoabracorp\/wp-json\/wp\/v2\/users\/27"}],"replies":[{"embeddable":true,"href":"https:\/\/blog.panrotas.com.br\/espacoabracorp\/wp-json\/wp\/v2\/comments?post=1144"}],"version-history":[{"count":0,"href":"https:\/\/blog.panrotas.com.br\/espacoabracorp\/wp-json\/wp\/v2\/posts\/1144\/revisions"}],"wp:featuredmedia":[{"embeddable":true,"href":"https:\/\/blog.panrotas.com.br\/espacoabracorp\/wp-json\/wp\/v2\/media\/1145"}],"wp:attachment":[{"href":"https:\/\/blog.panrotas.com.br\/espacoabracorp\/wp-json\/wp\/v2\/media?parent=1144"}],"wp:term":[{"taxonomy":"category","embeddable":true,"href":"https:\/\/blog.panrotas.com.br\/espacoabracorp\/wp-json\/wp\/v2\/categories?post=1144"},{"taxonomy":"post_tag","embeddable":true,"href":"https:\/\/blog.panrotas.com.br\/espacoabracorp\/wp-json\/wp\/v2\/tags?post=1144"}],"curies":[{"name":"wp","href":"https:\/\/api.w.org\/{rel}","templated":true}]}}