{"id":1155,"date":"2016-11-08T16:53:35","date_gmt":"2016-11-08T18:53:35","guid":{"rendered":"http:\/\/blog.panrotas.com.br\/espacoabracorp\/?p=1155"},"modified":"2016-11-08T16:53:35","modified_gmt":"2016-11-08T18:53:35","slug":"convencao-anual-abracorp-discute-pe-e-bi-em-lisboa","status":"publish","type":"post","link":"https:\/\/blog.panrotas.com.br\/espacoabracorp\/2016\/11\/08\/convencao-anual-abracorp-discute-pe-e-bi-em-lisboa\/","title":{"rendered":"Conven\u00e7\u00e3o Anual Abracorp discute PE e BI em Lisboa"},"content":{"rendered":"<p><em>Rubens Schwartzmann<\/em><br \/>\nEnquanto o calend\u00e1rio de 2016 ganha ares de contagem regressiva, marcamos a Conven\u00e7\u00e3o Anual da Abracorp para os primeiros quatro dias de dezembro. Desta feita, por meio de parcerias com a Schultz, o Hotel Dom Pedro e a TAP, levaremos o evento para a capital portuguesa, Lisboa, que se posiciona como destino e polo emissor de relev\u00e2ncia crescente no \u00e2mbito das viagens corporativas. A mais brasileira das cidades europeias receber\u00e1 nossa delega\u00e7\u00e3o no momento em que Portugal ganha destaque, tamb\u00e9m, no turismo de neg\u00f3cios e eventos, sobretudo no segmento MICE.<br \/>\nEntre 1\u00ba e 4 de dezembro, faremos uma aut\u00eantica imers\u00e3o nos conte\u00fados de uma pauta densa, resultante de a\u00e7\u00f5es que vimos desenvolvendo ao longo dos \u00faltimos meses. Entre os temas de maior peso, pela import\u00e2ncia crucial que exercem na vida das nossas associadas, est\u00e3o a atualiza\u00e7\u00e3o do Planejamento Estrat\u00e9gico (PE) da entidade e a revitaliza\u00e7\u00e3o dos indicadores por meio do BI (Business Intelligence) Abracorp. Com os referidos instrumentos, teremos muito mais efici\u00eancia e resolutividade ante os desafios do mercado em que atuamos.<br \/>\nO Planejamento Estrat\u00e9gico, sob a responsabilidade da KPMG, tem v\u00ednculo direto com os neg\u00f3cios das pr\u00f3prias associadas Abracorp, o que amplia e aprofunda sua import\u00e2ncia. Vai nortear nossos passos para os pr\u00f3ximos cinco anos e se baseia nas alavancas de valor lastreadas em quatro pilares que tem impacto direto em toda a cadeia produtiva de viagens. Ou seja: os associados, os comit\u00eas tem\u00e1ticos, a comunica\u00e7\u00e3o e a capacita\u00e7\u00e3o. Vai parametrizar os caminhos da entidade a partir de 2017.<br \/>\nContempla quest\u00f5es cruciais, como clientes e canais, produtos e servi\u00e7os, infraestrutura e tecnologia, governan\u00e7a, pessoas e cultura. Prev\u00ea a cria\u00e7\u00e3o de um <em>dashboard<\/em> com m\u00e9tricas claras de gest\u00e3o dos processos. Os projetos previstos para iniciar em janeiro\/17 fazem parte da pauta principal da Conven\u00e7\u00e3o Anual Abracorp.<br \/>\nO BI Abracorp vem para redimensionar os indicadores que a entidade divulga h\u00e1 cinco anos. Mais que revelar a participa\u00e7\u00e3o de mercado aos associados e fornecedores, ser\u00e1 disponibilizado um amplo menu de dados gerenciais. Inclui tipos de tarifas por cabines, par de cidades, per\u00edodo de estadia, destinos, entre outras informa\u00e7\u00f5es de alta relev\u00e2ncia, capazes de propiciar um estudo consistente de benchmarking e de tend\u00eancias.<br \/>\nFecho essa manifesta\u00e7\u00e3o ensejando que a nossa Conven\u00e7\u00e3o Anual seja revestida dos melhores resultados, longe das atribula\u00e7\u00f5es do dia-a-dia das nossas empresas e, ao mesmo tempo, mais pr\u00f3ximos uns dos outros, nessa ocasi\u00e3o t\u00e3o especial. Nesse contexto, todo nosso apoio e aplauso ao novo momento da TAP, que aumenta a relev\u00e2ncia do segmento corporativo na pauta da companhia a\u00e9rea.<\/p>\n","protected":false},"excerpt":{"rendered":"<p>Rubens Schwartzmann Enquanto o calend\u00e1rio de 2016 ganha ares de contagem regressiva, marcamos a Conven\u00e7\u00e3o Anual da Abracorp para os primeiros quatro dias de dezembro. Desta feita, por meio de parcerias com a Schultz, o Hotel Dom Pedro e a TAP, levaremos o evento para a capital portuguesa, Lisboa, que se posiciona como destino e&hellip; <a class=\"more-link\" href=\"https:\/\/blog.panrotas.com.br\/espacoabracorp\/2016\/11\/08\/convencao-anual-abracorp-discute-pe-e-bi-em-lisboa\/\">Continue reading &rarr;<\/a><\/p>\n","protected":false},"author":27,"featured_media":1156,"comment_status":"open","ping_status":"open","sticky":false,"template":"","format":"standard","meta":{"spay_email":""},"categories":[3],"tags":[],"yoast_head":"<!-- This site is optimized with the Yoast SEO plugin v17.3 - https:\/\/yoast.com\/wordpress\/plugins\/seo\/ -->\n<title>Conven\u00e7\u00e3o Anual Abracorp discute PE e BI em Lisboa - Espa\u00e7o Abracorp<\/title>\n<meta name=\"robots\" content=\"index, follow, max-snippet:-1, max-image-preview:large, max-video-preview:-1\" \/>\n<link rel=\"canonical\" href=\"https:\/\/blog.panrotas.com.br\/espacoabracorp\/2016\/11\/08\/convencao-anual-abracorp-discute-pe-e-bi-em-lisboa\/\" \/>\n<meta property=\"og:locale\" content=\"pt_BR\" \/>\n<meta property=\"og:type\" content=\"article\" \/>\n<meta property=\"og:title\" content=\"Conven\u00e7\u00e3o Anual Abracorp discute PE e BI em Lisboa - Espa\u00e7o Abracorp\" \/>\n<meta property=\"og:description\" content=\"Rubens Schwartzmann Enquanto o calend\u00e1rio de 2016 ganha ares de contagem regressiva, marcamos a Conven\u00e7\u00e3o Anual da Abracorp para os primeiros quatro dias de dezembro. Desta feita, por meio de parcerias com a Schultz, o Hotel Dom Pedro e a TAP, levaremos o evento para a capital portuguesa, Lisboa, que se posiciona como destino e&hellip; Continue reading &rarr;\" \/>\n<meta property=\"og:url\" content=\"https:\/\/blog.panrotas.com.br\/espacoabracorp\/2016\/11\/08\/convencao-anual-abracorp-discute-pe-e-bi-em-lisboa\/\" \/>\n<meta property=\"og:site_name\" content=\"Espa\u00e7o Abracorp\" \/>\n<meta property=\"article:published_time\" content=\"2016-11-08T18:53:35+00:00\" \/>\n<meta property=\"og:image\" content=\"https:\/\/blog.panrotas.com.br\/espacoabracorp\/wp-content\/uploads\/sites\/16\/2016\/11\/default.jpg\" \/>\n\t<meta property=\"og:image:width\" content=\"670\" \/>\n\t<meta property=\"og:image:height\" content=\"400\" \/>\n<meta name=\"twitter:card\" content=\"summary_large_image\" \/>\n<meta name=\"twitter:label1\" content=\"Escrito por\" \/>\n\t<meta name=\"twitter:data1\" content=\"Abracorp\" \/>\n\t<meta name=\"twitter:label2\" content=\"Est. tempo de leitura\" \/>\n\t<meta name=\"twitter:data2\" content=\"2 minutos\" \/>\n<script type=\"application\/ld+json\" class=\"yoast-schema-graph\">{\"@context\":\"https:\/\/schema.org\",\"@graph\":[{\"@type\":\"WebSite\",\"@id\":\"https:\/\/blog.panrotas.com.br\/espacoabracorp\/#website\",\"url\":\"https:\/\/blog.panrotas.com.br\/espacoabracorp\/\",\"name\":\"Espa\\u00e7o Abracorp\",\"description\":\"Blogosfera PANROTAS\",\"potentialAction\":[{\"@type\":\"SearchAction\",\"target\":{\"@type\":\"EntryPoint\",\"urlTemplate\":\"https:\/\/blog.panrotas.com.br\/espacoabracorp\/?s={search_term_string}\"},\"query-input\":\"required name=search_term_string\"}],\"inLanguage\":\"pt-BR\"},{\"@type\":\"ImageObject\",\"@id\":\"https:\/\/blog.panrotas.com.br\/espacoabracorp\/2016\/11\/08\/convencao-anual-abracorp-discute-pe-e-bi-em-lisboa\/#primaryimage\",\"inLanguage\":\"pt-BR\",\"url\":\"https:\/\/blog.panrotas.com.br\/espacoabracorp\/wp-content\/uploads\/sites\/16\/2016\/11\/default.jpg\",\"contentUrl\":\"https:\/\/blog.panrotas.com.br\/espacoabracorp\/wp-content\/uploads\/sites\/16\/2016\/11\/default.jpg\",\"width\":670,\"height\":400},{\"@type\":\"WebPage\",\"@id\":\"https:\/\/blog.panrotas.com.br\/espacoabracorp\/2016\/11\/08\/convencao-anual-abracorp-discute-pe-e-bi-em-lisboa\/#webpage\",\"url\":\"https:\/\/blog.panrotas.com.br\/espacoabracorp\/2016\/11\/08\/convencao-anual-abracorp-discute-pe-e-bi-em-lisboa\/\",\"name\":\"Conven\\u00e7\\u00e3o Anual Abracorp discute PE e BI em Lisboa - Espa\\u00e7o Abracorp\",\"isPartOf\":{\"@id\":\"https:\/\/blog.panrotas.com.br\/espacoabracorp\/#website\"},\"primaryImageOfPage\":{\"@id\":\"https:\/\/blog.panrotas.com.br\/espacoabracorp\/2016\/11\/08\/convencao-anual-abracorp-discute-pe-e-bi-em-lisboa\/#primaryimage\"},\"datePublished\":\"2016-11-08T18:53:35+00:00\",\"dateModified\":\"2016-11-08T18:53:35+00:00\",\"author\":{\"@id\":\"https:\/\/blog.panrotas.com.br\/espacoabracorp\/#\/schema\/person\/c61095cb4ad58385b600360e86edcc70\"},\"breadcrumb\":{\"@id\":\"https:\/\/blog.panrotas.com.br\/espacoabracorp\/2016\/11\/08\/convencao-anual-abracorp-discute-pe-e-bi-em-lisboa\/#breadcrumb\"},\"inLanguage\":\"pt-BR\",\"potentialAction\":[{\"@type\":\"ReadAction\",\"target\":[\"https:\/\/blog.panrotas.com.br\/espacoabracorp\/2016\/11\/08\/convencao-anual-abracorp-discute-pe-e-bi-em-lisboa\/\"]}]},{\"@type\":\"BreadcrumbList\",\"@id\":\"https:\/\/blog.panrotas.com.br\/espacoabracorp\/2016\/11\/08\/convencao-anual-abracorp-discute-pe-e-bi-em-lisboa\/#breadcrumb\",\"itemListElement\":[{\"@type\":\"ListItem\",\"position\":1,\"name\":\"In\\u00edcio\",\"item\":\"https:\/\/blog.panrotas.com.br\/espacoabracorp\/\"},{\"@type\":\"ListItem\",\"position\":2,\"name\":\"Conven\\u00e7\\u00e3o Anual Abracorp discute PE e BI em Lisboa\"}]},{\"@type\":\"Person\",\"@id\":\"https:\/\/blog.panrotas.com.br\/espacoabracorp\/#\/schema\/person\/c61095cb4ad58385b600360e86edcc70\",\"name\":\"Abracorp\",\"image\":{\"@type\":\"ImageObject\",\"@id\":\"https:\/\/blog.panrotas.com.br\/espacoabracorp\/#personlogo\",\"inLanguage\":\"pt-BR\",\"url\":\"https:\/\/secure.gravatar.com\/avatar\/7b0b250396075df2cb7378540ccff9ce?s=96&d=mm&r=g\",\"contentUrl\":\"https:\/\/secure.gravatar.com\/avatar\/7b0b250396075df2cb7378540ccff9ce?s=96&d=mm&r=g\",\"caption\":\"Abracorp\"},\"url\":\"https:\/\/blog.panrotas.com.br\/espacoabracorp\/author\/luiz\/\"}]}<\/script>\n<!-- \/ Yoast SEO plugin. -->","yoast_head_json":{"title":"Conven\u00e7\u00e3o Anual Abracorp discute PE e BI em Lisboa - Espa\u00e7o Abracorp","robots":{"index":"index","follow":"follow","max-snippet":"max-snippet:-1","max-image-preview":"max-image-preview:large","max-video-preview":"max-video-preview:-1"},"canonical":"https:\/\/blog.panrotas.com.br\/espacoabracorp\/2016\/11\/08\/convencao-anual-abracorp-discute-pe-e-bi-em-lisboa\/","og_locale":"pt_BR","og_type":"article","og_title":"Conven\u00e7\u00e3o Anual Abracorp discute PE e BI em Lisboa - Espa\u00e7o Abracorp","og_description":"Rubens Schwartzmann Enquanto o calend\u00e1rio de 2016 ganha ares de contagem regressiva, marcamos a Conven\u00e7\u00e3o Anual da Abracorp para os primeiros quatro dias de dezembro. Desta feita, por meio de parcerias com a Schultz, o Hotel Dom Pedro e a TAP, levaremos o evento para a capital portuguesa, Lisboa, que se posiciona como destino e&hellip; Continue reading &rarr;","og_url":"https:\/\/blog.panrotas.com.br\/espacoabracorp\/2016\/11\/08\/convencao-anual-abracorp-discute-pe-e-bi-em-lisboa\/","og_site_name":"Espa\u00e7o Abracorp","article_published_time":"2016-11-08T18:53:35+00:00","og_image":[{"width":670,"height":400,"url":"https:\/\/blog.panrotas.com.br\/espacoabracorp\/wp-content\/uploads\/sites\/16\/2016\/11\/default.jpg","type":"image\/jpeg"}],"twitter_card":"summary_large_image","twitter_misc":{"Escrito por":"Abracorp","Est. tempo de leitura":"2 minutos"},"schema":{"@context":"https:\/\/schema.org","@graph":[{"@type":"WebSite","@id":"https:\/\/blog.panrotas.com.br\/espacoabracorp\/#website","url":"https:\/\/blog.panrotas.com.br\/espacoabracorp\/","name":"Espa\u00e7o Abracorp","description":"Blogosfera PANROTAS","potentialAction":[{"@type":"SearchAction","target":{"@type":"EntryPoint","urlTemplate":"https:\/\/blog.panrotas.com.br\/espacoabracorp\/?s={search_term_string}"},"query-input":"required name=search_term_string"}],"inLanguage":"pt-BR"},{"@type":"ImageObject","@id":"https:\/\/blog.panrotas.com.br\/espacoabracorp\/2016\/11\/08\/convencao-anual-abracorp-discute-pe-e-bi-em-lisboa\/#primaryimage","inLanguage":"pt-BR","url":"https:\/\/blog.panrotas.com.br\/espacoabracorp\/wp-content\/uploads\/sites\/16\/2016\/11\/default.jpg","contentUrl":"https:\/\/blog.panrotas.com.br\/espacoabracorp\/wp-content\/uploads\/sites\/16\/2016\/11\/default.jpg","width":670,"height":400},{"@type":"WebPage","@id":"https:\/\/blog.panrotas.com.br\/espacoabracorp\/2016\/11\/08\/convencao-anual-abracorp-discute-pe-e-bi-em-lisboa\/#webpage","url":"https:\/\/blog.panrotas.com.br\/espacoabracorp\/2016\/11\/08\/convencao-anual-abracorp-discute-pe-e-bi-em-lisboa\/","name":"Conven\u00e7\u00e3o Anual Abracorp discute PE e BI em Lisboa - Espa\u00e7o Abracorp","isPartOf":{"@id":"https:\/\/blog.panrotas.com.br\/espacoabracorp\/#website"},"primaryImageOfPage":{"@id":"https:\/\/blog.panrotas.com.br\/espacoabracorp\/2016\/11\/08\/convencao-anual-abracorp-discute-pe-e-bi-em-lisboa\/#primaryimage"},"datePublished":"2016-11-08T18:53:35+00:00","dateModified":"2016-11-08T18:53:35+00:00","author":{"@id":"https:\/\/blog.panrotas.com.br\/espacoabracorp\/#\/schema\/person\/c61095cb4ad58385b600360e86edcc70"},"breadcrumb":{"@id":"https:\/\/blog.panrotas.com.br\/espacoabracorp\/2016\/11\/08\/convencao-anual-abracorp-discute-pe-e-bi-em-lisboa\/#breadcrumb"},"inLanguage":"pt-BR","potentialAction":[{"@type":"ReadAction","target":["https:\/\/blog.panrotas.com.br\/espacoabracorp\/2016\/11\/08\/convencao-anual-abracorp-discute-pe-e-bi-em-lisboa\/"]}]},{"@type":"BreadcrumbList","@id":"https:\/\/blog.panrotas.com.br\/espacoabracorp\/2016\/11\/08\/convencao-anual-abracorp-discute-pe-e-bi-em-lisboa\/#breadcrumb","itemListElement":[{"@type":"ListItem","position":1,"name":"In\u00edcio","item":"https:\/\/blog.panrotas.com.br\/espacoabracorp\/"},{"@type":"ListItem","position":2,"name":"Conven\u00e7\u00e3o Anual Abracorp discute PE e BI em Lisboa"}]},{"@type":"Person","@id":"https:\/\/blog.panrotas.com.br\/espacoabracorp\/#\/schema\/person\/c61095cb4ad58385b600360e86edcc70","name":"Abracorp","image":{"@type":"ImageObject","@id":"https:\/\/blog.panrotas.com.br\/espacoabracorp\/#personlogo","inLanguage":"pt-BR","url":"https:\/\/secure.gravatar.com\/avatar\/7b0b250396075df2cb7378540ccff9ce?s=96&d=mm&r=g","contentUrl":"https:\/\/secure.gravatar.com\/avatar\/7b0b250396075df2cb7378540ccff9ce?s=96&d=mm&r=g","caption":"Abracorp"},"url":"https:\/\/blog.panrotas.com.br\/espacoabracorp\/author\/luiz\/"}]}},"jetpack_featured_media_url":"https:\/\/blog.panrotas.com.br\/espacoabracorp\/wp-content\/uploads\/sites\/16\/2016\/11\/default.jpg","_links":{"self":[{"href":"https:\/\/blog.panrotas.com.br\/espacoabracorp\/wp-json\/wp\/v2\/posts\/1155"}],"collection":[{"href":"https:\/\/blog.panrotas.com.br\/espacoabracorp\/wp-json\/wp\/v2\/posts"}],"about":[{"href":"https:\/\/blog.panrotas.com.br\/espacoabracorp\/wp-json\/wp\/v2\/types\/post"}],"author":[{"embeddable":true,"href":"https:\/\/blog.panrotas.com.br\/espacoabracorp\/wp-json\/wp\/v2\/users\/27"}],"replies":[{"embeddable":true,"href":"https:\/\/blog.panrotas.com.br\/espacoabracorp\/wp-json\/wp\/v2\/comments?post=1155"}],"version-history":[{"count":0,"href":"https:\/\/blog.panrotas.com.br\/espacoabracorp\/wp-json\/wp\/v2\/posts\/1155\/revisions"}],"wp:featuredmedia":[{"embeddable":true,"href":"https:\/\/blog.panrotas.com.br\/espacoabracorp\/wp-json\/wp\/v2\/media\/1156"}],"wp:attachment":[{"href":"https:\/\/blog.panrotas.com.br\/espacoabracorp\/wp-json\/wp\/v2\/media?parent=1155"}],"wp:term":[{"taxonomy":"category","embeddable":true,"href":"https:\/\/blog.panrotas.com.br\/espacoabracorp\/wp-json\/wp\/v2\/categories?post=1155"},{"taxonomy":"post_tag","embeddable":true,"href":"https:\/\/blog.panrotas.com.br\/espacoabracorp\/wp-json\/wp\/v2\/tags?post=1155"}],"curies":[{"name":"wp","href":"https:\/\/api.w.org\/{rel}","templated":true}]}}