{"id":1188,"date":"2017-02-09T11:13:01","date_gmt":"2017-02-09T13:13:01","guid":{"rendered":"http:\/\/blog.panrotas.com.br\/espacoabracorp\/?p=1188"},"modified":"2017-02-09T11:13:01","modified_gmt":"2017-02-09T13:13:01","slug":"mercado-aereo-analise","status":"publish","type":"post","link":"https:\/\/blog.panrotas.com.br\/espacoabracorp\/2017\/02\/09\/mercado-aereo-analise\/","title":{"rendered":"Mercado A\u00e9reo \u2013 An\u00e1lise"},"content":{"rendered":"<p>O mercado a\u00e9reo, principal segmento de vendas das ag\u00eancias Abracorp (67% de todo o faturamento em 2016), apresentou como novidade a lideran\u00e7a da GOL nos quesitos de bilhetes emitidos e faturamento. A redu\u00e7\u00e3o de oferta das cias a\u00e9reas nacionais deu-se, seguramente, nas rotas de menor densidade de tr\u00e1fego.\u00a0Os destinos corporativos do centro-sul n\u00e3o foram afetados.\u00a0Com os indicadores do BI (Business Intelligence) Abracorp, poderemos ter uma vis\u00e3o mais detalhada do comportamento de compras (por city pairs).<br \/>\nOs destinos internacionais apresentaram redu\u00e7\u00f5es maiores ainda, n\u00e3o s\u00f3 de oferta como tamb\u00e9m de vendas. O que esperar para 2017?<br \/>\n<a href=\"http:\/\/panrotas.blog.br\/espacoabracorp\/wp-content\/uploads\/sites\/16\/2017\/02\/Imagem-2_Abracorp_Tarifa-m\u00e9dia_A\u00e9reo-Nacional_2016_blog.jpg\"><img loading=\"lazy\" class=\"alignnone wp-image-1189\" src=\"http:\/\/panrotas.blog.br\/espacoabracorp\/wp-content\/uploads\/sites\/16\/2017\/02\/Imagem-2_Abracorp_Tarifa-m\u00e9dia_A\u00e9reo-Nacional_2016_blog-300x252.jpg\" alt=\"\" width=\"475\" height=\"399\" srcset=\"https:\/\/blog.panrotas.com.br\/espacoabracorp\/wp-content\/uploads\/sites\/16\/2017\/02\/Imagem-2_Abracorp_Tarifa-m\u00e9dia_A\u00e9reo-Nacional_2016_blog-300x252.jpg 300w, https:\/\/blog.panrotas.com.br\/espacoabracorp\/wp-content\/uploads\/sites\/16\/2017\/02\/Imagem-2_Abracorp_Tarifa-m\u00e9dia_A\u00e9reo-Nacional_2016_blog-768x646.jpg 768w, https:\/\/blog.panrotas.com.br\/espacoabracorp\/wp-content\/uploads\/sites\/16\/2017\/02\/Imagem-2_Abracorp_Tarifa-m\u00e9dia_A\u00e9reo-Nacional_2016_blog.jpg 773w\" sizes=\"(max-width: 475px) 100vw, 475px\" \/><\/a><br \/>\nO mercado dom\u00e9stico deve fazer, ainda, um ajuste fino de oferta, mas nada indica que haver\u00e1 varia\u00e7\u00e3o substancial. No mercado internacional, j\u00e1 n\u00e3o teremos algumas cias a\u00e9reas operando no Pa\u00eds; outras continuam adequando suas ofertas, ajustando equipamentos e frequ\u00eancias.<br \/>\nAs novas regulamenta\u00e7\u00f5es da ANAC n\u00e3o devem causar impactos no mercado corporativo. A esperada redu\u00e7\u00e3o de pre\u00e7os em fun\u00e7\u00e3o da cobran\u00e7a de bagagens n\u00e3o provoca mudan\u00e7as nesse segmento, que se caracteriza por viagens de curta dura\u00e7\u00e3o. A expectativa \u00e9 que, conforme anunciado pela ABEAR, haja uma redu\u00e7\u00e3o de pre\u00e7os por conta das novas regulamenta\u00e7\u00f5es.<br \/>\n<strong><em>Mais informa\u00e7\u00f5es no <a href=\"http:\/\/abracorp.org.br\/numeros\/\">www.abracorp.org.br\/estat\u00edsticas<\/a><\/em><\/strong><\/p>\n","protected":false},"excerpt":{"rendered":"<p>O mercado a\u00e9reo, principal segmento de vendas das ag\u00eancias Abracorp (67% de todo o faturamento em 2016), apresentou como novidade a lideran\u00e7a da GOL nos quesitos de bilhetes emitidos e faturamento. A redu\u00e7\u00e3o de oferta das cias a\u00e9reas nacionais deu-se, seguramente, nas rotas de menor densidade de tr\u00e1fego.\u00a0Os destinos corporativos do centro-sul n\u00e3o foram afetados.\u00a0Com&hellip; <a class=\"more-link\" href=\"https:\/\/blog.panrotas.com.br\/espacoabracorp\/2017\/02\/09\/mercado-aereo-analise\/\">Continue reading &rarr;<\/a><\/p>\n","protected":false},"author":27,"featured_media":1190,"comment_status":"open","ping_status":"open","sticky":false,"template":"","format":"standard","meta":{"spay_email":""},"categories":[3],"tags":[],"yoast_head":"<!-- This site is optimized with the Yoast SEO plugin v17.3 - https:\/\/yoast.com\/wordpress\/plugins\/seo\/ -->\n<title>Mercado A\u00e9reo \u2013 An\u00e1lise - Espa\u00e7o Abracorp<\/title>\n<meta name=\"robots\" content=\"index, follow, max-snippet:-1, max-image-preview:large, max-video-preview:-1\" \/>\n<link rel=\"canonical\" href=\"https:\/\/blog.panrotas.com.br\/espacoabracorp\/2017\/02\/09\/mercado-aereo-analise\/\" \/>\n<meta property=\"og:locale\" content=\"pt_BR\" \/>\n<meta property=\"og:type\" content=\"article\" \/>\n<meta property=\"og:title\" content=\"Mercado A\u00e9reo \u2013 An\u00e1lise - Espa\u00e7o Abracorp\" \/>\n<meta property=\"og:description\" content=\"O mercado a\u00e9reo, principal segmento de vendas das ag\u00eancias Abracorp (67% de todo o faturamento em 2016), apresentou como novidade a lideran\u00e7a da GOL nos quesitos de bilhetes emitidos e faturamento. A redu\u00e7\u00e3o de oferta das cias a\u00e9reas nacionais deu-se, seguramente, nas rotas de menor densidade de tr\u00e1fego.\u00a0Os destinos corporativos do centro-sul n\u00e3o foram afetados.\u00a0Com&hellip; Continue reading &rarr;\" \/>\n<meta property=\"og:url\" content=\"https:\/\/blog.panrotas.com.br\/espacoabracorp\/2017\/02\/09\/mercado-aereo-analise\/\" \/>\n<meta property=\"og:site_name\" content=\"Espa\u00e7o Abracorp\" \/>\n<meta property=\"article:published_time\" content=\"2017-02-09T13:13:01+00:00\" \/>\n<meta property=\"og:image\" content=\"https:\/\/blog.panrotas.com.br\/espacoabracorp\/wp-content\/uploads\/sites\/16\/2017\/02\/Imagem-1_Abracorp_Tarifa-m\u00e9dia_A\u00e9reo-Nacional_2016_blog.jpg\" \/>\n\t<meta property=\"og:image:width\" content=\"1174\" \/>\n\t<meta property=\"og:image:height\" content=\"538\" \/>\n<meta name=\"twitter:card\" content=\"summary_large_image\" \/>\n<meta name=\"twitter:label1\" content=\"Escrito por\" \/>\n\t<meta name=\"twitter:data1\" content=\"Abracorp\" \/>\n\t<meta name=\"twitter:label2\" content=\"Est. tempo de leitura\" \/>\n\t<meta name=\"twitter:data2\" content=\"1 minuto\" \/>\n<script type=\"application\/ld+json\" class=\"yoast-schema-graph\">{\"@context\":\"https:\/\/schema.org\",\"@graph\":[{\"@type\":\"WebSite\",\"@id\":\"https:\/\/blog.panrotas.com.br\/espacoabracorp\/#website\",\"url\":\"https:\/\/blog.panrotas.com.br\/espacoabracorp\/\",\"name\":\"Espa\\u00e7o Abracorp\",\"description\":\"Blogosfera PANROTAS\",\"potentialAction\":[{\"@type\":\"SearchAction\",\"target\":{\"@type\":\"EntryPoint\",\"urlTemplate\":\"https:\/\/blog.panrotas.com.br\/espacoabracorp\/?s={search_term_string}\"},\"query-input\":\"required name=search_term_string\"}],\"inLanguage\":\"pt-BR\"},{\"@type\":\"ImageObject\",\"@id\":\"https:\/\/blog.panrotas.com.br\/espacoabracorp\/2017\/02\/09\/mercado-aereo-analise\/#primaryimage\",\"inLanguage\":\"pt-BR\",\"url\":\"https:\/\/blog.panrotas.com.br\/espacoabracorp\/wp-content\/uploads\/sites\/16\/2017\/02\/Imagem-1_Abracorp_Tarifa-m\\u00e9dia_A\\u00e9reo-Nacional_2016_blog.jpg\",\"contentUrl\":\"https:\/\/blog.panrotas.com.br\/espacoabracorp\/wp-content\/uploads\/sites\/16\/2017\/02\/Imagem-1_Abracorp_Tarifa-m\\u00e9dia_A\\u00e9reo-Nacional_2016_blog.jpg\",\"width\":1174,\"height\":538},{\"@type\":\"WebPage\",\"@id\":\"https:\/\/blog.panrotas.com.br\/espacoabracorp\/2017\/02\/09\/mercado-aereo-analise\/#webpage\",\"url\":\"https:\/\/blog.panrotas.com.br\/espacoabracorp\/2017\/02\/09\/mercado-aereo-analise\/\",\"name\":\"Mercado A\\u00e9reo \\u2013 An\\u00e1lise - Espa\\u00e7o Abracorp\",\"isPartOf\":{\"@id\":\"https:\/\/blog.panrotas.com.br\/espacoabracorp\/#website\"},\"primaryImageOfPage\":{\"@id\":\"https:\/\/blog.panrotas.com.br\/espacoabracorp\/2017\/02\/09\/mercado-aereo-analise\/#primaryimage\"},\"datePublished\":\"2017-02-09T13:13:01+00:00\",\"dateModified\":\"2017-02-09T13:13:01+00:00\",\"author\":{\"@id\":\"https:\/\/blog.panrotas.com.br\/espacoabracorp\/#\/schema\/person\/c61095cb4ad58385b600360e86edcc70\"},\"breadcrumb\":{\"@id\":\"https:\/\/blog.panrotas.com.br\/espacoabracorp\/2017\/02\/09\/mercado-aereo-analise\/#breadcrumb\"},\"inLanguage\":\"pt-BR\",\"potentialAction\":[{\"@type\":\"ReadAction\",\"target\":[\"https:\/\/blog.panrotas.com.br\/espacoabracorp\/2017\/02\/09\/mercado-aereo-analise\/\"]}]},{\"@type\":\"BreadcrumbList\",\"@id\":\"https:\/\/blog.panrotas.com.br\/espacoabracorp\/2017\/02\/09\/mercado-aereo-analise\/#breadcrumb\",\"itemListElement\":[{\"@type\":\"ListItem\",\"position\":1,\"name\":\"In\\u00edcio\",\"item\":\"https:\/\/blog.panrotas.com.br\/espacoabracorp\/\"},{\"@type\":\"ListItem\",\"position\":2,\"name\":\"Mercado A\\u00e9reo \\u2013 An\\u00e1lise\"}]},{\"@type\":\"Person\",\"@id\":\"https:\/\/blog.panrotas.com.br\/espacoabracorp\/#\/schema\/person\/c61095cb4ad58385b600360e86edcc70\",\"name\":\"Abracorp\",\"image\":{\"@type\":\"ImageObject\",\"@id\":\"https:\/\/blog.panrotas.com.br\/espacoabracorp\/#personlogo\",\"inLanguage\":\"pt-BR\",\"url\":\"https:\/\/secure.gravatar.com\/avatar\/7b0b250396075df2cb7378540ccff9ce?s=96&d=mm&r=g\",\"contentUrl\":\"https:\/\/secure.gravatar.com\/avatar\/7b0b250396075df2cb7378540ccff9ce?s=96&d=mm&r=g\",\"caption\":\"Abracorp\"},\"url\":\"https:\/\/blog.panrotas.com.br\/espacoabracorp\/author\/luiz\/\"}]}<\/script>\n<!-- \/ Yoast SEO plugin. -->","yoast_head_json":{"title":"Mercado A\u00e9reo \u2013 An\u00e1lise - Espa\u00e7o Abracorp","robots":{"index":"index","follow":"follow","max-snippet":"max-snippet:-1","max-image-preview":"max-image-preview:large","max-video-preview":"max-video-preview:-1"},"canonical":"https:\/\/blog.panrotas.com.br\/espacoabracorp\/2017\/02\/09\/mercado-aereo-analise\/","og_locale":"pt_BR","og_type":"article","og_title":"Mercado A\u00e9reo \u2013 An\u00e1lise - Espa\u00e7o Abracorp","og_description":"O mercado a\u00e9reo, principal segmento de vendas das ag\u00eancias Abracorp (67% de todo o faturamento em 2016), apresentou como novidade a lideran\u00e7a da GOL nos quesitos de bilhetes emitidos e faturamento. A redu\u00e7\u00e3o de oferta das cias a\u00e9reas nacionais deu-se, seguramente, nas rotas de menor densidade de tr\u00e1fego.\u00a0Os destinos corporativos do centro-sul n\u00e3o foram afetados.\u00a0Com&hellip; Continue reading &rarr;","og_url":"https:\/\/blog.panrotas.com.br\/espacoabracorp\/2017\/02\/09\/mercado-aereo-analise\/","og_site_name":"Espa\u00e7o Abracorp","article_published_time":"2017-02-09T13:13:01+00:00","og_image":[{"width":1174,"height":538,"url":"https:\/\/blog.panrotas.com.br\/espacoabracorp\/wp-content\/uploads\/sites\/16\/2017\/02\/Imagem-1_Abracorp_Tarifa-m\u00e9dia_A\u00e9reo-Nacional_2016_blog.jpg","type":"image\/jpeg"}],"twitter_card":"summary_large_image","twitter_misc":{"Escrito por":"Abracorp","Est. tempo de leitura":"1 minuto"},"schema":{"@context":"https:\/\/schema.org","@graph":[{"@type":"WebSite","@id":"https:\/\/blog.panrotas.com.br\/espacoabracorp\/#website","url":"https:\/\/blog.panrotas.com.br\/espacoabracorp\/","name":"Espa\u00e7o Abracorp","description":"Blogosfera PANROTAS","potentialAction":[{"@type":"SearchAction","target":{"@type":"EntryPoint","urlTemplate":"https:\/\/blog.panrotas.com.br\/espacoabracorp\/?s={search_term_string}"},"query-input":"required name=search_term_string"}],"inLanguage":"pt-BR"},{"@type":"ImageObject","@id":"https:\/\/blog.panrotas.com.br\/espacoabracorp\/2017\/02\/09\/mercado-aereo-analise\/#primaryimage","inLanguage":"pt-BR","url":"https:\/\/blog.panrotas.com.br\/espacoabracorp\/wp-content\/uploads\/sites\/16\/2017\/02\/Imagem-1_Abracorp_Tarifa-m\u00e9dia_A\u00e9reo-Nacional_2016_blog.jpg","contentUrl":"https:\/\/blog.panrotas.com.br\/espacoabracorp\/wp-content\/uploads\/sites\/16\/2017\/02\/Imagem-1_Abracorp_Tarifa-m\u00e9dia_A\u00e9reo-Nacional_2016_blog.jpg","width":1174,"height":538},{"@type":"WebPage","@id":"https:\/\/blog.panrotas.com.br\/espacoabracorp\/2017\/02\/09\/mercado-aereo-analise\/#webpage","url":"https:\/\/blog.panrotas.com.br\/espacoabracorp\/2017\/02\/09\/mercado-aereo-analise\/","name":"Mercado A\u00e9reo \u2013 An\u00e1lise - Espa\u00e7o Abracorp","isPartOf":{"@id":"https:\/\/blog.panrotas.com.br\/espacoabracorp\/#website"},"primaryImageOfPage":{"@id":"https:\/\/blog.panrotas.com.br\/espacoabracorp\/2017\/02\/09\/mercado-aereo-analise\/#primaryimage"},"datePublished":"2017-02-09T13:13:01+00:00","dateModified":"2017-02-09T13:13:01+00:00","author":{"@id":"https:\/\/blog.panrotas.com.br\/espacoabracorp\/#\/schema\/person\/c61095cb4ad58385b600360e86edcc70"},"breadcrumb":{"@id":"https:\/\/blog.panrotas.com.br\/espacoabracorp\/2017\/02\/09\/mercado-aereo-analise\/#breadcrumb"},"inLanguage":"pt-BR","potentialAction":[{"@type":"ReadAction","target":["https:\/\/blog.panrotas.com.br\/espacoabracorp\/2017\/02\/09\/mercado-aereo-analise\/"]}]},{"@type":"BreadcrumbList","@id":"https:\/\/blog.panrotas.com.br\/espacoabracorp\/2017\/02\/09\/mercado-aereo-analise\/#breadcrumb","itemListElement":[{"@type":"ListItem","position":1,"name":"In\u00edcio","item":"https:\/\/blog.panrotas.com.br\/espacoabracorp\/"},{"@type":"ListItem","position":2,"name":"Mercado A\u00e9reo \u2013 An\u00e1lise"}]},{"@type":"Person","@id":"https:\/\/blog.panrotas.com.br\/espacoabracorp\/#\/schema\/person\/c61095cb4ad58385b600360e86edcc70","name":"Abracorp","image":{"@type":"ImageObject","@id":"https:\/\/blog.panrotas.com.br\/espacoabracorp\/#personlogo","inLanguage":"pt-BR","url":"https:\/\/secure.gravatar.com\/avatar\/7b0b250396075df2cb7378540ccff9ce?s=96&d=mm&r=g","contentUrl":"https:\/\/secure.gravatar.com\/avatar\/7b0b250396075df2cb7378540ccff9ce?s=96&d=mm&r=g","caption":"Abracorp"},"url":"https:\/\/blog.panrotas.com.br\/espacoabracorp\/author\/luiz\/"}]}},"jetpack_featured_media_url":"https:\/\/blog.panrotas.com.br\/espacoabracorp\/wp-content\/uploads\/sites\/16\/2017\/02\/Imagem-1_Abracorp_Tarifa-m\u00e9dia_A\u00e9reo-Nacional_2016_blog.jpg","_links":{"self":[{"href":"https:\/\/blog.panrotas.com.br\/espacoabracorp\/wp-json\/wp\/v2\/posts\/1188"}],"collection":[{"href":"https:\/\/blog.panrotas.com.br\/espacoabracorp\/wp-json\/wp\/v2\/posts"}],"about":[{"href":"https:\/\/blog.panrotas.com.br\/espacoabracorp\/wp-json\/wp\/v2\/types\/post"}],"author":[{"embeddable":true,"href":"https:\/\/blog.panrotas.com.br\/espacoabracorp\/wp-json\/wp\/v2\/users\/27"}],"replies":[{"embeddable":true,"href":"https:\/\/blog.panrotas.com.br\/espacoabracorp\/wp-json\/wp\/v2\/comments?post=1188"}],"version-history":[{"count":0,"href":"https:\/\/blog.panrotas.com.br\/espacoabracorp\/wp-json\/wp\/v2\/posts\/1188\/revisions"}],"wp:featuredmedia":[{"embeddable":true,"href":"https:\/\/blog.panrotas.com.br\/espacoabracorp\/wp-json\/wp\/v2\/media\/1190"}],"wp:attachment":[{"href":"https:\/\/blog.panrotas.com.br\/espacoabracorp\/wp-json\/wp\/v2\/media?parent=1188"}],"wp:term":[{"taxonomy":"category","embeddable":true,"href":"https:\/\/blog.panrotas.com.br\/espacoabracorp\/wp-json\/wp\/v2\/categories?post=1188"},{"taxonomy":"post_tag","embeddable":true,"href":"https:\/\/blog.panrotas.com.br\/espacoabracorp\/wp-json\/wp\/v2\/tags?post=1188"}],"curies":[{"name":"wp","href":"https:\/\/api.w.org\/{rel}","templated":true}]}}