{"id":1227,"date":"2017-04-19T10:18:03","date_gmt":"2017-04-19T13:18:03","guid":{"rendered":"http:\/\/blog.panrotas.com.br\/espacoabracorp\/?p=1227"},"modified":"2017-04-19T10:18:03","modified_gmt":"2017-04-19T13:18:03","slug":"reflexao-sobre-o-prazo-de-pagamento-a-perder-de-vista","status":"publish","type":"post","link":"https:\/\/blog.panrotas.com.br\/espacoabracorp\/2017\/04\/19\/reflexao-sobre-o-prazo-de-pagamento-a-perder-de-vista\/","title":{"rendered":"Reflex\u00e3o sobre o prazo de pagamento a perder de vista"},"content":{"rendered":"<p>&nbsp;<br \/>\n<em>Rubens Schwartzmann<\/em><\/p>\n<p style=\"text-align: left\">O tema \u00e9 recorrente e j\u00e1 foi objeto de manifesta\u00e7\u00e3o da Abracorp aqui nesse espa\u00e7o. Continuamos assistindo, estarrecidos, \u00e0 falta de limites e de bom senso de players do mercado de viagens corporativas no que tange a prazos de pagamentos aos servi\u00e7os oferecidos pelas nossas TMCs. Os disparates v\u00e3o de 30, 60, 90 e at\u00e9 120 dias! S\u00e3o prazos impratic\u00e1veis sob todos os aspectos \u2013 e n\u00e3o h\u00e1 como sustent\u00e1-los. Basta lembrar que o prazo IATA \u00e9 semanal e dos hot\u00e9is \u00e9, em m\u00e9dia, 15 dias da data do check-out.<\/p>\n<p style=\"text-align: left\">Sustentabilidade. Observem onde chega a ironia desta situa\u00e7\u00e3o que em nada contribui para a harmoniza\u00e7\u00e3o das rela\u00e7\u00f5es comerciais entre as ag\u00eancias e o mercado. Depois da imposi\u00e7\u00e3o de prazo fora de qualquer prop\u00f3sito, registram no documento licitat\u00f3rio (BID) indaga\u00e7\u00e3o a respeito das <em>pr\u00e1ticas de sustentabilidade da TMC<\/em>&#8230;<\/p>\n<p style=\"text-align: left\">Aqui cabe recapitular o conceito universalmente conhecido e aceito de sustentabilidade. H\u00e1 cerca de 25 anos, o soci\u00f3logo e consultor brit\u00e2nico John Elkington formulou o <em>Triple Bottom Line<\/em> \u2013 o trip\u00e9 da sustentabilidade. A express\u00e3o tamb\u00e9m \u00e9 conhecida como \u2018os tr\u00eas ps\u2019: <em>people, planet and profit,<\/em> que em portugu\u00eas \u00e9 o ppl \u2013 pessoas, planeta e lucro.<\/p>\n<p style=\"text-align: left\">Durante muito tempo se acreditou, de forma equivocada, que a sustentabilidade estaria diretamente relacionada ao meio ambiente. Ent\u00e3o as empresas come\u00e7aram a fomentar projetos de preserva\u00e7\u00e3o da flora e da fauna, de reflorestamento, de prote\u00e7\u00e3o a esp\u00e9cies amea\u00e7adas de extin\u00e7\u00e3o, entre outras a\u00e7\u00f5es pontuais. Embora v\u00e1lidas, n\u00e3o representam, em si, o conceito mais amplo do desenvolvimento sustent\u00e1vel.<\/p>\n<p style=\"text-align: left\">Portanto, o trip\u00e9 da sustentabilidade (social, ambiental e econ\u00f4mico) determina que uma empresa deve atuar de forma que esses tr\u00eas pilares coexistam e interajam entre si de forma harmoniosa. O social envolve todo capital humano direta ou indiretamente relacionado \u00e0s atividades desenvolvidas. O ambiental se refere \u00e0s condutas que impactem o meio ambiente, no curto, m\u00e9dio e longo prazos. O plantio de \u00e1rvores, com intento compensat\u00f3rio \u00e0 emiss\u00e3o de gases na atmosfera, raramente vai al\u00e9m de estrat\u00e9gia de marketing.<\/p>\n<p style=\"text-align: left\">Por fim, o pilar econ\u00f4mico. Para que uma empresa seja economicamente sustent\u00e1vel, deve ser capaz de produzir, distribuir e oferecer seus produtos ou servi\u00e7os de forma que estabele\u00e7a uma rela\u00e7\u00e3o de competitividade justa em rela\u00e7\u00e3o aos demais concorrentes do mercado. E os tr\u00eas pilares devem estar alinhados com os objetivos da empresa. N\u00e3o podem ser definidos com base em a\u00e7\u00f5es pontuais ou simplesmente compensat\u00f3rias.<\/p>\n<p style=\"text-align: left\">Voltando ao tema da imposi\u00e7\u00e3o de prazos, nada indica que os adeptos desta vis\u00e3o distorcida estejam preocupados com o conceito correto de sustentabilidade. \u00c9 uma pena, porque se esquecem do b\u00e1sico: sem resultado econ\u00f4mico, o trip\u00e9 se desfigura e o resto n\u00e3o para em p\u00e9.<\/p>\n","protected":false},"excerpt":{"rendered":"<p>&nbsp; Rubens Schwartzmann O tema \u00e9 recorrente e j\u00e1 foi objeto de manifesta\u00e7\u00e3o da Abracorp aqui nesse espa\u00e7o. Continuamos assistindo, estarrecidos, \u00e0 falta de limites e de bom senso de players do mercado de viagens corporativas no que tange a prazos de pagamentos aos servi\u00e7os oferecidos pelas nossas TMCs. Os disparates v\u00e3o de 30, 60,&hellip; <a class=\"more-link\" href=\"https:\/\/blog.panrotas.com.br\/espacoabracorp\/2017\/04\/19\/reflexao-sobre-o-prazo-de-pagamento-a-perder-de-vista\/\">Continue reading &rarr;<\/a><\/p>\n","protected":false},"author":27,"featured_media":1164,"comment_status":"open","ping_status":"open","sticky":false,"template":"","format":"standard","meta":{"spay_email":""},"categories":[3],"tags":[],"yoast_head":"<!-- This site is optimized with the Yoast SEO plugin v17.3 - https:\/\/yoast.com\/wordpress\/plugins\/seo\/ -->\n<title>Reflex\u00e3o sobre o prazo de pagamento a perder de vista - Espa\u00e7o Abracorp<\/title>\n<meta name=\"robots\" content=\"index, follow, max-snippet:-1, max-image-preview:large, max-video-preview:-1\" \/>\n<link rel=\"canonical\" href=\"https:\/\/blog.panrotas.com.br\/espacoabracorp\/2017\/04\/19\/reflexao-sobre-o-prazo-de-pagamento-a-perder-de-vista\/\" \/>\n<meta property=\"og:locale\" content=\"pt_BR\" \/>\n<meta property=\"og:type\" content=\"article\" \/>\n<meta property=\"og:title\" content=\"Reflex\u00e3o sobre o prazo de pagamento a perder de vista - Espa\u00e7o Abracorp\" \/>\n<meta property=\"og:description\" content=\"&nbsp; Rubens Schwartzmann O tema \u00e9 recorrente e j\u00e1 foi objeto de manifesta\u00e7\u00e3o da Abracorp aqui nesse espa\u00e7o. Continuamos assistindo, estarrecidos, \u00e0 falta de limites e de bom senso de players do mercado de viagens corporativas no que tange a prazos de pagamentos aos servi\u00e7os oferecidos pelas nossas TMCs. Os disparates v\u00e3o de 30, 60,&hellip; Continue reading &rarr;\" \/>\n<meta property=\"og:url\" content=\"https:\/\/blog.panrotas.com.br\/espacoabracorp\/2017\/04\/19\/reflexao-sobre-o-prazo-de-pagamento-a-perder-de-vista\/\" \/>\n<meta property=\"og:site_name\" content=\"Espa\u00e7o Abracorp\" \/>\n<meta property=\"article:published_time\" content=\"2017-04-19T13:18:03+00:00\" \/>\n<meta property=\"og:image\" content=\"https:\/\/blog.panrotas.com.br\/espacoabracorp\/wp-content\/uploads\/sites\/16\/2016\/12\/IMG_6040.jpg\" \/>\n\t<meta property=\"og:image:width\" content=\"2916\" \/>\n\t<meta property=\"og:image:height\" content=\"1764\" \/>\n<meta name=\"twitter:card\" content=\"summary_large_image\" \/>\n<meta name=\"twitter:label1\" content=\"Escrito por\" \/>\n\t<meta name=\"twitter:data1\" content=\"Abracorp\" \/>\n\t<meta name=\"twitter:label2\" content=\"Est. tempo de leitura\" \/>\n\t<meta name=\"twitter:data2\" content=\"2 minutos\" \/>\n<script type=\"application\/ld+json\" class=\"yoast-schema-graph\">{\"@context\":\"https:\/\/schema.org\",\"@graph\":[{\"@type\":\"WebSite\",\"@id\":\"https:\/\/blog.panrotas.com.br\/espacoabracorp\/#website\",\"url\":\"https:\/\/blog.panrotas.com.br\/espacoabracorp\/\",\"name\":\"Espa\\u00e7o Abracorp\",\"description\":\"Blogosfera PANROTAS\",\"potentialAction\":[{\"@type\":\"SearchAction\",\"target\":{\"@type\":\"EntryPoint\",\"urlTemplate\":\"https:\/\/blog.panrotas.com.br\/espacoabracorp\/?s={search_term_string}\"},\"query-input\":\"required name=search_term_string\"}],\"inLanguage\":\"pt-BR\"},{\"@type\":\"ImageObject\",\"@id\":\"https:\/\/blog.panrotas.com.br\/espacoabracorp\/2017\/04\/19\/reflexao-sobre-o-prazo-de-pagamento-a-perder-de-vista\/#primaryimage\",\"inLanguage\":\"pt-BR\",\"url\":\"https:\/\/blog.panrotas.com.br\/espacoabracorp\/wp-content\/uploads\/sites\/16\/2016\/12\/IMG_6040.jpg\",\"contentUrl\":\"https:\/\/blog.panrotas.com.br\/espacoabracorp\/wp-content\/uploads\/sites\/16\/2016\/12\/IMG_6040.jpg\",\"width\":2916,\"height\":1764},{\"@type\":\"WebPage\",\"@id\":\"https:\/\/blog.panrotas.com.br\/espacoabracorp\/2017\/04\/19\/reflexao-sobre-o-prazo-de-pagamento-a-perder-de-vista\/#webpage\",\"url\":\"https:\/\/blog.panrotas.com.br\/espacoabracorp\/2017\/04\/19\/reflexao-sobre-o-prazo-de-pagamento-a-perder-de-vista\/\",\"name\":\"Reflex\\u00e3o sobre o prazo de pagamento a perder de vista - Espa\\u00e7o Abracorp\",\"isPartOf\":{\"@id\":\"https:\/\/blog.panrotas.com.br\/espacoabracorp\/#website\"},\"primaryImageOfPage\":{\"@id\":\"https:\/\/blog.panrotas.com.br\/espacoabracorp\/2017\/04\/19\/reflexao-sobre-o-prazo-de-pagamento-a-perder-de-vista\/#primaryimage\"},\"datePublished\":\"2017-04-19T13:18:03+00:00\",\"dateModified\":\"2017-04-19T13:18:03+00:00\",\"author\":{\"@id\":\"https:\/\/blog.panrotas.com.br\/espacoabracorp\/#\/schema\/person\/c61095cb4ad58385b600360e86edcc70\"},\"breadcrumb\":{\"@id\":\"https:\/\/blog.panrotas.com.br\/espacoabracorp\/2017\/04\/19\/reflexao-sobre-o-prazo-de-pagamento-a-perder-de-vista\/#breadcrumb\"},\"inLanguage\":\"pt-BR\",\"potentialAction\":[{\"@type\":\"ReadAction\",\"target\":[\"https:\/\/blog.panrotas.com.br\/espacoabracorp\/2017\/04\/19\/reflexao-sobre-o-prazo-de-pagamento-a-perder-de-vista\/\"]}]},{\"@type\":\"BreadcrumbList\",\"@id\":\"https:\/\/blog.panrotas.com.br\/espacoabracorp\/2017\/04\/19\/reflexao-sobre-o-prazo-de-pagamento-a-perder-de-vista\/#breadcrumb\",\"itemListElement\":[{\"@type\":\"ListItem\",\"position\":1,\"name\":\"In\\u00edcio\",\"item\":\"https:\/\/blog.panrotas.com.br\/espacoabracorp\/\"},{\"@type\":\"ListItem\",\"position\":2,\"name\":\"Reflex\\u00e3o sobre o prazo de pagamento a perder de vista\"}]},{\"@type\":\"Person\",\"@id\":\"https:\/\/blog.panrotas.com.br\/espacoabracorp\/#\/schema\/person\/c61095cb4ad58385b600360e86edcc70\",\"name\":\"Abracorp\",\"image\":{\"@type\":\"ImageObject\",\"@id\":\"https:\/\/blog.panrotas.com.br\/espacoabracorp\/#personlogo\",\"inLanguage\":\"pt-BR\",\"url\":\"https:\/\/secure.gravatar.com\/avatar\/7b0b250396075df2cb7378540ccff9ce?s=96&d=mm&r=g\",\"contentUrl\":\"https:\/\/secure.gravatar.com\/avatar\/7b0b250396075df2cb7378540ccff9ce?s=96&d=mm&r=g\",\"caption\":\"Abracorp\"},\"url\":\"https:\/\/blog.panrotas.com.br\/espacoabracorp\/author\/luiz\/\"}]}<\/script>\n<!-- \/ Yoast SEO plugin. -->","yoast_head_json":{"title":"Reflex\u00e3o sobre o prazo de pagamento a perder de vista - Espa\u00e7o Abracorp","robots":{"index":"index","follow":"follow","max-snippet":"max-snippet:-1","max-image-preview":"max-image-preview:large","max-video-preview":"max-video-preview:-1"},"canonical":"https:\/\/blog.panrotas.com.br\/espacoabracorp\/2017\/04\/19\/reflexao-sobre-o-prazo-de-pagamento-a-perder-de-vista\/","og_locale":"pt_BR","og_type":"article","og_title":"Reflex\u00e3o sobre o prazo de pagamento a perder de vista - Espa\u00e7o Abracorp","og_description":"&nbsp; Rubens Schwartzmann O tema \u00e9 recorrente e j\u00e1 foi objeto de manifesta\u00e7\u00e3o da Abracorp aqui nesse espa\u00e7o. Continuamos assistindo, estarrecidos, \u00e0 falta de limites e de bom senso de players do mercado de viagens corporativas no que tange a prazos de pagamentos aos servi\u00e7os oferecidos pelas nossas TMCs. Os disparates v\u00e3o de 30, 60,&hellip; Continue reading &rarr;","og_url":"https:\/\/blog.panrotas.com.br\/espacoabracorp\/2017\/04\/19\/reflexao-sobre-o-prazo-de-pagamento-a-perder-de-vista\/","og_site_name":"Espa\u00e7o Abracorp","article_published_time":"2017-04-19T13:18:03+00:00","og_image":[{"width":2916,"height":1764,"url":"https:\/\/blog.panrotas.com.br\/espacoabracorp\/wp-content\/uploads\/sites\/16\/2016\/12\/IMG_6040.jpg","type":"image\/jpeg"}],"twitter_card":"summary_large_image","twitter_misc":{"Escrito por":"Abracorp","Est. tempo de leitura":"2 minutos"},"schema":{"@context":"https:\/\/schema.org","@graph":[{"@type":"WebSite","@id":"https:\/\/blog.panrotas.com.br\/espacoabracorp\/#website","url":"https:\/\/blog.panrotas.com.br\/espacoabracorp\/","name":"Espa\u00e7o Abracorp","description":"Blogosfera PANROTAS","potentialAction":[{"@type":"SearchAction","target":{"@type":"EntryPoint","urlTemplate":"https:\/\/blog.panrotas.com.br\/espacoabracorp\/?s={search_term_string}"},"query-input":"required name=search_term_string"}],"inLanguage":"pt-BR"},{"@type":"ImageObject","@id":"https:\/\/blog.panrotas.com.br\/espacoabracorp\/2017\/04\/19\/reflexao-sobre-o-prazo-de-pagamento-a-perder-de-vista\/#primaryimage","inLanguage":"pt-BR","url":"https:\/\/blog.panrotas.com.br\/espacoabracorp\/wp-content\/uploads\/sites\/16\/2016\/12\/IMG_6040.jpg","contentUrl":"https:\/\/blog.panrotas.com.br\/espacoabracorp\/wp-content\/uploads\/sites\/16\/2016\/12\/IMG_6040.jpg","width":2916,"height":1764},{"@type":"WebPage","@id":"https:\/\/blog.panrotas.com.br\/espacoabracorp\/2017\/04\/19\/reflexao-sobre-o-prazo-de-pagamento-a-perder-de-vista\/#webpage","url":"https:\/\/blog.panrotas.com.br\/espacoabracorp\/2017\/04\/19\/reflexao-sobre-o-prazo-de-pagamento-a-perder-de-vista\/","name":"Reflex\u00e3o sobre o prazo de pagamento a perder de vista - Espa\u00e7o Abracorp","isPartOf":{"@id":"https:\/\/blog.panrotas.com.br\/espacoabracorp\/#website"},"primaryImageOfPage":{"@id":"https:\/\/blog.panrotas.com.br\/espacoabracorp\/2017\/04\/19\/reflexao-sobre-o-prazo-de-pagamento-a-perder-de-vista\/#primaryimage"},"datePublished":"2017-04-19T13:18:03+00:00","dateModified":"2017-04-19T13:18:03+00:00","author":{"@id":"https:\/\/blog.panrotas.com.br\/espacoabracorp\/#\/schema\/person\/c61095cb4ad58385b600360e86edcc70"},"breadcrumb":{"@id":"https:\/\/blog.panrotas.com.br\/espacoabracorp\/2017\/04\/19\/reflexao-sobre-o-prazo-de-pagamento-a-perder-de-vista\/#breadcrumb"},"inLanguage":"pt-BR","potentialAction":[{"@type":"ReadAction","target":["https:\/\/blog.panrotas.com.br\/espacoabracorp\/2017\/04\/19\/reflexao-sobre-o-prazo-de-pagamento-a-perder-de-vista\/"]}]},{"@type":"BreadcrumbList","@id":"https:\/\/blog.panrotas.com.br\/espacoabracorp\/2017\/04\/19\/reflexao-sobre-o-prazo-de-pagamento-a-perder-de-vista\/#breadcrumb","itemListElement":[{"@type":"ListItem","position":1,"name":"In\u00edcio","item":"https:\/\/blog.panrotas.com.br\/espacoabracorp\/"},{"@type":"ListItem","position":2,"name":"Reflex\u00e3o sobre o prazo de pagamento a perder de vista"}]},{"@type":"Person","@id":"https:\/\/blog.panrotas.com.br\/espacoabracorp\/#\/schema\/person\/c61095cb4ad58385b600360e86edcc70","name":"Abracorp","image":{"@type":"ImageObject","@id":"https:\/\/blog.panrotas.com.br\/espacoabracorp\/#personlogo","inLanguage":"pt-BR","url":"https:\/\/secure.gravatar.com\/avatar\/7b0b250396075df2cb7378540ccff9ce?s=96&d=mm&r=g","contentUrl":"https:\/\/secure.gravatar.com\/avatar\/7b0b250396075df2cb7378540ccff9ce?s=96&d=mm&r=g","caption":"Abracorp"},"url":"https:\/\/blog.panrotas.com.br\/espacoabracorp\/author\/luiz\/"}]}},"jetpack_featured_media_url":"https:\/\/blog.panrotas.com.br\/espacoabracorp\/wp-content\/uploads\/sites\/16\/2016\/12\/IMG_6040.jpg","_links":{"self":[{"href":"https:\/\/blog.panrotas.com.br\/espacoabracorp\/wp-json\/wp\/v2\/posts\/1227"}],"collection":[{"href":"https:\/\/blog.panrotas.com.br\/espacoabracorp\/wp-json\/wp\/v2\/posts"}],"about":[{"href":"https:\/\/blog.panrotas.com.br\/espacoabracorp\/wp-json\/wp\/v2\/types\/post"}],"author":[{"embeddable":true,"href":"https:\/\/blog.panrotas.com.br\/espacoabracorp\/wp-json\/wp\/v2\/users\/27"}],"replies":[{"embeddable":true,"href":"https:\/\/blog.panrotas.com.br\/espacoabracorp\/wp-json\/wp\/v2\/comments?post=1227"}],"version-history":[{"count":0,"href":"https:\/\/blog.panrotas.com.br\/espacoabracorp\/wp-json\/wp\/v2\/posts\/1227\/revisions"}],"wp:featuredmedia":[{"embeddable":true,"href":"https:\/\/blog.panrotas.com.br\/espacoabracorp\/wp-json\/wp\/v2\/media\/1164"}],"wp:attachment":[{"href":"https:\/\/blog.panrotas.com.br\/espacoabracorp\/wp-json\/wp\/v2\/media?parent=1227"}],"wp:term":[{"taxonomy":"category","embeddable":true,"href":"https:\/\/blog.panrotas.com.br\/espacoabracorp\/wp-json\/wp\/v2\/categories?post=1227"},{"taxonomy":"post_tag","embeddable":true,"href":"https:\/\/blog.panrotas.com.br\/espacoabracorp\/wp-json\/wp\/v2\/tags?post=1227"}],"curies":[{"name":"wp","href":"https:\/\/api.w.org\/{rel}","templated":true}]}}