{"id":1279,"date":"2018-04-17T18:06:10","date_gmt":"2018-04-17T21:06:10","guid":{"rendered":"http:\/\/blog.panrotas.com.br\/espacoabracorp\/?p=1279"},"modified":"2018-04-17T18:06:10","modified_gmt":"2018-04-17T21:06:10","slug":"hora-de-passar-o-bastao","status":"publish","type":"post","link":"https:\/\/blog.panrotas.com.br\/espacoabracorp\/2018\/04\/17\/hora-de-passar-o-bastao\/","title":{"rendered":"Hora de passar o bast\u00e3o!"},"content":{"rendered":"<p>Rubens Schwartzmann*<br \/>\nAprendi com meu pai que a vida profissional n\u00e3o se restringe \u00e0 luta cotidiana para tornar nossas empresas s\u00f3lidas, saud\u00e1veis e bem-sucedidas. Fora das quatro paredes dos nossos escrit\u00f3rios, h\u00e1 miss\u00f5es fundamentadas no voluntarismo, no engajamento setorial e na percep\u00e7\u00e3o de que, sozinhos e isolados, somos mais vulner\u00e1veis.<br \/>\nNossa empresa pode ser uma ilha de excel\u00eancia, por exemplo. Mas \u00e9 preciso enxergar e levar em conta o arquip\u00e9lago todo em sua volta&#8230; A uni\u00e3o de prop\u00f3sitos e a comunh\u00e3o de pr\u00e1ticas saud\u00e1veis, de forma organizada, levam \u00e0 cria\u00e7\u00e3o de institui\u00e7\u00f5es, de entidades que n\u00e3o visam a lucro, mas ao fortalecimento coletivo dos associados, proporcionando ganhos para o mercado como um todo.<br \/>\nAssim sintetizo a raz\u00e3o de ser da Abracorp! E, tamb\u00e9m, o escopo da minha atua\u00e7\u00e3o na Presid\u00eancia do Conselho Administra\u00e7\u00e3o da entidade, em mandato de dois anos, que chega ao encerramento. Conforme sinalizei na posse, n\u00e3o postularia mais um bi\u00eanio, como prev\u00ea o estatuto da Abracorp.<br \/>\nSempre acreditei na for\u00e7a do coletivo e continuo acreditando muito na for\u00e7a da nossa ABRACORP, afinal, isso foi o que me motivou, naquele momento, a decidir dedicar parte do meu tempo e da minha experiencia em prol desta entidade e, por consequ\u00eancia, de toda a nossa ind\u00fastria! Sim! Alguns projetos em fase de conclus\u00e3o t\u00eam impacto direto em toda cadeia de fornecedores e empresas clientes. Contudo, como dito acima, a entidade representa o coletivo e, portanto, \u00e9 hora de passar o bast\u00e3o e dar espa\u00e7o a outros associados tamb\u00e9m darem a sua contribui\u00e7\u00e3o.<br \/>\nPara efeito de registro, cabe resgatar algumas a\u00e7\u00f5es que marcaram este ciclo, dentro de um plano de metas at\u00e9 mesmo ambicioso, considerando a profundidade e complexidade dos processos de mudan\u00e7a:<\/p>\n<ul>\n<li>\u00a0Logo no in\u00edcio fizemos a revis\u00e3o do nosso Planejamento Estrat\u00e9gico, com assessoria da KPMG;<\/li>\n<li>Em seguida, mudamos o formato das reuni\u00f5es, tornando-as mais interativas, dando espa\u00e7o ao associado para participar da co-cria\u00e7\u00e3o de projetos importantes para o setor e criamos um ambiente favor\u00e1vel a discuss\u00e3o de temas relevantes (espa\u00e7o chamado de \u201cvoz do associado),<\/li>\n<li>\u00a0Decidimos colocar as m\u00e3os num \u201cvespeiro\u201d (afinal, apurar os n\u00fameros de vendas de uma empresa muitas vezes j\u00e1 \u00e9 dif\u00edcil, imagine consolidar os dados de 30!) e implantar o BI Abracorp \u2013 conclu\u00edda fase 1 do projeto. Esta ferramenta ir\u00e1 oferecer dados estat\u00edsticos incr\u00edveis para toda ind\u00fastria;<\/li>\n<li>Realizamos o 1\u00ba F\u00f3rum Abracorp direcionado ao mercado, dentro da Abav Expo 2017;<\/li>\n<li>Dado o sucesso do 1\u00ba, realizamos do 2\u00ba F\u00f3rum Abracorp, este na WTM LA 2018 e operacionalizado 100% pelo nosso comit\u00ea de Eventos;<\/li>\n<li>Revitalizamos as atividades dos comit\u00eas tem\u00e1ticos, que incluiu, entre outras atividades, a padroniza\u00e7\u00e3o de vouchers das locadoras de autom\u00f3veis.<\/li>\n<li>Com o apoio de outras entidades e de alguns fornecedores parceiros, estamos em vias de lan\u00e7ar nossa plataforma de Princ\u00edpios e Valores do Associado e Guia de boas pr\u00e1ticas dos Fornecedores e Clientes.<\/li>\n<\/ul>\n<p>Esta plataforma tem por objetivo promover as melhores pr\u00e1ticas em gest\u00e3o de viagens corporativas e nortear um relacionamento \u00e9tico e sustent\u00e1vel entre as tr\u00eas partes (TMC &amp; FORNECEDOR &amp; EMPRESA-CLIENTE).<br \/>\nSobre o BI Abracorp, estou certo de que se trata de iniciativa de grande impacto e relev\u00e2ncia para o mercado como um todo, ao conferir mais abrang\u00eancia e precis\u00e3o na coleta, apura\u00e7\u00e3o e an\u00e1lise de dados setoriais. As cias a\u00e9reas, a hotelaria, as locadoras e seguradoras; os meios de pagamento; enfim, todos os elos de uma extensa cadeia de valor podem, com os recursos do BI Abracorp, ter acesso \u2013 sob medida \u2013 a informa\u00e7\u00f5es apuradas de forma autom\u00e1tica e n\u00e3o mais manual, tendo assim ader\u00eancia a diretrizes de compliance e governan\u00e7a.<br \/>\nHerdeira da s\u00e9rie hist\u00f3rica de dados que eram divulgados pelas entidades que lhe deram origem (FAVECC e a TMC Brasil), a Abracorp s\u00f3 fez conquistar credibilidade e reconhecimento como refer\u00eancia setorial.<br \/>\nO Boletim Abracorp em A\u00e7\u00e3o, rec\u00e9m-lan\u00e7ado pela Coordenadoria dos Comit\u00eas da entidade, que tem \u00e0 frente Daiana Moreira, \u00e9 parte das nossas iniciativas educacionais. Os materiais produzidos est\u00e3o dispon\u00edveis na biblioteca virtual Abracorp (abracorp.org.br) ou nas redes sociais&#8230;<br \/>\nAo fim desta miss\u00e3o, quero agradecer o apoio recebido por todos, em especial dos membros do nosso Conselho, do meu vice-presidente (Carlos Prado), que me ajudaram muito nesta empreitada; tamb\u00e9m quero agradecer aos meus antecessores nesta posi\u00e7\u00e3o (Edmar e Francisco), que me apoiaram em todas as iniciativas propostas. Meu reconhecimento \u00e0 presteza e profissionalismo dos colaboradores que tocam o dia-a-dia da entidade (Daiana e Michelle), incluindo o nosso ex-diretor executivo Gerv\u00e1sio Tanabe, que agora empresta seu talento e dedica\u00e7\u00e3o \u00e0 Abav Nacional.<br \/>\nA Abracorp est\u00e1 pronta para receber o novo presidente do Conselho de Administra\u00e7\u00e3o. Seja ele quem for, vai contar com uma boa base e caminhos bem delineados para tornar a entidade mais e mais significativa para o segmento de viagens corporativas! Acredito em decis\u00f5es coletivas, que amplificam a for\u00e7a de uni\u00e3o.<br \/>\nAbra\u00e7os e Sucesso a todos!<br \/>\n*Rubens Schwartzmann \u00e9 CEO da Costa Brava e presidente do Conselho de Administra\u00e7\u00e3o da Abracorp<\/p>\n","protected":false},"excerpt":{"rendered":"<p>Rubens Schwartzmann* Aprendi com meu pai que a vida profissional n\u00e3o se restringe \u00e0 luta cotidiana para tornar nossas empresas s\u00f3lidas, saud\u00e1veis e bem-sucedidas. Fora das quatro paredes dos nossos escrit\u00f3rios, h\u00e1 miss\u00f5es fundamentadas no voluntarismo, no engajamento setorial e na percep\u00e7\u00e3o de que, sozinhos e isolados, somos mais vulner\u00e1veis. Nossa empresa pode ser uma&hellip; <a class=\"more-link\" href=\"https:\/\/blog.panrotas.com.br\/espacoabracorp\/2018\/04\/17\/hora-de-passar-o-bastao\/\">Continue reading &rarr;<\/a><\/p>\n","protected":false},"author":27,"featured_media":1095,"comment_status":"open","ping_status":"open","sticky":false,"template":"","format":"standard","meta":{"spay_email":""},"categories":[3],"tags":[],"yoast_head":"<!-- This site is optimized with the Yoast SEO plugin v17.3 - https:\/\/yoast.com\/wordpress\/plugins\/seo\/ -->\n<title>Hora de passar o bast\u00e3o! - Espa\u00e7o Abracorp<\/title>\n<meta name=\"robots\" content=\"index, follow, max-snippet:-1, max-image-preview:large, max-video-preview:-1\" \/>\n<link rel=\"canonical\" href=\"https:\/\/blog.panrotas.com.br\/espacoabracorp\/2018\/04\/17\/hora-de-passar-o-bastao\/\" \/>\n<meta property=\"og:locale\" content=\"pt_BR\" \/>\n<meta property=\"og:type\" content=\"article\" \/>\n<meta property=\"og:title\" content=\"Hora de passar o bast\u00e3o! - Espa\u00e7o Abracorp\" \/>\n<meta property=\"og:description\" content=\"Rubens Schwartzmann* Aprendi com meu pai que a vida profissional n\u00e3o se restringe \u00e0 luta cotidiana para tornar nossas empresas s\u00f3lidas, saud\u00e1veis e bem-sucedidas. Fora das quatro paredes dos nossos escrit\u00f3rios, h\u00e1 miss\u00f5es fundamentadas no voluntarismo, no engajamento setorial e na percep\u00e7\u00e3o de que, sozinhos e isolados, somos mais vulner\u00e1veis. Nossa empresa pode ser uma&hellip; Continue reading &rarr;\" \/>\n<meta property=\"og:url\" content=\"https:\/\/blog.panrotas.com.br\/espacoabracorp\/2018\/04\/17\/hora-de-passar-o-bastao\/\" \/>\n<meta property=\"og:site_name\" content=\"Espa\u00e7o Abracorp\" \/>\n<meta property=\"article:published_time\" content=\"2018-04-17T21:06:10+00:00\" \/>\n<meta property=\"og:image\" content=\"https:\/\/blog.panrotas.com.br\/espacoabracorp\/wp-content\/uploads\/sites\/16\/2016\/04\/8250rubensschwartzmann041215.jpg\" \/>\n\t<meta property=\"og:image:width\" content=\"670\" \/>\n\t<meta property=\"og:image:height\" content=\"400\" \/>\n<meta name=\"twitter:card\" content=\"summary_large_image\" \/>\n<meta name=\"twitter:label1\" content=\"Escrito por\" \/>\n\t<meta name=\"twitter:data1\" content=\"Abracorp\" \/>\n\t<meta name=\"twitter:label2\" content=\"Est. tempo de leitura\" \/>\n\t<meta name=\"twitter:data2\" content=\"4 minutos\" \/>\n<script type=\"application\/ld+json\" class=\"yoast-schema-graph\">{\"@context\":\"https:\/\/schema.org\",\"@graph\":[{\"@type\":\"WebSite\",\"@id\":\"https:\/\/blog.panrotas.com.br\/espacoabracorp\/#website\",\"url\":\"https:\/\/blog.panrotas.com.br\/espacoabracorp\/\",\"name\":\"Espa\\u00e7o Abracorp\",\"description\":\"Blogosfera PANROTAS\",\"potentialAction\":[{\"@type\":\"SearchAction\",\"target\":{\"@type\":\"EntryPoint\",\"urlTemplate\":\"https:\/\/blog.panrotas.com.br\/espacoabracorp\/?s={search_term_string}\"},\"query-input\":\"required name=search_term_string\"}],\"inLanguage\":\"pt-BR\"},{\"@type\":\"ImageObject\",\"@id\":\"https:\/\/blog.panrotas.com.br\/espacoabracorp\/2018\/04\/17\/hora-de-passar-o-bastao\/#primaryimage\",\"inLanguage\":\"pt-BR\",\"url\":\"https:\/\/blog.panrotas.com.br\/espacoabracorp\/wp-content\/uploads\/sites\/16\/2016\/04\/8250rubensschwartzmann041215.jpg\",\"contentUrl\":\"https:\/\/blog.panrotas.com.br\/espacoabracorp\/wp-content\/uploads\/sites\/16\/2016\/04\/8250rubensschwartzmann041215.jpg\",\"width\":670,\"height\":400},{\"@type\":\"WebPage\",\"@id\":\"https:\/\/blog.panrotas.com.br\/espacoabracorp\/2018\/04\/17\/hora-de-passar-o-bastao\/#webpage\",\"url\":\"https:\/\/blog.panrotas.com.br\/espacoabracorp\/2018\/04\/17\/hora-de-passar-o-bastao\/\",\"name\":\"Hora de passar o bast\\u00e3o! - Espa\\u00e7o Abracorp\",\"isPartOf\":{\"@id\":\"https:\/\/blog.panrotas.com.br\/espacoabracorp\/#website\"},\"primaryImageOfPage\":{\"@id\":\"https:\/\/blog.panrotas.com.br\/espacoabracorp\/2018\/04\/17\/hora-de-passar-o-bastao\/#primaryimage\"},\"datePublished\":\"2018-04-17T21:06:10+00:00\",\"dateModified\":\"2018-04-17T21:06:10+00:00\",\"author\":{\"@id\":\"https:\/\/blog.panrotas.com.br\/espacoabracorp\/#\/schema\/person\/c61095cb4ad58385b600360e86edcc70\"},\"breadcrumb\":{\"@id\":\"https:\/\/blog.panrotas.com.br\/espacoabracorp\/2018\/04\/17\/hora-de-passar-o-bastao\/#breadcrumb\"},\"inLanguage\":\"pt-BR\",\"potentialAction\":[{\"@type\":\"ReadAction\",\"target\":[\"https:\/\/blog.panrotas.com.br\/espacoabracorp\/2018\/04\/17\/hora-de-passar-o-bastao\/\"]}]},{\"@type\":\"BreadcrumbList\",\"@id\":\"https:\/\/blog.panrotas.com.br\/espacoabracorp\/2018\/04\/17\/hora-de-passar-o-bastao\/#breadcrumb\",\"itemListElement\":[{\"@type\":\"ListItem\",\"position\":1,\"name\":\"In\\u00edcio\",\"item\":\"https:\/\/blog.panrotas.com.br\/espacoabracorp\/\"},{\"@type\":\"ListItem\",\"position\":2,\"name\":\"Hora de passar o bast\\u00e3o!\"}]},{\"@type\":\"Person\",\"@id\":\"https:\/\/blog.panrotas.com.br\/espacoabracorp\/#\/schema\/person\/c61095cb4ad58385b600360e86edcc70\",\"name\":\"Abracorp\",\"image\":{\"@type\":\"ImageObject\",\"@id\":\"https:\/\/blog.panrotas.com.br\/espacoabracorp\/#personlogo\",\"inLanguage\":\"pt-BR\",\"url\":\"https:\/\/secure.gravatar.com\/avatar\/7b0b250396075df2cb7378540ccff9ce?s=96&d=mm&r=g\",\"contentUrl\":\"https:\/\/secure.gravatar.com\/avatar\/7b0b250396075df2cb7378540ccff9ce?s=96&d=mm&r=g\",\"caption\":\"Abracorp\"},\"url\":\"https:\/\/blog.panrotas.com.br\/espacoabracorp\/author\/luiz\/\"}]}<\/script>\n<!-- \/ Yoast SEO plugin. -->","yoast_head_json":{"title":"Hora de passar o bast\u00e3o! - Espa\u00e7o Abracorp","robots":{"index":"index","follow":"follow","max-snippet":"max-snippet:-1","max-image-preview":"max-image-preview:large","max-video-preview":"max-video-preview:-1"},"canonical":"https:\/\/blog.panrotas.com.br\/espacoabracorp\/2018\/04\/17\/hora-de-passar-o-bastao\/","og_locale":"pt_BR","og_type":"article","og_title":"Hora de passar o bast\u00e3o! - Espa\u00e7o Abracorp","og_description":"Rubens Schwartzmann* Aprendi com meu pai que a vida profissional n\u00e3o se restringe \u00e0 luta cotidiana para tornar nossas empresas s\u00f3lidas, saud\u00e1veis e bem-sucedidas. Fora das quatro paredes dos nossos escrit\u00f3rios, h\u00e1 miss\u00f5es fundamentadas no voluntarismo, no engajamento setorial e na percep\u00e7\u00e3o de que, sozinhos e isolados, somos mais vulner\u00e1veis. Nossa empresa pode ser uma&hellip; Continue reading &rarr;","og_url":"https:\/\/blog.panrotas.com.br\/espacoabracorp\/2018\/04\/17\/hora-de-passar-o-bastao\/","og_site_name":"Espa\u00e7o Abracorp","article_published_time":"2018-04-17T21:06:10+00:00","og_image":[{"width":670,"height":400,"url":"https:\/\/blog.panrotas.com.br\/espacoabracorp\/wp-content\/uploads\/sites\/16\/2016\/04\/8250rubensschwartzmann041215.jpg","type":"image\/jpeg"}],"twitter_card":"summary_large_image","twitter_misc":{"Escrito por":"Abracorp","Est. tempo de leitura":"4 minutos"},"schema":{"@context":"https:\/\/schema.org","@graph":[{"@type":"WebSite","@id":"https:\/\/blog.panrotas.com.br\/espacoabracorp\/#website","url":"https:\/\/blog.panrotas.com.br\/espacoabracorp\/","name":"Espa\u00e7o Abracorp","description":"Blogosfera PANROTAS","potentialAction":[{"@type":"SearchAction","target":{"@type":"EntryPoint","urlTemplate":"https:\/\/blog.panrotas.com.br\/espacoabracorp\/?s={search_term_string}"},"query-input":"required name=search_term_string"}],"inLanguage":"pt-BR"},{"@type":"ImageObject","@id":"https:\/\/blog.panrotas.com.br\/espacoabracorp\/2018\/04\/17\/hora-de-passar-o-bastao\/#primaryimage","inLanguage":"pt-BR","url":"https:\/\/blog.panrotas.com.br\/espacoabracorp\/wp-content\/uploads\/sites\/16\/2016\/04\/8250rubensschwartzmann041215.jpg","contentUrl":"https:\/\/blog.panrotas.com.br\/espacoabracorp\/wp-content\/uploads\/sites\/16\/2016\/04\/8250rubensschwartzmann041215.jpg","width":670,"height":400},{"@type":"WebPage","@id":"https:\/\/blog.panrotas.com.br\/espacoabracorp\/2018\/04\/17\/hora-de-passar-o-bastao\/#webpage","url":"https:\/\/blog.panrotas.com.br\/espacoabracorp\/2018\/04\/17\/hora-de-passar-o-bastao\/","name":"Hora de passar o bast\u00e3o! - Espa\u00e7o Abracorp","isPartOf":{"@id":"https:\/\/blog.panrotas.com.br\/espacoabracorp\/#website"},"primaryImageOfPage":{"@id":"https:\/\/blog.panrotas.com.br\/espacoabracorp\/2018\/04\/17\/hora-de-passar-o-bastao\/#primaryimage"},"datePublished":"2018-04-17T21:06:10+00:00","dateModified":"2018-04-17T21:06:10+00:00","author":{"@id":"https:\/\/blog.panrotas.com.br\/espacoabracorp\/#\/schema\/person\/c61095cb4ad58385b600360e86edcc70"},"breadcrumb":{"@id":"https:\/\/blog.panrotas.com.br\/espacoabracorp\/2018\/04\/17\/hora-de-passar-o-bastao\/#breadcrumb"},"inLanguage":"pt-BR","potentialAction":[{"@type":"ReadAction","target":["https:\/\/blog.panrotas.com.br\/espacoabracorp\/2018\/04\/17\/hora-de-passar-o-bastao\/"]}]},{"@type":"BreadcrumbList","@id":"https:\/\/blog.panrotas.com.br\/espacoabracorp\/2018\/04\/17\/hora-de-passar-o-bastao\/#breadcrumb","itemListElement":[{"@type":"ListItem","position":1,"name":"In\u00edcio","item":"https:\/\/blog.panrotas.com.br\/espacoabracorp\/"},{"@type":"ListItem","position":2,"name":"Hora de passar o bast\u00e3o!"}]},{"@type":"Person","@id":"https:\/\/blog.panrotas.com.br\/espacoabracorp\/#\/schema\/person\/c61095cb4ad58385b600360e86edcc70","name":"Abracorp","image":{"@type":"ImageObject","@id":"https:\/\/blog.panrotas.com.br\/espacoabracorp\/#personlogo","inLanguage":"pt-BR","url":"https:\/\/secure.gravatar.com\/avatar\/7b0b250396075df2cb7378540ccff9ce?s=96&d=mm&r=g","contentUrl":"https:\/\/secure.gravatar.com\/avatar\/7b0b250396075df2cb7378540ccff9ce?s=96&d=mm&r=g","caption":"Abracorp"},"url":"https:\/\/blog.panrotas.com.br\/espacoabracorp\/author\/luiz\/"}]}},"jetpack_featured_media_url":"https:\/\/blog.panrotas.com.br\/espacoabracorp\/wp-content\/uploads\/sites\/16\/2016\/04\/8250rubensschwartzmann041215.jpg","_links":{"self":[{"href":"https:\/\/blog.panrotas.com.br\/espacoabracorp\/wp-json\/wp\/v2\/posts\/1279"}],"collection":[{"href":"https:\/\/blog.panrotas.com.br\/espacoabracorp\/wp-json\/wp\/v2\/posts"}],"about":[{"href":"https:\/\/blog.panrotas.com.br\/espacoabracorp\/wp-json\/wp\/v2\/types\/post"}],"author":[{"embeddable":true,"href":"https:\/\/blog.panrotas.com.br\/espacoabracorp\/wp-json\/wp\/v2\/users\/27"}],"replies":[{"embeddable":true,"href":"https:\/\/blog.panrotas.com.br\/espacoabracorp\/wp-json\/wp\/v2\/comments?post=1279"}],"version-history":[{"count":0,"href":"https:\/\/blog.panrotas.com.br\/espacoabracorp\/wp-json\/wp\/v2\/posts\/1279\/revisions"}],"wp:featuredmedia":[{"embeddable":true,"href":"https:\/\/blog.panrotas.com.br\/espacoabracorp\/wp-json\/wp\/v2\/media\/1095"}],"wp:attachment":[{"href":"https:\/\/blog.panrotas.com.br\/espacoabracorp\/wp-json\/wp\/v2\/media?parent=1279"}],"wp:term":[{"taxonomy":"category","embeddable":true,"href":"https:\/\/blog.panrotas.com.br\/espacoabracorp\/wp-json\/wp\/v2\/categories?post=1279"},{"taxonomy":"post_tag","embeddable":true,"href":"https:\/\/blog.panrotas.com.br\/espacoabracorp\/wp-json\/wp\/v2\/tags?post=1279"}],"curies":[{"name":"wp","href":"https:\/\/api.w.org\/{rel}","templated":true}]}}