{"id":1283,"date":"2018-05-28T12:11:20","date_gmt":"2018-05-28T15:11:20","guid":{"rendered":"http:\/\/blog.panrotas.com.br\/espacoabracorp\/?p=1283"},"modified":"2018-05-28T12:11:20","modified_gmt":"2018-05-28T15:11:20","slug":"abracorp-alagev-e-tmg-alinham-projetos-estrategicos","status":"publish","type":"post","link":"https:\/\/blog.panrotas.com.br\/espacoabracorp\/2018\/05\/28\/abracorp-alagev-e-tmg-alinham-projetos-estrategicos\/","title":{"rendered":"Abracorp, Alagev e TMG alinham projetos estrat\u00e9gicos"},"content":{"rendered":"<p style=\"font-weight: 400\"><em>Carlos Prado*<\/em><\/p>\n<p style=\"font-weight: 400\">No \u00faltimo dia 23 de maio, tivemos um encontro oportuno e promissor com representantes da Alagev e do TMG. Na pauta, a cria\u00e7\u00e3o de uma agenda de projetos comum. Trata-se de passo importante na constru\u00e7\u00e3o de uma ponte direta para o relacionamento entre todos, que inclui a gera\u00e7\u00e3o e compartilhamento de conte\u00fados relevantes para o setor. Isso fortalece a busca de equil\u00edbrio nas rela\u00e7\u00f5es de neg\u00f3cio envolvendo Clientes, TMCs e Fornecedores. E cria a perspectiva de maior taxa de prosperidade para o mercado de viagens corporativas \u2013 cada vez mais profissionalizado e relevante.<\/p>\n<p style=\"font-weight: 400\">Entre os temas acordados para uma agenda comum, est\u00e3o a produ\u00e7\u00e3o conjunta de um Mapa da Distribui\u00e7\u00e3o, a participa\u00e7\u00e3o no debate sobre o novo padr\u00e3o New Distribution Capabilities (NDC) e a retomada dos projetos de Meios de Pagamento para servi\u00e7os terrestres. Enquanto presidente do Conselho de Administra\u00e7\u00e3o da Abracorp, acompanhado do vice-presidente Lu\u00eds Vabo e do diretor executivo da entidade, Jahy Carvalho, considero gratificante a interlocu\u00e7\u00e3o com Rodrigo Cezar e Eduardo Murad, da Alagev, e com Jos\u00e9 Francisco Vieira e Luiz Carlos, do TMG.<\/p>\n<p style=\"font-weight: 400\">Os dirigentes da Alagev e do TMG tomaram conhecimento dos atuais projetos da Abracorp relacionadas \u00e0 governan\u00e7a e transpar\u00eancia. Refiro-me aos Princ\u00edpios e Valor do Associado, ao Guia de Boas Pr\u00e1ticas do Fornecedor e ao Guia de Boas Pr\u00e1ticas do Cliente, este \u00faltimo elaborado em cocria\u00e7\u00e3o com as associa\u00e7\u00f5es de travel managers. Esse prop\u00f3sito de alinhamento vem ao encontro da percep\u00e7\u00e3o de que \u00e9 preciso somar for\u00e7as. E abrir canais para uma maior sinergia entre os principais players do nosso setor.<\/p>\n<p style=\"font-weight: 400\">O vice-presidente do Conselho de Administra\u00e7\u00e3o da Abracorp, Lu\u00eds Vabo, com muita pertin\u00eancia, lembrou que a cria\u00e7\u00e3o de grupos de trabalho com a participa\u00e7\u00e3o de todos ser\u00e1 o pr\u00f3ximo passo para o alinhamento desejado. Nosso encontro deixou clara a necessidade de transpar\u00eancia e da coopera\u00e7\u00e3o efetiva entre as entidades e seus associados.<\/p>\n<p style=\"font-weight: 400\">Embora ausente deste primeiro encontro, por motivo de for\u00e7a maior, consideramos relevante a participa\u00e7\u00e3o do GBTA Brasil na cria\u00e7\u00e3o da agenda comum. Em suma, nossa iniciativa vem demonstrar a maturidade dos dirigentes setoriais, no enfrentamento de quest\u00f5es comuns que emergem do mercado de viagens corporativas.<\/p>\n<p style=\"font-weight: 400\"><em>*Carlos Prado \u00e9 empres\u00e1rio e presidente do Conselho de Administra\u00e7\u00e3o da Abracorp<\/em><\/p>\n","protected":false},"excerpt":{"rendered":"<p>Carlos Prado* No \u00faltimo dia 23 de maio, tivemos um encontro oportuno e promissor com representantes da Alagev e do TMG. Na pauta, a cria\u00e7\u00e3o de uma agenda de projetos comum. Trata-se de passo importante na constru\u00e7\u00e3o de uma ponte direta para o relacionamento entre todos, que inclui a gera\u00e7\u00e3o e compartilhamento de conte\u00fados relevantes&hellip; <a class=\"more-link\" href=\"https:\/\/blog.panrotas.com.br\/espacoabracorp\/2018\/05\/28\/abracorp-alagev-e-tmg-alinham-projetos-estrategicos\/\">Continue reading &rarr;<\/a><\/p>\n","protected":false},"author":27,"featured_media":1284,"comment_status":"open","ping_status":"open","sticky":false,"template":"","format":"standard","meta":{"spay_email":""},"categories":[3],"tags":[],"yoast_head":"<!-- This site is optimized with the Yoast SEO plugin v17.3 - https:\/\/yoast.com\/wordpress\/plugins\/seo\/ -->\n<title>Abracorp, Alagev e TMG alinham projetos estrat\u00e9gicos - Espa\u00e7o Abracorp<\/title>\n<meta name=\"robots\" content=\"index, follow, max-snippet:-1, max-image-preview:large, max-video-preview:-1\" \/>\n<link rel=\"canonical\" href=\"https:\/\/blog.panrotas.com.br\/espacoabracorp\/2018\/05\/28\/abracorp-alagev-e-tmg-alinham-projetos-estrategicos\/\" \/>\n<meta property=\"og:locale\" content=\"pt_BR\" \/>\n<meta property=\"og:type\" content=\"article\" \/>\n<meta property=\"og:title\" content=\"Abracorp, Alagev e TMG alinham projetos estrat\u00e9gicos - Espa\u00e7o Abracorp\" \/>\n<meta property=\"og:description\" content=\"Carlos Prado* No \u00faltimo dia 23 de maio, tivemos um encontro oportuno e promissor com representantes da Alagev e do TMG. Na pauta, a cria\u00e7\u00e3o de uma agenda de projetos comum. Trata-se de passo importante na constru\u00e7\u00e3o de uma ponte direta para o relacionamento entre todos, que inclui a gera\u00e7\u00e3o e compartilhamento de conte\u00fados relevantes&hellip; Continue reading &rarr;\" \/>\n<meta property=\"og:url\" content=\"https:\/\/blog.panrotas.com.br\/espacoabracorp\/2018\/05\/28\/abracorp-alagev-e-tmg-alinham-projetos-estrategicos\/\" \/>\n<meta property=\"og:site_name\" content=\"Espa\u00e7o Abracorp\" \/>\n<meta property=\"article:published_time\" content=\"2018-05-28T15:11:20+00:00\" \/>\n<meta property=\"og:image\" content=\"https:\/\/blog.panrotas.com.br\/espacoabracorp\/wp-content\/uploads\/sites\/16\/2018\/05\/imagem_release_1297738.jpg\" \/>\n\t<meta property=\"og:image:width\" content=\"1000\" \/>\n\t<meta property=\"og:image:height\" content=\"601\" \/>\n<meta name=\"twitter:card\" content=\"summary_large_image\" \/>\n<meta name=\"twitter:label1\" content=\"Escrito por\" \/>\n\t<meta name=\"twitter:data1\" content=\"Abracorp\" \/>\n\t<meta name=\"twitter:label2\" content=\"Est. tempo de leitura\" \/>\n\t<meta name=\"twitter:data2\" content=\"2 minutos\" \/>\n<script type=\"application\/ld+json\" class=\"yoast-schema-graph\">{\"@context\":\"https:\/\/schema.org\",\"@graph\":[{\"@type\":\"WebSite\",\"@id\":\"https:\/\/blog.panrotas.com.br\/espacoabracorp\/#website\",\"url\":\"https:\/\/blog.panrotas.com.br\/espacoabracorp\/\",\"name\":\"Espa\\u00e7o Abracorp\",\"description\":\"Blogosfera PANROTAS\",\"potentialAction\":[{\"@type\":\"SearchAction\",\"target\":{\"@type\":\"EntryPoint\",\"urlTemplate\":\"https:\/\/blog.panrotas.com.br\/espacoabracorp\/?s={search_term_string}\"},\"query-input\":\"required name=search_term_string\"}],\"inLanguage\":\"pt-BR\"},{\"@type\":\"ImageObject\",\"@id\":\"https:\/\/blog.panrotas.com.br\/espacoabracorp\/2018\/05\/28\/abracorp-alagev-e-tmg-alinham-projetos-estrategicos\/#primaryimage\",\"inLanguage\":\"pt-BR\",\"url\":\"https:\/\/blog.panrotas.com.br\/espacoabracorp\/wp-content\/uploads\/sites\/16\/2018\/05\/imagem_release_1297738.jpg\",\"contentUrl\":\"https:\/\/blog.panrotas.com.br\/espacoabracorp\/wp-content\/uploads\/sites\/16\/2018\/05\/imagem_release_1297738.jpg\",\"width\":1000,\"height\":601},{\"@type\":\"WebPage\",\"@id\":\"https:\/\/blog.panrotas.com.br\/espacoabracorp\/2018\/05\/28\/abracorp-alagev-e-tmg-alinham-projetos-estrategicos\/#webpage\",\"url\":\"https:\/\/blog.panrotas.com.br\/espacoabracorp\/2018\/05\/28\/abracorp-alagev-e-tmg-alinham-projetos-estrategicos\/\",\"name\":\"Abracorp, Alagev e TMG alinham projetos estrat\\u00e9gicos - Espa\\u00e7o Abracorp\",\"isPartOf\":{\"@id\":\"https:\/\/blog.panrotas.com.br\/espacoabracorp\/#website\"},\"primaryImageOfPage\":{\"@id\":\"https:\/\/blog.panrotas.com.br\/espacoabracorp\/2018\/05\/28\/abracorp-alagev-e-tmg-alinham-projetos-estrategicos\/#primaryimage\"},\"datePublished\":\"2018-05-28T15:11:20+00:00\",\"dateModified\":\"2018-05-28T15:11:20+00:00\",\"author\":{\"@id\":\"https:\/\/blog.panrotas.com.br\/espacoabracorp\/#\/schema\/person\/c61095cb4ad58385b600360e86edcc70\"},\"breadcrumb\":{\"@id\":\"https:\/\/blog.panrotas.com.br\/espacoabracorp\/2018\/05\/28\/abracorp-alagev-e-tmg-alinham-projetos-estrategicos\/#breadcrumb\"},\"inLanguage\":\"pt-BR\",\"potentialAction\":[{\"@type\":\"ReadAction\",\"target\":[\"https:\/\/blog.panrotas.com.br\/espacoabracorp\/2018\/05\/28\/abracorp-alagev-e-tmg-alinham-projetos-estrategicos\/\"]}]},{\"@type\":\"BreadcrumbList\",\"@id\":\"https:\/\/blog.panrotas.com.br\/espacoabracorp\/2018\/05\/28\/abracorp-alagev-e-tmg-alinham-projetos-estrategicos\/#breadcrumb\",\"itemListElement\":[{\"@type\":\"ListItem\",\"position\":1,\"name\":\"In\\u00edcio\",\"item\":\"https:\/\/blog.panrotas.com.br\/espacoabracorp\/\"},{\"@type\":\"ListItem\",\"position\":2,\"name\":\"Abracorp, Alagev e TMG alinham projetos estrat\\u00e9gicos\"}]},{\"@type\":\"Person\",\"@id\":\"https:\/\/blog.panrotas.com.br\/espacoabracorp\/#\/schema\/person\/c61095cb4ad58385b600360e86edcc70\",\"name\":\"Abracorp\",\"image\":{\"@type\":\"ImageObject\",\"@id\":\"https:\/\/blog.panrotas.com.br\/espacoabracorp\/#personlogo\",\"inLanguage\":\"pt-BR\",\"url\":\"https:\/\/secure.gravatar.com\/avatar\/7b0b250396075df2cb7378540ccff9ce?s=96&d=mm&r=g\",\"contentUrl\":\"https:\/\/secure.gravatar.com\/avatar\/7b0b250396075df2cb7378540ccff9ce?s=96&d=mm&r=g\",\"caption\":\"Abracorp\"},\"url\":\"https:\/\/blog.panrotas.com.br\/espacoabracorp\/author\/luiz\/\"}]}<\/script>\n<!-- \/ Yoast SEO plugin. -->","yoast_head_json":{"title":"Abracorp, Alagev e TMG alinham projetos estrat\u00e9gicos - Espa\u00e7o Abracorp","robots":{"index":"index","follow":"follow","max-snippet":"max-snippet:-1","max-image-preview":"max-image-preview:large","max-video-preview":"max-video-preview:-1"},"canonical":"https:\/\/blog.panrotas.com.br\/espacoabracorp\/2018\/05\/28\/abracorp-alagev-e-tmg-alinham-projetos-estrategicos\/","og_locale":"pt_BR","og_type":"article","og_title":"Abracorp, Alagev e TMG alinham projetos estrat\u00e9gicos - Espa\u00e7o Abracorp","og_description":"Carlos Prado* No \u00faltimo dia 23 de maio, tivemos um encontro oportuno e promissor com representantes da Alagev e do TMG. Na pauta, a cria\u00e7\u00e3o de uma agenda de projetos comum. Trata-se de passo importante na constru\u00e7\u00e3o de uma ponte direta para o relacionamento entre todos, que inclui a gera\u00e7\u00e3o e compartilhamento de conte\u00fados relevantes&hellip; Continue reading &rarr;","og_url":"https:\/\/blog.panrotas.com.br\/espacoabracorp\/2018\/05\/28\/abracorp-alagev-e-tmg-alinham-projetos-estrategicos\/","og_site_name":"Espa\u00e7o Abracorp","article_published_time":"2018-05-28T15:11:20+00:00","og_image":[{"width":1000,"height":601,"url":"https:\/\/blog.panrotas.com.br\/espacoabracorp\/wp-content\/uploads\/sites\/16\/2018\/05\/imagem_release_1297738.jpg","type":"image\/jpeg"}],"twitter_card":"summary_large_image","twitter_misc":{"Escrito por":"Abracorp","Est. tempo de leitura":"2 minutos"},"schema":{"@context":"https:\/\/schema.org","@graph":[{"@type":"WebSite","@id":"https:\/\/blog.panrotas.com.br\/espacoabracorp\/#website","url":"https:\/\/blog.panrotas.com.br\/espacoabracorp\/","name":"Espa\u00e7o Abracorp","description":"Blogosfera PANROTAS","potentialAction":[{"@type":"SearchAction","target":{"@type":"EntryPoint","urlTemplate":"https:\/\/blog.panrotas.com.br\/espacoabracorp\/?s={search_term_string}"},"query-input":"required name=search_term_string"}],"inLanguage":"pt-BR"},{"@type":"ImageObject","@id":"https:\/\/blog.panrotas.com.br\/espacoabracorp\/2018\/05\/28\/abracorp-alagev-e-tmg-alinham-projetos-estrategicos\/#primaryimage","inLanguage":"pt-BR","url":"https:\/\/blog.panrotas.com.br\/espacoabracorp\/wp-content\/uploads\/sites\/16\/2018\/05\/imagem_release_1297738.jpg","contentUrl":"https:\/\/blog.panrotas.com.br\/espacoabracorp\/wp-content\/uploads\/sites\/16\/2018\/05\/imagem_release_1297738.jpg","width":1000,"height":601},{"@type":"WebPage","@id":"https:\/\/blog.panrotas.com.br\/espacoabracorp\/2018\/05\/28\/abracorp-alagev-e-tmg-alinham-projetos-estrategicos\/#webpage","url":"https:\/\/blog.panrotas.com.br\/espacoabracorp\/2018\/05\/28\/abracorp-alagev-e-tmg-alinham-projetos-estrategicos\/","name":"Abracorp, Alagev e TMG alinham projetos estrat\u00e9gicos - Espa\u00e7o Abracorp","isPartOf":{"@id":"https:\/\/blog.panrotas.com.br\/espacoabracorp\/#website"},"primaryImageOfPage":{"@id":"https:\/\/blog.panrotas.com.br\/espacoabracorp\/2018\/05\/28\/abracorp-alagev-e-tmg-alinham-projetos-estrategicos\/#primaryimage"},"datePublished":"2018-05-28T15:11:20+00:00","dateModified":"2018-05-28T15:11:20+00:00","author":{"@id":"https:\/\/blog.panrotas.com.br\/espacoabracorp\/#\/schema\/person\/c61095cb4ad58385b600360e86edcc70"},"breadcrumb":{"@id":"https:\/\/blog.panrotas.com.br\/espacoabracorp\/2018\/05\/28\/abracorp-alagev-e-tmg-alinham-projetos-estrategicos\/#breadcrumb"},"inLanguage":"pt-BR","potentialAction":[{"@type":"ReadAction","target":["https:\/\/blog.panrotas.com.br\/espacoabracorp\/2018\/05\/28\/abracorp-alagev-e-tmg-alinham-projetos-estrategicos\/"]}]},{"@type":"BreadcrumbList","@id":"https:\/\/blog.panrotas.com.br\/espacoabracorp\/2018\/05\/28\/abracorp-alagev-e-tmg-alinham-projetos-estrategicos\/#breadcrumb","itemListElement":[{"@type":"ListItem","position":1,"name":"In\u00edcio","item":"https:\/\/blog.panrotas.com.br\/espacoabracorp\/"},{"@type":"ListItem","position":2,"name":"Abracorp, Alagev e TMG alinham projetos estrat\u00e9gicos"}]},{"@type":"Person","@id":"https:\/\/blog.panrotas.com.br\/espacoabracorp\/#\/schema\/person\/c61095cb4ad58385b600360e86edcc70","name":"Abracorp","image":{"@type":"ImageObject","@id":"https:\/\/blog.panrotas.com.br\/espacoabracorp\/#personlogo","inLanguage":"pt-BR","url":"https:\/\/secure.gravatar.com\/avatar\/7b0b250396075df2cb7378540ccff9ce?s=96&d=mm&r=g","contentUrl":"https:\/\/secure.gravatar.com\/avatar\/7b0b250396075df2cb7378540ccff9ce?s=96&d=mm&r=g","caption":"Abracorp"},"url":"https:\/\/blog.panrotas.com.br\/espacoabracorp\/author\/luiz\/"}]}},"jetpack_featured_media_url":"https:\/\/blog.panrotas.com.br\/espacoabracorp\/wp-content\/uploads\/sites\/16\/2018\/05\/imagem_release_1297738.jpg","_links":{"self":[{"href":"https:\/\/blog.panrotas.com.br\/espacoabracorp\/wp-json\/wp\/v2\/posts\/1283"}],"collection":[{"href":"https:\/\/blog.panrotas.com.br\/espacoabracorp\/wp-json\/wp\/v2\/posts"}],"about":[{"href":"https:\/\/blog.panrotas.com.br\/espacoabracorp\/wp-json\/wp\/v2\/types\/post"}],"author":[{"embeddable":true,"href":"https:\/\/blog.panrotas.com.br\/espacoabracorp\/wp-json\/wp\/v2\/users\/27"}],"replies":[{"embeddable":true,"href":"https:\/\/blog.panrotas.com.br\/espacoabracorp\/wp-json\/wp\/v2\/comments?post=1283"}],"version-history":[{"count":0,"href":"https:\/\/blog.panrotas.com.br\/espacoabracorp\/wp-json\/wp\/v2\/posts\/1283\/revisions"}],"wp:featuredmedia":[{"embeddable":true,"href":"https:\/\/blog.panrotas.com.br\/espacoabracorp\/wp-json\/wp\/v2\/media\/1284"}],"wp:attachment":[{"href":"https:\/\/blog.panrotas.com.br\/espacoabracorp\/wp-json\/wp\/v2\/media?parent=1283"}],"wp:term":[{"taxonomy":"category","embeddable":true,"href":"https:\/\/blog.panrotas.com.br\/espacoabracorp\/wp-json\/wp\/v2\/categories?post=1283"},{"taxonomy":"post_tag","embeddable":true,"href":"https:\/\/blog.panrotas.com.br\/espacoabracorp\/wp-json\/wp\/v2\/tags?post=1283"}],"curies":[{"name":"wp","href":"https:\/\/api.w.org\/{rel}","templated":true}]}}