{"id":1296,"date":"2018-06-21T10:55:25","date_gmt":"2018-06-21T13:55:25","guid":{"rendered":"http:\/\/blog.panrotas.com.br\/espacoabracorp\/?p=1296"},"modified":"2018-06-21T10:55:25","modified_gmt":"2018-06-21T13:55:25","slug":"28-de-junho-data-relevante","status":"publish","type":"post","link":"https:\/\/blog.panrotas.com.br\/espacoabracorp\/2018\/06\/21\/28-de-junho-data-relevante\/","title":{"rendered":"28 de Junho \u2013 data relevante"},"content":{"rendered":"<p><em>Carlos Prado*<\/em><br \/>\nO calend\u00e1rio de atividades da Abracorp reservou o dia 28 de junho para tornar p\u00fablicos documentos balizadores da rela\u00e7\u00e3o entre associados, fornecedores e clientes no \u00e2mbito da ind\u00fastria de viagens corporativas. Depois de um esfor\u00e7o exaustivo e criterioso, chegamos \u00e0 edi\u00e7\u00e3o final dos Princ\u00edpios de valor do Associado; Guia de Boas Pr\u00e1ticas do Fornecedor; Guia de Boas Pr\u00e1ticas do Cliente. E, com isso, oxigenamos o papel institucional da Abracorp perante todos os players do mercado.<br \/>\nCoeso, normativo e em conformidade com o C\u00f3digo de \u00c9tica e Conduta da Abracorp, o texto das tr\u00eas pe\u00e7as busca aprimorar a regra do jogo. Vem, por assim dizer, revitalizar a marca Abracorp e consolidar seu peso no mercado de viagens corporativas. Da \u00e9tica \u00e0 compliance, passando pelas licita\u00e7\u00f5es e processos concorrenciais, o conjunto \u00e9 uma demonstra\u00e7\u00e3o n\u00edtida do grau de maturidade alcan\u00e7ado pela nossa entidade. E da preocupa\u00e7\u00e3o em criar salvaguardas contra o perigo representado pelas m\u00e1s pr\u00e1ticas.<br \/>\nA import\u00e2ncia do dia 28 de Junho, estampada no t\u00edtulo desta mensagem sucinta, agrega outro fato relevante para a Abracorp: o BI da entidade vai gerar o primeiro relat\u00f3rio de pesquisa de vendas de forma totalmente automatizada. Conforme vimos anunciando, desde o ano passado, nosso Business Intelligence vem para ampliar e aprofundar o processo de pesquisa, por meio da defini\u00e7\u00e3o e sele\u00e7\u00e3o isenta de vari\u00e1veis as mais relevantes. E com isso, aposentamos o sistema manualizado que, por mais cuidadoso que seja, tem limita\u00e7\u00f5es e riscos de erros.<br \/>\nEnquanto aguardamos o dia 28 de Junho, reiteramos aos nossos associados e partners do mercado de viagens corporativas a nossa cren\u00e7a no reencontro do nosso pa\u00eds com os caminhos do desenvolvimento sustent\u00e1vel. E da prosperidade. Se a economia emite bons sinais, as empresas retomam projetos, repensam metas e se livram das travas. Os executivos voltam a viajar com mais frequ\u00eancia, os eventos ganham novo alento e a roda dos nossos neg\u00f3cios volta a girar em bom ritmo, sem sobressaltos.<br \/>\n<em>*Carlos Prado \u00e9 empres\u00e1rio e Presidente do Conselho de Administra\u00e7\u00e3o da Abracorp<\/em><\/p>\n","protected":false},"excerpt":{"rendered":"<p>Carlos Prado* O calend\u00e1rio de atividades da Abracorp reservou o dia 28 de junho para tornar p\u00fablicos documentos balizadores da rela\u00e7\u00e3o entre associados, fornecedores e clientes no \u00e2mbito da ind\u00fastria de viagens corporativas. Depois de um esfor\u00e7o exaustivo e criterioso, chegamos \u00e0 edi\u00e7\u00e3o final dos Princ\u00edpios de valor do Associado; Guia de Boas Pr\u00e1ticas do&hellip; <a class=\"more-link\" href=\"https:\/\/blog.panrotas.com.br\/espacoabracorp\/2018\/06\/21\/28-de-junho-data-relevante\/\">Continue reading &rarr;<\/a><\/p>\n","protected":false},"author":27,"featured_media":1297,"comment_status":"open","ping_status":"open","sticky":false,"template":"","format":"standard","meta":{"spay_email":""},"categories":[3],"tags":[],"yoast_head":"<!-- This site is optimized with the Yoast SEO plugin v17.3 - https:\/\/yoast.com\/wordpress\/plugins\/seo\/ -->\n<title>28 de Junho \u2013 data relevante - Espa\u00e7o Abracorp<\/title>\n<meta name=\"robots\" content=\"index, follow, max-snippet:-1, max-image-preview:large, max-video-preview:-1\" \/>\n<link rel=\"canonical\" href=\"https:\/\/blog.panrotas.com.br\/espacoabracorp\/2018\/06\/21\/28-de-junho-data-relevante\/\" \/>\n<meta property=\"og:locale\" content=\"pt_BR\" \/>\n<meta property=\"og:type\" content=\"article\" \/>\n<meta property=\"og:title\" content=\"28 de Junho \u2013 data relevante - Espa\u00e7o Abracorp\" \/>\n<meta property=\"og:description\" content=\"Carlos Prado* O calend\u00e1rio de atividades da Abracorp reservou o dia 28 de junho para tornar p\u00fablicos documentos balizadores da rela\u00e7\u00e3o entre associados, fornecedores e clientes no \u00e2mbito da ind\u00fastria de viagens corporativas. Depois de um esfor\u00e7o exaustivo e criterioso, chegamos \u00e0 edi\u00e7\u00e3o final dos Princ\u00edpios de valor do Associado; Guia de Boas Pr\u00e1ticas do&hellip; Continue reading &rarr;\" \/>\n<meta property=\"og:url\" content=\"https:\/\/blog.panrotas.com.br\/espacoabracorp\/2018\/06\/21\/28-de-junho-data-relevante\/\" \/>\n<meta property=\"og:site_name\" content=\"Espa\u00e7o Abracorp\" \/>\n<meta property=\"article:published_time\" content=\"2018-06-21T13:55:25+00:00\" \/>\n<meta property=\"og:image\" content=\"https:\/\/blog.panrotas.com.br\/espacoabracorp\/wp-content\/uploads\/sites\/16\/2018\/06\/transparencia-no-legislativo.jpg\" \/>\n\t<meta property=\"og:image:width\" content=\"690\" \/>\n\t<meta property=\"og:image:height\" content=\"360\" \/>\n<meta name=\"twitter:card\" content=\"summary_large_image\" \/>\n<meta name=\"twitter:label1\" content=\"Escrito por\" \/>\n\t<meta name=\"twitter:data1\" content=\"Abracorp\" \/>\n\t<meta name=\"twitter:label2\" content=\"Est. tempo de leitura\" \/>\n\t<meta name=\"twitter:data2\" content=\"2 minutos\" \/>\n<script type=\"application\/ld+json\" class=\"yoast-schema-graph\">{\"@context\":\"https:\/\/schema.org\",\"@graph\":[{\"@type\":\"WebSite\",\"@id\":\"https:\/\/blog.panrotas.com.br\/espacoabracorp\/#website\",\"url\":\"https:\/\/blog.panrotas.com.br\/espacoabracorp\/\",\"name\":\"Espa\\u00e7o Abracorp\",\"description\":\"Blogosfera PANROTAS\",\"potentialAction\":[{\"@type\":\"SearchAction\",\"target\":{\"@type\":\"EntryPoint\",\"urlTemplate\":\"https:\/\/blog.panrotas.com.br\/espacoabracorp\/?s={search_term_string}\"},\"query-input\":\"required name=search_term_string\"}],\"inLanguage\":\"pt-BR\"},{\"@type\":\"ImageObject\",\"@id\":\"https:\/\/blog.panrotas.com.br\/espacoabracorp\/2018\/06\/21\/28-de-junho-data-relevante\/#primaryimage\",\"inLanguage\":\"pt-BR\",\"url\":\"https:\/\/blog.panrotas.com.br\/espacoabracorp\/wp-content\/uploads\/sites\/16\/2018\/06\/transparencia-no-legislativo.jpg\",\"contentUrl\":\"https:\/\/blog.panrotas.com.br\/espacoabracorp\/wp-content\/uploads\/sites\/16\/2018\/06\/transparencia-no-legislativo.jpg\",\"width\":690,\"height\":360},{\"@type\":\"WebPage\",\"@id\":\"https:\/\/blog.panrotas.com.br\/espacoabracorp\/2018\/06\/21\/28-de-junho-data-relevante\/#webpage\",\"url\":\"https:\/\/blog.panrotas.com.br\/espacoabracorp\/2018\/06\/21\/28-de-junho-data-relevante\/\",\"name\":\"28 de Junho \\u2013 data relevante - Espa\\u00e7o Abracorp\",\"isPartOf\":{\"@id\":\"https:\/\/blog.panrotas.com.br\/espacoabracorp\/#website\"},\"primaryImageOfPage\":{\"@id\":\"https:\/\/blog.panrotas.com.br\/espacoabracorp\/2018\/06\/21\/28-de-junho-data-relevante\/#primaryimage\"},\"datePublished\":\"2018-06-21T13:55:25+00:00\",\"dateModified\":\"2018-06-21T13:55:25+00:00\",\"author\":{\"@id\":\"https:\/\/blog.panrotas.com.br\/espacoabracorp\/#\/schema\/person\/c61095cb4ad58385b600360e86edcc70\"},\"breadcrumb\":{\"@id\":\"https:\/\/blog.panrotas.com.br\/espacoabracorp\/2018\/06\/21\/28-de-junho-data-relevante\/#breadcrumb\"},\"inLanguage\":\"pt-BR\",\"potentialAction\":[{\"@type\":\"ReadAction\",\"target\":[\"https:\/\/blog.panrotas.com.br\/espacoabracorp\/2018\/06\/21\/28-de-junho-data-relevante\/\"]}]},{\"@type\":\"BreadcrumbList\",\"@id\":\"https:\/\/blog.panrotas.com.br\/espacoabracorp\/2018\/06\/21\/28-de-junho-data-relevante\/#breadcrumb\",\"itemListElement\":[{\"@type\":\"ListItem\",\"position\":1,\"name\":\"In\\u00edcio\",\"item\":\"https:\/\/blog.panrotas.com.br\/espacoabracorp\/\"},{\"@type\":\"ListItem\",\"position\":2,\"name\":\"28 de Junho \\u2013 data relevante\"}]},{\"@type\":\"Person\",\"@id\":\"https:\/\/blog.panrotas.com.br\/espacoabracorp\/#\/schema\/person\/c61095cb4ad58385b600360e86edcc70\",\"name\":\"Abracorp\",\"image\":{\"@type\":\"ImageObject\",\"@id\":\"https:\/\/blog.panrotas.com.br\/espacoabracorp\/#personlogo\",\"inLanguage\":\"pt-BR\",\"url\":\"https:\/\/secure.gravatar.com\/avatar\/7b0b250396075df2cb7378540ccff9ce?s=96&d=mm&r=g\",\"contentUrl\":\"https:\/\/secure.gravatar.com\/avatar\/7b0b250396075df2cb7378540ccff9ce?s=96&d=mm&r=g\",\"caption\":\"Abracorp\"},\"url\":\"https:\/\/blog.panrotas.com.br\/espacoabracorp\/author\/luiz\/\"}]}<\/script>\n<!-- \/ Yoast SEO plugin. -->","yoast_head_json":{"title":"28 de Junho \u2013 data relevante - Espa\u00e7o Abracorp","robots":{"index":"index","follow":"follow","max-snippet":"max-snippet:-1","max-image-preview":"max-image-preview:large","max-video-preview":"max-video-preview:-1"},"canonical":"https:\/\/blog.panrotas.com.br\/espacoabracorp\/2018\/06\/21\/28-de-junho-data-relevante\/","og_locale":"pt_BR","og_type":"article","og_title":"28 de Junho \u2013 data relevante - Espa\u00e7o Abracorp","og_description":"Carlos Prado* O calend\u00e1rio de atividades da Abracorp reservou o dia 28 de junho para tornar p\u00fablicos documentos balizadores da rela\u00e7\u00e3o entre associados, fornecedores e clientes no \u00e2mbito da ind\u00fastria de viagens corporativas. Depois de um esfor\u00e7o exaustivo e criterioso, chegamos \u00e0 edi\u00e7\u00e3o final dos Princ\u00edpios de valor do Associado; Guia de Boas Pr\u00e1ticas do&hellip; Continue reading &rarr;","og_url":"https:\/\/blog.panrotas.com.br\/espacoabracorp\/2018\/06\/21\/28-de-junho-data-relevante\/","og_site_name":"Espa\u00e7o Abracorp","article_published_time":"2018-06-21T13:55:25+00:00","og_image":[{"width":690,"height":360,"url":"https:\/\/blog.panrotas.com.br\/espacoabracorp\/wp-content\/uploads\/sites\/16\/2018\/06\/transparencia-no-legislativo.jpg","type":"image\/jpeg"}],"twitter_card":"summary_large_image","twitter_misc":{"Escrito por":"Abracorp","Est. tempo de leitura":"2 minutos"},"schema":{"@context":"https:\/\/schema.org","@graph":[{"@type":"WebSite","@id":"https:\/\/blog.panrotas.com.br\/espacoabracorp\/#website","url":"https:\/\/blog.panrotas.com.br\/espacoabracorp\/","name":"Espa\u00e7o Abracorp","description":"Blogosfera PANROTAS","potentialAction":[{"@type":"SearchAction","target":{"@type":"EntryPoint","urlTemplate":"https:\/\/blog.panrotas.com.br\/espacoabracorp\/?s={search_term_string}"},"query-input":"required name=search_term_string"}],"inLanguage":"pt-BR"},{"@type":"ImageObject","@id":"https:\/\/blog.panrotas.com.br\/espacoabracorp\/2018\/06\/21\/28-de-junho-data-relevante\/#primaryimage","inLanguage":"pt-BR","url":"https:\/\/blog.panrotas.com.br\/espacoabracorp\/wp-content\/uploads\/sites\/16\/2018\/06\/transparencia-no-legislativo.jpg","contentUrl":"https:\/\/blog.panrotas.com.br\/espacoabracorp\/wp-content\/uploads\/sites\/16\/2018\/06\/transparencia-no-legislativo.jpg","width":690,"height":360},{"@type":"WebPage","@id":"https:\/\/blog.panrotas.com.br\/espacoabracorp\/2018\/06\/21\/28-de-junho-data-relevante\/#webpage","url":"https:\/\/blog.panrotas.com.br\/espacoabracorp\/2018\/06\/21\/28-de-junho-data-relevante\/","name":"28 de Junho \u2013 data relevante - Espa\u00e7o Abracorp","isPartOf":{"@id":"https:\/\/blog.panrotas.com.br\/espacoabracorp\/#website"},"primaryImageOfPage":{"@id":"https:\/\/blog.panrotas.com.br\/espacoabracorp\/2018\/06\/21\/28-de-junho-data-relevante\/#primaryimage"},"datePublished":"2018-06-21T13:55:25+00:00","dateModified":"2018-06-21T13:55:25+00:00","author":{"@id":"https:\/\/blog.panrotas.com.br\/espacoabracorp\/#\/schema\/person\/c61095cb4ad58385b600360e86edcc70"},"breadcrumb":{"@id":"https:\/\/blog.panrotas.com.br\/espacoabracorp\/2018\/06\/21\/28-de-junho-data-relevante\/#breadcrumb"},"inLanguage":"pt-BR","potentialAction":[{"@type":"ReadAction","target":["https:\/\/blog.panrotas.com.br\/espacoabracorp\/2018\/06\/21\/28-de-junho-data-relevante\/"]}]},{"@type":"BreadcrumbList","@id":"https:\/\/blog.panrotas.com.br\/espacoabracorp\/2018\/06\/21\/28-de-junho-data-relevante\/#breadcrumb","itemListElement":[{"@type":"ListItem","position":1,"name":"In\u00edcio","item":"https:\/\/blog.panrotas.com.br\/espacoabracorp\/"},{"@type":"ListItem","position":2,"name":"28 de Junho \u2013 data relevante"}]},{"@type":"Person","@id":"https:\/\/blog.panrotas.com.br\/espacoabracorp\/#\/schema\/person\/c61095cb4ad58385b600360e86edcc70","name":"Abracorp","image":{"@type":"ImageObject","@id":"https:\/\/blog.panrotas.com.br\/espacoabracorp\/#personlogo","inLanguage":"pt-BR","url":"https:\/\/secure.gravatar.com\/avatar\/7b0b250396075df2cb7378540ccff9ce?s=96&d=mm&r=g","contentUrl":"https:\/\/secure.gravatar.com\/avatar\/7b0b250396075df2cb7378540ccff9ce?s=96&d=mm&r=g","caption":"Abracorp"},"url":"https:\/\/blog.panrotas.com.br\/espacoabracorp\/author\/luiz\/"}]}},"jetpack_featured_media_url":"https:\/\/blog.panrotas.com.br\/espacoabracorp\/wp-content\/uploads\/sites\/16\/2018\/06\/transparencia-no-legislativo.jpg","_links":{"self":[{"href":"https:\/\/blog.panrotas.com.br\/espacoabracorp\/wp-json\/wp\/v2\/posts\/1296"}],"collection":[{"href":"https:\/\/blog.panrotas.com.br\/espacoabracorp\/wp-json\/wp\/v2\/posts"}],"about":[{"href":"https:\/\/blog.panrotas.com.br\/espacoabracorp\/wp-json\/wp\/v2\/types\/post"}],"author":[{"embeddable":true,"href":"https:\/\/blog.panrotas.com.br\/espacoabracorp\/wp-json\/wp\/v2\/users\/27"}],"replies":[{"embeddable":true,"href":"https:\/\/blog.panrotas.com.br\/espacoabracorp\/wp-json\/wp\/v2\/comments?post=1296"}],"version-history":[{"count":0,"href":"https:\/\/blog.panrotas.com.br\/espacoabracorp\/wp-json\/wp\/v2\/posts\/1296\/revisions"}],"wp:featuredmedia":[{"embeddable":true,"href":"https:\/\/blog.panrotas.com.br\/espacoabracorp\/wp-json\/wp\/v2\/media\/1297"}],"wp:attachment":[{"href":"https:\/\/blog.panrotas.com.br\/espacoabracorp\/wp-json\/wp\/v2\/media?parent=1296"}],"wp:term":[{"taxonomy":"category","embeddable":true,"href":"https:\/\/blog.panrotas.com.br\/espacoabracorp\/wp-json\/wp\/v2\/categories?post=1296"},{"taxonomy":"post_tag","embeddable":true,"href":"https:\/\/blog.panrotas.com.br\/espacoabracorp\/wp-json\/wp\/v2\/tags?post=1296"}],"curies":[{"name":"wp","href":"https:\/\/api.w.org\/{rel}","templated":true}]}}