{"id":1302,"date":"2018-10-17T11:23:08","date_gmt":"2018-10-17T14:23:08","guid":{"rendered":"http:\/\/blog.panrotas.com.br\/espacoabracorp\/?p=1302"},"modified":"2018-10-17T11:23:08","modified_gmt":"2018-10-17T14:23:08","slug":"o-momento-pede-reflexao-e-analise-de-cenarios","status":"publish","type":"post","link":"https:\/\/blog.panrotas.com.br\/espacoabracorp\/2018\/10\/17\/o-momento-pede-reflexao-e-analise-de-cenarios\/","title":{"rendered":"O momento pede reflex\u00e3o e an\u00e1lise de cen\u00e1rios"},"content":{"rendered":"<p style=\"text-align: center\" align=\"justify\"><a href=\"http:\/\/panrotas.blog.br\/espacoabracorp\/wp-content\/uploads\/sites\/16\/2018\/10\/ABRACORP_F\u00d3RUM_ABAV-EXPO-2018_-plano-geral-fundos.jpg\"><img loading=\"lazy\" class=\"alignnone wp-image-1303\" src=\"http:\/\/panrotas.blog.br\/espacoabracorp\/wp-content\/uploads\/sites\/16\/2018\/10\/ABRACORP_F\u00d3RUM_ABAV-EXPO-2018_-plano-geral-fundos-300x225.jpg\" alt=\"\" width=\"504\" height=\"378\" srcset=\"https:\/\/blog.panrotas.com.br\/espacoabracorp\/wp-content\/uploads\/sites\/16\/2018\/10\/ABRACORP_F\u00d3RUM_ABAV-EXPO-2018_-plano-geral-fundos-300x225.jpg 300w, https:\/\/blog.panrotas.com.br\/espacoabracorp\/wp-content\/uploads\/sites\/16\/2018\/10\/ABRACORP_F\u00d3RUM_ABAV-EXPO-2018_-plano-geral-fundos-768x576.jpg 768w, https:\/\/blog.panrotas.com.br\/espacoabracorp\/wp-content\/uploads\/sites\/16\/2018\/10\/ABRACORP_F\u00d3RUM_ABAV-EXPO-2018_-plano-geral-fundos-1024x768.jpg 1024w, https:\/\/blog.panrotas.com.br\/espacoabracorp\/wp-content\/uploads\/sites\/16\/2018\/10\/ABRACORP_F\u00d3RUM_ABAV-EXPO-2018_-plano-geral-fundos-1568x1176.jpg 1568w\" sizes=\"(max-width: 504px) 100vw, 504px\" \/><\/a><\/p>\n<p style=\"text-align: left\" align=\"justify\"><span style=\"font-size: large\"><span lang=\"pt-BR\"><i>Carlos Prado*<\/i><\/span><\/span><\/p>\n<p class=\"western\" align=\"justify\"><span style=\"font-size: large\"><span lang=\"pt-BR\">Semana antes do 1\u00ba turno das elei\u00e7\u00f5es 2018, realizamos o 3\u00ba F\u00f3rum Abracorp, no contexto da 46\u00aa Abav Expo. Na oportunidade, ensejamos que o pr\u00f3ximo presidente da Rep\u00fablica \u201cdevolva ao pa\u00eds a tranquilidade para se trabalhar\u201d. E hoje, a poucos dias do embate final, ratificamos esta expectativa, acrescida de que o Turismo passe a ser prioridade efetiva na agenda estrat\u00e9gica do pa\u00eds. A seguir, uma avalia\u00e7\u00e3o sucinta do que rolou no 3\u00ba F\u00f3rum Abracorp. <\/span><\/span><\/p>\n<p class=\"western\" align=\"justify\"><span style=\"font-size: large\"><span lang=\"pt-BR\">O tema escolhido \u2013 <\/span><\/span><span style=\"font-size: large\"><span lang=\"pt-BR\"><i>pre\u00e7o ou valor, o que \u00e9 mais importante<\/i><\/span><\/span><span style=\"font-size: large\"><span lang=\"pt-BR\"> \u2013 brotou de uma conversa entre os membros do Conselho da entidade. Em torno deste mote, reunimos nove profissionais not\u00f3rios e experientes, que compuseram o painel mediado pela diretora da Academia de Viagens, Patricia Thomas. Audit\u00f3rio lotado, as exposi\u00e7\u00f5es sucintas de cada participante mostraram que os players da ind\u00fastria de viagens corporativas est\u00e3o antenados e afinados sobre os desafios da atividade.<\/span><\/span><\/p>\n<p class=\"western\" align=\"justify\"><span style=\"font-size: large\"><span lang=\"pt-BR\">Um dos pontos fundamentais discutidos no 3\u00ba F\u00f3rum recaiu sobre o papel das TMCs na compatibiliza\u00e7\u00e3o de <\/span><\/span><span style=\"font-size: large\"><span lang=\"pt-BR\"><i>pre\u00e7o-valor<\/i><\/span><\/span><span style=\"font-size: large\"><span lang=\"pt-BR\"> na rela\u00e7\u00e3o <\/span><\/span><span style=\"font-size: large\"><span lang=\"pt-BR\"><i>cliente-fornecedor<\/i><\/span><\/span><span style=\"font-size: large\"><span lang=\"pt-BR\">. Se os departamentos de compra das empresas tendem a focar t\u00e3o-somente no pre\u00e7o, os especialistas das TMCs disp\u00f5em de conhecimento e ferramental para considerar outras vari\u00e1veis menos tang\u00edveis. Por\u00e9m, determinantes para o sucesso da viagem, que \u00e9 uma atividade-meio para o cumprimento de miss\u00f5es comerciais relevantes.<\/span><\/span><\/p>\n<p class=\"western\" align=\"justify\"><span style=\"font-size: large\"><span lang=\"pt-BR\">O car\u00e1ter \u00fanico do perfil do viajante, inspirador de pol\u00edticas diferenciadas e sob medida, permeou toda a discuss\u00e3o. Da\u00ed a necessidade de conhecimento espec\u00edfico sobre o que \u00e9 uma viagem, as melhores op\u00e7\u00f5es para diferentes faixas et\u00e1rias de viajantes, a motiva\u00e7\u00e3o corporativa de cada miss\u00e3o e os objetivos do investimento. O gestor profissional de viagens \u00e9 o mais bem preparado para enxergar al\u00e9m do pre\u00e7o e alcan\u00e7ar conte\u00fados qualitativos em mat\u00e9ria de valor.<\/span><\/span><\/p>\n<p class=\"western\" align=\"justify\"><span style=\"font-size: large\"><span lang=\"pt-BR\">O evento veio ratificar a sintonia fina que prevalece no ambiente das viagens corporativas e o papel crescente da Abracorp enquanto refer\u00eancia, marca e compromisso com as melhores pr\u00e1ticas do mercado. Finalizo com meu agradecimento aos participantes e debatedores do 3\u00ba F\u00f3rum Abracorp: Sheila Rodrigues \u2013 TMG (KPMG); Rog\u00e9rio Guerra (Gol); Priscila Souza (Blue Tree); Fernando Vasconcellos (Abracorp-Kontik); Alexandre Motta (Abracorp-Tour House); Marcel Frigeira (Alagev-IBM)); Paulo Henrique (Localiza); e Wellington Costa (GBTA).<\/span><\/span><\/p>\n<p class=\"western\" align=\"justify\"><span style=\"font-size: large\"><span lang=\"pt-BR\"><i>*Carlos Prado \u00e9 Presidente do Conselho de Administra\u00e7\u00e3o da Abracorp<\/i><\/span><\/span><\/p>\n","protected":false},"excerpt":{"rendered":"<p>Carlos Prado* Semana antes do 1\u00ba turno das elei\u00e7\u00f5es 2018, realizamos o 3\u00ba F\u00f3rum Abracorp, no contexto da 46\u00aa Abav Expo. Na oportunidade, ensejamos que o pr\u00f3ximo presidente da Rep\u00fablica \u201cdevolva ao pa\u00eds a tranquilidade para se trabalhar\u201d. E hoje, a poucos dias do embate final, ratificamos esta expectativa, acrescida de que o Turismo passe&hellip; <a class=\"more-link\" href=\"https:\/\/blog.panrotas.com.br\/espacoabracorp\/2018\/10\/17\/o-momento-pede-reflexao-e-analise-de-cenarios\/\">Continue reading &rarr;<\/a><\/p>\n","protected":false},"author":27,"featured_media":0,"comment_status":"open","ping_status":"open","sticky":false,"template":"","format":"standard","meta":{"spay_email":""},"categories":[3],"tags":[],"yoast_head":"<!-- This site is optimized with the Yoast SEO plugin v17.3 - https:\/\/yoast.com\/wordpress\/plugins\/seo\/ -->\n<title>O momento pede reflex\u00e3o e an\u00e1lise de cen\u00e1rios - Espa\u00e7o Abracorp<\/title>\n<meta name=\"robots\" content=\"index, follow, max-snippet:-1, max-image-preview:large, max-video-preview:-1\" \/>\n<link rel=\"canonical\" href=\"https:\/\/blog.panrotas.com.br\/espacoabracorp\/2018\/10\/17\/o-momento-pede-reflexao-e-analise-de-cenarios\/\" \/>\n<meta property=\"og:locale\" content=\"pt_BR\" \/>\n<meta property=\"og:type\" content=\"article\" \/>\n<meta property=\"og:title\" content=\"O momento pede reflex\u00e3o e an\u00e1lise de cen\u00e1rios - Espa\u00e7o Abracorp\" \/>\n<meta property=\"og:description\" content=\"Carlos Prado* Semana antes do 1\u00ba turno das elei\u00e7\u00f5es 2018, realizamos o 3\u00ba F\u00f3rum Abracorp, no contexto da 46\u00aa Abav Expo. Na oportunidade, ensejamos que o pr\u00f3ximo presidente da Rep\u00fablica \u201cdevolva ao pa\u00eds a tranquilidade para se trabalhar\u201d. E hoje, a poucos dias do embate final, ratificamos esta expectativa, acrescida de que o Turismo passe&hellip; Continue reading &rarr;\" \/>\n<meta property=\"og:url\" content=\"https:\/\/blog.panrotas.com.br\/espacoabracorp\/2018\/10\/17\/o-momento-pede-reflexao-e-analise-de-cenarios\/\" \/>\n<meta property=\"og:site_name\" content=\"Espa\u00e7o Abracorp\" \/>\n<meta property=\"article:published_time\" content=\"2018-10-17T14:23:08+00:00\" \/>\n<meta property=\"og:image\" content=\"http:\/\/panrotas.blog.br\/espacoabracorp\/wp-content\/uploads\/sites\/16\/2018\/10\/ABRACORP_F\u00d3RUM_ABAV-EXPO-2018_-plano-geral-fundos-300x225.jpg\" \/>\n<meta name=\"twitter:card\" content=\"summary_large_image\" \/>\n<meta name=\"twitter:label1\" content=\"Escrito por\" \/>\n\t<meta name=\"twitter:data1\" content=\"Abracorp\" \/>\n\t<meta name=\"twitter:label2\" content=\"Est. tempo de leitura\" \/>\n\t<meta name=\"twitter:data2\" content=\"2 minutos\" \/>\n<script type=\"application\/ld+json\" class=\"yoast-schema-graph\">{\"@context\":\"https:\/\/schema.org\",\"@graph\":[{\"@type\":\"WebSite\",\"@id\":\"https:\/\/blog.panrotas.com.br\/espacoabracorp\/#website\",\"url\":\"https:\/\/blog.panrotas.com.br\/espacoabracorp\/\",\"name\":\"Espa\\u00e7o Abracorp\",\"description\":\"Blogosfera PANROTAS\",\"potentialAction\":[{\"@type\":\"SearchAction\",\"target\":{\"@type\":\"EntryPoint\",\"urlTemplate\":\"https:\/\/blog.panrotas.com.br\/espacoabracorp\/?s={search_term_string}\"},\"query-input\":\"required name=search_term_string\"}],\"inLanguage\":\"pt-BR\"},{\"@type\":\"ImageObject\",\"@id\":\"https:\/\/blog.panrotas.com.br\/espacoabracorp\/2018\/10\/17\/o-momento-pede-reflexao-e-analise-de-cenarios\/#primaryimage\",\"inLanguage\":\"pt-BR\",\"url\":\"http:\/\/panrotas.blog.br\/espacoabracorp\/wp-content\/uploads\/sites\/16\/2018\/10\/ABRACORP_F\\u00d3RUM_ABAV-EXPO-2018_-plano-geral-fundos-300x225.jpg\",\"contentUrl\":\"http:\/\/panrotas.blog.br\/espacoabracorp\/wp-content\/uploads\/sites\/16\/2018\/10\/ABRACORP_F\\u00d3RUM_ABAV-EXPO-2018_-plano-geral-fundos-300x225.jpg\"},{\"@type\":\"WebPage\",\"@id\":\"https:\/\/blog.panrotas.com.br\/espacoabracorp\/2018\/10\/17\/o-momento-pede-reflexao-e-analise-de-cenarios\/#webpage\",\"url\":\"https:\/\/blog.panrotas.com.br\/espacoabracorp\/2018\/10\/17\/o-momento-pede-reflexao-e-analise-de-cenarios\/\",\"name\":\"O momento pede reflex\\u00e3o e an\\u00e1lise de cen\\u00e1rios - Espa\\u00e7o Abracorp\",\"isPartOf\":{\"@id\":\"https:\/\/blog.panrotas.com.br\/espacoabracorp\/#website\"},\"primaryImageOfPage\":{\"@id\":\"https:\/\/blog.panrotas.com.br\/espacoabracorp\/2018\/10\/17\/o-momento-pede-reflexao-e-analise-de-cenarios\/#primaryimage\"},\"datePublished\":\"2018-10-17T14:23:08+00:00\",\"dateModified\":\"2018-10-17T14:23:08+00:00\",\"author\":{\"@id\":\"https:\/\/blog.panrotas.com.br\/espacoabracorp\/#\/schema\/person\/c61095cb4ad58385b600360e86edcc70\"},\"breadcrumb\":{\"@id\":\"https:\/\/blog.panrotas.com.br\/espacoabracorp\/2018\/10\/17\/o-momento-pede-reflexao-e-analise-de-cenarios\/#breadcrumb\"},\"inLanguage\":\"pt-BR\",\"potentialAction\":[{\"@type\":\"ReadAction\",\"target\":[\"https:\/\/blog.panrotas.com.br\/espacoabracorp\/2018\/10\/17\/o-momento-pede-reflexao-e-analise-de-cenarios\/\"]}]},{\"@type\":\"BreadcrumbList\",\"@id\":\"https:\/\/blog.panrotas.com.br\/espacoabracorp\/2018\/10\/17\/o-momento-pede-reflexao-e-analise-de-cenarios\/#breadcrumb\",\"itemListElement\":[{\"@type\":\"ListItem\",\"position\":1,\"name\":\"In\\u00edcio\",\"item\":\"https:\/\/blog.panrotas.com.br\/espacoabracorp\/\"},{\"@type\":\"ListItem\",\"position\":2,\"name\":\"O momento pede reflex\\u00e3o e an\\u00e1lise de cen\\u00e1rios\"}]},{\"@type\":\"Person\",\"@id\":\"https:\/\/blog.panrotas.com.br\/espacoabracorp\/#\/schema\/person\/c61095cb4ad58385b600360e86edcc70\",\"name\":\"Abracorp\",\"image\":{\"@type\":\"ImageObject\",\"@id\":\"https:\/\/blog.panrotas.com.br\/espacoabracorp\/#personlogo\",\"inLanguage\":\"pt-BR\",\"url\":\"https:\/\/secure.gravatar.com\/avatar\/7b0b250396075df2cb7378540ccff9ce?s=96&d=mm&r=g\",\"contentUrl\":\"https:\/\/secure.gravatar.com\/avatar\/7b0b250396075df2cb7378540ccff9ce?s=96&d=mm&r=g\",\"caption\":\"Abracorp\"},\"url\":\"https:\/\/blog.panrotas.com.br\/espacoabracorp\/author\/luiz\/\"}]}<\/script>\n<!-- \/ Yoast SEO plugin. -->","yoast_head_json":{"title":"O momento pede reflex\u00e3o e an\u00e1lise de cen\u00e1rios - Espa\u00e7o Abracorp","robots":{"index":"index","follow":"follow","max-snippet":"max-snippet:-1","max-image-preview":"max-image-preview:large","max-video-preview":"max-video-preview:-1"},"canonical":"https:\/\/blog.panrotas.com.br\/espacoabracorp\/2018\/10\/17\/o-momento-pede-reflexao-e-analise-de-cenarios\/","og_locale":"pt_BR","og_type":"article","og_title":"O momento pede reflex\u00e3o e an\u00e1lise de cen\u00e1rios - Espa\u00e7o Abracorp","og_description":"Carlos Prado* Semana antes do 1\u00ba turno das elei\u00e7\u00f5es 2018, realizamos o 3\u00ba F\u00f3rum Abracorp, no contexto da 46\u00aa Abav Expo. Na oportunidade, ensejamos que o pr\u00f3ximo presidente da Rep\u00fablica \u201cdevolva ao pa\u00eds a tranquilidade para se trabalhar\u201d. E hoje, a poucos dias do embate final, ratificamos esta expectativa, acrescida de que o Turismo passe&hellip; Continue reading &rarr;","og_url":"https:\/\/blog.panrotas.com.br\/espacoabracorp\/2018\/10\/17\/o-momento-pede-reflexao-e-analise-de-cenarios\/","og_site_name":"Espa\u00e7o Abracorp","article_published_time":"2018-10-17T14:23:08+00:00","og_image":[{"url":"http:\/\/panrotas.blog.br\/espacoabracorp\/wp-content\/uploads\/sites\/16\/2018\/10\/ABRACORP_F\u00d3RUM_ABAV-EXPO-2018_-plano-geral-fundos-300x225.jpg"}],"twitter_card":"summary_large_image","twitter_misc":{"Escrito por":"Abracorp","Est. tempo de leitura":"2 minutos"},"schema":{"@context":"https:\/\/schema.org","@graph":[{"@type":"WebSite","@id":"https:\/\/blog.panrotas.com.br\/espacoabracorp\/#website","url":"https:\/\/blog.panrotas.com.br\/espacoabracorp\/","name":"Espa\u00e7o Abracorp","description":"Blogosfera PANROTAS","potentialAction":[{"@type":"SearchAction","target":{"@type":"EntryPoint","urlTemplate":"https:\/\/blog.panrotas.com.br\/espacoabracorp\/?s={search_term_string}"},"query-input":"required name=search_term_string"}],"inLanguage":"pt-BR"},{"@type":"ImageObject","@id":"https:\/\/blog.panrotas.com.br\/espacoabracorp\/2018\/10\/17\/o-momento-pede-reflexao-e-analise-de-cenarios\/#primaryimage","inLanguage":"pt-BR","url":"http:\/\/panrotas.blog.br\/espacoabracorp\/wp-content\/uploads\/sites\/16\/2018\/10\/ABRACORP_F\u00d3RUM_ABAV-EXPO-2018_-plano-geral-fundos-300x225.jpg","contentUrl":"http:\/\/panrotas.blog.br\/espacoabracorp\/wp-content\/uploads\/sites\/16\/2018\/10\/ABRACORP_F\u00d3RUM_ABAV-EXPO-2018_-plano-geral-fundos-300x225.jpg"},{"@type":"WebPage","@id":"https:\/\/blog.panrotas.com.br\/espacoabracorp\/2018\/10\/17\/o-momento-pede-reflexao-e-analise-de-cenarios\/#webpage","url":"https:\/\/blog.panrotas.com.br\/espacoabracorp\/2018\/10\/17\/o-momento-pede-reflexao-e-analise-de-cenarios\/","name":"O momento pede reflex\u00e3o e an\u00e1lise de cen\u00e1rios - Espa\u00e7o Abracorp","isPartOf":{"@id":"https:\/\/blog.panrotas.com.br\/espacoabracorp\/#website"},"primaryImageOfPage":{"@id":"https:\/\/blog.panrotas.com.br\/espacoabracorp\/2018\/10\/17\/o-momento-pede-reflexao-e-analise-de-cenarios\/#primaryimage"},"datePublished":"2018-10-17T14:23:08+00:00","dateModified":"2018-10-17T14:23:08+00:00","author":{"@id":"https:\/\/blog.panrotas.com.br\/espacoabracorp\/#\/schema\/person\/c61095cb4ad58385b600360e86edcc70"},"breadcrumb":{"@id":"https:\/\/blog.panrotas.com.br\/espacoabracorp\/2018\/10\/17\/o-momento-pede-reflexao-e-analise-de-cenarios\/#breadcrumb"},"inLanguage":"pt-BR","potentialAction":[{"@type":"ReadAction","target":["https:\/\/blog.panrotas.com.br\/espacoabracorp\/2018\/10\/17\/o-momento-pede-reflexao-e-analise-de-cenarios\/"]}]},{"@type":"BreadcrumbList","@id":"https:\/\/blog.panrotas.com.br\/espacoabracorp\/2018\/10\/17\/o-momento-pede-reflexao-e-analise-de-cenarios\/#breadcrumb","itemListElement":[{"@type":"ListItem","position":1,"name":"In\u00edcio","item":"https:\/\/blog.panrotas.com.br\/espacoabracorp\/"},{"@type":"ListItem","position":2,"name":"O momento pede reflex\u00e3o e an\u00e1lise de cen\u00e1rios"}]},{"@type":"Person","@id":"https:\/\/blog.panrotas.com.br\/espacoabracorp\/#\/schema\/person\/c61095cb4ad58385b600360e86edcc70","name":"Abracorp","image":{"@type":"ImageObject","@id":"https:\/\/blog.panrotas.com.br\/espacoabracorp\/#personlogo","inLanguage":"pt-BR","url":"https:\/\/secure.gravatar.com\/avatar\/7b0b250396075df2cb7378540ccff9ce?s=96&d=mm&r=g","contentUrl":"https:\/\/secure.gravatar.com\/avatar\/7b0b250396075df2cb7378540ccff9ce?s=96&d=mm&r=g","caption":"Abracorp"},"url":"https:\/\/blog.panrotas.com.br\/espacoabracorp\/author\/luiz\/"}]}},"jetpack_featured_media_url":"","_links":{"self":[{"href":"https:\/\/blog.panrotas.com.br\/espacoabracorp\/wp-json\/wp\/v2\/posts\/1302"}],"collection":[{"href":"https:\/\/blog.panrotas.com.br\/espacoabracorp\/wp-json\/wp\/v2\/posts"}],"about":[{"href":"https:\/\/blog.panrotas.com.br\/espacoabracorp\/wp-json\/wp\/v2\/types\/post"}],"author":[{"embeddable":true,"href":"https:\/\/blog.panrotas.com.br\/espacoabracorp\/wp-json\/wp\/v2\/users\/27"}],"replies":[{"embeddable":true,"href":"https:\/\/blog.panrotas.com.br\/espacoabracorp\/wp-json\/wp\/v2\/comments?post=1302"}],"version-history":[{"count":0,"href":"https:\/\/blog.panrotas.com.br\/espacoabracorp\/wp-json\/wp\/v2\/posts\/1302\/revisions"}],"wp:attachment":[{"href":"https:\/\/blog.panrotas.com.br\/espacoabracorp\/wp-json\/wp\/v2\/media?parent=1302"}],"wp:term":[{"taxonomy":"category","embeddable":true,"href":"https:\/\/blog.panrotas.com.br\/espacoabracorp\/wp-json\/wp\/v2\/categories?post=1302"},{"taxonomy":"post_tag","embeddable":true,"href":"https:\/\/blog.panrotas.com.br\/espacoabracorp\/wp-json\/wp\/v2\/tags?post=1302"}],"curies":[{"name":"wp","href":"https:\/\/api.w.org\/{rel}","templated":true}]}}