{"id":1338,"date":"2019-05-08T11:16:50","date_gmt":"2019-05-08T14:16:50","guid":{"rendered":"http:\/\/blog.panrotas.com.br\/espacoabracorp\/?p=1338"},"modified":"2019-05-08T11:16:50","modified_gmt":"2019-05-08T14:16:50","slug":"alianca-estrategica-com-grupo-band","status":"publish","type":"post","link":"https:\/\/blog.panrotas.com.br\/espacoabracorp\/2019\/05\/08\/alianca-estrategica-com-grupo-band\/","title":{"rendered":"Alian\u00e7a estrat\u00e9gica com Grupo Band"},"content":{"rendered":"\n<p><em>Carlos Prado<\/em><\/p>\n\n\n<p>Chegou o momento de compartilhar com o trade tur\u00edstico, em\ntoda a sua capilaridade, o resultado de tratativas iniciadas em fevereiro,\ndurante encontro de alta relev\u00e2ncia com o presidente do Grupo Bandeirantes de\nComunica\u00e7\u00e3o (Band), Johnny Saad. A pauta foi conduzida a partir do mote \u2018<em>como somar for\u00e7as para contribuir com a\ngera\u00e7\u00e3o de empregos, a partir de iniciativas conjuntas\u2019? <\/em>Ali foi dada a\nlargada de uma iniciativa que se desenha memor\u00e1vel, pela qualidade e empenho\ndos protagonistas e clareza de prop\u00f3sitos que a empreitada exige.<\/p>\n\n\n<p>O pr\u00f3ximo passo levou ao encontro, em S\u00e3o Paulo, com dois representantes do Grupo Bandeirantes de Comunica\u00e7\u00e3o, especialistas no setor: Caio Luiz de Carvalho e Gabriela Fagliari. Mobilizados pelo diretor executivo da Abracorp, Gervasio Tanabe, contamos nessa reuni\u00e3o com Orlando de Souza (Fohb), Ralf Aasmann (Air TKT), Geraldo Rocha e Edmar Bull (Abav Nacional), Monica Samia (Braztoa), Marco Ferraz (Clia Brasil); Paulo Miguel J\u00fanior (Abla) e Toni Sando (Visite S\u00e3o Paulo e Unedestinos). Um time de peso, motivado e disposto a abra\u00e7ar a causa.<\/p>\n\n\n\n<p>Na oportunidade, cada entidade compartilhou dados comprobat\u00f3rios\nda for\u00e7a econ\u00f4mica do Turismo e o seu grande potencial de crescimento. Afinal, o\nBrasil lidera o ranking de competitividade em turismo do F\u00f3rum Econ\u00f4mico\nMundial, na categoria recursos naturais. E ocupa a honrosa 8\u00aa posi\u00e7\u00e3o em\nrecursos culturais e ambiente de neg\u00f3cios. Diante do engajamento s\u00e9rio e\nconsequente dos mencionados dirigentes setoriais, fortalecemos a convic\u00e7\u00e3o de\nque trilhamos o caminho da for\u00e7a de uni\u00e3o.<\/p>\n\n\n<p>A prop\u00f3sito, no in\u00edcio de abril, a uni\u00e3o de esfor\u00e7os entre as\nentidades do turismo resultou na exibi\u00e7\u00e3o de um v\u00eddeo sugestivo e did\u00e1tico. A pe\u00e7a\napresentou, \u00e0 dire\u00e7\u00e3o do Band, a import\u00e2ncia do setor de turismo e da ind\u00fastria\ncriativa como vetores estrat\u00e9gicos para o desenvolvimento sustent\u00e1vel do\nBrasil. Por sua vez, a emissora produziu e estreia no Jornal da Band uma s\u00e9rie\nde reportagens especiais, gravadas em S\u00e3o Paulo, Rio de Janeiro e Salvador e\nprogramadas para as edi\u00e7\u00f5es de 8, 9 e 10 de maio.<\/p>\n\n\n<p>Como o leitor pode perceber, a iniciativa surgiu e flui sem\nsobressaltos. Al\u00e9m dos parceiros do trade tur\u00edstico, conclamamos e contamos com\ntodas as lideran\u00e7as de v\u00e1rios segmentos de fornecedores de insumos e servi\u00e7os \u00e0\ngrande ind\u00fastria do turismo. O incremento da necess\u00e1ria sinergia passa pela gera\u00e7\u00e3o\nde mais informa\u00e7\u00f5es, na perspectiva de se fortalecer a massa cr\u00edtica\nindispens\u00e1vel para o sucesso da iniciativa. <\/p>\n\n\n<p>\u00c9 essencial que se aumente a percep\u00e7\u00e3o sobre o potencial\nextraordin\u00e1rio do Turismo na esfera dos agentes p\u00fablicos, em todos os n\u00edveis.\nDas cidades e estados \u00e0s inst\u00e2ncias decis\u00f3rias de Bras\u00edlia. Que, al\u00e9m das\nparcerias privada-privada, p\u00fablica-privada e p\u00fablica-publica, utilizem os\nvastos recursos que temos dispon\u00edveis para incrementar a economia com justi\u00e7a\nsocial e responsabilidade ambiental. <\/p>\n\n\n<p>Na ponta, queremos fomentar e estimular a cria\u00e7\u00e3o de meios\npara a pauta chegar \u00e0s comunidades e \u00e0 popula\u00e7\u00e3o em geral. E isso, com \u00eanfase\nno uso concatenado das redes sociais de cada entidade envolvida. O prop\u00f3sito \u00e9 alcan\u00e7ar\num discurso coeso e direcionado para o mesmo objetivo: maximizar as\noportunidades latentes do Turismo para a gera\u00e7\u00e3o de emprego, renda e\nfortalecimento da imagem do pa\u00eds perante o mundo. <\/p>\n","protected":false},"excerpt":{"rendered":"<p>Carlos Prado Chegou o momento de compartilhar com o trade tur\u00edstico, em toda a sua capilaridade, o resultado de tratativas iniciadas em fevereiro, durante encontro de alta relev\u00e2ncia com o presidente do Grupo Bandeirantes de Comunica\u00e7\u00e3o (Band), Johnny Saad. A pauta foi conduzida a partir do mote \u2018como somar for\u00e7as para contribuir com a gera\u00e7\u00e3o&hellip; <a class=\"more-link\" href=\"https:\/\/blog.panrotas.com.br\/espacoabracorp\/2019\/05\/08\/alianca-estrategica-com-grupo-band\/\">Continue reading &rarr;<\/a><\/p>\n","protected":false},"author":27,"featured_media":0,"comment_status":"open","ping_status":"open","sticky":false,"template":"","format":"standard","meta":{"spay_email":""},"categories":[3],"tags":[],"yoast_head":"<!-- This site is optimized with the Yoast SEO plugin v17.3 - https:\/\/yoast.com\/wordpress\/plugins\/seo\/ -->\n<title>Alian\u00e7a estrat\u00e9gica com Grupo Band - Espa\u00e7o Abracorp<\/title>\n<meta name=\"robots\" content=\"index, follow, max-snippet:-1, max-image-preview:large, max-video-preview:-1\" \/>\n<link rel=\"canonical\" href=\"https:\/\/blog.panrotas.com.br\/espacoabracorp\/2019\/05\/08\/alianca-estrategica-com-grupo-band\/\" \/>\n<meta property=\"og:locale\" content=\"pt_BR\" \/>\n<meta property=\"og:type\" content=\"article\" \/>\n<meta property=\"og:title\" content=\"Alian\u00e7a estrat\u00e9gica com Grupo Band - Espa\u00e7o Abracorp\" \/>\n<meta property=\"og:description\" content=\"Carlos Prado Chegou o momento de compartilhar com o trade tur\u00edstico, em toda a sua capilaridade, o resultado de tratativas iniciadas em fevereiro, durante encontro de alta relev\u00e2ncia com o presidente do Grupo Bandeirantes de Comunica\u00e7\u00e3o (Band), Johnny Saad. A pauta foi conduzida a partir do mote \u2018como somar for\u00e7as para contribuir com a gera\u00e7\u00e3o&hellip; Continue reading &rarr;\" \/>\n<meta property=\"og:url\" content=\"https:\/\/blog.panrotas.com.br\/espacoabracorp\/2019\/05\/08\/alianca-estrategica-com-grupo-band\/\" \/>\n<meta property=\"og:site_name\" content=\"Espa\u00e7o Abracorp\" \/>\n<meta property=\"article:published_time\" content=\"2019-05-08T14:16:50+00:00\" \/>\n<meta name=\"twitter:card\" content=\"summary_large_image\" \/>\n<meta name=\"twitter:label1\" content=\"Escrito por\" \/>\n\t<meta name=\"twitter:data1\" content=\"Abracorp\" \/>\n\t<meta name=\"twitter:label2\" content=\"Est. tempo de leitura\" \/>\n\t<meta name=\"twitter:data2\" content=\"3 minutos\" \/>\n<script type=\"application\/ld+json\" class=\"yoast-schema-graph\">{\"@context\":\"https:\/\/schema.org\",\"@graph\":[{\"@type\":\"WebSite\",\"@id\":\"https:\/\/blog.panrotas.com.br\/espacoabracorp\/#website\",\"url\":\"https:\/\/blog.panrotas.com.br\/espacoabracorp\/\",\"name\":\"Espa\\u00e7o Abracorp\",\"description\":\"Blogosfera PANROTAS\",\"potentialAction\":[{\"@type\":\"SearchAction\",\"target\":{\"@type\":\"EntryPoint\",\"urlTemplate\":\"https:\/\/blog.panrotas.com.br\/espacoabracorp\/?s={search_term_string}\"},\"query-input\":\"required name=search_term_string\"}],\"inLanguage\":\"pt-BR\"},{\"@type\":\"WebPage\",\"@id\":\"https:\/\/blog.panrotas.com.br\/espacoabracorp\/2019\/05\/08\/alianca-estrategica-com-grupo-band\/#webpage\",\"url\":\"https:\/\/blog.panrotas.com.br\/espacoabracorp\/2019\/05\/08\/alianca-estrategica-com-grupo-band\/\",\"name\":\"Alian\\u00e7a estrat\\u00e9gica com Grupo Band - Espa\\u00e7o Abracorp\",\"isPartOf\":{\"@id\":\"https:\/\/blog.panrotas.com.br\/espacoabracorp\/#website\"},\"datePublished\":\"2019-05-08T14:16:50+00:00\",\"dateModified\":\"2019-05-08T14:16:50+00:00\",\"author\":{\"@id\":\"https:\/\/blog.panrotas.com.br\/espacoabracorp\/#\/schema\/person\/c61095cb4ad58385b600360e86edcc70\"},\"breadcrumb\":{\"@id\":\"https:\/\/blog.panrotas.com.br\/espacoabracorp\/2019\/05\/08\/alianca-estrategica-com-grupo-band\/#breadcrumb\"},\"inLanguage\":\"pt-BR\",\"potentialAction\":[{\"@type\":\"ReadAction\",\"target\":[\"https:\/\/blog.panrotas.com.br\/espacoabracorp\/2019\/05\/08\/alianca-estrategica-com-grupo-band\/\"]}]},{\"@type\":\"BreadcrumbList\",\"@id\":\"https:\/\/blog.panrotas.com.br\/espacoabracorp\/2019\/05\/08\/alianca-estrategica-com-grupo-band\/#breadcrumb\",\"itemListElement\":[{\"@type\":\"ListItem\",\"position\":1,\"name\":\"In\\u00edcio\",\"item\":\"https:\/\/blog.panrotas.com.br\/espacoabracorp\/\"},{\"@type\":\"ListItem\",\"position\":2,\"name\":\"Alian\\u00e7a estrat\\u00e9gica com Grupo Band\"}]},{\"@type\":\"Person\",\"@id\":\"https:\/\/blog.panrotas.com.br\/espacoabracorp\/#\/schema\/person\/c61095cb4ad58385b600360e86edcc70\",\"name\":\"Abracorp\",\"image\":{\"@type\":\"ImageObject\",\"@id\":\"https:\/\/blog.panrotas.com.br\/espacoabracorp\/#personlogo\",\"inLanguage\":\"pt-BR\",\"url\":\"https:\/\/secure.gravatar.com\/avatar\/7b0b250396075df2cb7378540ccff9ce?s=96&d=mm&r=g\",\"contentUrl\":\"https:\/\/secure.gravatar.com\/avatar\/7b0b250396075df2cb7378540ccff9ce?s=96&d=mm&r=g\",\"caption\":\"Abracorp\"},\"url\":\"https:\/\/blog.panrotas.com.br\/espacoabracorp\/author\/luiz\/\"}]}<\/script>\n<!-- \/ Yoast SEO plugin. -->","yoast_head_json":{"title":"Alian\u00e7a estrat\u00e9gica com Grupo Band - Espa\u00e7o Abracorp","robots":{"index":"index","follow":"follow","max-snippet":"max-snippet:-1","max-image-preview":"max-image-preview:large","max-video-preview":"max-video-preview:-1"},"canonical":"https:\/\/blog.panrotas.com.br\/espacoabracorp\/2019\/05\/08\/alianca-estrategica-com-grupo-band\/","og_locale":"pt_BR","og_type":"article","og_title":"Alian\u00e7a estrat\u00e9gica com Grupo Band - Espa\u00e7o Abracorp","og_description":"Carlos Prado Chegou o momento de compartilhar com o trade tur\u00edstico, em toda a sua capilaridade, o resultado de tratativas iniciadas em fevereiro, durante encontro de alta relev\u00e2ncia com o presidente do Grupo Bandeirantes de Comunica\u00e7\u00e3o (Band), Johnny Saad. A pauta foi conduzida a partir do mote \u2018como somar for\u00e7as para contribuir com a gera\u00e7\u00e3o&hellip; Continue reading &rarr;","og_url":"https:\/\/blog.panrotas.com.br\/espacoabracorp\/2019\/05\/08\/alianca-estrategica-com-grupo-band\/","og_site_name":"Espa\u00e7o Abracorp","article_published_time":"2019-05-08T14:16:50+00:00","twitter_card":"summary_large_image","twitter_misc":{"Escrito por":"Abracorp","Est. tempo de leitura":"3 minutos"},"schema":{"@context":"https:\/\/schema.org","@graph":[{"@type":"WebSite","@id":"https:\/\/blog.panrotas.com.br\/espacoabracorp\/#website","url":"https:\/\/blog.panrotas.com.br\/espacoabracorp\/","name":"Espa\u00e7o Abracorp","description":"Blogosfera PANROTAS","potentialAction":[{"@type":"SearchAction","target":{"@type":"EntryPoint","urlTemplate":"https:\/\/blog.panrotas.com.br\/espacoabracorp\/?s={search_term_string}"},"query-input":"required name=search_term_string"}],"inLanguage":"pt-BR"},{"@type":"WebPage","@id":"https:\/\/blog.panrotas.com.br\/espacoabracorp\/2019\/05\/08\/alianca-estrategica-com-grupo-band\/#webpage","url":"https:\/\/blog.panrotas.com.br\/espacoabracorp\/2019\/05\/08\/alianca-estrategica-com-grupo-band\/","name":"Alian\u00e7a estrat\u00e9gica com Grupo Band - Espa\u00e7o Abracorp","isPartOf":{"@id":"https:\/\/blog.panrotas.com.br\/espacoabracorp\/#website"},"datePublished":"2019-05-08T14:16:50+00:00","dateModified":"2019-05-08T14:16:50+00:00","author":{"@id":"https:\/\/blog.panrotas.com.br\/espacoabracorp\/#\/schema\/person\/c61095cb4ad58385b600360e86edcc70"},"breadcrumb":{"@id":"https:\/\/blog.panrotas.com.br\/espacoabracorp\/2019\/05\/08\/alianca-estrategica-com-grupo-band\/#breadcrumb"},"inLanguage":"pt-BR","potentialAction":[{"@type":"ReadAction","target":["https:\/\/blog.panrotas.com.br\/espacoabracorp\/2019\/05\/08\/alianca-estrategica-com-grupo-band\/"]}]},{"@type":"BreadcrumbList","@id":"https:\/\/blog.panrotas.com.br\/espacoabracorp\/2019\/05\/08\/alianca-estrategica-com-grupo-band\/#breadcrumb","itemListElement":[{"@type":"ListItem","position":1,"name":"In\u00edcio","item":"https:\/\/blog.panrotas.com.br\/espacoabracorp\/"},{"@type":"ListItem","position":2,"name":"Alian\u00e7a estrat\u00e9gica com Grupo Band"}]},{"@type":"Person","@id":"https:\/\/blog.panrotas.com.br\/espacoabracorp\/#\/schema\/person\/c61095cb4ad58385b600360e86edcc70","name":"Abracorp","image":{"@type":"ImageObject","@id":"https:\/\/blog.panrotas.com.br\/espacoabracorp\/#personlogo","inLanguage":"pt-BR","url":"https:\/\/secure.gravatar.com\/avatar\/7b0b250396075df2cb7378540ccff9ce?s=96&d=mm&r=g","contentUrl":"https:\/\/secure.gravatar.com\/avatar\/7b0b250396075df2cb7378540ccff9ce?s=96&d=mm&r=g","caption":"Abracorp"},"url":"https:\/\/blog.panrotas.com.br\/espacoabracorp\/author\/luiz\/"}]}},"jetpack_featured_media_url":"","_links":{"self":[{"href":"https:\/\/blog.panrotas.com.br\/espacoabracorp\/wp-json\/wp\/v2\/posts\/1338"}],"collection":[{"href":"https:\/\/blog.panrotas.com.br\/espacoabracorp\/wp-json\/wp\/v2\/posts"}],"about":[{"href":"https:\/\/blog.panrotas.com.br\/espacoabracorp\/wp-json\/wp\/v2\/types\/post"}],"author":[{"embeddable":true,"href":"https:\/\/blog.panrotas.com.br\/espacoabracorp\/wp-json\/wp\/v2\/users\/27"}],"replies":[{"embeddable":true,"href":"https:\/\/blog.panrotas.com.br\/espacoabracorp\/wp-json\/wp\/v2\/comments?post=1338"}],"version-history":[{"count":0,"href":"https:\/\/blog.panrotas.com.br\/espacoabracorp\/wp-json\/wp\/v2\/posts\/1338\/revisions"}],"wp:attachment":[{"href":"https:\/\/blog.panrotas.com.br\/espacoabracorp\/wp-json\/wp\/v2\/media?parent=1338"}],"wp:term":[{"taxonomy":"category","embeddable":true,"href":"https:\/\/blog.panrotas.com.br\/espacoabracorp\/wp-json\/wp\/v2\/categories?post=1338"},{"taxonomy":"post_tag","embeddable":true,"href":"https:\/\/blog.panrotas.com.br\/espacoabracorp\/wp-json\/wp\/v2\/tags?post=1338"}],"curies":[{"name":"wp","href":"https:\/\/api.w.org\/{rel}","templated":true}]}}